{"id":89880,"date":"2022-10-31T12:07:07","date_gmt":"2022-10-31T15:07:07","guid":{"rendered":"https:\/\/www.gaveanews.com\/?p=89880"},"modified":"2022-10-31T12:07:10","modified_gmt":"2022-10-31T15:07:10","slug":"flamengo-planeja-investimento-forte-em-2023-para-a-disputa-do-mundial","status":"publish","type":"post","link":"https:\/\/www.gaveanews.com\/index.php\/2022\/10\/31\/flamengo-planeja-investimento-forte-em-2023-para-a-disputa-do-mundial\/","title":{"rendered":"Flamengo planeja investimento forte em 2023 para a disputa do Mundial"},"content":{"rendered":"\n<p>Torcedor do Flamengo, se sua vida j\u00e1 est\u00e1 feliz, pode ter certeza de que a diretoria se movimenta para deix\u00e1-la ainda mais. Campe\u00e3o da Libertadores e da Copa do Brasil, o Rubro-Negro promete chegar ainda mais forte em 2023, quando dentre outras competi\u00e7\u00f5es, ter\u00e1 o Mundial de Clubes pela frente.<\/p>\n\n\n\n<p>A ideia de um investimento forte em caso de conquista da Am\u00e9rica j\u00e1 era algo planejado, e agora, com a confirma\u00e7\u00e3o, os dirigentes passar\u00e3o para a etapa de execut\u00e1-la. Para isso, contam com receitas pesadas que est\u00e3o por vir.<\/p>\n\n\n\n<p>Somente das j\u00e1 garantidas, o Flamengo tem as das classifica\u00e7\u00f5es para a Recopa Sul-Americana &#8211; onde enfrentar\u00e1 o Independiente Del Valle (EQU), campe\u00e3o da Copa Sul-Americana \u2014e a Supercopa do Brasil, onde ir\u00e1 encarar o campe\u00e3o brasileiro. Al\u00e9m disso, com os t\u00edtulos, j\u00e1 est\u00e1 automaticamente classificado para a fase de grupos da Libertadores e para a terceira fase da Copa do Brasil de 2023.<br>As premia\u00e7\u00f5es destas competi\u00e7\u00f5es para a pr\u00f3xima temporada ainda n\u00e3o est\u00e3o definidas, mas baseando-se no que foi pago em 2022, h\u00e1 uma garantia m\u00ednima de R$ 25 milh\u00f5es se for vice da Recopa e da Supercopa, e um m\u00e1ximo de R$ 32 milh\u00f5es, se for campe\u00e3o dos dois torneios.<\/p>\n\n\n\n<p>Neste ano, por exemplo, a Recopa pagou cerca de R$ 8,2 milh\u00f5es para o campe\u00e3o e R$ 4,1 milh\u00f5es para o vice. A Supercopa premiou com R$ 5 milh\u00f5es o campe\u00e3o e R$ 2 milh\u00f5es o vice. J\u00e1 as oitavas da Copa do Brasil garantiram R$ 3 milh\u00f5es e a fase de grupos da Libertadores cerca de R$ 16 milh\u00f5es.<\/p>\n\n\n\n<p>Entre renova\u00e7\u00f5es e contrata\u00e7\u00f5es, o vice de futebol, Marcos Braz, j\u00e1 olha para frente em busca de novas conquistas em 2023.<\/p>\n\n\n\n<p>&#8220;O processo, o ciclo, fazem parte da vida. Eu estou aqui e amanh\u00e3 ser\u00e1 outro dirigente. Esse processo, dentro do Flamengo, vai passar. J\u00e1 fizemos uma grande janela, com Cebolinha, Varela, Pulgar\u2026 Jogadores de sele\u00e7\u00e3o. \u00c9 continuar a renova\u00e7\u00e3o para segurar os t\u00edtulos que ganhamos e consertar as coisas que erramos. N\u00e3o \u00e9 porque ganhamos dois que n\u00e3o erramos. 2023 vem a\u00ed. O t\u00edtulo \u00e9 da torcida e da institui\u00e7\u00e3o, e semana que vem come\u00e7amos a trabalhar pensando em 2023&#8221;, declarou.<\/p>\n\n\n\n<p>Entre algumas das poss\u00edveis renova\u00e7\u00f5es importantes est\u00e3o, por exemplo, as do t\u00e9cnico Dorival J\u00fanior e do lateral esquerdo Filipe Lu\u00eds. Sobre a do treinador, Braz despistou:<\/p>\n\n\n\n<p>&#8220;\u00c0s vezes, n\u00e3o podemos ou n\u00e3o devemos nos posicionar em fun\u00e7\u00e3o das grandes finais ou quando voc\u00ea est\u00e1 buscando um jogador de determinada posi\u00e7\u00e3o. Com os dois t\u00edtulos, se Deus quiser, vamos mais fortes para a temporada que vem.&#8221;<\/p>\n\n\n\n<p>O Flamengo chegou ao Rio de Janeiro no fim da manh\u00e3 de ontem e n\u00e3o teve contato com o p\u00fablico em colabora\u00e7\u00e3o com os \u00f3rg\u00e3os de seguran\u00e7a por conta das elei\u00e7\u00f5es presidenciais.<\/p>\n\n\n\n<p>Retirado de: UOL<\/p>\n","protected":false},"excerpt":{"rendered":"<p>Torcedor do Flamengo, se sua vida j\u00e1 est\u00e1 feliz, pode ter certeza de que a diretoria se movimenta para deix\u00e1-la ainda mais. Campe\u00e3o da Libertadores e da Copa do Brasil, o Rubro-Negro promete chegar ainda mais forte em 2023, quando dentre outras competi\u00e7\u00f5es, ter\u00e1 o Mundial de Clubes pela frente. A ideia de um investimento [&hellip;]<\/p>\n","protected":false},"author":1,"featured_media":89872,"comment_status":"open","ping_status":"closed","sticky":false,"template":"","format":"standard","meta":{"footnotes":""},"categories":[1],"tags":[],"class_list":["post-89880","post","type-post","status-publish","format-standard","has-post-thumbnail","hentry","category-flamengo"],"yoast_head":"<!-- This site is optimized with the Yoast SEO Premium plugin v24.2 (Yoast SEO v26.9) - https:\/\/yoast.com\/product\/yoast-seo-premium-wordpress\/ -->\n<title>Flamengo planeja investimento forte em 2023 para a disputa do Mundial<\/title>\n<meta name=\"robots\" content=\"index, follow, max-snippet:-1, max-image-preview:large, max-video-preview:-1\" \/>\n<link rel=\"canonical\" href=\"https:\/\/www.gaveanews.com\/index.php\/2022\/10\/31\/flamengo-planeja-investimento-forte-em-2023-para-a-disputa-do-mundial\/\" \/>\n<meta property=\"og:locale\" content=\"pt_BR\" \/>\n<meta property=\"og:type\" content=\"article\" \/>\n<meta property=\"og:title\" content=\"Flamengo planeja investimento forte em 2023 para a disputa do Mundial\" \/>\n<meta property=\"og:description\" content=\"Torcedor do Flamengo, se sua vida j\u00e1 est\u00e1 feliz, pode ter certeza de que a diretoria se movimenta para deix\u00e1-la ainda mais. Campe\u00e3o da Libertadores e da Copa do Brasil, o Rubro-Negro promete chegar ainda mais forte em 2023, quando dentre outras competi\u00e7\u00f5es, ter\u00e1 o Mundial de Clubes pela frente. A ideia de um investimento [&hellip;]\" \/>\n<meta property=\"og:url\" content=\"https:\/\/www.gaveanews.com\/index.php\/2022\/10\/31\/flamengo-planeja-investimento-forte-em-2023-para-a-disputa-do-mundial\/\" \/>\n<meta property=\"og:site_name\" content=\"G\u00e1vea News\" \/>\n<meta property=\"article:publisher\" content=\"https:\/\/facebook.com\/gaveaNews\/\" \/>\n<meta property=\"article:published_time\" content=\"2022-10-31T15:07:07+00:00\" \/>\n<meta property=\"article:modified_time\" content=\"2022-10-31T15:07:10+00:00\" \/>\n<meta property=\"og:image\" content=\"https:\/\/www.gaveanews.com\/wp-content\/uploads\/Flamengo-comemora-conquista-da-Libertadores-2022.webp\" \/>\n\t<meta property=\"og:image:width\" content=\"800\" \/>\n\t<meta property=\"og:image:height\" content=\"533\" \/>\n\t<meta property=\"og:image:type\" content=\"image\/jpeg\" \/>\n<meta name=\"author\" content=\"Equipe G\u00e1vea News\" \/>\n<meta name=\"twitter:card\" content=\"summary_large_image\" \/>\n<meta name=\"twitter:label1\" content=\"Escrito por\" \/>\n\t<meta name=\"twitter:data1\" content=\"Equipe G\u00e1vea News\" \/>\n\t<meta name=\"twitter:label2\" content=\"Est. tempo de leitura\" \/>\n\t<meta name=\"twitter:data2\" content=\"3 minutos\" \/>\n<script type=\"application\/ld+json\" class=\"yoast-schema-graph\">{\"@context\":\"https:\/\/schema.org\",\"@graph\":[{\"@type\":\"NewsArticle\",\"@id\":\"https:\/\/www.gaveanews.com\/index.php\/2022\/10\/31\/flamengo-planeja-investimento-forte-em-2023-para-a-disputa-do-mundial\/#article\",\"isPartOf\":{\"@id\":\"https:\/\/www.gaveanews.com\/index.php\/2022\/10\/31\/flamengo-planeja-investimento-forte-em-2023-para-a-disputa-do-mundial\/\"},\"author\":{\"name\":\"Equipe G\u00e1vea News\",\"@id\":\"https:\/\/www.gaveanews.com\/#\/schema\/person\/2ec14f73fb96be2caf28f91afb14749d\"},\"headline\":\"Flamengo planeja investimento forte em 2023 para a disputa do Mundial\",\"datePublished\":\"2022-10-31T15:07:07+00:00\",\"dateModified\":\"2022-10-31T15:07:10+00:00\",\"mainEntityOfPage\":{\"@id\":\"https:\/\/www.gaveanews.com\/index.php\/2022\/10\/31\/flamengo-planeja-investimento-forte-em-2023-para-a-disputa-do-mundial\/\"},\"wordCount\":515,\"commentCount\":0,\"image\":{\"@id\":\"https:\/\/www.gaveanews.com\/index.php\/2022\/10\/31\/flamengo-planeja-investimento-forte-em-2023-para-a-disputa-do-mundial\/#primaryimage\"},\"thumbnailUrl\":\"https:\/\/www.gaveanews.com\/wp-content\/uploads\/Flamengo-comemora-conquista-da-Libertadores-2022.webp\",\"articleSection\":[\"Flamengo\"],\"inLanguage\":\"pt-BR\",\"potentialAction\":[{\"@type\":\"CommentAction\",\"name\":\"Comment\",\"target\":[\"https:\/\/www.gaveanews.com\/index.php\/2022\/10\/31\/flamengo-planeja-investimento-forte-em-2023-para-a-disputa-do-mundial\/#respond\"]}],\"copyrightYear\":\"2022\",\"copyrightHolder\":{\"@id\":\"https:\/\/www.gaveanews.com\/#organization\"}},{\"@type\":\"WebPage\",\"@id\":\"https:\/\/www.gaveanews.com\/index.php\/2022\/10\/31\/flamengo-planeja-investimento-forte-em-2023-para-a-disputa-do-mundial\/\",\"url\":\"https:\/\/www.gaveanews.com\/index.php\/2022\/10\/31\/flamengo-planeja-investimento-forte-em-2023-para-a-disputa-do-mundial\/\",\"name\":\"Flamengo planeja investimento forte em 2023 para a disputa do Mundial\",\"isPartOf\":{\"@id\":\"https:\/\/www.gaveanews.com\/#website\"},\"primaryImageOfPage\":{\"@id\":\"https:\/\/www.gaveanews.com\/index.php\/2022\/10\/31\/flamengo-planeja-investimento-forte-em-2023-para-a-disputa-do-mundial\/#primaryimage\"},\"image\":{\"@id\":\"https:\/\/www.gaveanews.com\/index.php\/2022\/10\/31\/flamengo-planeja-investimento-forte-em-2023-para-a-disputa-do-mundial\/#primaryimage\"},\"thumbnailUrl\":\"https:\/\/www.gaveanews.com\/wp-content\/uploads\/Flamengo-comemora-conquista-da-Libertadores-2022.webp\",\"datePublished\":\"2022-10-31T15:07:07+00:00\",\"dateModified\":\"2022-10-31T15:07:10+00:00\",\"author\":{\"@id\":\"https:\/\/www.gaveanews.com\/#\/schema\/person\/2ec14f73fb96be2caf28f91afb14749d\"},\"breadcrumb\":{\"@id\":\"https:\/\/www.gaveanews.com\/index.php\/2022\/10\/31\/flamengo-planeja-investimento-forte-em-2023-para-a-disputa-do-mundial\/#breadcrumb\"},\"inLanguage\":\"pt-BR\",\"potentialAction\":[{\"@type\":\"ReadAction\",\"target\":[\"https:\/\/www.gaveanews.com\/index.php\/2022\/10\/31\/flamengo-planeja-investimento-forte-em-2023-para-a-disputa-do-mundial\/\"]}]},{\"@type\":\"ImageObject\",\"inLanguage\":\"pt-BR\",\"@id\":\"https:\/\/www.gaveanews.com\/index.php\/2022\/10\/31\/flamengo-planeja-investimento-forte-em-2023-para-a-disputa-do-mundial\/#primaryimage\",\"url\":\"https:\/\/www.gaveanews.com\/wp-content\/uploads\/Flamengo-comemora-conquista-da-Libertadores-2022.webp\",\"contentUrl\":\"https:\/\/www.gaveanews.com\/wp-content\/uploads\/Flamengo-comemora-conquista-da-Libertadores-2022.webp\",\"width\":800,\"height\":533,\"caption\":\"Flamengo comemora conquista da Libertadores 2022 (Foto: Marcelo Cortes\/Flamengo)\"},{\"@type\":\"BreadcrumbList\",\"@id\":\"https:\/\/www.gaveanews.com\/index.php\/2022\/10\/31\/flamengo-planeja-investimento-forte-em-2023-para-a-disputa-do-mundial\/#breadcrumb\",\"itemListElement\":[{\"@type\":\"ListItem\",\"position\":1,\"name\":\"Home\",\"item\":\"https:\/\/www.gaveanews.com\/\"},{\"@type\":\"ListItem\",\"position\":2,\"name\":\"Flamengo planeja investimento forte em 2023 para a disputa do Mundial\"}]},{\"@type\":\"WebSite\",\"@id\":\"https:\/\/www.gaveanews.com\/#website\",\"url\":\"https:\/\/www.gaveanews.com\/\",\"name\":\"G\u00e1vea News\",\"description\":\"Veja todas as not\u00edcias sobre o Flamengo: Contrata\u00e7\u00f5es, categorias de base, resultados das partidas, tabela de classifica\u00e7\u00e3o, pr\u00f3ximos jogos!\",\"potentialAction\":[{\"@type\":\"SearchAction\",\"target\":{\"@type\":\"EntryPoint\",\"urlTemplate\":\"https:\/\/www.gaveanews.com\/?s={search_term_string}\"},\"query-input\":{\"@type\":\"PropertyValueSpecification\",\"valueRequired\":true,\"valueName\":\"search_term_string\"}}],\"inLanguage\":\"pt-BR\"},{\"@type\":\"Person\",\"@id\":\"https:\/\/www.gaveanews.com\/#\/schema\/person\/2ec14f73fb96be2caf28f91afb14749d\",\"name\":\"Equipe G\u00e1vea News\",\"image\":{\"@type\":\"ImageObject\",\"inLanguage\":\"pt-BR\",\"@id\":\"https:\/\/www.gaveanews.com\/#\/schema\/person\/image\/\",\"url\":\"https:\/\/secure.gravatar.com\/avatar\/1e1956f1facbffd3f8fa53a326721950116b3b9dc9bd44939c01180fd4a745a9?s=96&d=mm&r=g\",\"contentUrl\":\"https:\/\/secure.gravatar.com\/avatar\/1e1956f1facbffd3f8fa53a326721950116b3b9dc9bd44939c01180fd4a745a9?s=96&d=mm&r=g\",\"caption\":\"Equipe G\u00e1vea News\"}}]}<\/script>\n<!-- \/ Yoast SEO Premium plugin. -->","yoast_head_json":{"title":"Flamengo planeja investimento forte em 2023 para a disputa do Mundial","robots":{"index":"index","follow":"follow","max-snippet":"max-snippet:-1","max-image-preview":"max-image-preview:large","max-video-preview":"max-video-preview:-1"},"canonical":"https:\/\/www.gaveanews.com\/index.php\/2022\/10\/31\/flamengo-planeja-investimento-forte-em-2023-para-a-disputa-do-mundial\/","og_locale":"pt_BR","og_type":"article","og_title":"Flamengo planeja investimento forte em 2023 para a disputa do Mundial","og_description":"Torcedor do Flamengo, se sua vida j\u00e1 est\u00e1 feliz, pode ter certeza de que a diretoria se movimenta para deix\u00e1-la ainda mais. Campe\u00e3o da Libertadores e da Copa do Brasil, o Rubro-Negro promete chegar ainda mais forte em 2023, quando dentre outras competi\u00e7\u00f5es, ter\u00e1 o Mundial de Clubes pela frente. A ideia de um investimento [&hellip;]","og_url":"https:\/\/www.gaveanews.com\/index.php\/2022\/10\/31\/flamengo-planeja-investimento-forte-em-2023-para-a-disputa-do-mundial\/","og_site_name":"G\u00e1vea News","article_publisher":"https:\/\/facebook.com\/gaveaNews\/","article_published_time":"2022-10-31T15:07:07+00:00","article_modified_time":"2022-10-31T15:07:10+00:00","og_image":[{"width":800,"height":533,"url":"https:\/\/www.gaveanews.com\/wp-content\/uploads\/Flamengo-comemora-conquista-da-Libertadores-2022.webp","type":"image\/jpeg"}],"author":"Equipe G\u00e1vea News","twitter_card":"summary_large_image","twitter_misc":{"Escrito por":"Equipe G\u00e1vea News","Est. tempo de leitura":"3 minutos"},"schema":{"@context":"https:\/\/schema.org","@graph":[{"@type":"NewsArticle","@id":"https:\/\/www.gaveanews.com\/index.php\/2022\/10\/31\/flamengo-planeja-investimento-forte-em-2023-para-a-disputa-do-mundial\/#article","isPartOf":{"@id":"https:\/\/www.gaveanews.com\/index.php\/2022\/10\/31\/flamengo-planeja-investimento-forte-em-2023-para-a-disputa-do-mundial\/"},"author":{"name":"Equipe G\u00e1vea News","@id":"https:\/\/www.gaveanews.com\/#\/schema\/person\/2ec14f73fb96be2caf28f91afb14749d"},"headline":"Flamengo planeja investimento forte em 2023 para a disputa do Mundial","datePublished":"2022-10-31T15:07:07+00:00","dateModified":"2022-10-31T15:07:10+00:00","mainEntityOfPage":{"@id":"https:\/\/www.gaveanews.com\/index.php\/2022\/10\/31\/flamengo-planeja-investimento-forte-em-2023-para-a-disputa-do-mundial\/"},"wordCount":515,"commentCount":0,"image":{"@id":"https:\/\/www.gaveanews.com\/index.php\/2022\/10\/31\/flamengo-planeja-investimento-forte-em-2023-para-a-disputa-do-mundial\/#primaryimage"},"thumbnailUrl":"https:\/\/www.gaveanews.com\/wp-content\/uploads\/Flamengo-comemora-conquista-da-Libertadores-2022.webp","articleSection":["Flamengo"],"inLanguage":"pt-BR","potentialAction":[{"@type":"CommentAction","name":"Comment","target":["https:\/\/www.gaveanews.com\/index.php\/2022\/10\/31\/flamengo-planeja-investimento-forte-em-2023-para-a-disputa-do-mundial\/#respond"]}],"copyrightYear":"2022","copyrightHolder":{"@id":"https:\/\/www.gaveanews.com\/#organization"}},{"@type":"WebPage","@id":"https:\/\/www.gaveanews.com\/index.php\/2022\/10\/31\/flamengo-planeja-investimento-forte-em-2023-para-a-disputa-do-mundial\/","url":"https:\/\/www.gaveanews.com\/index.php\/2022\/10\/31\/flamengo-planeja-investimento-forte-em-2023-para-a-disputa-do-mundial\/","name":"Flamengo planeja investimento forte em 2023 para a disputa do Mundial","isPartOf":{"@id":"https:\/\/www.gaveanews.com\/#website"},"primaryImageOfPage":{"@id":"https:\/\/www.gaveanews.com\/index.php\/2022\/10\/31\/flamengo-planeja-investimento-forte-em-2023-para-a-disputa-do-mundial\/#primaryimage"},"image":{"@id":"https:\/\/www.gaveanews.com\/index.php\/2022\/10\/31\/flamengo-planeja-investimento-forte-em-2023-para-a-disputa-do-mundial\/#primaryimage"},"thumbnailUrl":"https:\/\/www.gaveanews.com\/wp-content\/uploads\/Flamengo-comemora-conquista-da-Libertadores-2022.webp","datePublished":"2022-10-31T15:07:07+00:00","dateModified":"2022-10-31T15:07:10+00:00","author":{"@id":"https:\/\/www.gaveanews.com\/#\/schema\/person\/2ec14f73fb96be2caf28f91afb14749d"},"breadcrumb":{"@id":"https:\/\/www.gaveanews.com\/index.php\/2022\/10\/31\/flamengo-planeja-investimento-forte-em-2023-para-a-disputa-do-mundial\/#breadcrumb"},"inLanguage":"pt-BR","potentialAction":[{"@type":"ReadAction","target":["https:\/\/www.gaveanews.com\/index.php\/2022\/10\/31\/flamengo-planeja-investimento-forte-em-2023-para-a-disputa-do-mundial\/"]}]},{"@type":"ImageObject","inLanguage":"pt-BR","@id":"https:\/\/www.gaveanews.com\/index.php\/2022\/10\/31\/flamengo-planeja-investimento-forte-em-2023-para-a-disputa-do-mundial\/#primaryimage","url":"https:\/\/www.gaveanews.com\/wp-content\/uploads\/Flamengo-comemora-conquista-da-Libertadores-2022.webp","contentUrl":"https:\/\/www.gaveanews.com\/wp-content\/uploads\/Flamengo-comemora-conquista-da-Libertadores-2022.webp","width":800,"height":533,"caption":"Flamengo comemora conquista da Libertadores 2022 (Foto: Marcelo Cortes\/Flamengo)"},{"@type":"BreadcrumbList","@id":"https:\/\/www.gaveanews.com\/index.php\/2022\/10\/31\/flamengo-planeja-investimento-forte-em-2023-para-a-disputa-do-mundial\/#breadcrumb","itemListElement":[{"@type":"ListItem","position":1,"name":"Home","item":"https:\/\/www.gaveanews.com\/"},{"@type":"ListItem","position":2,"name":"Flamengo planeja investimento forte em 2023 para a disputa do Mundial"}]},{"@type":"WebSite","@id":"https:\/\/www.gaveanews.com\/#website","url":"https:\/\/www.gaveanews.com\/","name":"G\u00e1vea News","description":"Veja todas as not\u00edcias sobre o Flamengo: Contrata\u00e7\u00f5es, categorias de base, resultados das partidas, tabela de classifica\u00e7\u00e3o, pr\u00f3ximos jogos!","potentialAction":[{"@type":"SearchAction","target":{"@type":"EntryPoint","urlTemplate":"https:\/\/www.gaveanews.com\/?s={search_term_string}"},"query-input":{"@type":"PropertyValueSpecification","valueRequired":true,"valueName":"search_term_string"}}],"inLanguage":"pt-BR"},{"@type":"Person","@id":"https:\/\/www.gaveanews.com\/#\/schema\/person\/2ec14f73fb96be2caf28f91afb14749d","name":"Equipe G\u00e1vea News","image":{"@type":"ImageObject","inLanguage":"pt-BR","@id":"https:\/\/www.gaveanews.com\/#\/schema\/person\/image\/","url":"https:\/\/secure.gravatar.com\/avatar\/1e1956f1facbffd3f8fa53a326721950116b3b9dc9bd44939c01180fd4a745a9?s=96&d=mm&r=g","contentUrl":"https:\/\/secure.gravatar.com\/avatar\/1e1956f1facbffd3f8fa53a326721950116b3b9dc9bd44939c01180fd4a745a9?s=96&d=mm&r=g","caption":"Equipe G\u00e1vea News"}}]}},"_links":{"self":[{"href":"https:\/\/www.gaveanews.com\/index.php\/wp-json\/wp\/v2\/posts\/89880","targetHints":{"allow":["GET"]}}],"collection":[{"href":"https:\/\/www.gaveanews.com\/index.php\/wp-json\/wp\/v2\/posts"}],"about":[{"href":"https:\/\/www.gaveanews.com\/index.php\/wp-json\/wp\/v2\/types\/post"}],"author":[{"embeddable":true,"href":"https:\/\/www.gaveanews.com\/index.php\/wp-json\/wp\/v2\/users\/1"}],"replies":[{"embeddable":true,"href":"https:\/\/www.gaveanews.com\/index.php\/wp-json\/wp\/v2\/comments?post=89880"}],"version-history":[{"count":0,"href":"https:\/\/www.gaveanews.com\/index.php\/wp-json\/wp\/v2\/posts\/89880\/revisions"}],"wp:featuredmedia":[{"embeddable":true,"href":"https:\/\/www.gaveanews.com\/index.php\/wp-json\/wp\/v2\/media\/89872"}],"wp:attachment":[{"href":"https:\/\/www.gaveanews.com\/index.php\/wp-json\/wp\/v2\/media?parent=89880"}],"wp:term":[{"taxonomy":"category","embeddable":true,"href":"https:\/\/www.gaveanews.com\/index.php\/wp-json\/wp\/v2\/categories?post=89880"},{"taxonomy":"post_tag","embeddable":true,"href":"https:\/\/www.gaveanews.com\/index.php\/wp-json\/wp\/v2\/tags?post=89880"}],"curies":[{"name":"wp","href":"https:\/\/api.w.org\/{rel}","templated":true}]}}