{"id":89890,"date":"2022-10-31T15:18:23","date_gmt":"2022-10-31T18:18:23","guid":{"rendered":"https:\/\/www.gaveanews.com\/?p=89890"},"modified":"2022-10-31T15:18:25","modified_gmt":"2022-10-31T18:18:25","slug":"pelo-flamengo-dorival-junior-e-eleito-o-melhor-tecnico-da-libertadores","status":"publish","type":"post","link":"https:\/\/www.gaveanews.com\/index.php\/2022\/10\/31\/pelo-flamengo-dorival-junior-e-eleito-o-melhor-tecnico-da-libertadores\/","title":{"rendered":"Pelo Flamengo, Dorival J\u00fanior \u00e9 eleito o melhor t\u00e9cnico da Libertadores"},"content":{"rendered":"\n<p>A campanha do Flamengo na Libertadores foi imponente em n\u00fameros e refor\u00e7ou a for\u00e7a do clube na Am\u00e9rica do Sul. Muito dos resultados do elenco no torneio passou, \u00e9 claro, pelas estrat\u00e9gias da equipe t\u00e9cnica.<\/p>\n\n\n\n<p>No decorrer desta edi\u00e7\u00e3o da competi\u00e7\u00e3o, o Mais Querido foi comandado por dois treinadores diferentes. O come\u00e7o foi marcado pelas tentativas de Paulo Sousa e o baixo rendimento do time com as novas ideias.<\/p>\n\n\n\n<p>Ap\u00f3s o Fla romper contrato com o portugu\u00eas, Dorival J\u00fanior assumiu o elenco e trouxe o que o torcedor pedia h\u00e1 algum tempo: o retorno de um time imponente. Com a chegada do treinador, o Rubro-Negro voltou a crescer em desempenho e al\u00e7ou altos voos, conquistando os t\u00edtulos de ambas as copas.<\/p>\n\n\n\n<p>Em reconhecimento pela campanha do Flamengo na competi\u00e7\u00e3o e pelo trabalho de Dorival com o grupo, a Conmebol premiou o comandante com o pr\u00eamio de t\u00e9cnico do ano da Libertadores.<\/p>\n\n\n\n<figure class=\"wp-block-embed is-type-rich is-provider-twitter wp-block-embed-twitter\"><div class=\"wp-block-embed__wrapper\">\n<blockquote class=\"twitter-tweet\" data-width=\"550\" data-dnt=\"true\"><p lang=\"pt\" dir=\"ltr\">Dorival J\u00fanior foi eleito o t\u00e9cnico do ano da <a href=\"https:\/\/twitter.com\/LibertadoresBR?ref_src=twsrc%5Etfw\">@libertadoresbr<\/a>! Parab\u00e9ns, professor! \ud83d\udc4f\ud83d\udc4f\ud83d\udc4f<a href=\"https:\/\/twitter.com\/hashtag\/M3NGO?src=hash&amp;ref_src=twsrc%5Etfw\">#M3NGO<\/a> <a href=\"https:\/\/t.co\/DY7tgeBufL\">pic.twitter.com\/DY7tgeBufL<\/a><\/p>&mdash; Flamengo (@Flamengo) <a href=\"https:\/\/twitter.com\/Flamengo\/status\/1587088374388740104?ref_src=twsrc%5Etfw\">October 31, 2022<\/a><\/blockquote><script async src=\"https:\/\/platform.twitter.com\/widgets.js\" charset=\"utf-8\"><\/script>\n<\/div><\/figure>\n\n\n\n<p>Com duas ta\u00e7as na conta, Dorival planeja o restante da temporada do Flamengo. O clube tem apenas mais quatro jogos a comparecer antes do encerramento do Brasileir\u00e3o, \u00fanica competi\u00e7\u00e3o que ainda est\u00e1 em aberto.<\/p>\n\n\n\n<p>O Mais Querido entra em campo nesta quarta-feira (02) para enfrentar o Corinthians pela rodada 35 do torneio nacional. A partida acontecer\u00e1 no Maracan\u00e3, \u00e0s 21h30 (hor\u00e1rio de Bras\u00edlia).<\/p>\n","protected":false},"excerpt":{"rendered":"<p>A campanha do Flamengo na Libertadores foi imponente em n\u00fameros e refor\u00e7ou a for\u00e7a do clube na Am\u00e9rica do Sul. Muito dos resultados do elenco no torneio passou, \u00e9 claro, pelas estrat\u00e9gias da equipe t\u00e9cnica. No decorrer desta edi\u00e7\u00e3o da competi\u00e7\u00e3o, o Mais Querido foi comandado por dois treinadores diferentes. O come\u00e7o foi marcado pelas [&hellip;]<\/p>\n","protected":false},"author":4,"featured_media":89891,"comment_status":"open","ping_status":"closed","sticky":false,"template":"","format":"standard","meta":{"footnotes":""},"categories":[1],"tags":[],"class_list":["post-89890","post","type-post","status-publish","format-standard","has-post-thumbnail","hentry","category-flamengo"],"yoast_head":"<!-- This site is optimized with the Yoast SEO Premium plugin v24.2 (Yoast SEO v26.9) - https:\/\/yoast.com\/product\/yoast-seo-premium-wordpress\/ -->\n<title>Pelo Flamengo, Dorival J\u00fanior \u00e9 eleito o melhor t\u00e9cnico da Libertadores<\/title>\n<meta name=\"robots\" content=\"index, follow, max-snippet:-1, max-image-preview:large, max-video-preview:-1\" \/>\n<link rel=\"canonical\" href=\"https:\/\/www.gaveanews.com\/index.php\/2022\/10\/31\/pelo-flamengo-dorival-junior-e-eleito-o-melhor-tecnico-da-libertadores\/\" \/>\n<meta property=\"og:locale\" content=\"pt_BR\" \/>\n<meta property=\"og:type\" content=\"article\" \/>\n<meta property=\"og:title\" content=\"Pelo Flamengo, Dorival J\u00fanior \u00e9 eleito o melhor t\u00e9cnico da Libertadores\" \/>\n<meta property=\"og:description\" content=\"A campanha do Flamengo na Libertadores foi imponente em n\u00fameros e refor\u00e7ou a for\u00e7a do clube na Am\u00e9rica do Sul. Muito dos resultados do elenco no torneio passou, \u00e9 claro, pelas estrat\u00e9gias da equipe t\u00e9cnica. No decorrer desta edi\u00e7\u00e3o da competi\u00e7\u00e3o, o Mais Querido foi comandado por dois treinadores diferentes. O come\u00e7o foi marcado pelas [&hellip;]\" \/>\n<meta property=\"og:url\" content=\"https:\/\/www.gaveanews.com\/index.php\/2022\/10\/31\/pelo-flamengo-dorival-junior-e-eleito-o-melhor-tecnico-da-libertadores\/\" \/>\n<meta property=\"og:site_name\" content=\"G\u00e1vea News\" \/>\n<meta property=\"article:publisher\" content=\"https:\/\/facebook.com\/gaveaNews\/\" \/>\n<meta property=\"article:published_time\" content=\"2022-10-31T18:18:23+00:00\" \/>\n<meta property=\"article:modified_time\" content=\"2022-10-31T18:18:25+00:00\" \/>\n<meta property=\"og:image\" content=\"https:\/\/www.gaveanews.com\/wp-content\/uploads\/Flamengo-comemora-conquista-da-Libertadores-2022-2.webp\" \/>\n\t<meta property=\"og:image:width\" content=\"800\" \/>\n\t<meta property=\"og:image:height\" content=\"533\" \/>\n\t<meta property=\"og:image:type\" content=\"image\/jpeg\" \/>\n<meta name=\"author\" content=\"Let\u00edcia Gerheim\" \/>\n<meta name=\"twitter:card\" content=\"summary_large_image\" \/>\n<meta name=\"twitter:label1\" content=\"Escrito por\" \/>\n\t<meta name=\"twitter:data1\" content=\"Let\u00edcia Gerheim\" \/>\n\t<meta name=\"twitter:label2\" content=\"Est. tempo de leitura\" \/>\n\t<meta name=\"twitter:data2\" content=\"2 minutos\" \/>\n<script type=\"application\/ld+json\" class=\"yoast-schema-graph\">{\"@context\":\"https:\/\/schema.org\",\"@graph\":[{\"@type\":\"NewsArticle\",\"@id\":\"https:\/\/www.gaveanews.com\/index.php\/2022\/10\/31\/pelo-flamengo-dorival-junior-e-eleito-o-melhor-tecnico-da-libertadores\/#article\",\"isPartOf\":{\"@id\":\"https:\/\/www.gaveanews.com\/index.php\/2022\/10\/31\/pelo-flamengo-dorival-junior-e-eleito-o-melhor-tecnico-da-libertadores\/\"},\"author\":{\"name\":\"Let\u00edcia Gerheim\",\"@id\":\"https:\/\/www.gaveanews.com\/#\/schema\/person\/714c67050b836198af2450ba1c142a67\"},\"headline\":\"Pelo Flamengo, Dorival J\u00fanior \u00e9 eleito o melhor t\u00e9cnico da Libertadores\",\"datePublished\":\"2022-10-31T18:18:23+00:00\",\"dateModified\":\"2022-10-31T18:18:25+00:00\",\"mainEntityOfPage\":{\"@id\":\"https:\/\/www.gaveanews.com\/index.php\/2022\/10\/31\/pelo-flamengo-dorival-junior-e-eleito-o-melhor-tecnico-da-libertadores\/\"},\"wordCount\":250,\"commentCount\":0,\"image\":{\"@id\":\"https:\/\/www.gaveanews.com\/index.php\/2022\/10\/31\/pelo-flamengo-dorival-junior-e-eleito-o-melhor-tecnico-da-libertadores\/#primaryimage\"},\"thumbnailUrl\":\"https:\/\/www.gaveanews.com\/wp-content\/uploads\/Flamengo-comemora-conquista-da-Libertadores-2022-2.webp\",\"articleSection\":[\"Flamengo\"],\"inLanguage\":\"pt-BR\",\"potentialAction\":[{\"@type\":\"CommentAction\",\"name\":\"Comment\",\"target\":[\"https:\/\/www.gaveanews.com\/index.php\/2022\/10\/31\/pelo-flamengo-dorival-junior-e-eleito-o-melhor-tecnico-da-libertadores\/#respond\"]}],\"copyrightYear\":\"2022\",\"copyrightHolder\":{\"@id\":\"https:\/\/www.gaveanews.com\/#organization\"}},{\"@type\":\"WebPage\",\"@id\":\"https:\/\/www.gaveanews.com\/index.php\/2022\/10\/31\/pelo-flamengo-dorival-junior-e-eleito-o-melhor-tecnico-da-libertadores\/\",\"url\":\"https:\/\/www.gaveanews.com\/index.php\/2022\/10\/31\/pelo-flamengo-dorival-junior-e-eleito-o-melhor-tecnico-da-libertadores\/\",\"name\":\"Pelo Flamengo, Dorival J\u00fanior \u00e9 eleito o melhor t\u00e9cnico da Libertadores\",\"isPartOf\":{\"@id\":\"https:\/\/www.gaveanews.com\/#website\"},\"primaryImageOfPage\":{\"@id\":\"https:\/\/www.gaveanews.com\/index.php\/2022\/10\/31\/pelo-flamengo-dorival-junior-e-eleito-o-melhor-tecnico-da-libertadores\/#primaryimage\"},\"image\":{\"@id\":\"https:\/\/www.gaveanews.com\/index.php\/2022\/10\/31\/pelo-flamengo-dorival-junior-e-eleito-o-melhor-tecnico-da-libertadores\/#primaryimage\"},\"thumbnailUrl\":\"https:\/\/www.gaveanews.com\/wp-content\/uploads\/Flamengo-comemora-conquista-da-Libertadores-2022-2.webp\",\"datePublished\":\"2022-10-31T18:18:23+00:00\",\"dateModified\":\"2022-10-31T18:18:25+00:00\",\"author\":{\"@id\":\"https:\/\/www.gaveanews.com\/#\/schema\/person\/714c67050b836198af2450ba1c142a67\"},\"breadcrumb\":{\"@id\":\"https:\/\/www.gaveanews.com\/index.php\/2022\/10\/31\/pelo-flamengo-dorival-junior-e-eleito-o-melhor-tecnico-da-libertadores\/#breadcrumb\"},\"inLanguage\":\"pt-BR\",\"potentialAction\":[{\"@type\":\"ReadAction\",\"target\":[\"https:\/\/www.gaveanews.com\/index.php\/2022\/10\/31\/pelo-flamengo-dorival-junior-e-eleito-o-melhor-tecnico-da-libertadores\/\"]}]},{\"@type\":\"ImageObject\",\"inLanguage\":\"pt-BR\",\"@id\":\"https:\/\/www.gaveanews.com\/index.php\/2022\/10\/31\/pelo-flamengo-dorival-junior-e-eleito-o-melhor-tecnico-da-libertadores\/#primaryimage\",\"url\":\"https:\/\/www.gaveanews.com\/wp-content\/uploads\/Flamengo-comemora-conquista-da-Libertadores-2022-2.webp\",\"contentUrl\":\"https:\/\/www.gaveanews.com\/wp-content\/uploads\/Flamengo-comemora-conquista-da-Libertadores-2022-2.webp\",\"width\":800,\"height\":533,\"caption\":\"Flamengo comemora conquista da Libertadores 2022 (Foto: Marcelo Cortes\/Flamengo)\"},{\"@type\":\"BreadcrumbList\",\"@id\":\"https:\/\/www.gaveanews.com\/index.php\/2022\/10\/31\/pelo-flamengo-dorival-junior-e-eleito-o-melhor-tecnico-da-libertadores\/#breadcrumb\",\"itemListElement\":[{\"@type\":\"ListItem\",\"position\":1,\"name\":\"Home\",\"item\":\"https:\/\/www.gaveanews.com\/\"},{\"@type\":\"ListItem\",\"position\":2,\"name\":\"Pelo Flamengo, Dorival J\u00fanior \u00e9 eleito o melhor t\u00e9cnico da Libertadores\"}]},{\"@type\":\"WebSite\",\"@id\":\"https:\/\/www.gaveanews.com\/#website\",\"url\":\"https:\/\/www.gaveanews.com\/\",\"name\":\"G\u00e1vea News\",\"description\":\"Veja todas as not\u00edcias sobre o Flamengo: Contrata\u00e7\u00f5es, categorias de base, resultados das partidas, tabela de classifica\u00e7\u00e3o, pr\u00f3ximos jogos!\",\"potentialAction\":[{\"@type\":\"SearchAction\",\"target\":{\"@type\":\"EntryPoint\",\"urlTemplate\":\"https:\/\/www.gaveanews.com\/?s={search_term_string}\"},\"query-input\":{\"@type\":\"PropertyValueSpecification\",\"valueRequired\":true,\"valueName\":\"search_term_string\"}}],\"inLanguage\":\"pt-BR\"},{\"@type\":\"Person\",\"@id\":\"https:\/\/www.gaveanews.com\/#\/schema\/person\/714c67050b836198af2450ba1c142a67\",\"name\":\"Let\u00edcia Gerheim\",\"image\":{\"@type\":\"ImageObject\",\"inLanguage\":\"pt-BR\",\"@id\":\"https:\/\/www.gaveanews.com\/#\/schema\/person\/image\/\",\"url\":\"https:\/\/secure.gravatar.com\/avatar\/60734739c50fcebfbac509e2a826ccd0ff405c019bc73aab9354f19ecad1dcb4?s=96&d=mm&r=g\",\"contentUrl\":\"https:\/\/secure.gravatar.com\/avatar\/60734739c50fcebfbac509e2a826ccd0ff405c019bc73aab9354f19ecad1dcb4?s=96&d=mm&r=g\",\"caption\":\"Let\u00edcia Gerheim\"}}]}<\/script>\n<!-- \/ Yoast SEO Premium plugin. -->","yoast_head_json":{"title":"Pelo Flamengo, Dorival J\u00fanior \u00e9 eleito o melhor t\u00e9cnico da Libertadores","robots":{"index":"index","follow":"follow","max-snippet":"max-snippet:-1","max-image-preview":"max-image-preview:large","max-video-preview":"max-video-preview:-1"},"canonical":"https:\/\/www.gaveanews.com\/index.php\/2022\/10\/31\/pelo-flamengo-dorival-junior-e-eleito-o-melhor-tecnico-da-libertadores\/","og_locale":"pt_BR","og_type":"article","og_title":"Pelo Flamengo, Dorival J\u00fanior \u00e9 eleito o melhor t\u00e9cnico da Libertadores","og_description":"A campanha do Flamengo na Libertadores foi imponente em n\u00fameros e refor\u00e7ou a for\u00e7a do clube na Am\u00e9rica do Sul. Muito dos resultados do elenco no torneio passou, \u00e9 claro, pelas estrat\u00e9gias da equipe t\u00e9cnica. No decorrer desta edi\u00e7\u00e3o da competi\u00e7\u00e3o, o Mais Querido foi comandado por dois treinadores diferentes. O come\u00e7o foi marcado pelas [&hellip;]","og_url":"https:\/\/www.gaveanews.com\/index.php\/2022\/10\/31\/pelo-flamengo-dorival-junior-e-eleito-o-melhor-tecnico-da-libertadores\/","og_site_name":"G\u00e1vea News","article_publisher":"https:\/\/facebook.com\/gaveaNews\/","article_published_time":"2022-10-31T18:18:23+00:00","article_modified_time":"2022-10-31T18:18:25+00:00","og_image":[{"width":800,"height":533,"url":"https:\/\/www.gaveanews.com\/wp-content\/uploads\/Flamengo-comemora-conquista-da-Libertadores-2022-2.webp","type":"image\/jpeg"}],"author":"Let\u00edcia Gerheim","twitter_card":"summary_large_image","twitter_misc":{"Escrito por":"Let\u00edcia Gerheim","Est. tempo de leitura":"2 minutos"},"schema":{"@context":"https:\/\/schema.org","@graph":[{"@type":"NewsArticle","@id":"https:\/\/www.gaveanews.com\/index.php\/2022\/10\/31\/pelo-flamengo-dorival-junior-e-eleito-o-melhor-tecnico-da-libertadores\/#article","isPartOf":{"@id":"https:\/\/www.gaveanews.com\/index.php\/2022\/10\/31\/pelo-flamengo-dorival-junior-e-eleito-o-melhor-tecnico-da-libertadores\/"},"author":{"name":"Let\u00edcia Gerheim","@id":"https:\/\/www.gaveanews.com\/#\/schema\/person\/714c67050b836198af2450ba1c142a67"},"headline":"Pelo Flamengo, Dorival J\u00fanior \u00e9 eleito o melhor t\u00e9cnico da Libertadores","datePublished":"2022-10-31T18:18:23+00:00","dateModified":"2022-10-31T18:18:25+00:00","mainEntityOfPage":{"@id":"https:\/\/www.gaveanews.com\/index.php\/2022\/10\/31\/pelo-flamengo-dorival-junior-e-eleito-o-melhor-tecnico-da-libertadores\/"},"wordCount":250,"commentCount":0,"image":{"@id":"https:\/\/www.gaveanews.com\/index.php\/2022\/10\/31\/pelo-flamengo-dorival-junior-e-eleito-o-melhor-tecnico-da-libertadores\/#primaryimage"},"thumbnailUrl":"https:\/\/www.gaveanews.com\/wp-content\/uploads\/Flamengo-comemora-conquista-da-Libertadores-2022-2.webp","articleSection":["Flamengo"],"inLanguage":"pt-BR","potentialAction":[{"@type":"CommentAction","name":"Comment","target":["https:\/\/www.gaveanews.com\/index.php\/2022\/10\/31\/pelo-flamengo-dorival-junior-e-eleito-o-melhor-tecnico-da-libertadores\/#respond"]}],"copyrightYear":"2022","copyrightHolder":{"@id":"https:\/\/www.gaveanews.com\/#organization"}},{"@type":"WebPage","@id":"https:\/\/www.gaveanews.com\/index.php\/2022\/10\/31\/pelo-flamengo-dorival-junior-e-eleito-o-melhor-tecnico-da-libertadores\/","url":"https:\/\/www.gaveanews.com\/index.php\/2022\/10\/31\/pelo-flamengo-dorival-junior-e-eleito-o-melhor-tecnico-da-libertadores\/","name":"Pelo Flamengo, Dorival J\u00fanior \u00e9 eleito o melhor t\u00e9cnico da Libertadores","isPartOf":{"@id":"https:\/\/www.gaveanews.com\/#website"},"primaryImageOfPage":{"@id":"https:\/\/www.gaveanews.com\/index.php\/2022\/10\/31\/pelo-flamengo-dorival-junior-e-eleito-o-melhor-tecnico-da-libertadores\/#primaryimage"},"image":{"@id":"https:\/\/www.gaveanews.com\/index.php\/2022\/10\/31\/pelo-flamengo-dorival-junior-e-eleito-o-melhor-tecnico-da-libertadores\/#primaryimage"},"thumbnailUrl":"https:\/\/www.gaveanews.com\/wp-content\/uploads\/Flamengo-comemora-conquista-da-Libertadores-2022-2.webp","datePublished":"2022-10-31T18:18:23+00:00","dateModified":"2022-10-31T18:18:25+00:00","author":{"@id":"https:\/\/www.gaveanews.com\/#\/schema\/person\/714c67050b836198af2450ba1c142a67"},"breadcrumb":{"@id":"https:\/\/www.gaveanews.com\/index.php\/2022\/10\/31\/pelo-flamengo-dorival-junior-e-eleito-o-melhor-tecnico-da-libertadores\/#breadcrumb"},"inLanguage":"pt-BR","potentialAction":[{"@type":"ReadAction","target":["https:\/\/www.gaveanews.com\/index.php\/2022\/10\/31\/pelo-flamengo-dorival-junior-e-eleito-o-melhor-tecnico-da-libertadores\/"]}]},{"@type":"ImageObject","inLanguage":"pt-BR","@id":"https:\/\/www.gaveanews.com\/index.php\/2022\/10\/31\/pelo-flamengo-dorival-junior-e-eleito-o-melhor-tecnico-da-libertadores\/#primaryimage","url":"https:\/\/www.gaveanews.com\/wp-content\/uploads\/Flamengo-comemora-conquista-da-Libertadores-2022-2.webp","contentUrl":"https:\/\/www.gaveanews.com\/wp-content\/uploads\/Flamengo-comemora-conquista-da-Libertadores-2022-2.webp","width":800,"height":533,"caption":"Flamengo comemora conquista da Libertadores 2022 (Foto: Marcelo Cortes\/Flamengo)"},{"@type":"BreadcrumbList","@id":"https:\/\/www.gaveanews.com\/index.php\/2022\/10\/31\/pelo-flamengo-dorival-junior-e-eleito-o-melhor-tecnico-da-libertadores\/#breadcrumb","itemListElement":[{"@type":"ListItem","position":1,"name":"Home","item":"https:\/\/www.gaveanews.com\/"},{"@type":"ListItem","position":2,"name":"Pelo Flamengo, Dorival J\u00fanior \u00e9 eleito o melhor t\u00e9cnico da Libertadores"}]},{"@type":"WebSite","@id":"https:\/\/www.gaveanews.com\/#website","url":"https:\/\/www.gaveanews.com\/","name":"G\u00e1vea News","description":"Veja todas as not\u00edcias sobre o Flamengo: Contrata\u00e7\u00f5es, categorias de base, resultados das partidas, tabela de classifica\u00e7\u00e3o, pr\u00f3ximos jogos!","potentialAction":[{"@type":"SearchAction","target":{"@type":"EntryPoint","urlTemplate":"https:\/\/www.gaveanews.com\/?s={search_term_string}"},"query-input":{"@type":"PropertyValueSpecification","valueRequired":true,"valueName":"search_term_string"}}],"inLanguage":"pt-BR"},{"@type":"Person","@id":"https:\/\/www.gaveanews.com\/#\/schema\/person\/714c67050b836198af2450ba1c142a67","name":"Let\u00edcia Gerheim","image":{"@type":"ImageObject","inLanguage":"pt-BR","@id":"https:\/\/www.gaveanews.com\/#\/schema\/person\/image\/","url":"https:\/\/secure.gravatar.com\/avatar\/60734739c50fcebfbac509e2a826ccd0ff405c019bc73aab9354f19ecad1dcb4?s=96&d=mm&r=g","contentUrl":"https:\/\/secure.gravatar.com\/avatar\/60734739c50fcebfbac509e2a826ccd0ff405c019bc73aab9354f19ecad1dcb4?s=96&d=mm&r=g","caption":"Let\u00edcia Gerheim"}}]}},"_links":{"self":[{"href":"https:\/\/www.gaveanews.com\/index.php\/wp-json\/wp\/v2\/posts\/89890","targetHints":{"allow":["GET"]}}],"collection":[{"href":"https:\/\/www.gaveanews.com\/index.php\/wp-json\/wp\/v2\/posts"}],"about":[{"href":"https:\/\/www.gaveanews.com\/index.php\/wp-json\/wp\/v2\/types\/post"}],"author":[{"embeddable":true,"href":"https:\/\/www.gaveanews.com\/index.php\/wp-json\/wp\/v2\/users\/4"}],"replies":[{"embeddable":true,"href":"https:\/\/www.gaveanews.com\/index.php\/wp-json\/wp\/v2\/comments?post=89890"}],"version-history":[{"count":0,"href":"https:\/\/www.gaveanews.com\/index.php\/wp-json\/wp\/v2\/posts\/89890\/revisions"}],"wp:featuredmedia":[{"embeddable":true,"href":"https:\/\/www.gaveanews.com\/index.php\/wp-json\/wp\/v2\/media\/89891"}],"wp:attachment":[{"href":"https:\/\/www.gaveanews.com\/index.php\/wp-json\/wp\/v2\/media?parent=89890"}],"wp:term":[{"taxonomy":"category","embeddable":true,"href":"https:\/\/www.gaveanews.com\/index.php\/wp-json\/wp\/v2\/categories?post=89890"},{"taxonomy":"post_tag","embeddable":true,"href":"https:\/\/www.gaveanews.com\/index.php\/wp-json\/wp\/v2\/tags?post=89890"}],"curies":[{"name":"wp","href":"https:\/\/api.w.org\/{rel}","templated":true}]}}