{"id":89902,"date":"2022-10-31T17:46:56","date_gmt":"2022-10-31T20:46:56","guid":{"rendered":"https:\/\/www.gaveanews.com\/?p=89902"},"modified":"2022-10-31T17:46:58","modified_gmt":"2022-10-31T20:46:58","slug":"fifa-faz-publicacao-direcionada-para-gabigol-do-flamengo","status":"publish","type":"post","link":"https:\/\/www.gaveanews.com\/index.php\/2022\/10\/31\/fifa-faz-publicacao-direcionada-para-gabigol-do-flamengo\/","title":{"rendered":"FIFA faz publica\u00e7\u00e3o direcionada para Gabigol, do Flamengo"},"content":{"rendered":"\n<p>Em sua terceira final de Libertadores pelo Flamengo, Gabigol mostrou, mais uma vez, que sua estrela brilha mais forte em decis\u00f5es. Ap\u00f3s balan\u00e7ar as redes contra River Plate e Palmeiras, o camisa 9 deixou sua marca diante do Athletico, feito que garantiu o t\u00edtulo do torneio continental. Sendo assim, o poder do atacante em se destacar em momentos cruciais virou alvo de elogios vindos da Fifa.<\/p>\n\n\n\n<p>Brigando por uma vaga na Copa do Mundo, Gabigol foi elogiado pela entidade m\u00e1xima do futebol. Diante disso, o perfil da federa\u00e7\u00e3o levantou uma quest\u00e3o importante: Gabigol merece uma vaga entre os 26 convocados de Tite? Agora, a resposta ser\u00e1 conhecida em 7 de novembro, data em que a lista de Tite ser\u00e1 divulgada.<\/p>\n\n\n\n<p><em>\u2014 Tr\u00eas finais de Libertadores, quatro gols. Gabigol \u00e9 jogador de jogo grande. Ele faz parte do seu time do Brasil na Copa do Mundo?<\/em>, escreveu a Fifa.<\/p>\n\n\n\n<figure class=\"wp-block-embed is-type-rich is-provider-twitter wp-block-embed-twitter\"><div class=\"wp-block-embed__wrapper\">\n<blockquote class=\"twitter-tweet\" data-width=\"550\" data-dnt=\"true\"><p lang=\"en\" dir=\"ltr\">Three <a href=\"https:\/\/twitter.com\/Libertadores?ref_src=twsrc%5Etfw\">@Libertadores<\/a> finals, four goals \ud83e\udd2f<a href=\"https:\/\/twitter.com\/gabigol?ref_src=twsrc%5Etfw\">@Gabigol<\/a> = Big game player! <br><br>Does he make your Brazil <a href=\"https:\/\/twitter.com\/hashtag\/FIFAWorldCup?src=hash&amp;ref_src=twsrc%5Etfw\">#FIFAWorldCup<\/a> squad? \ud83c\udde7\ud83c\uddf7 <a href=\"https:\/\/t.co\/HBchns259P\">pic.twitter.com\/HBchns259P<\/a><\/p>&mdash; FIFA World Cup (@FIFAWorldCup) <a href=\"https:\/\/twitter.com\/FIFAWorldCup\/status\/1587059311204630528?ref_src=twsrc%5Etfw\">October 31, 2022<\/a><\/blockquote><script async src=\"https:\/\/platform.twitter.com\/widgets.js\" charset=\"utf-8\"><\/script>\n<\/div><\/figure>\n\n\n\n<p>De acordo com o GE, Gabigol, ao lado de Pedro, Everton Ribeiro, Santos e Filipe Lu\u00eds, foram pr\u00e9-convocados para a Copa do Mundo. Diante disso, existe a possibilidade do her\u00f3i do Flamengo na Libertadores coroar o ano de 2022 com a conquista do hexa, sonho que foi ressaltado pelo atacante.<\/p>\n\n\n\n<p><em>\u2014 \u00c9 um sonho estar na Copa do Mundo, eu procuro trabalhar ao m\u00e1ximo, me esfor\u00e7ar ao m\u00e1ximo. Creio eu que as atitudes valem mais do que as palavras. Me reinventei e estou gostando disso. Acho que no futuro, quando eu parar de jogar bola, quero olhar para mim e falar: \u2018P\u00f4, eu sou completo\u2019. Claro: preciso melhorar ainda a direita e o cabeceio. Mas ningu\u00e9m \u00e9 perfeito. Mas creio eu que estou caminhando para me reinventar. E quem sabe estar aqui de novo no ano que vem e quem sabe de outra forma<\/em>, pontuou Gabigol.<\/p>\n\n\n\n<p>Retirado de: Torcedores<\/p>\n","protected":false},"excerpt":{"rendered":"<p>Em sua terceira final de Libertadores pelo Flamengo, Gabigol mostrou, mais uma vez, que sua estrela brilha mais forte em decis\u00f5es. Ap\u00f3s balan\u00e7ar as redes contra River Plate e Palmeiras, o camisa 9 deixou sua marca diante do Athletico, feito que garantiu o t\u00edtulo do torneio continental. Sendo assim, o poder do atacante em se [&hellip;]<\/p>\n","protected":false},"author":1,"featured_media":88375,"comment_status":"open","ping_status":"closed","sticky":false,"template":"","format":"standard","meta":{"footnotes":""},"categories":[1],"tags":[],"class_list":["post-89902","post","type-post","status-publish","format-standard","has-post-thumbnail","hentry","category-flamengo"],"yoast_head":"<!-- This site is optimized with the Yoast SEO Premium plugin v24.2 (Yoast SEO v26.9) - https:\/\/yoast.com\/product\/yoast-seo-premium-wordpress\/ -->\n<title>FIFA faz publica\u00e7\u00e3o direcionada para Gabigol, do Flamengo<\/title>\n<meta name=\"robots\" content=\"index, follow, max-snippet:-1, max-image-preview:large, max-video-preview:-1\" \/>\n<link rel=\"canonical\" href=\"https:\/\/www.gaveanews.com\/index.php\/2022\/10\/31\/fifa-faz-publicacao-direcionada-para-gabigol-do-flamengo\/\" \/>\n<meta property=\"og:locale\" content=\"pt_BR\" \/>\n<meta property=\"og:type\" content=\"article\" \/>\n<meta property=\"og:title\" content=\"FIFA faz publica\u00e7\u00e3o direcionada para Gabigol, do Flamengo\" \/>\n<meta property=\"og:description\" content=\"Em sua terceira final de Libertadores pelo Flamengo, Gabigol mostrou, mais uma vez, que sua estrela brilha mais forte em decis\u00f5es. Ap\u00f3s balan\u00e7ar as redes contra River Plate e Palmeiras, o camisa 9 deixou sua marca diante do Athletico, feito que garantiu o t\u00edtulo do torneio continental. Sendo assim, o poder do atacante em se [&hellip;]\" \/>\n<meta property=\"og:url\" content=\"https:\/\/www.gaveanews.com\/index.php\/2022\/10\/31\/fifa-faz-publicacao-direcionada-para-gabigol-do-flamengo\/\" \/>\n<meta property=\"og:site_name\" content=\"G\u00e1vea News\" \/>\n<meta property=\"article:publisher\" content=\"https:\/\/facebook.com\/gaveaNews\/\" \/>\n<meta property=\"article:published_time\" content=\"2022-10-31T20:46:56+00:00\" \/>\n<meta property=\"article:modified_time\" content=\"2022-10-31T20:46:58+00:00\" \/>\n<meta property=\"og:image\" content=\"https:\/\/www.gaveanews.com\/wp-content\/uploads\/Gabigol-em-acao-pelo-Flamengo-durante-o-jogo-contra-o-Bragantino-pelo-Brasileirao-de-2022-no-estadio-do-Maracana.webp\" \/>\n\t<meta property=\"og:image:width\" content=\"799\" \/>\n\t<meta property=\"og:image:height\" content=\"533\" \/>\n\t<meta property=\"og:image:type\" content=\"image\/jpeg\" \/>\n<meta name=\"author\" content=\"Equipe G\u00e1vea News\" \/>\n<meta name=\"twitter:card\" content=\"summary_large_image\" \/>\n<meta name=\"twitter:label1\" content=\"Escrito por\" \/>\n\t<meta name=\"twitter:data1\" content=\"Equipe G\u00e1vea News\" \/>\n\t<meta name=\"twitter:label2\" content=\"Est. tempo de leitura\" \/>\n\t<meta name=\"twitter:data2\" content=\"2 minutos\" \/>\n<script type=\"application\/ld+json\" class=\"yoast-schema-graph\">{\"@context\":\"https:\/\/schema.org\",\"@graph\":[{\"@type\":\"NewsArticle\",\"@id\":\"https:\/\/www.gaveanews.com\/index.php\/2022\/10\/31\/fifa-faz-publicacao-direcionada-para-gabigol-do-flamengo\/#article\",\"isPartOf\":{\"@id\":\"https:\/\/www.gaveanews.com\/index.php\/2022\/10\/31\/fifa-faz-publicacao-direcionada-para-gabigol-do-flamengo\/\"},\"author\":{\"name\":\"Equipe G\u00e1vea News\",\"@id\":\"https:\/\/www.gaveanews.com\/#\/schema\/person\/2ec14f73fb96be2caf28f91afb14749d\"},\"headline\":\"FIFA faz publica\u00e7\u00e3o direcionada para Gabigol, do Flamengo\",\"datePublished\":\"2022-10-31T20:46:56+00:00\",\"dateModified\":\"2022-10-31T20:46:58+00:00\",\"mainEntityOfPage\":{\"@id\":\"https:\/\/www.gaveanews.com\/index.php\/2022\/10\/31\/fifa-faz-publicacao-direcionada-para-gabigol-do-flamengo\/\"},\"wordCount\":317,\"commentCount\":0,\"image\":{\"@id\":\"https:\/\/www.gaveanews.com\/index.php\/2022\/10\/31\/fifa-faz-publicacao-direcionada-para-gabigol-do-flamengo\/#primaryimage\"},\"thumbnailUrl\":\"https:\/\/www.gaveanews.com\/wp-content\/uploads\/Gabigol-em-acao-pelo-Flamengo-durante-o-jogo-contra-o-Bragantino-pelo-Brasileirao-de-2022-no-estadio-do-Maracana.webp\",\"articleSection\":[\"Flamengo\"],\"inLanguage\":\"pt-BR\",\"potentialAction\":[{\"@type\":\"CommentAction\",\"name\":\"Comment\",\"target\":[\"https:\/\/www.gaveanews.com\/index.php\/2022\/10\/31\/fifa-faz-publicacao-direcionada-para-gabigol-do-flamengo\/#respond\"]}],\"copyrightYear\":\"2022\",\"copyrightHolder\":{\"@id\":\"https:\/\/www.gaveanews.com\/#organization\"}},{\"@type\":\"WebPage\",\"@id\":\"https:\/\/www.gaveanews.com\/index.php\/2022\/10\/31\/fifa-faz-publicacao-direcionada-para-gabigol-do-flamengo\/\",\"url\":\"https:\/\/www.gaveanews.com\/index.php\/2022\/10\/31\/fifa-faz-publicacao-direcionada-para-gabigol-do-flamengo\/\",\"name\":\"FIFA faz publica\u00e7\u00e3o direcionada para Gabigol, do Flamengo\",\"isPartOf\":{\"@id\":\"https:\/\/www.gaveanews.com\/#website\"},\"primaryImageOfPage\":{\"@id\":\"https:\/\/www.gaveanews.com\/index.php\/2022\/10\/31\/fifa-faz-publicacao-direcionada-para-gabigol-do-flamengo\/#primaryimage\"},\"image\":{\"@id\":\"https:\/\/www.gaveanews.com\/index.php\/2022\/10\/31\/fifa-faz-publicacao-direcionada-para-gabigol-do-flamengo\/#primaryimage\"},\"thumbnailUrl\":\"https:\/\/www.gaveanews.com\/wp-content\/uploads\/Gabigol-em-acao-pelo-Flamengo-durante-o-jogo-contra-o-Bragantino-pelo-Brasileirao-de-2022-no-estadio-do-Maracana.webp\",\"datePublished\":\"2022-10-31T20:46:56+00:00\",\"dateModified\":\"2022-10-31T20:46:58+00:00\",\"author\":{\"@id\":\"https:\/\/www.gaveanews.com\/#\/schema\/person\/2ec14f73fb96be2caf28f91afb14749d\"},\"breadcrumb\":{\"@id\":\"https:\/\/www.gaveanews.com\/index.php\/2022\/10\/31\/fifa-faz-publicacao-direcionada-para-gabigol-do-flamengo\/#breadcrumb\"},\"inLanguage\":\"pt-BR\",\"potentialAction\":[{\"@type\":\"ReadAction\",\"target\":[\"https:\/\/www.gaveanews.com\/index.php\/2022\/10\/31\/fifa-faz-publicacao-direcionada-para-gabigol-do-flamengo\/\"]}]},{\"@type\":\"ImageObject\",\"inLanguage\":\"pt-BR\",\"@id\":\"https:\/\/www.gaveanews.com\/index.php\/2022\/10\/31\/fifa-faz-publicacao-direcionada-para-gabigol-do-flamengo\/#primaryimage\",\"url\":\"https:\/\/www.gaveanews.com\/wp-content\/uploads\/Gabigol-em-acao-pelo-Flamengo-durante-o-jogo-contra-o-Bragantino-pelo-Brasileirao-de-2022-no-estadio-do-Maracana.webp\",\"contentUrl\":\"https:\/\/www.gaveanews.com\/wp-content\/uploads\/Gabigol-em-acao-pelo-Flamengo-durante-o-jogo-contra-o-Bragantino-pelo-Brasileirao-de-2022-no-estadio-do-Maracana.webp\",\"width\":799,\"height\":533,\"caption\":\"Gabigol em a\u00e7\u00e3o pelo Flamengo durante o jogo contra o Bragantino pelo Brasileir\u00e3o de 2022 no est\u00e1dio do Maracan\u00e3 (Foto: Reprodu\u00e7\u00e3o\/Flamengo)\"},{\"@type\":\"BreadcrumbList\",\"@id\":\"https:\/\/www.gaveanews.com\/index.php\/2022\/10\/31\/fifa-faz-publicacao-direcionada-para-gabigol-do-flamengo\/#breadcrumb\",\"itemListElement\":[{\"@type\":\"ListItem\",\"position\":1,\"name\":\"Home\",\"item\":\"https:\/\/www.gaveanews.com\/\"},{\"@type\":\"ListItem\",\"position\":2,\"name\":\"FIFA faz publica\u00e7\u00e3o direcionada para Gabigol, do Flamengo\"}]},{\"@type\":\"WebSite\",\"@id\":\"https:\/\/www.gaveanews.com\/#website\",\"url\":\"https:\/\/www.gaveanews.com\/\",\"name\":\"G\u00e1vea News\",\"description\":\"Veja todas as not\u00edcias sobre o Flamengo: Contrata\u00e7\u00f5es, categorias de base, resultados das partidas, tabela de classifica\u00e7\u00e3o, pr\u00f3ximos jogos!\",\"potentialAction\":[{\"@type\":\"SearchAction\",\"target\":{\"@type\":\"EntryPoint\",\"urlTemplate\":\"https:\/\/www.gaveanews.com\/?s={search_term_string}\"},\"query-input\":{\"@type\":\"PropertyValueSpecification\",\"valueRequired\":true,\"valueName\":\"search_term_string\"}}],\"inLanguage\":\"pt-BR\"},{\"@type\":\"Person\",\"@id\":\"https:\/\/www.gaveanews.com\/#\/schema\/person\/2ec14f73fb96be2caf28f91afb14749d\",\"name\":\"Equipe G\u00e1vea News\",\"image\":{\"@type\":\"ImageObject\",\"inLanguage\":\"pt-BR\",\"@id\":\"https:\/\/www.gaveanews.com\/#\/schema\/person\/image\/\",\"url\":\"https:\/\/secure.gravatar.com\/avatar\/1e1956f1facbffd3f8fa53a326721950116b3b9dc9bd44939c01180fd4a745a9?s=96&d=mm&r=g\",\"contentUrl\":\"https:\/\/secure.gravatar.com\/avatar\/1e1956f1facbffd3f8fa53a326721950116b3b9dc9bd44939c01180fd4a745a9?s=96&d=mm&r=g\",\"caption\":\"Equipe G\u00e1vea News\"}}]}<\/script>\n<!-- \/ Yoast SEO Premium plugin. -->","yoast_head_json":{"title":"FIFA faz publica\u00e7\u00e3o direcionada para Gabigol, do Flamengo","robots":{"index":"index","follow":"follow","max-snippet":"max-snippet:-1","max-image-preview":"max-image-preview:large","max-video-preview":"max-video-preview:-1"},"canonical":"https:\/\/www.gaveanews.com\/index.php\/2022\/10\/31\/fifa-faz-publicacao-direcionada-para-gabigol-do-flamengo\/","og_locale":"pt_BR","og_type":"article","og_title":"FIFA faz publica\u00e7\u00e3o direcionada para Gabigol, do Flamengo","og_description":"Em sua terceira final de Libertadores pelo Flamengo, Gabigol mostrou, mais uma vez, que sua estrela brilha mais forte em decis\u00f5es. Ap\u00f3s balan\u00e7ar as redes contra River Plate e Palmeiras, o camisa 9 deixou sua marca diante do Athletico, feito que garantiu o t\u00edtulo do torneio continental. Sendo assim, o poder do atacante em se [&hellip;]","og_url":"https:\/\/www.gaveanews.com\/index.php\/2022\/10\/31\/fifa-faz-publicacao-direcionada-para-gabigol-do-flamengo\/","og_site_name":"G\u00e1vea News","article_publisher":"https:\/\/facebook.com\/gaveaNews\/","article_published_time":"2022-10-31T20:46:56+00:00","article_modified_time":"2022-10-31T20:46:58+00:00","og_image":[{"width":799,"height":533,"url":"https:\/\/www.gaveanews.com\/wp-content\/uploads\/Gabigol-em-acao-pelo-Flamengo-durante-o-jogo-contra-o-Bragantino-pelo-Brasileirao-de-2022-no-estadio-do-Maracana.webp","type":"image\/jpeg"}],"author":"Equipe G\u00e1vea News","twitter_card":"summary_large_image","twitter_misc":{"Escrito por":"Equipe G\u00e1vea News","Est. tempo de leitura":"2 minutos"},"schema":{"@context":"https:\/\/schema.org","@graph":[{"@type":"NewsArticle","@id":"https:\/\/www.gaveanews.com\/index.php\/2022\/10\/31\/fifa-faz-publicacao-direcionada-para-gabigol-do-flamengo\/#article","isPartOf":{"@id":"https:\/\/www.gaveanews.com\/index.php\/2022\/10\/31\/fifa-faz-publicacao-direcionada-para-gabigol-do-flamengo\/"},"author":{"name":"Equipe G\u00e1vea News","@id":"https:\/\/www.gaveanews.com\/#\/schema\/person\/2ec14f73fb96be2caf28f91afb14749d"},"headline":"FIFA faz publica\u00e7\u00e3o direcionada para Gabigol, do Flamengo","datePublished":"2022-10-31T20:46:56+00:00","dateModified":"2022-10-31T20:46:58+00:00","mainEntityOfPage":{"@id":"https:\/\/www.gaveanews.com\/index.php\/2022\/10\/31\/fifa-faz-publicacao-direcionada-para-gabigol-do-flamengo\/"},"wordCount":317,"commentCount":0,"image":{"@id":"https:\/\/www.gaveanews.com\/index.php\/2022\/10\/31\/fifa-faz-publicacao-direcionada-para-gabigol-do-flamengo\/#primaryimage"},"thumbnailUrl":"https:\/\/www.gaveanews.com\/wp-content\/uploads\/Gabigol-em-acao-pelo-Flamengo-durante-o-jogo-contra-o-Bragantino-pelo-Brasileirao-de-2022-no-estadio-do-Maracana.webp","articleSection":["Flamengo"],"inLanguage":"pt-BR","potentialAction":[{"@type":"CommentAction","name":"Comment","target":["https:\/\/www.gaveanews.com\/index.php\/2022\/10\/31\/fifa-faz-publicacao-direcionada-para-gabigol-do-flamengo\/#respond"]}],"copyrightYear":"2022","copyrightHolder":{"@id":"https:\/\/www.gaveanews.com\/#organization"}},{"@type":"WebPage","@id":"https:\/\/www.gaveanews.com\/index.php\/2022\/10\/31\/fifa-faz-publicacao-direcionada-para-gabigol-do-flamengo\/","url":"https:\/\/www.gaveanews.com\/index.php\/2022\/10\/31\/fifa-faz-publicacao-direcionada-para-gabigol-do-flamengo\/","name":"FIFA faz publica\u00e7\u00e3o direcionada para Gabigol, do Flamengo","isPartOf":{"@id":"https:\/\/www.gaveanews.com\/#website"},"primaryImageOfPage":{"@id":"https:\/\/www.gaveanews.com\/index.php\/2022\/10\/31\/fifa-faz-publicacao-direcionada-para-gabigol-do-flamengo\/#primaryimage"},"image":{"@id":"https:\/\/www.gaveanews.com\/index.php\/2022\/10\/31\/fifa-faz-publicacao-direcionada-para-gabigol-do-flamengo\/#primaryimage"},"thumbnailUrl":"https:\/\/www.gaveanews.com\/wp-content\/uploads\/Gabigol-em-acao-pelo-Flamengo-durante-o-jogo-contra-o-Bragantino-pelo-Brasileirao-de-2022-no-estadio-do-Maracana.webp","datePublished":"2022-10-31T20:46:56+00:00","dateModified":"2022-10-31T20:46:58+00:00","author":{"@id":"https:\/\/www.gaveanews.com\/#\/schema\/person\/2ec14f73fb96be2caf28f91afb14749d"},"breadcrumb":{"@id":"https:\/\/www.gaveanews.com\/index.php\/2022\/10\/31\/fifa-faz-publicacao-direcionada-para-gabigol-do-flamengo\/#breadcrumb"},"inLanguage":"pt-BR","potentialAction":[{"@type":"ReadAction","target":["https:\/\/www.gaveanews.com\/index.php\/2022\/10\/31\/fifa-faz-publicacao-direcionada-para-gabigol-do-flamengo\/"]}]},{"@type":"ImageObject","inLanguage":"pt-BR","@id":"https:\/\/www.gaveanews.com\/index.php\/2022\/10\/31\/fifa-faz-publicacao-direcionada-para-gabigol-do-flamengo\/#primaryimage","url":"https:\/\/www.gaveanews.com\/wp-content\/uploads\/Gabigol-em-acao-pelo-Flamengo-durante-o-jogo-contra-o-Bragantino-pelo-Brasileirao-de-2022-no-estadio-do-Maracana.webp","contentUrl":"https:\/\/www.gaveanews.com\/wp-content\/uploads\/Gabigol-em-acao-pelo-Flamengo-durante-o-jogo-contra-o-Bragantino-pelo-Brasileirao-de-2022-no-estadio-do-Maracana.webp","width":799,"height":533,"caption":"Gabigol em a\u00e7\u00e3o pelo Flamengo durante o jogo contra o Bragantino pelo Brasileir\u00e3o de 2022 no est\u00e1dio do Maracan\u00e3 (Foto: Reprodu\u00e7\u00e3o\/Flamengo)"},{"@type":"BreadcrumbList","@id":"https:\/\/www.gaveanews.com\/index.php\/2022\/10\/31\/fifa-faz-publicacao-direcionada-para-gabigol-do-flamengo\/#breadcrumb","itemListElement":[{"@type":"ListItem","position":1,"name":"Home","item":"https:\/\/www.gaveanews.com\/"},{"@type":"ListItem","position":2,"name":"FIFA faz publica\u00e7\u00e3o direcionada para Gabigol, do Flamengo"}]},{"@type":"WebSite","@id":"https:\/\/www.gaveanews.com\/#website","url":"https:\/\/www.gaveanews.com\/","name":"G\u00e1vea News","description":"Veja todas as not\u00edcias sobre o Flamengo: Contrata\u00e7\u00f5es, categorias de base, resultados das partidas, tabela de classifica\u00e7\u00e3o, pr\u00f3ximos jogos!","potentialAction":[{"@type":"SearchAction","target":{"@type":"EntryPoint","urlTemplate":"https:\/\/www.gaveanews.com\/?s={search_term_string}"},"query-input":{"@type":"PropertyValueSpecification","valueRequired":true,"valueName":"search_term_string"}}],"inLanguage":"pt-BR"},{"@type":"Person","@id":"https:\/\/www.gaveanews.com\/#\/schema\/person\/2ec14f73fb96be2caf28f91afb14749d","name":"Equipe G\u00e1vea News","image":{"@type":"ImageObject","inLanguage":"pt-BR","@id":"https:\/\/www.gaveanews.com\/#\/schema\/person\/image\/","url":"https:\/\/secure.gravatar.com\/avatar\/1e1956f1facbffd3f8fa53a326721950116b3b9dc9bd44939c01180fd4a745a9?s=96&d=mm&r=g","contentUrl":"https:\/\/secure.gravatar.com\/avatar\/1e1956f1facbffd3f8fa53a326721950116b3b9dc9bd44939c01180fd4a745a9?s=96&d=mm&r=g","caption":"Equipe G\u00e1vea News"}}]}},"_links":{"self":[{"href":"https:\/\/www.gaveanews.com\/index.php\/wp-json\/wp\/v2\/posts\/89902","targetHints":{"allow":["GET"]}}],"collection":[{"href":"https:\/\/www.gaveanews.com\/index.php\/wp-json\/wp\/v2\/posts"}],"about":[{"href":"https:\/\/www.gaveanews.com\/index.php\/wp-json\/wp\/v2\/types\/post"}],"author":[{"embeddable":true,"href":"https:\/\/www.gaveanews.com\/index.php\/wp-json\/wp\/v2\/users\/1"}],"replies":[{"embeddable":true,"href":"https:\/\/www.gaveanews.com\/index.php\/wp-json\/wp\/v2\/comments?post=89902"}],"version-history":[{"count":0,"href":"https:\/\/www.gaveanews.com\/index.php\/wp-json\/wp\/v2\/posts\/89902\/revisions"}],"wp:featuredmedia":[{"embeddable":true,"href":"https:\/\/www.gaveanews.com\/index.php\/wp-json\/wp\/v2\/media\/88375"}],"wp:attachment":[{"href":"https:\/\/www.gaveanews.com\/index.php\/wp-json\/wp\/v2\/media?parent=89902"}],"wp:term":[{"taxonomy":"category","embeddable":true,"href":"https:\/\/www.gaveanews.com\/index.php\/wp-json\/wp\/v2\/categories?post=89902"},{"taxonomy":"post_tag","embeddable":true,"href":"https:\/\/www.gaveanews.com\/index.php\/wp-json\/wp\/v2\/tags?post=89902"}],"curies":[{"name":"wp","href":"https:\/\/api.w.org\/{rel}","templated":true}]}}