{"id":90017,"date":"2022-11-02T14:20:06","date_gmt":"2022-11-02T17:20:06","guid":{"rendered":"https:\/\/www.gaveanews.com\/?p=90017"},"modified":"2022-11-02T14:20:09","modified_gmt":"2022-11-02T17:20:09","slug":"video-jogadores-do-real-madrid-falam-sobre-o-flamengo","status":"publish","type":"post","link":"https:\/\/www.gaveanews.com\/index.php\/2022\/11\/02\/video-jogadores-do-real-madrid-falam-sobre-o-flamengo\/","title":{"rendered":"V\u00eddeo: Jogadores do Real Madrid falam sobre o Flamengo"},"content":{"rendered":"\n<p>O Real Madrid est\u00e1 focado na LaLiga e na Champions League, mas o Mundial de Clubes j\u00e1 \u00e9 comentado pelo clube. Em entrevista ao rep\u00f3rter dos canais Disney Andr\u00e9 Linares, atletas merengues j\u00e1 come\u00e7aram a fazer proje\u00e7\u00f5es para um potencial duelo contra o Flamengo.<\/p>\n\n\n\n<p>Goleiro titular da equipe, Courtois relembrou a parceria que teve com Filipe Lu\u00eds e David Luiz por Atl\u00e9tico de Madrid e Chelsea e fez elogios ao time rubro-negro.<\/p>\n\n\n\n<p><em>\u2014 Me alegro por eles (Flamengo), tem Filipe Lu\u00eds e David Luiz, sei que s\u00e3o pessoas que joguei por muitos anos, principalmente Filipe, que \u00e9 um bom amigo. Bem, tem uma semifinal a\u00ed tamb\u00e9m para jogar para ver se jogamos a final contra eles (Flamengo) ou n\u00e3o. Se a gente enfrentar eles (o Flamengo), ser\u00e1 uma grande partida<\/em>, disse.<\/p>\n\n\n\n<p>Zagueiro da equipe, Alaba tamb\u00e9m elogiou o Fla, mas destacou que o foco da equipe est\u00e1 nas \u00faltimas partidas a serem disputadas antes da parada para a Copa do Mundo.<\/p>\n\n\n\n<p><em>\u2014 N\u00f3s sabemos que o Flamengo \u00e9 um time muito bom. Conta com jogadores \u00f3timos no elenco. Mas acho que o Mundial de Clubes ainda est\u00e1 longe. Precisamos focar nos pr\u00f3ximos dias e pr\u00f3ximas semanas at\u00e9 a Copa do Mundo para que a gente tente ter sucesso<\/em>, afirmou.<\/p>\n\n\n\n<figure class=\"wp-block-video\"><video controls src=\"https:\/\/www.flaresenha.com\/wp-content\/uploads\/2022\/10\/a-2.mp4?_=1\"><\/video><\/figure>\n\n\n\n<p>Emprestado pelo Real ao Girona, Reinier revelou que esteve assistindo ao jogo ao lado de um companheiro brasileiro que foi \u2018refor\u00e7o\u2019 na torcida pelo t\u00edtulo do Flamengo.<\/p>\n\n\n\n<p><em>\u2014 Ontem foi muito bom, jogo dif\u00edcil, a expuls\u00e3o ajudou a gente. Ficamos eu e Yan (Couto), que \u00e9 do rival Coritiba, torcendo bastante para o Meng\u00e3o. Deu tudo certo, tri da Liberta. Agora, podemos comemorar<\/em>, celebrou.<\/p>\n\n\n\n<p>Ap\u00f3s a conquista do t\u00edtulo da Conmebol Libertadores, diversas brincadeiras envolvendo o Real Madrid aconteceram na celebra\u00e7\u00e3o rubro-negra. Ainda no vesti\u00e1rio, o vice de futebol, Marcos Braz, puxou o coro de \u2018Real Madrid, pode esperar, que a sua hora vai chegar\u2019.<\/p>\n\n\n\n<p>Em entrevista na sa\u00edda do est\u00e1dio, Rodinei mandou um recado para o ex-colega de Fla Vinicius Jr. sobre a possibilidade de um enfrentamento.<\/p>\n\n\n\n<p>Retirado de: ESPN<\/p>\n","protected":false},"excerpt":{"rendered":"<p>O Real Madrid est\u00e1 focado na LaLiga e na Champions League, mas o Mundial de Clubes j\u00e1 \u00e9 comentado pelo clube. Em entrevista ao rep\u00f3rter dos canais Disney Andr\u00e9 Linares, atletas merengues j\u00e1 come\u00e7aram a fazer proje\u00e7\u00f5es para um potencial duelo contra o Flamengo. Goleiro titular da equipe, Courtois relembrou a parceria que teve com [&hellip;]<\/p>\n","protected":false},"author":1,"featured_media":16221,"comment_status":"open","ping_status":"closed","sticky":false,"template":"","format":"standard","meta":{"footnotes":""},"categories":[40],"tags":[],"class_list":["post-90017","post","type-post","status-publish","format-standard","has-post-thumbnail","hentry","category-video"],"yoast_head":"<!-- This site is optimized with the Yoast SEO Premium plugin v24.2 (Yoast SEO v26.9) - https:\/\/yoast.com\/product\/yoast-seo-premium-wordpress\/ -->\n<title>V\u00eddeo: Jogadores do Real Madrid falam sobre o Flamengo<\/title>\n<meta name=\"robots\" content=\"index, follow, max-snippet:-1, max-image-preview:large, max-video-preview:-1\" \/>\n<link rel=\"canonical\" href=\"https:\/\/www.gaveanews.com\/index.php\/2022\/11\/02\/video-jogadores-do-real-madrid-falam-sobre-o-flamengo\/\" \/>\n<meta property=\"og:locale\" content=\"pt_BR\" \/>\n<meta property=\"og:type\" content=\"article\" \/>\n<meta property=\"og:title\" content=\"V\u00eddeo: Jogadores do Real Madrid falam sobre o Flamengo\" \/>\n<meta property=\"og:description\" content=\"O Real Madrid est\u00e1 focado na LaLiga e na Champions League, mas o Mundial de Clubes j\u00e1 \u00e9 comentado pelo clube. Em entrevista ao rep\u00f3rter dos canais Disney Andr\u00e9 Linares, atletas merengues j\u00e1 come\u00e7aram a fazer proje\u00e7\u00f5es para um potencial duelo contra o Flamengo. Goleiro titular da equipe, Courtois relembrou a parceria que teve com [&hellip;]\" \/>\n<meta property=\"og:url\" content=\"https:\/\/www.gaveanews.com\/index.php\/2022\/11\/02\/video-jogadores-do-real-madrid-falam-sobre-o-flamengo\/\" \/>\n<meta property=\"og:site_name\" content=\"G\u00e1vea News\" \/>\n<meta property=\"article:publisher\" content=\"https:\/\/facebook.com\/gaveaNews\/\" \/>\n<meta property=\"article:published_time\" content=\"2022-11-02T17:20:06+00:00\" \/>\n<meta property=\"article:modified_time\" content=\"2022-11-02T17:20:09+00:00\" \/>\n<meta property=\"og:image\" content=\"https:\/\/www.gaveanews.com\/wp-content\/uploads\/2019\/03\/Taca-do-Mundial-de-Clubes.webp\" \/>\n\t<meta property=\"og:image:width\" content=\"1\" \/>\n\t<meta property=\"og:image:height\" content=\"1\" \/>\n\t<meta property=\"og:image:type\" content=\"image\/jpeg\" \/>\n<meta name=\"author\" content=\"Equipe G\u00e1vea News\" \/>\n<meta name=\"twitter:card\" content=\"summary_large_image\" \/>\n<meta name=\"twitter:label1\" content=\"Escrito por\" \/>\n\t<meta name=\"twitter:data1\" content=\"Equipe G\u00e1vea News\" \/>\n\t<meta name=\"twitter:label2\" content=\"Est. tempo de leitura\" \/>\n\t<meta name=\"twitter:data2\" content=\"2 minutos\" \/>\n<script type=\"application\/ld+json\" class=\"yoast-schema-graph\">{\"@context\":\"https:\/\/schema.org\",\"@graph\":[{\"@type\":\"NewsArticle\",\"@id\":\"https:\/\/www.gaveanews.com\/index.php\/2022\/11\/02\/video-jogadores-do-real-madrid-falam-sobre-o-flamengo\/#article\",\"isPartOf\":{\"@id\":\"https:\/\/www.gaveanews.com\/index.php\/2022\/11\/02\/video-jogadores-do-real-madrid-falam-sobre-o-flamengo\/\"},\"author\":{\"name\":\"Equipe G\u00e1vea News\",\"@id\":\"https:\/\/www.gaveanews.com\/#\/schema\/person\/2ec14f73fb96be2caf28f91afb14749d\"},\"headline\":\"V\u00eddeo: Jogadores do Real Madrid falam sobre o Flamengo\",\"datePublished\":\"2022-11-02T17:20:06+00:00\",\"dateModified\":\"2022-11-02T17:20:09+00:00\",\"mainEntityOfPage\":{\"@id\":\"https:\/\/www.gaveanews.com\/index.php\/2022\/11\/02\/video-jogadores-do-real-madrid-falam-sobre-o-flamengo\/\"},\"wordCount\":367,\"commentCount\":0,\"image\":{\"@id\":\"https:\/\/www.gaveanews.com\/index.php\/2022\/11\/02\/video-jogadores-do-real-madrid-falam-sobre-o-flamengo\/#primaryimage\"},\"thumbnailUrl\":\"https:\/\/www.gaveanews.com\/wp-content\/uploads\/2019\/03\/Taca-do-Mundial-de-Clubes.webp\",\"articleSection\":[\"V\u00eddeos\"],\"inLanguage\":\"pt-BR\",\"potentialAction\":[{\"@type\":\"CommentAction\",\"name\":\"Comment\",\"target\":[\"https:\/\/www.gaveanews.com\/index.php\/2022\/11\/02\/video-jogadores-do-real-madrid-falam-sobre-o-flamengo\/#respond\"]}],\"copyrightYear\":\"2022\",\"copyrightHolder\":{\"@id\":\"https:\/\/www.gaveanews.com\/#organization\"}},{\"@type\":\"WebPage\",\"@id\":\"https:\/\/www.gaveanews.com\/index.php\/2022\/11\/02\/video-jogadores-do-real-madrid-falam-sobre-o-flamengo\/\",\"url\":\"https:\/\/www.gaveanews.com\/index.php\/2022\/11\/02\/video-jogadores-do-real-madrid-falam-sobre-o-flamengo\/\",\"name\":\"V\u00eddeo: Jogadores do Real Madrid falam sobre o Flamengo\",\"isPartOf\":{\"@id\":\"https:\/\/www.gaveanews.com\/#website\"},\"primaryImageOfPage\":{\"@id\":\"https:\/\/www.gaveanews.com\/index.php\/2022\/11\/02\/video-jogadores-do-real-madrid-falam-sobre-o-flamengo\/#primaryimage\"},\"image\":{\"@id\":\"https:\/\/www.gaveanews.com\/index.php\/2022\/11\/02\/video-jogadores-do-real-madrid-falam-sobre-o-flamengo\/#primaryimage\"},\"thumbnailUrl\":\"https:\/\/www.gaveanews.com\/wp-content\/uploads\/2019\/03\/Taca-do-Mundial-de-Clubes.webp\",\"datePublished\":\"2022-11-02T17:20:06+00:00\",\"dateModified\":\"2022-11-02T17:20:09+00:00\",\"author\":{\"@id\":\"https:\/\/www.gaveanews.com\/#\/schema\/person\/2ec14f73fb96be2caf28f91afb14749d\"},\"breadcrumb\":{\"@id\":\"https:\/\/www.gaveanews.com\/index.php\/2022\/11\/02\/video-jogadores-do-real-madrid-falam-sobre-o-flamengo\/#breadcrumb\"},\"inLanguage\":\"pt-BR\",\"potentialAction\":[{\"@type\":\"ReadAction\",\"target\":[\"https:\/\/www.gaveanews.com\/index.php\/2022\/11\/02\/video-jogadores-do-real-madrid-falam-sobre-o-flamengo\/\"]}]},{\"@type\":\"ImageObject\",\"inLanguage\":\"pt-BR\",\"@id\":\"https:\/\/www.gaveanews.com\/index.php\/2022\/11\/02\/video-jogadores-do-real-madrid-falam-sobre-o-flamengo\/#primaryimage\",\"url\":\"https:\/\/www.gaveanews.com\/wp-content\/uploads\/2019\/03\/Taca-do-Mundial-de-Clubes.webp\",\"contentUrl\":\"https:\/\/www.gaveanews.com\/wp-content\/uploads\/2019\/03\/Taca-do-Mundial-de-Clubes.webp\",\"width\":900,\"height\":600,\"caption\":\"Ta\u00e7a do Mundial de Clubes (Foto: Matthew Ashton\/Getty Images)\"},{\"@type\":\"BreadcrumbList\",\"@id\":\"https:\/\/www.gaveanews.com\/index.php\/2022\/11\/02\/video-jogadores-do-real-madrid-falam-sobre-o-flamengo\/#breadcrumb\",\"itemListElement\":[{\"@type\":\"ListItem\",\"position\":1,\"name\":\"Home\",\"item\":\"https:\/\/www.gaveanews.com\/\"},{\"@type\":\"ListItem\",\"position\":2,\"name\":\"V\u00eddeo: Jogadores do Real Madrid falam sobre o Flamengo\"}]},{\"@type\":\"WebSite\",\"@id\":\"https:\/\/www.gaveanews.com\/#website\",\"url\":\"https:\/\/www.gaveanews.com\/\",\"name\":\"G\u00e1vea News\",\"description\":\"Veja todas as not\u00edcias sobre o Flamengo: Contrata\u00e7\u00f5es, categorias de base, resultados das partidas, tabela de classifica\u00e7\u00e3o, pr\u00f3ximos jogos!\",\"potentialAction\":[{\"@type\":\"SearchAction\",\"target\":{\"@type\":\"EntryPoint\",\"urlTemplate\":\"https:\/\/www.gaveanews.com\/?s={search_term_string}\"},\"query-input\":{\"@type\":\"PropertyValueSpecification\",\"valueRequired\":true,\"valueName\":\"search_term_string\"}}],\"inLanguage\":\"pt-BR\"},{\"@type\":\"Person\",\"@id\":\"https:\/\/www.gaveanews.com\/#\/schema\/person\/2ec14f73fb96be2caf28f91afb14749d\",\"name\":\"Equipe G\u00e1vea News\",\"image\":{\"@type\":\"ImageObject\",\"inLanguage\":\"pt-BR\",\"@id\":\"https:\/\/www.gaveanews.com\/#\/schema\/person\/image\/\",\"url\":\"https:\/\/secure.gravatar.com\/avatar\/1e1956f1facbffd3f8fa53a326721950116b3b9dc9bd44939c01180fd4a745a9?s=96&d=mm&r=g\",\"contentUrl\":\"https:\/\/secure.gravatar.com\/avatar\/1e1956f1facbffd3f8fa53a326721950116b3b9dc9bd44939c01180fd4a745a9?s=96&d=mm&r=g\",\"caption\":\"Equipe G\u00e1vea News\"}}]}<\/script>\n<!-- \/ Yoast SEO Premium plugin. -->","yoast_head_json":{"title":"V\u00eddeo: Jogadores do Real Madrid falam sobre o Flamengo","robots":{"index":"index","follow":"follow","max-snippet":"max-snippet:-1","max-image-preview":"max-image-preview:large","max-video-preview":"max-video-preview:-1"},"canonical":"https:\/\/www.gaveanews.com\/index.php\/2022\/11\/02\/video-jogadores-do-real-madrid-falam-sobre-o-flamengo\/","og_locale":"pt_BR","og_type":"article","og_title":"V\u00eddeo: Jogadores do Real Madrid falam sobre o Flamengo","og_description":"O Real Madrid est\u00e1 focado na LaLiga e na Champions League, mas o Mundial de Clubes j\u00e1 \u00e9 comentado pelo clube. Em entrevista ao rep\u00f3rter dos canais Disney Andr\u00e9 Linares, atletas merengues j\u00e1 come\u00e7aram a fazer proje\u00e7\u00f5es para um potencial duelo contra o Flamengo. Goleiro titular da equipe, Courtois relembrou a parceria que teve com [&hellip;]","og_url":"https:\/\/www.gaveanews.com\/index.php\/2022\/11\/02\/video-jogadores-do-real-madrid-falam-sobre-o-flamengo\/","og_site_name":"G\u00e1vea News","article_publisher":"https:\/\/facebook.com\/gaveaNews\/","article_published_time":"2022-11-02T17:20:06+00:00","article_modified_time":"2022-11-02T17:20:09+00:00","og_image":[{"url":"https:\/\/www.gaveanews.com\/wp-content\/uploads\/2019\/03\/Taca-do-Mundial-de-Clubes.webp","width":1,"height":1,"type":"image\/jpeg"}],"author":"Equipe G\u00e1vea News","twitter_card":"summary_large_image","twitter_misc":{"Escrito por":"Equipe G\u00e1vea News","Est. tempo de leitura":"2 minutos"},"schema":{"@context":"https:\/\/schema.org","@graph":[{"@type":"NewsArticle","@id":"https:\/\/www.gaveanews.com\/index.php\/2022\/11\/02\/video-jogadores-do-real-madrid-falam-sobre-o-flamengo\/#article","isPartOf":{"@id":"https:\/\/www.gaveanews.com\/index.php\/2022\/11\/02\/video-jogadores-do-real-madrid-falam-sobre-o-flamengo\/"},"author":{"name":"Equipe G\u00e1vea News","@id":"https:\/\/www.gaveanews.com\/#\/schema\/person\/2ec14f73fb96be2caf28f91afb14749d"},"headline":"V\u00eddeo: Jogadores do Real Madrid falam sobre o Flamengo","datePublished":"2022-11-02T17:20:06+00:00","dateModified":"2022-11-02T17:20:09+00:00","mainEntityOfPage":{"@id":"https:\/\/www.gaveanews.com\/index.php\/2022\/11\/02\/video-jogadores-do-real-madrid-falam-sobre-o-flamengo\/"},"wordCount":367,"commentCount":0,"image":{"@id":"https:\/\/www.gaveanews.com\/index.php\/2022\/11\/02\/video-jogadores-do-real-madrid-falam-sobre-o-flamengo\/#primaryimage"},"thumbnailUrl":"https:\/\/www.gaveanews.com\/wp-content\/uploads\/2019\/03\/Taca-do-Mundial-de-Clubes.webp","articleSection":["V\u00eddeos"],"inLanguage":"pt-BR","potentialAction":[{"@type":"CommentAction","name":"Comment","target":["https:\/\/www.gaveanews.com\/index.php\/2022\/11\/02\/video-jogadores-do-real-madrid-falam-sobre-o-flamengo\/#respond"]}],"copyrightYear":"2022","copyrightHolder":{"@id":"https:\/\/www.gaveanews.com\/#organization"}},{"@type":"WebPage","@id":"https:\/\/www.gaveanews.com\/index.php\/2022\/11\/02\/video-jogadores-do-real-madrid-falam-sobre-o-flamengo\/","url":"https:\/\/www.gaveanews.com\/index.php\/2022\/11\/02\/video-jogadores-do-real-madrid-falam-sobre-o-flamengo\/","name":"V\u00eddeo: Jogadores do Real Madrid falam sobre o Flamengo","isPartOf":{"@id":"https:\/\/www.gaveanews.com\/#website"},"primaryImageOfPage":{"@id":"https:\/\/www.gaveanews.com\/index.php\/2022\/11\/02\/video-jogadores-do-real-madrid-falam-sobre-o-flamengo\/#primaryimage"},"image":{"@id":"https:\/\/www.gaveanews.com\/index.php\/2022\/11\/02\/video-jogadores-do-real-madrid-falam-sobre-o-flamengo\/#primaryimage"},"thumbnailUrl":"https:\/\/www.gaveanews.com\/wp-content\/uploads\/2019\/03\/Taca-do-Mundial-de-Clubes.webp","datePublished":"2022-11-02T17:20:06+00:00","dateModified":"2022-11-02T17:20:09+00:00","author":{"@id":"https:\/\/www.gaveanews.com\/#\/schema\/person\/2ec14f73fb96be2caf28f91afb14749d"},"breadcrumb":{"@id":"https:\/\/www.gaveanews.com\/index.php\/2022\/11\/02\/video-jogadores-do-real-madrid-falam-sobre-o-flamengo\/#breadcrumb"},"inLanguage":"pt-BR","potentialAction":[{"@type":"ReadAction","target":["https:\/\/www.gaveanews.com\/index.php\/2022\/11\/02\/video-jogadores-do-real-madrid-falam-sobre-o-flamengo\/"]}]},{"@type":"ImageObject","inLanguage":"pt-BR","@id":"https:\/\/www.gaveanews.com\/index.php\/2022\/11\/02\/video-jogadores-do-real-madrid-falam-sobre-o-flamengo\/#primaryimage","url":"https:\/\/www.gaveanews.com\/wp-content\/uploads\/2019\/03\/Taca-do-Mundial-de-Clubes.webp","contentUrl":"https:\/\/www.gaveanews.com\/wp-content\/uploads\/2019\/03\/Taca-do-Mundial-de-Clubes.webp","width":900,"height":600,"caption":"Ta\u00e7a do Mundial de Clubes (Foto: Matthew Ashton\/Getty Images)"},{"@type":"BreadcrumbList","@id":"https:\/\/www.gaveanews.com\/index.php\/2022\/11\/02\/video-jogadores-do-real-madrid-falam-sobre-o-flamengo\/#breadcrumb","itemListElement":[{"@type":"ListItem","position":1,"name":"Home","item":"https:\/\/www.gaveanews.com\/"},{"@type":"ListItem","position":2,"name":"V\u00eddeo: Jogadores do Real Madrid falam sobre o Flamengo"}]},{"@type":"WebSite","@id":"https:\/\/www.gaveanews.com\/#website","url":"https:\/\/www.gaveanews.com\/","name":"G\u00e1vea News","description":"Veja todas as not\u00edcias sobre o Flamengo: Contrata\u00e7\u00f5es, categorias de base, resultados das partidas, tabela de classifica\u00e7\u00e3o, pr\u00f3ximos jogos!","potentialAction":[{"@type":"SearchAction","target":{"@type":"EntryPoint","urlTemplate":"https:\/\/www.gaveanews.com\/?s={search_term_string}"},"query-input":{"@type":"PropertyValueSpecification","valueRequired":true,"valueName":"search_term_string"}}],"inLanguage":"pt-BR"},{"@type":"Person","@id":"https:\/\/www.gaveanews.com\/#\/schema\/person\/2ec14f73fb96be2caf28f91afb14749d","name":"Equipe G\u00e1vea News","image":{"@type":"ImageObject","inLanguage":"pt-BR","@id":"https:\/\/www.gaveanews.com\/#\/schema\/person\/image\/","url":"https:\/\/secure.gravatar.com\/avatar\/1e1956f1facbffd3f8fa53a326721950116b3b9dc9bd44939c01180fd4a745a9?s=96&d=mm&r=g","contentUrl":"https:\/\/secure.gravatar.com\/avatar\/1e1956f1facbffd3f8fa53a326721950116b3b9dc9bd44939c01180fd4a745a9?s=96&d=mm&r=g","caption":"Equipe G\u00e1vea News"}}]}},"_links":{"self":[{"href":"https:\/\/www.gaveanews.com\/index.php\/wp-json\/wp\/v2\/posts\/90017","targetHints":{"allow":["GET"]}}],"collection":[{"href":"https:\/\/www.gaveanews.com\/index.php\/wp-json\/wp\/v2\/posts"}],"about":[{"href":"https:\/\/www.gaveanews.com\/index.php\/wp-json\/wp\/v2\/types\/post"}],"author":[{"embeddable":true,"href":"https:\/\/www.gaveanews.com\/index.php\/wp-json\/wp\/v2\/users\/1"}],"replies":[{"embeddable":true,"href":"https:\/\/www.gaveanews.com\/index.php\/wp-json\/wp\/v2\/comments?post=90017"}],"version-history":[{"count":0,"href":"https:\/\/www.gaveanews.com\/index.php\/wp-json\/wp\/v2\/posts\/90017\/revisions"}],"wp:featuredmedia":[{"embeddable":true,"href":"https:\/\/www.gaveanews.com\/index.php\/wp-json\/wp\/v2\/media\/16221"}],"wp:attachment":[{"href":"https:\/\/www.gaveanews.com\/index.php\/wp-json\/wp\/v2\/media?parent=90017"}],"wp:term":[{"taxonomy":"category","embeddable":true,"href":"https:\/\/www.gaveanews.com\/index.php\/wp-json\/wp\/v2\/categories?post=90017"},{"taxonomy":"post_tag","embeddable":true,"href":"https:\/\/www.gaveanews.com\/index.php\/wp-json\/wp\/v2\/tags?post=90017"}],"curies":[{"name":"wp","href":"https:\/\/api.w.org\/{rel}","templated":true}]}}