{"id":90037,"date":"2022-11-02T23:27:23","date_gmt":"2022-11-03T02:27:23","guid":{"rendered":"https:\/\/www.gaveanews.com\/?p=90037"},"modified":"2022-11-02T23:27:26","modified_gmt":"2022-11-03T02:27:26","slug":"torcida-do-flamengo-faz-a-festa-no-maracana-e-pede-o-mundo-de-novo","status":"publish","type":"post","link":"https:\/\/www.gaveanews.com\/index.php\/2022\/11\/02\/torcida-do-flamengo-faz-a-festa-no-maracana-e-pede-o-mundo-de-novo\/","title":{"rendered":"Torcida do Flamengo faz a festa no Maracan\u00e3 e pede o mundo de novo"},"content":{"rendered":"\n<p>No reencontro com a sua torcida no Maracan\u00e3 ap\u00f3s o tricampeonato da Libertadores, o Flamengo exibiu n\u00e3o s\u00f3 as ta\u00e7as das Copas, mas um bom futebol com a equipe alternativa do Brasileiro. Tanto que, ap\u00f3s o t\u00edtulo confirmado para o Palmeiras, o time de Dorival J\u00fanior perdeu para o Corinthians na busca pela segunda posi\u00e7\u00e3o na tabela, mas ainda assim foi exaltado pelas arquibancadas, com mais de 60 mil rubro-negros anestesiados pelas conquistas recentes, e pedindo o mundo de novo.<\/p>\n\n\n\n<p>O time paulista abriu o placar com Du Queiroz, os cariocas reagiram ainda no primeiro tempo com Matheus Fran\u00e7a, em uma linda cavadinha, mas sofreram o gol de Yuri Alberto na segunda etapa, quando estiveram mais perto da virada ap\u00f3s a entrada de \u00c9verton Ribeiro. O Flamengo criou mais, mas pecou nas finaliza\u00e7\u00f5es. At\u00e9 o fim do campeonato, os compromissos s\u00e3o contra Coritiba e Juventude fora de casa, e Ava\u00ed no Rio. O clube ainda pretende marcar uma comemora\u00e7\u00e3o nas ruas da cidade para a torcida fazer a festa com os jogadores. Ou no Centro, ou na orla.<\/p>\n\n\n\n<p>O clima de revanche para o Corinthians pela derrota na final da Copa do Brasil n\u00e3o chegou a ser comprado pelo Flamengo, que n\u00e3o relacionou Gabigol, Pedro, Arrascaeta, Santos e L\u00e9o Pereira nem no banco de reservas. Os titulares e demais que ficaram fora de a\u00e7\u00e3o foram a campo para fazer festa com a torcida na posse das duas ta\u00e7as conquistadas recentemente.<\/p>\n\n\n\n<p>Em campo, Dorival apostou na forma\u00e7\u00e3o que tem apresentado no Brasileiro um futebol de menos posse de bola e mais velocidade. Com Cebolinha em \u00f3tima forma, apoiado por Ayrton Lucas, o Flamengo criou bem pelo lado esquerdo, antes mesmo do gol no segundo tempo. Acabou levando primeiro. Ap\u00f3s boas interven\u00e7\u00f5es de Hugo em arremates do Corinthians, foi tamb\u00e9m pelo lado esquerdo que o time paulista criou dificuldades para Matheuzinho e achou espa\u00e7os para o passe para Du Queiroz abrir o placar.<\/p>\n\n\n\n<p>O Flamengo voltou para a etapa final com mais vontade e logo empatou. Matheus Fran\u00e7a recebeu belo passe de Cebolinha e tocou com categoria por cima do goleiro. A presen\u00e7a de Ribeiro em campo deu nova din\u00e2mica e aproximou o Flamengo da virada. Ao notar a press\u00e3o, o Corinthians recuou para jogar no contra-ataque. Deu certo. Com uma boa sa\u00edda em velocidade, Yuri Alberto apareceu entre os zagueiros na entrada da \u00e1rea e venceu Hugo, que saiu para abafar ap\u00f3s falha de Fabr\u00edcio Bruno na marca\u00e7\u00e3o.<\/p>\n\n\n\n<p>Depois de lan\u00e7ar Jo\u00e3o Gomes, Dorival mandou a campo Matheus Gon\u00e7alves e Mateus\u00e3o para tentar o empate nos minutos finais. Sa\u00edram Pulgar, que fez \u00f3tima partida, Marinho e Cebolinha. Apesar da empolga\u00e7\u00e3o da torcida, n\u00e3o foi poss\u00edvel empatar. Nada que apagasse o brilho da festa.<\/p>\n\n\n\n<p>Retirado de: O Globo<\/p>\n","protected":false},"excerpt":{"rendered":"<p>No reencontro com a sua torcida no Maracan\u00e3 ap\u00f3s o tricampeonato da Libertadores, o Flamengo exibiu n\u00e3o s\u00f3 as ta\u00e7as das Copas, mas um bom futebol com a equipe alternativa do Brasileiro. Tanto que, ap\u00f3s o t\u00edtulo confirmado para o Palmeiras, o time de Dorival J\u00fanior perdeu para o Corinthians na busca pela segunda posi\u00e7\u00e3o [&hellip;]<\/p>\n","protected":false},"author":1,"featured_media":89087,"comment_status":"open","ping_status":"closed","sticky":false,"template":"","format":"standard","meta":{"footnotes":""},"categories":[1],"tags":[],"class_list":["post-90037","post","type-post","status-publish","format-standard","has-post-thumbnail","hentry","category-flamengo"],"yoast_head":"<!-- This site is optimized with the Yoast SEO Premium plugin v24.2 (Yoast SEO v26.9) - https:\/\/yoast.com\/product\/yoast-seo-premium-wordpress\/ -->\n<title>Torcida do Flamengo faz a festa no Maracan\u00e3 e pede o mundo de novo<\/title>\n<meta name=\"robots\" content=\"index, follow, max-snippet:-1, max-image-preview:large, max-video-preview:-1\" \/>\n<link rel=\"canonical\" href=\"https:\/\/www.gaveanews.com\/index.php\/2022\/11\/02\/torcida-do-flamengo-faz-a-festa-no-maracana-e-pede-o-mundo-de-novo\/\" \/>\n<meta property=\"og:locale\" content=\"pt_BR\" \/>\n<meta property=\"og:type\" content=\"article\" \/>\n<meta property=\"og:title\" content=\"Torcida do Flamengo faz a festa no Maracan\u00e3 e pede o mundo de novo\" \/>\n<meta property=\"og:description\" content=\"No reencontro com a sua torcida no Maracan\u00e3 ap\u00f3s o tricampeonato da Libertadores, o Flamengo exibiu n\u00e3o s\u00f3 as ta\u00e7as das Copas, mas um bom futebol com a equipe alternativa do Brasileiro. Tanto que, ap\u00f3s o t\u00edtulo confirmado para o Palmeiras, o time de Dorival J\u00fanior perdeu para o Corinthians na busca pela segunda posi\u00e7\u00e3o [&hellip;]\" \/>\n<meta property=\"og:url\" content=\"https:\/\/www.gaveanews.com\/index.php\/2022\/11\/02\/torcida-do-flamengo-faz-a-festa-no-maracana-e-pede-o-mundo-de-novo\/\" \/>\n<meta property=\"og:site_name\" content=\"G\u00e1vea News\" \/>\n<meta property=\"article:publisher\" content=\"https:\/\/facebook.com\/gaveaNews\/\" \/>\n<meta property=\"article:published_time\" content=\"2022-11-03T02:27:23+00:00\" \/>\n<meta property=\"article:modified_time\" content=\"2022-11-03T02:27:26+00:00\" \/>\n<meta property=\"og:image\" content=\"https:\/\/www.gaveanews.com\/wp-content\/uploads\/Torcida-do-Flamengo-faz-show-com-luzes-no-Maracana.webp\" \/>\n\t<meta property=\"og:image:width\" content=\"799\" \/>\n\t<meta property=\"og:image:height\" content=\"533\" \/>\n\t<meta property=\"og:image:type\" content=\"image\/jpeg\" \/>\n<meta name=\"author\" content=\"Equipe G\u00e1vea News\" \/>\n<meta name=\"twitter:card\" content=\"summary_large_image\" \/>\n<meta name=\"twitter:label1\" content=\"Escrito por\" \/>\n\t<meta name=\"twitter:data1\" content=\"Equipe G\u00e1vea News\" \/>\n\t<meta name=\"twitter:label2\" content=\"Est. tempo de leitura\" \/>\n\t<meta name=\"twitter:data2\" content=\"3 minutos\" \/>\n<script type=\"application\/ld+json\" class=\"yoast-schema-graph\">{\"@context\":\"https:\/\/schema.org\",\"@graph\":[{\"@type\":\"NewsArticle\",\"@id\":\"https:\/\/www.gaveanews.com\/index.php\/2022\/11\/02\/torcida-do-flamengo-faz-a-festa-no-maracana-e-pede-o-mundo-de-novo\/#article\",\"isPartOf\":{\"@id\":\"https:\/\/www.gaveanews.com\/index.php\/2022\/11\/02\/torcida-do-flamengo-faz-a-festa-no-maracana-e-pede-o-mundo-de-novo\/\"},\"author\":{\"name\":\"Equipe G\u00e1vea News\",\"@id\":\"https:\/\/www.gaveanews.com\/#\/schema\/person\/2ec14f73fb96be2caf28f91afb14749d\"},\"headline\":\"Torcida do Flamengo faz a festa no Maracan\u00e3 e pede o mundo de novo\",\"datePublished\":\"2022-11-03T02:27:23+00:00\",\"dateModified\":\"2022-11-03T02:27:26+00:00\",\"mainEntityOfPage\":{\"@id\":\"https:\/\/www.gaveanews.com\/index.php\/2022\/11\/02\/torcida-do-flamengo-faz-a-festa-no-maracana-e-pede-o-mundo-de-novo\/\"},\"wordCount\":507,\"commentCount\":0,\"image\":{\"@id\":\"https:\/\/www.gaveanews.com\/index.php\/2022\/11\/02\/torcida-do-flamengo-faz-a-festa-no-maracana-e-pede-o-mundo-de-novo\/#primaryimage\"},\"thumbnailUrl\":\"https:\/\/www.gaveanews.com\/wp-content\/uploads\/Torcida-do-Flamengo-faz-show-com-luzes-no-Maracana.webp\",\"articleSection\":[\"Flamengo\"],\"inLanguage\":\"pt-BR\",\"potentialAction\":[{\"@type\":\"CommentAction\",\"name\":\"Comment\",\"target\":[\"https:\/\/www.gaveanews.com\/index.php\/2022\/11\/02\/torcida-do-flamengo-faz-a-festa-no-maracana-e-pede-o-mundo-de-novo\/#respond\"]}],\"copyrightYear\":\"2022\",\"copyrightHolder\":{\"@id\":\"https:\/\/www.gaveanews.com\/#organization\"}},{\"@type\":\"WebPage\",\"@id\":\"https:\/\/www.gaveanews.com\/index.php\/2022\/11\/02\/torcida-do-flamengo-faz-a-festa-no-maracana-e-pede-o-mundo-de-novo\/\",\"url\":\"https:\/\/www.gaveanews.com\/index.php\/2022\/11\/02\/torcida-do-flamengo-faz-a-festa-no-maracana-e-pede-o-mundo-de-novo\/\",\"name\":\"Torcida do Flamengo faz a festa no Maracan\u00e3 e pede o mundo de novo\",\"isPartOf\":{\"@id\":\"https:\/\/www.gaveanews.com\/#website\"},\"primaryImageOfPage\":{\"@id\":\"https:\/\/www.gaveanews.com\/index.php\/2022\/11\/02\/torcida-do-flamengo-faz-a-festa-no-maracana-e-pede-o-mundo-de-novo\/#primaryimage\"},\"image\":{\"@id\":\"https:\/\/www.gaveanews.com\/index.php\/2022\/11\/02\/torcida-do-flamengo-faz-a-festa-no-maracana-e-pede-o-mundo-de-novo\/#primaryimage\"},\"thumbnailUrl\":\"https:\/\/www.gaveanews.com\/wp-content\/uploads\/Torcida-do-Flamengo-faz-show-com-luzes-no-Maracana.webp\",\"datePublished\":\"2022-11-03T02:27:23+00:00\",\"dateModified\":\"2022-11-03T02:27:26+00:00\",\"author\":{\"@id\":\"https:\/\/www.gaveanews.com\/#\/schema\/person\/2ec14f73fb96be2caf28f91afb14749d\"},\"breadcrumb\":{\"@id\":\"https:\/\/www.gaveanews.com\/index.php\/2022\/11\/02\/torcida-do-flamengo-faz-a-festa-no-maracana-e-pede-o-mundo-de-novo\/#breadcrumb\"},\"inLanguage\":\"pt-BR\",\"potentialAction\":[{\"@type\":\"ReadAction\",\"target\":[\"https:\/\/www.gaveanews.com\/index.php\/2022\/11\/02\/torcida-do-flamengo-faz-a-festa-no-maracana-e-pede-o-mundo-de-novo\/\"]}]},{\"@type\":\"ImageObject\",\"inLanguage\":\"pt-BR\",\"@id\":\"https:\/\/www.gaveanews.com\/index.php\/2022\/11\/02\/torcida-do-flamengo-faz-a-festa-no-maracana-e-pede-o-mundo-de-novo\/#primaryimage\",\"url\":\"https:\/\/www.gaveanews.com\/wp-content\/uploads\/Torcida-do-Flamengo-faz-show-com-luzes-no-Maracana.webp\",\"contentUrl\":\"https:\/\/www.gaveanews.com\/wp-content\/uploads\/Torcida-do-Flamengo-faz-show-com-luzes-no-Maracana.webp\",\"width\":799,\"height\":533,\"caption\":\"Torcida do Flamengo faz show com luzes no Maracan\u00e3 (Foto: Gilvan de Souza\/Flamengo)\"},{\"@type\":\"BreadcrumbList\",\"@id\":\"https:\/\/www.gaveanews.com\/index.php\/2022\/11\/02\/torcida-do-flamengo-faz-a-festa-no-maracana-e-pede-o-mundo-de-novo\/#breadcrumb\",\"itemListElement\":[{\"@type\":\"ListItem\",\"position\":1,\"name\":\"Home\",\"item\":\"https:\/\/www.gaveanews.com\/\"},{\"@type\":\"ListItem\",\"position\":2,\"name\":\"Torcida do Flamengo faz a festa no Maracan\u00e3 e pede o mundo de novo\"}]},{\"@type\":\"WebSite\",\"@id\":\"https:\/\/www.gaveanews.com\/#website\",\"url\":\"https:\/\/www.gaveanews.com\/\",\"name\":\"G\u00e1vea News\",\"description\":\"Veja todas as not\u00edcias sobre o Flamengo: Contrata\u00e7\u00f5es, categorias de base, resultados das partidas, tabela de classifica\u00e7\u00e3o, pr\u00f3ximos jogos!\",\"potentialAction\":[{\"@type\":\"SearchAction\",\"target\":{\"@type\":\"EntryPoint\",\"urlTemplate\":\"https:\/\/www.gaveanews.com\/?s={search_term_string}\"},\"query-input\":{\"@type\":\"PropertyValueSpecification\",\"valueRequired\":true,\"valueName\":\"search_term_string\"}}],\"inLanguage\":\"pt-BR\"},{\"@type\":\"Person\",\"@id\":\"https:\/\/www.gaveanews.com\/#\/schema\/person\/2ec14f73fb96be2caf28f91afb14749d\",\"name\":\"Equipe G\u00e1vea News\",\"image\":{\"@type\":\"ImageObject\",\"inLanguage\":\"pt-BR\",\"@id\":\"https:\/\/www.gaveanews.com\/#\/schema\/person\/image\/\",\"url\":\"https:\/\/secure.gravatar.com\/avatar\/1e1956f1facbffd3f8fa53a326721950116b3b9dc9bd44939c01180fd4a745a9?s=96&d=mm&r=g\",\"contentUrl\":\"https:\/\/secure.gravatar.com\/avatar\/1e1956f1facbffd3f8fa53a326721950116b3b9dc9bd44939c01180fd4a745a9?s=96&d=mm&r=g\",\"caption\":\"Equipe G\u00e1vea News\"}}]}<\/script>\n<!-- \/ Yoast SEO Premium plugin. -->","yoast_head_json":{"title":"Torcida do Flamengo faz a festa no Maracan\u00e3 e pede o mundo de novo","robots":{"index":"index","follow":"follow","max-snippet":"max-snippet:-1","max-image-preview":"max-image-preview:large","max-video-preview":"max-video-preview:-1"},"canonical":"https:\/\/www.gaveanews.com\/index.php\/2022\/11\/02\/torcida-do-flamengo-faz-a-festa-no-maracana-e-pede-o-mundo-de-novo\/","og_locale":"pt_BR","og_type":"article","og_title":"Torcida do Flamengo faz a festa no Maracan\u00e3 e pede o mundo de novo","og_description":"No reencontro com a sua torcida no Maracan\u00e3 ap\u00f3s o tricampeonato da Libertadores, o Flamengo exibiu n\u00e3o s\u00f3 as ta\u00e7as das Copas, mas um bom futebol com a equipe alternativa do Brasileiro. Tanto que, ap\u00f3s o t\u00edtulo confirmado para o Palmeiras, o time de Dorival J\u00fanior perdeu para o Corinthians na busca pela segunda posi\u00e7\u00e3o [&hellip;]","og_url":"https:\/\/www.gaveanews.com\/index.php\/2022\/11\/02\/torcida-do-flamengo-faz-a-festa-no-maracana-e-pede-o-mundo-de-novo\/","og_site_name":"G\u00e1vea News","article_publisher":"https:\/\/facebook.com\/gaveaNews\/","article_published_time":"2022-11-03T02:27:23+00:00","article_modified_time":"2022-11-03T02:27:26+00:00","og_image":[{"width":799,"height":533,"url":"https:\/\/www.gaveanews.com\/wp-content\/uploads\/Torcida-do-Flamengo-faz-show-com-luzes-no-Maracana.webp","type":"image\/jpeg"}],"author":"Equipe G\u00e1vea News","twitter_card":"summary_large_image","twitter_misc":{"Escrito por":"Equipe G\u00e1vea News","Est. tempo de leitura":"3 minutos"},"schema":{"@context":"https:\/\/schema.org","@graph":[{"@type":"NewsArticle","@id":"https:\/\/www.gaveanews.com\/index.php\/2022\/11\/02\/torcida-do-flamengo-faz-a-festa-no-maracana-e-pede-o-mundo-de-novo\/#article","isPartOf":{"@id":"https:\/\/www.gaveanews.com\/index.php\/2022\/11\/02\/torcida-do-flamengo-faz-a-festa-no-maracana-e-pede-o-mundo-de-novo\/"},"author":{"name":"Equipe G\u00e1vea News","@id":"https:\/\/www.gaveanews.com\/#\/schema\/person\/2ec14f73fb96be2caf28f91afb14749d"},"headline":"Torcida do Flamengo faz a festa no Maracan\u00e3 e pede o mundo de novo","datePublished":"2022-11-03T02:27:23+00:00","dateModified":"2022-11-03T02:27:26+00:00","mainEntityOfPage":{"@id":"https:\/\/www.gaveanews.com\/index.php\/2022\/11\/02\/torcida-do-flamengo-faz-a-festa-no-maracana-e-pede-o-mundo-de-novo\/"},"wordCount":507,"commentCount":0,"image":{"@id":"https:\/\/www.gaveanews.com\/index.php\/2022\/11\/02\/torcida-do-flamengo-faz-a-festa-no-maracana-e-pede-o-mundo-de-novo\/#primaryimage"},"thumbnailUrl":"https:\/\/www.gaveanews.com\/wp-content\/uploads\/Torcida-do-Flamengo-faz-show-com-luzes-no-Maracana.webp","articleSection":["Flamengo"],"inLanguage":"pt-BR","potentialAction":[{"@type":"CommentAction","name":"Comment","target":["https:\/\/www.gaveanews.com\/index.php\/2022\/11\/02\/torcida-do-flamengo-faz-a-festa-no-maracana-e-pede-o-mundo-de-novo\/#respond"]}],"copyrightYear":"2022","copyrightHolder":{"@id":"https:\/\/www.gaveanews.com\/#organization"}},{"@type":"WebPage","@id":"https:\/\/www.gaveanews.com\/index.php\/2022\/11\/02\/torcida-do-flamengo-faz-a-festa-no-maracana-e-pede-o-mundo-de-novo\/","url":"https:\/\/www.gaveanews.com\/index.php\/2022\/11\/02\/torcida-do-flamengo-faz-a-festa-no-maracana-e-pede-o-mundo-de-novo\/","name":"Torcida do Flamengo faz a festa no Maracan\u00e3 e pede o mundo de novo","isPartOf":{"@id":"https:\/\/www.gaveanews.com\/#website"},"primaryImageOfPage":{"@id":"https:\/\/www.gaveanews.com\/index.php\/2022\/11\/02\/torcida-do-flamengo-faz-a-festa-no-maracana-e-pede-o-mundo-de-novo\/#primaryimage"},"image":{"@id":"https:\/\/www.gaveanews.com\/index.php\/2022\/11\/02\/torcida-do-flamengo-faz-a-festa-no-maracana-e-pede-o-mundo-de-novo\/#primaryimage"},"thumbnailUrl":"https:\/\/www.gaveanews.com\/wp-content\/uploads\/Torcida-do-Flamengo-faz-show-com-luzes-no-Maracana.webp","datePublished":"2022-11-03T02:27:23+00:00","dateModified":"2022-11-03T02:27:26+00:00","author":{"@id":"https:\/\/www.gaveanews.com\/#\/schema\/person\/2ec14f73fb96be2caf28f91afb14749d"},"breadcrumb":{"@id":"https:\/\/www.gaveanews.com\/index.php\/2022\/11\/02\/torcida-do-flamengo-faz-a-festa-no-maracana-e-pede-o-mundo-de-novo\/#breadcrumb"},"inLanguage":"pt-BR","potentialAction":[{"@type":"ReadAction","target":["https:\/\/www.gaveanews.com\/index.php\/2022\/11\/02\/torcida-do-flamengo-faz-a-festa-no-maracana-e-pede-o-mundo-de-novo\/"]}]},{"@type":"ImageObject","inLanguage":"pt-BR","@id":"https:\/\/www.gaveanews.com\/index.php\/2022\/11\/02\/torcida-do-flamengo-faz-a-festa-no-maracana-e-pede-o-mundo-de-novo\/#primaryimage","url":"https:\/\/www.gaveanews.com\/wp-content\/uploads\/Torcida-do-Flamengo-faz-show-com-luzes-no-Maracana.webp","contentUrl":"https:\/\/www.gaveanews.com\/wp-content\/uploads\/Torcida-do-Flamengo-faz-show-com-luzes-no-Maracana.webp","width":799,"height":533,"caption":"Torcida do Flamengo faz show com luzes no Maracan\u00e3 (Foto: Gilvan de Souza\/Flamengo)"},{"@type":"BreadcrumbList","@id":"https:\/\/www.gaveanews.com\/index.php\/2022\/11\/02\/torcida-do-flamengo-faz-a-festa-no-maracana-e-pede-o-mundo-de-novo\/#breadcrumb","itemListElement":[{"@type":"ListItem","position":1,"name":"Home","item":"https:\/\/www.gaveanews.com\/"},{"@type":"ListItem","position":2,"name":"Torcida do Flamengo faz a festa no Maracan\u00e3 e pede o mundo de novo"}]},{"@type":"WebSite","@id":"https:\/\/www.gaveanews.com\/#website","url":"https:\/\/www.gaveanews.com\/","name":"G\u00e1vea News","description":"Veja todas as not\u00edcias sobre o Flamengo: Contrata\u00e7\u00f5es, categorias de base, resultados das partidas, tabela de classifica\u00e7\u00e3o, pr\u00f3ximos jogos!","potentialAction":[{"@type":"SearchAction","target":{"@type":"EntryPoint","urlTemplate":"https:\/\/www.gaveanews.com\/?s={search_term_string}"},"query-input":{"@type":"PropertyValueSpecification","valueRequired":true,"valueName":"search_term_string"}}],"inLanguage":"pt-BR"},{"@type":"Person","@id":"https:\/\/www.gaveanews.com\/#\/schema\/person\/2ec14f73fb96be2caf28f91afb14749d","name":"Equipe G\u00e1vea News","image":{"@type":"ImageObject","inLanguage":"pt-BR","@id":"https:\/\/www.gaveanews.com\/#\/schema\/person\/image\/","url":"https:\/\/secure.gravatar.com\/avatar\/1e1956f1facbffd3f8fa53a326721950116b3b9dc9bd44939c01180fd4a745a9?s=96&d=mm&r=g","contentUrl":"https:\/\/secure.gravatar.com\/avatar\/1e1956f1facbffd3f8fa53a326721950116b3b9dc9bd44939c01180fd4a745a9?s=96&d=mm&r=g","caption":"Equipe G\u00e1vea News"}}]}},"_links":{"self":[{"href":"https:\/\/www.gaveanews.com\/index.php\/wp-json\/wp\/v2\/posts\/90037","targetHints":{"allow":["GET"]}}],"collection":[{"href":"https:\/\/www.gaveanews.com\/index.php\/wp-json\/wp\/v2\/posts"}],"about":[{"href":"https:\/\/www.gaveanews.com\/index.php\/wp-json\/wp\/v2\/types\/post"}],"author":[{"embeddable":true,"href":"https:\/\/www.gaveanews.com\/index.php\/wp-json\/wp\/v2\/users\/1"}],"replies":[{"embeddable":true,"href":"https:\/\/www.gaveanews.com\/index.php\/wp-json\/wp\/v2\/comments?post=90037"}],"version-history":[{"count":0,"href":"https:\/\/www.gaveanews.com\/index.php\/wp-json\/wp\/v2\/posts\/90037\/revisions"}],"wp:featuredmedia":[{"embeddable":true,"href":"https:\/\/www.gaveanews.com\/index.php\/wp-json\/wp\/v2\/media\/89087"}],"wp:attachment":[{"href":"https:\/\/www.gaveanews.com\/index.php\/wp-json\/wp\/v2\/media?parent=90037"}],"wp:term":[{"taxonomy":"category","embeddable":true,"href":"https:\/\/www.gaveanews.com\/index.php\/wp-json\/wp\/v2\/categories?post=90037"},{"taxonomy":"post_tag","embeddable":true,"href":"https:\/\/www.gaveanews.com\/index.php\/wp-json\/wp\/v2\/tags?post=90037"}],"curies":[{"name":"wp","href":"https:\/\/api.w.org\/{rel}","templated":true}]}}