{"id":90047,"date":"2022-11-03T06:27:03","date_gmt":"2022-11-03T09:27:03","guid":{"rendered":"https:\/\/www.gaveanews.com\/?p=90047"},"modified":"2022-11-03T06:27:06","modified_gmt":"2022-11-03T09:27:06","slug":"torcida-do-flamengo-pede-a-permanencia-de-rodinei-em-2023-assista","status":"publish","type":"post","link":"https:\/\/www.gaveanews.com\/index.php\/2022\/11\/03\/torcida-do-flamengo-pede-a-permanencia-de-rodinei-em-2023-assista\/","title":{"rendered":"Torcida do Flamengo pede a perman\u00eancia de Rodinei em 2023; assista"},"content":{"rendered":"\n<p>O Flamengo perdeu para o Corinthians nesta noite de quarta-feira, por 2 a 1, no Maracan\u00e3, pelo Campeonato Brasileiro. Contudo, a noite foi marcada por festa da torcida Rubro-Negra, que comemorou o t\u00edtulo da Copa do Brasil e da Libertadores com o elenco. Desse modo, n\u00e3o sobrou elogios para os atletas em campo.<\/p>\n\n\n\n<p>Um atleta em espec\u00edfico recebeu grande carinho da Na\u00e7\u00e3o, o lateral Rodinei. O jogador, que j\u00e1 viveu altos e baixos no clube, termina 2022 de bem com a torcida. <\/p>\n\n\n\n<p>Todavia, o contrato com o Flamengo se encerra no final desta temporada e ainda n\u00e3o h\u00e1 um acordo de renova\u00e7\u00e3o. Sendo assim, a torcida pediu em alto e bom tom a perman\u00eancia do atleta. Confira abaixo:<\/p>\n\n\n\n<figure class=\"wp-block-embed is-type-rich is-provider-twitter wp-block-embed-twitter\"><div class=\"wp-block-embed__wrapper\">\n<blockquote class=\"twitter-tweet\" data-width=\"550\" data-dnt=\"true\"><p lang=\"ca\" dir=\"ltr\">Torcida grita: &quot;Fica, Rodinei&quot;. <a href=\"https:\/\/twitter.com\/hashtag\/trmaraca?src=hash&amp;ref_src=twsrc%5Etfw\">#trmaraca<\/a> <a href=\"https:\/\/t.co\/eUy1ZuEs0T\">pic.twitter.com\/eUy1ZuEs0T<\/a><\/p>&mdash; Fred Gomes (@fredgomes1985) <a href=\"https:\/\/twitter.com\/fredgomes1985\/status\/1587990474668777472?ref_src=twsrc%5Etfw\">November 3, 2022<\/a><\/blockquote><script async src=\"https:\/\/platform.twitter.com\/widgets.js\" charset=\"utf-8\"><\/script>\n<\/div><\/figure>\n\n\n\n<p>Retirado de: Di\u00e1rio do Fla<\/p>\n","protected":false},"excerpt":{"rendered":"<p>O Flamengo perdeu para o Corinthians nesta noite de quarta-feira, por 2 a 1, no Maracan\u00e3, pelo Campeonato Brasileiro. Contudo, a noite foi marcada por festa da torcida Rubro-Negra, que comemorou o t\u00edtulo da Copa do Brasil e da Libertadores com o elenco. Desse modo, n\u00e3o sobrou elogios para os atletas em campo. Um atleta [&hellip;]<\/p>\n","protected":false},"author":1,"featured_media":87395,"comment_status":"open","ping_status":"closed","sticky":false,"template":"","format":"standard","meta":{"footnotes":""},"categories":[40],"tags":[],"class_list":["post-90047","post","type-post","status-publish","format-standard","has-post-thumbnail","hentry","category-video"],"yoast_head":"<!-- This site is optimized with the Yoast SEO Premium plugin v24.2 (Yoast SEO v26.9) - https:\/\/yoast.com\/product\/yoast-seo-premium-wordpress\/ -->\n<title>Torcida do Flamengo pede a perman\u00eancia de Rodinei em 2023; assista<\/title>\n<meta name=\"robots\" content=\"index, follow, max-snippet:-1, max-image-preview:large, max-video-preview:-1\" \/>\n<link rel=\"canonical\" href=\"https:\/\/www.gaveanews.com\/index.php\/2022\/11\/03\/torcida-do-flamengo-pede-a-permanencia-de-rodinei-em-2023-assista\/\" \/>\n<meta property=\"og:locale\" content=\"pt_BR\" \/>\n<meta property=\"og:type\" content=\"article\" \/>\n<meta property=\"og:title\" content=\"Torcida do Flamengo pede a perman\u00eancia de Rodinei em 2023; assista\" \/>\n<meta property=\"og:description\" content=\"O Flamengo perdeu para o Corinthians nesta noite de quarta-feira, por 2 a 1, no Maracan\u00e3, pelo Campeonato Brasileiro. Contudo, a noite foi marcada por festa da torcida Rubro-Negra, que comemorou o t\u00edtulo da Copa do Brasil e da Libertadores com o elenco. Desse modo, n\u00e3o sobrou elogios para os atletas em campo. Um atleta [&hellip;]\" \/>\n<meta property=\"og:url\" content=\"https:\/\/www.gaveanews.com\/index.php\/2022\/11\/03\/torcida-do-flamengo-pede-a-permanencia-de-rodinei-em-2023-assista\/\" \/>\n<meta property=\"og:site_name\" content=\"G\u00e1vea News\" \/>\n<meta property=\"article:publisher\" content=\"https:\/\/facebook.com\/gaveaNews\/\" \/>\n<meta property=\"article:published_time\" content=\"2022-11-03T09:27:03+00:00\" \/>\n<meta property=\"article:modified_time\" content=\"2022-11-03T09:27:06+00:00\" \/>\n<meta property=\"og:image\" content=\"https:\/\/www.gaveanews.com\/wp-content\/uploads\/Rodinei-em-acao-pelo-Flamengo-durante-a-partida-contra-o-Sao-Paulo-pela-Copa-do-Brasil-de-2022.webp\" \/>\n\t<meta property=\"og:image:width\" content=\"799\" \/>\n\t<meta property=\"og:image:height\" content=\"533\" \/>\n\t<meta property=\"og:image:type\" content=\"image\/jpeg\" \/>\n<meta name=\"author\" content=\"Equipe G\u00e1vea News\" \/>\n<meta name=\"twitter:card\" content=\"summary_large_image\" \/>\n<meta name=\"twitter:label1\" content=\"Escrito por\" \/>\n\t<meta name=\"twitter:data1\" content=\"Equipe G\u00e1vea News\" \/>\n\t<meta name=\"twitter:label2\" content=\"Est. tempo de leitura\" \/>\n\t<meta name=\"twitter:data2\" content=\"1 minuto\" \/>\n<script type=\"application\/ld+json\" class=\"yoast-schema-graph\">{\"@context\":\"https:\/\/schema.org\",\"@graph\":[{\"@type\":\"NewsArticle\",\"@id\":\"https:\/\/www.gaveanews.com\/index.php\/2022\/11\/03\/torcida-do-flamengo-pede-a-permanencia-de-rodinei-em-2023-assista\/#article\",\"isPartOf\":{\"@id\":\"https:\/\/www.gaveanews.com\/index.php\/2022\/11\/03\/torcida-do-flamengo-pede-a-permanencia-de-rodinei-em-2023-assista\/\"},\"author\":{\"name\":\"Equipe G\u00e1vea News\",\"@id\":\"https:\/\/www.gaveanews.com\/#\/schema\/person\/2ec14f73fb96be2caf28f91afb14749d\"},\"headline\":\"Torcida do Flamengo pede a perman\u00eancia de Rodinei em 2023; assista\",\"datePublished\":\"2022-11-03T09:27:03+00:00\",\"dateModified\":\"2022-11-03T09:27:06+00:00\",\"mainEntityOfPage\":{\"@id\":\"https:\/\/www.gaveanews.com\/index.php\/2022\/11\/03\/torcida-do-flamengo-pede-a-permanencia-de-rodinei-em-2023-assista\/\"},\"wordCount\":144,\"commentCount\":0,\"image\":{\"@id\":\"https:\/\/www.gaveanews.com\/index.php\/2022\/11\/03\/torcida-do-flamengo-pede-a-permanencia-de-rodinei-em-2023-assista\/#primaryimage\"},\"thumbnailUrl\":\"https:\/\/www.gaveanews.com\/wp-content\/uploads\/Rodinei-em-acao-pelo-Flamengo-durante-a-partida-contra-o-Sao-Paulo-pela-Copa-do-Brasil-de-2022.webp\",\"articleSection\":[\"V\u00eddeos\"],\"inLanguage\":\"pt-BR\",\"potentialAction\":[{\"@type\":\"CommentAction\",\"name\":\"Comment\",\"target\":[\"https:\/\/www.gaveanews.com\/index.php\/2022\/11\/03\/torcida-do-flamengo-pede-a-permanencia-de-rodinei-em-2023-assista\/#respond\"]}],\"copyrightYear\":\"2022\",\"copyrightHolder\":{\"@id\":\"https:\/\/www.gaveanews.com\/#organization\"}},{\"@type\":\"WebPage\",\"@id\":\"https:\/\/www.gaveanews.com\/index.php\/2022\/11\/03\/torcida-do-flamengo-pede-a-permanencia-de-rodinei-em-2023-assista\/\",\"url\":\"https:\/\/www.gaveanews.com\/index.php\/2022\/11\/03\/torcida-do-flamengo-pede-a-permanencia-de-rodinei-em-2023-assista\/\",\"name\":\"Torcida do Flamengo pede a perman\u00eancia de Rodinei em 2023; assista\",\"isPartOf\":{\"@id\":\"https:\/\/www.gaveanews.com\/#website\"},\"primaryImageOfPage\":{\"@id\":\"https:\/\/www.gaveanews.com\/index.php\/2022\/11\/03\/torcida-do-flamengo-pede-a-permanencia-de-rodinei-em-2023-assista\/#primaryimage\"},\"image\":{\"@id\":\"https:\/\/www.gaveanews.com\/index.php\/2022\/11\/03\/torcida-do-flamengo-pede-a-permanencia-de-rodinei-em-2023-assista\/#primaryimage\"},\"thumbnailUrl\":\"https:\/\/www.gaveanews.com\/wp-content\/uploads\/Rodinei-em-acao-pelo-Flamengo-durante-a-partida-contra-o-Sao-Paulo-pela-Copa-do-Brasil-de-2022.webp\",\"datePublished\":\"2022-11-03T09:27:03+00:00\",\"dateModified\":\"2022-11-03T09:27:06+00:00\",\"author\":{\"@id\":\"https:\/\/www.gaveanews.com\/#\/schema\/person\/2ec14f73fb96be2caf28f91afb14749d\"},\"breadcrumb\":{\"@id\":\"https:\/\/www.gaveanews.com\/index.php\/2022\/11\/03\/torcida-do-flamengo-pede-a-permanencia-de-rodinei-em-2023-assista\/#breadcrumb\"},\"inLanguage\":\"pt-BR\",\"potentialAction\":[{\"@type\":\"ReadAction\",\"target\":[\"https:\/\/www.gaveanews.com\/index.php\/2022\/11\/03\/torcida-do-flamengo-pede-a-permanencia-de-rodinei-em-2023-assista\/\"]}]},{\"@type\":\"ImageObject\",\"inLanguage\":\"pt-BR\",\"@id\":\"https:\/\/www.gaveanews.com\/index.php\/2022\/11\/03\/torcida-do-flamengo-pede-a-permanencia-de-rodinei-em-2023-assista\/#primaryimage\",\"url\":\"https:\/\/www.gaveanews.com\/wp-content\/uploads\/Rodinei-em-acao-pelo-Flamengo-durante-a-partida-contra-o-Sao-Paulo-pela-Copa-do-Brasil-de-2022.webp\",\"contentUrl\":\"https:\/\/www.gaveanews.com\/wp-content\/uploads\/Rodinei-em-acao-pelo-Flamengo-durante-a-partida-contra-o-Sao-Paulo-pela-Copa-do-Brasil-de-2022.webp\",\"width\":799,\"height\":533,\"caption\":\"Rodinei em a\u00e7\u00e3o pelo Flamengo durante a partida contra o S\u00e3o Paulo pela Copa do Brasil de 2022 (Foto: Reprodu\u00e7\u00e3o\/Flamengo)\"},{\"@type\":\"BreadcrumbList\",\"@id\":\"https:\/\/www.gaveanews.com\/index.php\/2022\/11\/03\/torcida-do-flamengo-pede-a-permanencia-de-rodinei-em-2023-assista\/#breadcrumb\",\"itemListElement\":[{\"@type\":\"ListItem\",\"position\":1,\"name\":\"Home\",\"item\":\"https:\/\/www.gaveanews.com\/\"},{\"@type\":\"ListItem\",\"position\":2,\"name\":\"Torcida do Flamengo pede a perman\u00eancia de Rodinei em 2023; assista\"}]},{\"@type\":\"WebSite\",\"@id\":\"https:\/\/www.gaveanews.com\/#website\",\"url\":\"https:\/\/www.gaveanews.com\/\",\"name\":\"G\u00e1vea News\",\"description\":\"Veja todas as not\u00edcias sobre o Flamengo: Contrata\u00e7\u00f5es, categorias de base, resultados das partidas, tabela de classifica\u00e7\u00e3o, pr\u00f3ximos jogos!\",\"potentialAction\":[{\"@type\":\"SearchAction\",\"target\":{\"@type\":\"EntryPoint\",\"urlTemplate\":\"https:\/\/www.gaveanews.com\/?s={search_term_string}\"},\"query-input\":{\"@type\":\"PropertyValueSpecification\",\"valueRequired\":true,\"valueName\":\"search_term_string\"}}],\"inLanguage\":\"pt-BR\"},{\"@type\":\"Person\",\"@id\":\"https:\/\/www.gaveanews.com\/#\/schema\/person\/2ec14f73fb96be2caf28f91afb14749d\",\"name\":\"Equipe G\u00e1vea News\",\"image\":{\"@type\":\"ImageObject\",\"inLanguage\":\"pt-BR\",\"@id\":\"https:\/\/www.gaveanews.com\/#\/schema\/person\/image\/\",\"url\":\"https:\/\/secure.gravatar.com\/avatar\/1e1956f1facbffd3f8fa53a326721950116b3b9dc9bd44939c01180fd4a745a9?s=96&d=mm&r=g\",\"contentUrl\":\"https:\/\/secure.gravatar.com\/avatar\/1e1956f1facbffd3f8fa53a326721950116b3b9dc9bd44939c01180fd4a745a9?s=96&d=mm&r=g\",\"caption\":\"Equipe G\u00e1vea News\"}}]}<\/script>\n<!-- \/ Yoast SEO Premium plugin. -->","yoast_head_json":{"title":"Torcida do Flamengo pede a perman\u00eancia de Rodinei em 2023; assista","robots":{"index":"index","follow":"follow","max-snippet":"max-snippet:-1","max-image-preview":"max-image-preview:large","max-video-preview":"max-video-preview:-1"},"canonical":"https:\/\/www.gaveanews.com\/index.php\/2022\/11\/03\/torcida-do-flamengo-pede-a-permanencia-de-rodinei-em-2023-assista\/","og_locale":"pt_BR","og_type":"article","og_title":"Torcida do Flamengo pede a perman\u00eancia de Rodinei em 2023; assista","og_description":"O Flamengo perdeu para o Corinthians nesta noite de quarta-feira, por 2 a 1, no Maracan\u00e3, pelo Campeonato Brasileiro. Contudo, a noite foi marcada por festa da torcida Rubro-Negra, que comemorou o t\u00edtulo da Copa do Brasil e da Libertadores com o elenco. Desse modo, n\u00e3o sobrou elogios para os atletas em campo. Um atleta [&hellip;]","og_url":"https:\/\/www.gaveanews.com\/index.php\/2022\/11\/03\/torcida-do-flamengo-pede-a-permanencia-de-rodinei-em-2023-assista\/","og_site_name":"G\u00e1vea News","article_publisher":"https:\/\/facebook.com\/gaveaNews\/","article_published_time":"2022-11-03T09:27:03+00:00","article_modified_time":"2022-11-03T09:27:06+00:00","og_image":[{"width":799,"height":533,"url":"https:\/\/www.gaveanews.com\/wp-content\/uploads\/Rodinei-em-acao-pelo-Flamengo-durante-a-partida-contra-o-Sao-Paulo-pela-Copa-do-Brasil-de-2022.webp","type":"image\/jpeg"}],"author":"Equipe G\u00e1vea News","twitter_card":"summary_large_image","twitter_misc":{"Escrito por":"Equipe G\u00e1vea News","Est. tempo de leitura":"1 minuto"},"schema":{"@context":"https:\/\/schema.org","@graph":[{"@type":"NewsArticle","@id":"https:\/\/www.gaveanews.com\/index.php\/2022\/11\/03\/torcida-do-flamengo-pede-a-permanencia-de-rodinei-em-2023-assista\/#article","isPartOf":{"@id":"https:\/\/www.gaveanews.com\/index.php\/2022\/11\/03\/torcida-do-flamengo-pede-a-permanencia-de-rodinei-em-2023-assista\/"},"author":{"name":"Equipe G\u00e1vea News","@id":"https:\/\/www.gaveanews.com\/#\/schema\/person\/2ec14f73fb96be2caf28f91afb14749d"},"headline":"Torcida do Flamengo pede a perman\u00eancia de Rodinei em 2023; assista","datePublished":"2022-11-03T09:27:03+00:00","dateModified":"2022-11-03T09:27:06+00:00","mainEntityOfPage":{"@id":"https:\/\/www.gaveanews.com\/index.php\/2022\/11\/03\/torcida-do-flamengo-pede-a-permanencia-de-rodinei-em-2023-assista\/"},"wordCount":144,"commentCount":0,"image":{"@id":"https:\/\/www.gaveanews.com\/index.php\/2022\/11\/03\/torcida-do-flamengo-pede-a-permanencia-de-rodinei-em-2023-assista\/#primaryimage"},"thumbnailUrl":"https:\/\/www.gaveanews.com\/wp-content\/uploads\/Rodinei-em-acao-pelo-Flamengo-durante-a-partida-contra-o-Sao-Paulo-pela-Copa-do-Brasil-de-2022.webp","articleSection":["V\u00eddeos"],"inLanguage":"pt-BR","potentialAction":[{"@type":"CommentAction","name":"Comment","target":["https:\/\/www.gaveanews.com\/index.php\/2022\/11\/03\/torcida-do-flamengo-pede-a-permanencia-de-rodinei-em-2023-assista\/#respond"]}],"copyrightYear":"2022","copyrightHolder":{"@id":"https:\/\/www.gaveanews.com\/#organization"}},{"@type":"WebPage","@id":"https:\/\/www.gaveanews.com\/index.php\/2022\/11\/03\/torcida-do-flamengo-pede-a-permanencia-de-rodinei-em-2023-assista\/","url":"https:\/\/www.gaveanews.com\/index.php\/2022\/11\/03\/torcida-do-flamengo-pede-a-permanencia-de-rodinei-em-2023-assista\/","name":"Torcida do Flamengo pede a perman\u00eancia de Rodinei em 2023; assista","isPartOf":{"@id":"https:\/\/www.gaveanews.com\/#website"},"primaryImageOfPage":{"@id":"https:\/\/www.gaveanews.com\/index.php\/2022\/11\/03\/torcida-do-flamengo-pede-a-permanencia-de-rodinei-em-2023-assista\/#primaryimage"},"image":{"@id":"https:\/\/www.gaveanews.com\/index.php\/2022\/11\/03\/torcida-do-flamengo-pede-a-permanencia-de-rodinei-em-2023-assista\/#primaryimage"},"thumbnailUrl":"https:\/\/www.gaveanews.com\/wp-content\/uploads\/Rodinei-em-acao-pelo-Flamengo-durante-a-partida-contra-o-Sao-Paulo-pela-Copa-do-Brasil-de-2022.webp","datePublished":"2022-11-03T09:27:03+00:00","dateModified":"2022-11-03T09:27:06+00:00","author":{"@id":"https:\/\/www.gaveanews.com\/#\/schema\/person\/2ec14f73fb96be2caf28f91afb14749d"},"breadcrumb":{"@id":"https:\/\/www.gaveanews.com\/index.php\/2022\/11\/03\/torcida-do-flamengo-pede-a-permanencia-de-rodinei-em-2023-assista\/#breadcrumb"},"inLanguage":"pt-BR","potentialAction":[{"@type":"ReadAction","target":["https:\/\/www.gaveanews.com\/index.php\/2022\/11\/03\/torcida-do-flamengo-pede-a-permanencia-de-rodinei-em-2023-assista\/"]}]},{"@type":"ImageObject","inLanguage":"pt-BR","@id":"https:\/\/www.gaveanews.com\/index.php\/2022\/11\/03\/torcida-do-flamengo-pede-a-permanencia-de-rodinei-em-2023-assista\/#primaryimage","url":"https:\/\/www.gaveanews.com\/wp-content\/uploads\/Rodinei-em-acao-pelo-Flamengo-durante-a-partida-contra-o-Sao-Paulo-pela-Copa-do-Brasil-de-2022.webp","contentUrl":"https:\/\/www.gaveanews.com\/wp-content\/uploads\/Rodinei-em-acao-pelo-Flamengo-durante-a-partida-contra-o-Sao-Paulo-pela-Copa-do-Brasil-de-2022.webp","width":799,"height":533,"caption":"Rodinei em a\u00e7\u00e3o pelo Flamengo durante a partida contra o S\u00e3o Paulo pela Copa do Brasil de 2022 (Foto: Reprodu\u00e7\u00e3o\/Flamengo)"},{"@type":"BreadcrumbList","@id":"https:\/\/www.gaveanews.com\/index.php\/2022\/11\/03\/torcida-do-flamengo-pede-a-permanencia-de-rodinei-em-2023-assista\/#breadcrumb","itemListElement":[{"@type":"ListItem","position":1,"name":"Home","item":"https:\/\/www.gaveanews.com\/"},{"@type":"ListItem","position":2,"name":"Torcida do Flamengo pede a perman\u00eancia de Rodinei em 2023; assista"}]},{"@type":"WebSite","@id":"https:\/\/www.gaveanews.com\/#website","url":"https:\/\/www.gaveanews.com\/","name":"G\u00e1vea News","description":"Veja todas as not\u00edcias sobre o Flamengo: Contrata\u00e7\u00f5es, categorias de base, resultados das partidas, tabela de classifica\u00e7\u00e3o, pr\u00f3ximos jogos!","potentialAction":[{"@type":"SearchAction","target":{"@type":"EntryPoint","urlTemplate":"https:\/\/www.gaveanews.com\/?s={search_term_string}"},"query-input":{"@type":"PropertyValueSpecification","valueRequired":true,"valueName":"search_term_string"}}],"inLanguage":"pt-BR"},{"@type":"Person","@id":"https:\/\/www.gaveanews.com\/#\/schema\/person\/2ec14f73fb96be2caf28f91afb14749d","name":"Equipe G\u00e1vea News","image":{"@type":"ImageObject","inLanguage":"pt-BR","@id":"https:\/\/www.gaveanews.com\/#\/schema\/person\/image\/","url":"https:\/\/secure.gravatar.com\/avatar\/1e1956f1facbffd3f8fa53a326721950116b3b9dc9bd44939c01180fd4a745a9?s=96&d=mm&r=g","contentUrl":"https:\/\/secure.gravatar.com\/avatar\/1e1956f1facbffd3f8fa53a326721950116b3b9dc9bd44939c01180fd4a745a9?s=96&d=mm&r=g","caption":"Equipe G\u00e1vea News"}}]}},"_links":{"self":[{"href":"https:\/\/www.gaveanews.com\/index.php\/wp-json\/wp\/v2\/posts\/90047","targetHints":{"allow":["GET"]}}],"collection":[{"href":"https:\/\/www.gaveanews.com\/index.php\/wp-json\/wp\/v2\/posts"}],"about":[{"href":"https:\/\/www.gaveanews.com\/index.php\/wp-json\/wp\/v2\/types\/post"}],"author":[{"embeddable":true,"href":"https:\/\/www.gaveanews.com\/index.php\/wp-json\/wp\/v2\/users\/1"}],"replies":[{"embeddable":true,"href":"https:\/\/www.gaveanews.com\/index.php\/wp-json\/wp\/v2\/comments?post=90047"}],"version-history":[{"count":0,"href":"https:\/\/www.gaveanews.com\/index.php\/wp-json\/wp\/v2\/posts\/90047\/revisions"}],"wp:featuredmedia":[{"embeddable":true,"href":"https:\/\/www.gaveanews.com\/index.php\/wp-json\/wp\/v2\/media\/87395"}],"wp:attachment":[{"href":"https:\/\/www.gaveanews.com\/index.php\/wp-json\/wp\/v2\/media?parent=90047"}],"wp:term":[{"taxonomy":"category","embeddable":true,"href":"https:\/\/www.gaveanews.com\/index.php\/wp-json\/wp\/v2\/categories?post=90047"},{"taxonomy":"post_tag","embeddable":true,"href":"https:\/\/www.gaveanews.com\/index.php\/wp-json\/wp\/v2\/tags?post=90047"}],"curies":[{"name":"wp","href":"https:\/\/api.w.org\/{rel}","templated":true}]}}