{"id":90063,"date":"2022-11-03T10:33:48","date_gmt":"2022-11-03T13:33:48","guid":{"rendered":"https:\/\/www.gaveanews.com\/?p=90063"},"modified":"2022-11-03T10:33:50","modified_gmt":"2022-11-03T13:33:50","slug":"goleiro-do-flamengo-diego-alves-muda-o-seu-discurso-para-2023","status":"publish","type":"post","link":"https:\/\/www.gaveanews.com\/index.php\/2022\/11\/03\/goleiro-do-flamengo-diego-alves-muda-o-seu-discurso-para-2023\/","title":{"rendered":"Goleiro do Flamengo, Diego Alves muda o seu discurso para 2023"},"content":{"rendered":"\n<p>O Flamengo foi derrotado para o Corinthians por 2 a 1 na noite da \u00faltima quarta-feira no Maracan\u00e3. Apesar do rev\u00e9s, o Rubro-Negro comemorou com a Na\u00e7\u00e3o os t\u00edtulos da Copa do Brasil e Libertadores da temporada.<\/p>\n\n\n\n<p>Depois do jogo, a p\u00e1gina oficial do Flamengo no <em>Twitter<\/em> postou a fala de alguns jogadores do time no gramado. Um dos que falou foi o goleiro Diego Alves, que est\u00e1 em reta final de passagem pelo Fla. Diego agradeceu a torcida do Meng\u00e3o e deixou o futuro em aberto.<\/p>\n\n\n\n<p><em>\u2014 \u00c9 um momento especial, voc\u00ea v\u00ea a alegria da torcida, acho que \u00e9 isso que deixa a gente feliz, saber que o trabalho foi coroado com esses dois t\u00edtulos. S\u00f3 tenho a agradecer, comemorar bastante isso que foi conquistado e se preparar. Terminar de forma honrosa agora e se preparar porque ano que vem tem mais se Deus quiser<\/em>, declarou.<\/p>\n\n\n\n<p>Vale destacar que \u00e9 poss\u00edvel observar uma mudan\u00e7a de discurso do goleiro. Isso porque, em um determinado momento, o pr\u00f3prio jogador chegou a se despedir do clube: <\/p>\n\n\n\n<p><em>\u2014 Eu estou vivendo o momento. Nunca falei de renova\u00e7\u00e3o com o Flamengo depois desse ano, minha conversa com o Marcos (Braz) sempre foi direta. A gente sabe dos caminhos que toma, tenho 37 anos hoje, n\u00e3o sou mais um garoto. Chega um momento que a gente tem que ser grato, n\u00e3o pode ser ego\u00edsta na situa\u00e7\u00e3o. Vou desfrutar o m\u00e1ximo com os jogadores, porque \u00e9 dif\u00edcil voc\u00ea encontrar um grupo assim, jogadores de tanta qualidade. J\u00e1 tive t\u00edtulos em campo, mas agora podemos coroar comigo em outra fun\u00e7\u00e3o. Me deixa feliz da mesma maneira, porque o clube precisa de jogadores nessa fun\u00e7\u00e3o. <\/em><\/p>\n\n\n\n<p>Retirado de: Di\u00e1rio do Fla<\/p>\n","protected":false},"excerpt":{"rendered":"<p>O Flamengo foi derrotado para o Corinthians por 2 a 1 na noite da \u00faltima quarta-feira no Maracan\u00e3. Apesar do rev\u00e9s, o Rubro-Negro comemorou com a Na\u00e7\u00e3o os t\u00edtulos da Copa do Brasil e Libertadores da temporada. Depois do jogo, a p\u00e1gina oficial do Flamengo no Twitter postou a fala de alguns jogadores do time [&hellip;]<\/p>\n","protected":false},"author":1,"featured_media":69364,"comment_status":"open","ping_status":"closed","sticky":false,"template":"","format":"standard","meta":{"footnotes":""},"categories":[48],"tags":[],"class_list":["post-90063","post","type-post","status-publish","format-standard","has-post-thumbnail","hentry","category-negociacoes"],"yoast_head":"<!-- This site is optimized with the Yoast SEO Premium plugin v24.2 (Yoast SEO v26.9) - https:\/\/yoast.com\/product\/yoast-seo-premium-wordpress\/ -->\n<title>Goleiro do Flamengo, Diego Alves muda o seu discurso para 2023<\/title>\n<meta name=\"robots\" content=\"index, follow, max-snippet:-1, max-image-preview:large, max-video-preview:-1\" \/>\n<link rel=\"canonical\" href=\"https:\/\/www.gaveanews.com\/index.php\/2022\/11\/03\/goleiro-do-flamengo-diego-alves-muda-o-seu-discurso-para-2023\/\" \/>\n<meta property=\"og:locale\" content=\"pt_BR\" \/>\n<meta property=\"og:type\" content=\"article\" \/>\n<meta property=\"og:title\" content=\"Goleiro do Flamengo, Diego Alves muda o seu discurso para 2023\" \/>\n<meta property=\"og:description\" content=\"O Flamengo foi derrotado para o Corinthians por 2 a 1 na noite da \u00faltima quarta-feira no Maracan\u00e3. Apesar do rev\u00e9s, o Rubro-Negro comemorou com a Na\u00e7\u00e3o os t\u00edtulos da Copa do Brasil e Libertadores da temporada. Depois do jogo, a p\u00e1gina oficial do Flamengo no Twitter postou a fala de alguns jogadores do time [&hellip;]\" \/>\n<meta property=\"og:url\" content=\"https:\/\/www.gaveanews.com\/index.php\/2022\/11\/03\/goleiro-do-flamengo-diego-alves-muda-o-seu-discurso-para-2023\/\" \/>\n<meta property=\"og:site_name\" content=\"G\u00e1vea News\" \/>\n<meta property=\"article:publisher\" content=\"https:\/\/facebook.com\/gaveaNews\/\" \/>\n<meta property=\"article:published_time\" content=\"2022-11-03T13:33:48+00:00\" \/>\n<meta property=\"article:modified_time\" content=\"2022-11-03T13:33:50+00:00\" \/>\n<meta property=\"og:image\" content=\"https:\/\/www.gaveanews.com\/wp-content\/uploads\/Diego-Alves-em-acao-pelo-Flamengo-contra-o-Athletico-no-Brasileirao-2021.webp\" \/>\n\t<meta property=\"og:image:width\" content=\"799\" \/>\n\t<meta property=\"og:image:height\" content=\"533\" \/>\n\t<meta property=\"og:image:type\" content=\"image\/jpeg\" \/>\n<meta name=\"author\" content=\"Equipe G\u00e1vea News\" \/>\n<meta name=\"twitter:card\" content=\"summary_large_image\" \/>\n<meta name=\"twitter:label1\" content=\"Escrito por\" \/>\n\t<meta name=\"twitter:data1\" content=\"Equipe G\u00e1vea News\" \/>\n\t<meta name=\"twitter:label2\" content=\"Est. tempo de leitura\" \/>\n\t<meta name=\"twitter:data2\" content=\"2 minutos\" \/>\n<script type=\"application\/ld+json\" class=\"yoast-schema-graph\">{\"@context\":\"https:\/\/schema.org\",\"@graph\":[{\"@type\":\"NewsArticle\",\"@id\":\"https:\/\/www.gaveanews.com\/index.php\/2022\/11\/03\/goleiro-do-flamengo-diego-alves-muda-o-seu-discurso-para-2023\/#article\",\"isPartOf\":{\"@id\":\"https:\/\/www.gaveanews.com\/index.php\/2022\/11\/03\/goleiro-do-flamengo-diego-alves-muda-o-seu-discurso-para-2023\/\"},\"author\":{\"name\":\"Equipe G\u00e1vea News\",\"@id\":\"https:\/\/www.gaveanews.com\/#\/schema\/person\/2ec14f73fb96be2caf28f91afb14749d\"},\"headline\":\"Goleiro do Flamengo, Diego Alves muda o seu discurso para 2023\",\"datePublished\":\"2022-11-03T13:33:48+00:00\",\"dateModified\":\"2022-11-03T13:33:50+00:00\",\"mainEntityOfPage\":{\"@id\":\"https:\/\/www.gaveanews.com\/index.php\/2022\/11\/03\/goleiro-do-flamengo-diego-alves-muda-o-seu-discurso-para-2023\/\"},\"wordCount\":304,\"commentCount\":0,\"image\":{\"@id\":\"https:\/\/www.gaveanews.com\/index.php\/2022\/11\/03\/goleiro-do-flamengo-diego-alves-muda-o-seu-discurso-para-2023\/#primaryimage\"},\"thumbnailUrl\":\"https:\/\/www.gaveanews.com\/wp-content\/uploads\/Diego-Alves-em-acao-pelo-Flamengo-contra-o-Athletico-no-Brasileirao-2021.webp\",\"articleSection\":[\"Negocia\u00e7\u00f5es\"],\"inLanguage\":\"pt-BR\",\"potentialAction\":[{\"@type\":\"CommentAction\",\"name\":\"Comment\",\"target\":[\"https:\/\/www.gaveanews.com\/index.php\/2022\/11\/03\/goleiro-do-flamengo-diego-alves-muda-o-seu-discurso-para-2023\/#respond\"]}],\"copyrightYear\":\"2022\",\"copyrightHolder\":{\"@id\":\"https:\/\/www.gaveanews.com\/#organization\"}},{\"@type\":\"WebPage\",\"@id\":\"https:\/\/www.gaveanews.com\/index.php\/2022\/11\/03\/goleiro-do-flamengo-diego-alves-muda-o-seu-discurso-para-2023\/\",\"url\":\"https:\/\/www.gaveanews.com\/index.php\/2022\/11\/03\/goleiro-do-flamengo-diego-alves-muda-o-seu-discurso-para-2023\/\",\"name\":\"Goleiro do Flamengo, Diego Alves muda o seu discurso para 2023\",\"isPartOf\":{\"@id\":\"https:\/\/www.gaveanews.com\/#website\"},\"primaryImageOfPage\":{\"@id\":\"https:\/\/www.gaveanews.com\/index.php\/2022\/11\/03\/goleiro-do-flamengo-diego-alves-muda-o-seu-discurso-para-2023\/#primaryimage\"},\"image\":{\"@id\":\"https:\/\/www.gaveanews.com\/index.php\/2022\/11\/03\/goleiro-do-flamengo-diego-alves-muda-o-seu-discurso-para-2023\/#primaryimage\"},\"thumbnailUrl\":\"https:\/\/www.gaveanews.com\/wp-content\/uploads\/Diego-Alves-em-acao-pelo-Flamengo-contra-o-Athletico-no-Brasileirao-2021.webp\",\"datePublished\":\"2022-11-03T13:33:48+00:00\",\"dateModified\":\"2022-11-03T13:33:50+00:00\",\"author\":{\"@id\":\"https:\/\/www.gaveanews.com\/#\/schema\/person\/2ec14f73fb96be2caf28f91afb14749d\"},\"breadcrumb\":{\"@id\":\"https:\/\/www.gaveanews.com\/index.php\/2022\/11\/03\/goleiro-do-flamengo-diego-alves-muda-o-seu-discurso-para-2023\/#breadcrumb\"},\"inLanguage\":\"pt-BR\",\"potentialAction\":[{\"@type\":\"ReadAction\",\"target\":[\"https:\/\/www.gaveanews.com\/index.php\/2022\/11\/03\/goleiro-do-flamengo-diego-alves-muda-o-seu-discurso-para-2023\/\"]}]},{\"@type\":\"ImageObject\",\"inLanguage\":\"pt-BR\",\"@id\":\"https:\/\/www.gaveanews.com\/index.php\/2022\/11\/03\/goleiro-do-flamengo-diego-alves-muda-o-seu-discurso-para-2023\/#primaryimage\",\"url\":\"https:\/\/www.gaveanews.com\/wp-content\/uploads\/Diego-Alves-em-acao-pelo-Flamengo-contra-o-Athletico-no-Brasileirao-2021.webp\",\"contentUrl\":\"https:\/\/www.gaveanews.com\/wp-content\/uploads\/Diego-Alves-em-acao-pelo-Flamengo-contra-o-Athletico-no-Brasileirao-2021.webp\",\"width\":799,\"height\":533,\"caption\":\"Diego Alves em a\u00e7\u00e3o pelo Flamengo contra o Athletico no Brasileir\u00e3o 2021 (Foto: Gilvan de Souza\/Flamengo)\"},{\"@type\":\"BreadcrumbList\",\"@id\":\"https:\/\/www.gaveanews.com\/index.php\/2022\/11\/03\/goleiro-do-flamengo-diego-alves-muda-o-seu-discurso-para-2023\/#breadcrumb\",\"itemListElement\":[{\"@type\":\"ListItem\",\"position\":1,\"name\":\"Home\",\"item\":\"https:\/\/www.gaveanews.com\/\"},{\"@type\":\"ListItem\",\"position\":2,\"name\":\"Goleiro do Flamengo, Diego Alves muda o seu discurso para 2023\"}]},{\"@type\":\"WebSite\",\"@id\":\"https:\/\/www.gaveanews.com\/#website\",\"url\":\"https:\/\/www.gaveanews.com\/\",\"name\":\"G\u00e1vea News\",\"description\":\"Veja todas as not\u00edcias sobre o Flamengo: Contrata\u00e7\u00f5es, categorias de base, resultados das partidas, tabela de classifica\u00e7\u00e3o, pr\u00f3ximos jogos!\",\"potentialAction\":[{\"@type\":\"SearchAction\",\"target\":{\"@type\":\"EntryPoint\",\"urlTemplate\":\"https:\/\/www.gaveanews.com\/?s={search_term_string}\"},\"query-input\":{\"@type\":\"PropertyValueSpecification\",\"valueRequired\":true,\"valueName\":\"search_term_string\"}}],\"inLanguage\":\"pt-BR\"},{\"@type\":\"Person\",\"@id\":\"https:\/\/www.gaveanews.com\/#\/schema\/person\/2ec14f73fb96be2caf28f91afb14749d\",\"name\":\"Equipe G\u00e1vea News\",\"image\":{\"@type\":\"ImageObject\",\"inLanguage\":\"pt-BR\",\"@id\":\"https:\/\/www.gaveanews.com\/#\/schema\/person\/image\/\",\"url\":\"https:\/\/secure.gravatar.com\/avatar\/1e1956f1facbffd3f8fa53a326721950116b3b9dc9bd44939c01180fd4a745a9?s=96&d=mm&r=g\",\"contentUrl\":\"https:\/\/secure.gravatar.com\/avatar\/1e1956f1facbffd3f8fa53a326721950116b3b9dc9bd44939c01180fd4a745a9?s=96&d=mm&r=g\",\"caption\":\"Equipe G\u00e1vea News\"}}]}<\/script>\n<!-- \/ Yoast SEO Premium plugin. -->","yoast_head_json":{"title":"Goleiro do Flamengo, Diego Alves muda o seu discurso para 2023","robots":{"index":"index","follow":"follow","max-snippet":"max-snippet:-1","max-image-preview":"max-image-preview:large","max-video-preview":"max-video-preview:-1"},"canonical":"https:\/\/www.gaveanews.com\/index.php\/2022\/11\/03\/goleiro-do-flamengo-diego-alves-muda-o-seu-discurso-para-2023\/","og_locale":"pt_BR","og_type":"article","og_title":"Goleiro do Flamengo, Diego Alves muda o seu discurso para 2023","og_description":"O Flamengo foi derrotado para o Corinthians por 2 a 1 na noite da \u00faltima quarta-feira no Maracan\u00e3. Apesar do rev\u00e9s, o Rubro-Negro comemorou com a Na\u00e7\u00e3o os t\u00edtulos da Copa do Brasil e Libertadores da temporada. Depois do jogo, a p\u00e1gina oficial do Flamengo no Twitter postou a fala de alguns jogadores do time [&hellip;]","og_url":"https:\/\/www.gaveanews.com\/index.php\/2022\/11\/03\/goleiro-do-flamengo-diego-alves-muda-o-seu-discurso-para-2023\/","og_site_name":"G\u00e1vea News","article_publisher":"https:\/\/facebook.com\/gaveaNews\/","article_published_time":"2022-11-03T13:33:48+00:00","article_modified_time":"2022-11-03T13:33:50+00:00","og_image":[{"width":799,"height":533,"url":"https:\/\/www.gaveanews.com\/wp-content\/uploads\/Diego-Alves-em-acao-pelo-Flamengo-contra-o-Athletico-no-Brasileirao-2021.webp","type":"image\/jpeg"}],"author":"Equipe G\u00e1vea News","twitter_card":"summary_large_image","twitter_misc":{"Escrito por":"Equipe G\u00e1vea News","Est. tempo de leitura":"2 minutos"},"schema":{"@context":"https:\/\/schema.org","@graph":[{"@type":"NewsArticle","@id":"https:\/\/www.gaveanews.com\/index.php\/2022\/11\/03\/goleiro-do-flamengo-diego-alves-muda-o-seu-discurso-para-2023\/#article","isPartOf":{"@id":"https:\/\/www.gaveanews.com\/index.php\/2022\/11\/03\/goleiro-do-flamengo-diego-alves-muda-o-seu-discurso-para-2023\/"},"author":{"name":"Equipe G\u00e1vea News","@id":"https:\/\/www.gaveanews.com\/#\/schema\/person\/2ec14f73fb96be2caf28f91afb14749d"},"headline":"Goleiro do Flamengo, Diego Alves muda o seu discurso para 2023","datePublished":"2022-11-03T13:33:48+00:00","dateModified":"2022-11-03T13:33:50+00:00","mainEntityOfPage":{"@id":"https:\/\/www.gaveanews.com\/index.php\/2022\/11\/03\/goleiro-do-flamengo-diego-alves-muda-o-seu-discurso-para-2023\/"},"wordCount":304,"commentCount":0,"image":{"@id":"https:\/\/www.gaveanews.com\/index.php\/2022\/11\/03\/goleiro-do-flamengo-diego-alves-muda-o-seu-discurso-para-2023\/#primaryimage"},"thumbnailUrl":"https:\/\/www.gaveanews.com\/wp-content\/uploads\/Diego-Alves-em-acao-pelo-Flamengo-contra-o-Athletico-no-Brasileirao-2021.webp","articleSection":["Negocia\u00e7\u00f5es"],"inLanguage":"pt-BR","potentialAction":[{"@type":"CommentAction","name":"Comment","target":["https:\/\/www.gaveanews.com\/index.php\/2022\/11\/03\/goleiro-do-flamengo-diego-alves-muda-o-seu-discurso-para-2023\/#respond"]}],"copyrightYear":"2022","copyrightHolder":{"@id":"https:\/\/www.gaveanews.com\/#organization"}},{"@type":"WebPage","@id":"https:\/\/www.gaveanews.com\/index.php\/2022\/11\/03\/goleiro-do-flamengo-diego-alves-muda-o-seu-discurso-para-2023\/","url":"https:\/\/www.gaveanews.com\/index.php\/2022\/11\/03\/goleiro-do-flamengo-diego-alves-muda-o-seu-discurso-para-2023\/","name":"Goleiro do Flamengo, Diego Alves muda o seu discurso para 2023","isPartOf":{"@id":"https:\/\/www.gaveanews.com\/#website"},"primaryImageOfPage":{"@id":"https:\/\/www.gaveanews.com\/index.php\/2022\/11\/03\/goleiro-do-flamengo-diego-alves-muda-o-seu-discurso-para-2023\/#primaryimage"},"image":{"@id":"https:\/\/www.gaveanews.com\/index.php\/2022\/11\/03\/goleiro-do-flamengo-diego-alves-muda-o-seu-discurso-para-2023\/#primaryimage"},"thumbnailUrl":"https:\/\/www.gaveanews.com\/wp-content\/uploads\/Diego-Alves-em-acao-pelo-Flamengo-contra-o-Athletico-no-Brasileirao-2021.webp","datePublished":"2022-11-03T13:33:48+00:00","dateModified":"2022-11-03T13:33:50+00:00","author":{"@id":"https:\/\/www.gaveanews.com\/#\/schema\/person\/2ec14f73fb96be2caf28f91afb14749d"},"breadcrumb":{"@id":"https:\/\/www.gaveanews.com\/index.php\/2022\/11\/03\/goleiro-do-flamengo-diego-alves-muda-o-seu-discurso-para-2023\/#breadcrumb"},"inLanguage":"pt-BR","potentialAction":[{"@type":"ReadAction","target":["https:\/\/www.gaveanews.com\/index.php\/2022\/11\/03\/goleiro-do-flamengo-diego-alves-muda-o-seu-discurso-para-2023\/"]}]},{"@type":"ImageObject","inLanguage":"pt-BR","@id":"https:\/\/www.gaveanews.com\/index.php\/2022\/11\/03\/goleiro-do-flamengo-diego-alves-muda-o-seu-discurso-para-2023\/#primaryimage","url":"https:\/\/www.gaveanews.com\/wp-content\/uploads\/Diego-Alves-em-acao-pelo-Flamengo-contra-o-Athletico-no-Brasileirao-2021.webp","contentUrl":"https:\/\/www.gaveanews.com\/wp-content\/uploads\/Diego-Alves-em-acao-pelo-Flamengo-contra-o-Athletico-no-Brasileirao-2021.webp","width":799,"height":533,"caption":"Diego Alves em a\u00e7\u00e3o pelo Flamengo contra o Athletico no Brasileir\u00e3o 2021 (Foto: Gilvan de Souza\/Flamengo)"},{"@type":"BreadcrumbList","@id":"https:\/\/www.gaveanews.com\/index.php\/2022\/11\/03\/goleiro-do-flamengo-diego-alves-muda-o-seu-discurso-para-2023\/#breadcrumb","itemListElement":[{"@type":"ListItem","position":1,"name":"Home","item":"https:\/\/www.gaveanews.com\/"},{"@type":"ListItem","position":2,"name":"Goleiro do Flamengo, Diego Alves muda o seu discurso para 2023"}]},{"@type":"WebSite","@id":"https:\/\/www.gaveanews.com\/#website","url":"https:\/\/www.gaveanews.com\/","name":"G\u00e1vea News","description":"Veja todas as not\u00edcias sobre o Flamengo: Contrata\u00e7\u00f5es, categorias de base, resultados das partidas, tabela de classifica\u00e7\u00e3o, pr\u00f3ximos jogos!","potentialAction":[{"@type":"SearchAction","target":{"@type":"EntryPoint","urlTemplate":"https:\/\/www.gaveanews.com\/?s={search_term_string}"},"query-input":{"@type":"PropertyValueSpecification","valueRequired":true,"valueName":"search_term_string"}}],"inLanguage":"pt-BR"},{"@type":"Person","@id":"https:\/\/www.gaveanews.com\/#\/schema\/person\/2ec14f73fb96be2caf28f91afb14749d","name":"Equipe G\u00e1vea News","image":{"@type":"ImageObject","inLanguage":"pt-BR","@id":"https:\/\/www.gaveanews.com\/#\/schema\/person\/image\/","url":"https:\/\/secure.gravatar.com\/avatar\/1e1956f1facbffd3f8fa53a326721950116b3b9dc9bd44939c01180fd4a745a9?s=96&d=mm&r=g","contentUrl":"https:\/\/secure.gravatar.com\/avatar\/1e1956f1facbffd3f8fa53a326721950116b3b9dc9bd44939c01180fd4a745a9?s=96&d=mm&r=g","caption":"Equipe G\u00e1vea News"}}]}},"_links":{"self":[{"href":"https:\/\/www.gaveanews.com\/index.php\/wp-json\/wp\/v2\/posts\/90063","targetHints":{"allow":["GET"]}}],"collection":[{"href":"https:\/\/www.gaveanews.com\/index.php\/wp-json\/wp\/v2\/posts"}],"about":[{"href":"https:\/\/www.gaveanews.com\/index.php\/wp-json\/wp\/v2\/types\/post"}],"author":[{"embeddable":true,"href":"https:\/\/www.gaveanews.com\/index.php\/wp-json\/wp\/v2\/users\/1"}],"replies":[{"embeddable":true,"href":"https:\/\/www.gaveanews.com\/index.php\/wp-json\/wp\/v2\/comments?post=90063"}],"version-history":[{"count":0,"href":"https:\/\/www.gaveanews.com\/index.php\/wp-json\/wp\/v2\/posts\/90063\/revisions"}],"wp:featuredmedia":[{"embeddable":true,"href":"https:\/\/www.gaveanews.com\/index.php\/wp-json\/wp\/v2\/media\/69364"}],"wp:attachment":[{"href":"https:\/\/www.gaveanews.com\/index.php\/wp-json\/wp\/v2\/media?parent=90063"}],"wp:term":[{"taxonomy":"category","embeddable":true,"href":"https:\/\/www.gaveanews.com\/index.php\/wp-json\/wp\/v2\/categories?post=90063"},{"taxonomy":"post_tag","embeddable":true,"href":"https:\/\/www.gaveanews.com\/index.php\/wp-json\/wp\/v2\/tags?post=90063"}],"curies":[{"name":"wp","href":"https:\/\/api.w.org\/{rel}","templated":true}]}}