{"id":90067,"date":"2022-11-03T12:10:04","date_gmt":"2022-11-03T15:10:04","guid":{"rendered":"https:\/\/www.gaveanews.com\/?p=90067"},"modified":"2022-11-03T12:10:06","modified_gmt":"2022-11-03T15:10:06","slug":"saiba-quando-o-flamengo-deseja-realizar-a-festa-do-titulo-da-libertadores-com-sua-torcida","status":"publish","type":"post","link":"https:\/\/www.gaveanews.com\/index.php\/2022\/11\/03\/saiba-quando-o-flamengo-deseja-realizar-a-festa-do-titulo-da-libertadores-com-sua-torcida\/","title":{"rendered":"Saiba quando o Flamengo deseja realizar a festa do t\u00edtulo da Libertadores com sua torcida"},"content":{"rendered":"\n<p>O tricampeonato do Flamengo na Libertadores ainda n\u00e3o p\u00f4de ser celebrado apropriadamente. Apesar de parte do elenco ter comemorado com a torcida que compareceu ao Maracan\u00e3 na partida contra o Corinthians, o clube ainda deseja fazer uma grande festa na rua para poder encontrar com um n\u00famero maior de torcedores.<\/p>\n\n\n\n<p>Pensando neste encontro com a Na\u00e7\u00e3o, o Rubro-Negro tentar\u00e1 antecipar a partida que far\u00e1 neste final de semana. O clube viaja nos pr\u00f3ximos dias para enfrentar o Coritiba pela rodada 36 do Brasileir\u00e3o.<\/p>\n\n\n\n<p>A partida est\u00e1 agendada para o domingo (06), mas esta data pode ser alterada. De acordo com o jornalista Julio Miguel Neto, o Flamengo tenta mudar o confronto para s\u00e1bado (05), visando comemorar com sua torcida no domingo.<\/p>\n\n\n\n<p>Contudo, vale destacar que ainda que o Rubro-Negro consiga esta altera\u00e7\u00e3o, o clube depender\u00e1 de uma outra quest\u00e3o. As comemora\u00e7\u00f5es s\u00f3 poder\u00e3o acontecer caso as manifesta\u00e7\u00f5es bolsonaristas se encerrem. Isto porque \u00e9 invi\u00e1vel haver dois eventos de massas nas ruas em um mesmo dia.<\/p>\n","protected":false},"excerpt":{"rendered":"<p>O tricampeonato do Flamengo na Libertadores ainda n\u00e3o p\u00f4de ser celebrado apropriadamente. Apesar de parte do elenco ter comemorado com a torcida que compareceu ao Maracan\u00e3 na partida contra o Corinthians, o clube ainda deseja fazer uma grande festa na rua para poder encontrar com um n\u00famero maior de torcedores. Pensando neste encontro com a [&hellip;]<\/p>\n","protected":false},"author":4,"featured_media":89956,"comment_status":"open","ping_status":"closed","sticky":false,"template":"","format":"standard","meta":{"footnotes":""},"categories":[1],"tags":[],"class_list":["post-90067","post","type-post","status-publish","format-standard","has-post-thumbnail","hentry","category-flamengo"],"yoast_head":"<!-- This site is optimized with the Yoast SEO Premium plugin v24.2 (Yoast SEO v26.9) - https:\/\/yoast.com\/product\/yoast-seo-premium-wordpress\/ -->\n<title>Saiba quando o Flamengo deseja realizar a festa do t\u00edtulo da Libertadores com sua torcida<\/title>\n<meta name=\"robots\" content=\"index, follow, max-snippet:-1, max-image-preview:large, max-video-preview:-1\" \/>\n<link rel=\"canonical\" href=\"https:\/\/www.gaveanews.com\/index.php\/2022\/11\/03\/saiba-quando-o-flamengo-deseja-realizar-a-festa-do-titulo-da-libertadores-com-sua-torcida\/\" \/>\n<meta property=\"og:locale\" content=\"pt_BR\" \/>\n<meta property=\"og:type\" content=\"article\" \/>\n<meta property=\"og:title\" content=\"Saiba quando o Flamengo deseja realizar a festa do t\u00edtulo da Libertadores com sua torcida\" \/>\n<meta property=\"og:description\" content=\"O tricampeonato do Flamengo na Libertadores ainda n\u00e3o p\u00f4de ser celebrado apropriadamente. Apesar de parte do elenco ter comemorado com a torcida que compareceu ao Maracan\u00e3 na partida contra o Corinthians, o clube ainda deseja fazer uma grande festa na rua para poder encontrar com um n\u00famero maior de torcedores. Pensando neste encontro com a [&hellip;]\" \/>\n<meta property=\"og:url\" content=\"https:\/\/www.gaveanews.com\/index.php\/2022\/11\/03\/saiba-quando-o-flamengo-deseja-realizar-a-festa-do-titulo-da-libertadores-com-sua-torcida\/\" \/>\n<meta property=\"og:site_name\" content=\"G\u00e1vea News\" \/>\n<meta property=\"article:publisher\" content=\"https:\/\/facebook.com\/gaveaNews\/\" \/>\n<meta property=\"article:published_time\" content=\"2022-11-03T15:10:04+00:00\" \/>\n<meta property=\"article:modified_time\" content=\"2022-11-03T15:10:06+00:00\" \/>\n<meta property=\"og:image\" content=\"https:\/\/www.gaveanews.com\/wp-content\/uploads\/Flamengo-comemora-titulo-da-Libertadores-de-2022.webp\" \/>\n\t<meta property=\"og:image:width\" content=\"799\" \/>\n\t<meta property=\"og:image:height\" content=\"533\" \/>\n\t<meta property=\"og:image:type\" content=\"image\/jpeg\" \/>\n<meta name=\"author\" content=\"Let\u00edcia Gerheim\" \/>\n<meta name=\"twitter:card\" content=\"summary_large_image\" \/>\n<meta name=\"twitter:label1\" content=\"Escrito por\" \/>\n\t<meta name=\"twitter:data1\" content=\"Let\u00edcia Gerheim\" \/>\n\t<meta name=\"twitter:label2\" content=\"Est. tempo de leitura\" \/>\n\t<meta name=\"twitter:data2\" content=\"1 minuto\" \/>\n<script type=\"application\/ld+json\" class=\"yoast-schema-graph\">{\"@context\":\"https:\/\/schema.org\",\"@graph\":[{\"@type\":\"NewsArticle\",\"@id\":\"https:\/\/www.gaveanews.com\/index.php\/2022\/11\/03\/saiba-quando-o-flamengo-deseja-realizar-a-festa-do-titulo-da-libertadores-com-sua-torcida\/#article\",\"isPartOf\":{\"@id\":\"https:\/\/www.gaveanews.com\/index.php\/2022\/11\/03\/saiba-quando-o-flamengo-deseja-realizar-a-festa-do-titulo-da-libertadores-com-sua-torcida\/\"},\"author\":{\"name\":\"Let\u00edcia Gerheim\",\"@id\":\"https:\/\/www.gaveanews.com\/#\/schema\/person\/714c67050b836198af2450ba1c142a67\"},\"headline\":\"Saiba quando o Flamengo deseja realizar a festa do t\u00edtulo da Libertadores com sua torcida\",\"datePublished\":\"2022-11-03T15:10:04+00:00\",\"dateModified\":\"2022-11-03T15:10:06+00:00\",\"mainEntityOfPage\":{\"@id\":\"https:\/\/www.gaveanews.com\/index.php\/2022\/11\/03\/saiba-quando-o-flamengo-deseja-realizar-a-festa-do-titulo-da-libertadores-com-sua-torcida\/\"},\"wordCount\":190,\"commentCount\":0,\"image\":{\"@id\":\"https:\/\/www.gaveanews.com\/index.php\/2022\/11\/03\/saiba-quando-o-flamengo-deseja-realizar-a-festa-do-titulo-da-libertadores-com-sua-torcida\/#primaryimage\"},\"thumbnailUrl\":\"https:\/\/www.gaveanews.com\/wp-content\/uploads\/Flamengo-comemora-titulo-da-Libertadores-de-2022.webp\",\"articleSection\":[\"Flamengo\"],\"inLanguage\":\"pt-BR\",\"potentialAction\":[{\"@type\":\"CommentAction\",\"name\":\"Comment\",\"target\":[\"https:\/\/www.gaveanews.com\/index.php\/2022\/11\/03\/saiba-quando-o-flamengo-deseja-realizar-a-festa-do-titulo-da-libertadores-com-sua-torcida\/#respond\"]}],\"copyrightYear\":\"2022\",\"copyrightHolder\":{\"@id\":\"https:\/\/www.gaveanews.com\/#organization\"}},{\"@type\":\"WebPage\",\"@id\":\"https:\/\/www.gaveanews.com\/index.php\/2022\/11\/03\/saiba-quando-o-flamengo-deseja-realizar-a-festa-do-titulo-da-libertadores-com-sua-torcida\/\",\"url\":\"https:\/\/www.gaveanews.com\/index.php\/2022\/11\/03\/saiba-quando-o-flamengo-deseja-realizar-a-festa-do-titulo-da-libertadores-com-sua-torcida\/\",\"name\":\"Saiba quando o Flamengo deseja realizar a festa do t\u00edtulo da Libertadores com sua torcida\",\"isPartOf\":{\"@id\":\"https:\/\/www.gaveanews.com\/#website\"},\"primaryImageOfPage\":{\"@id\":\"https:\/\/www.gaveanews.com\/index.php\/2022\/11\/03\/saiba-quando-o-flamengo-deseja-realizar-a-festa-do-titulo-da-libertadores-com-sua-torcida\/#primaryimage\"},\"image\":{\"@id\":\"https:\/\/www.gaveanews.com\/index.php\/2022\/11\/03\/saiba-quando-o-flamengo-deseja-realizar-a-festa-do-titulo-da-libertadores-com-sua-torcida\/#primaryimage\"},\"thumbnailUrl\":\"https:\/\/www.gaveanews.com\/wp-content\/uploads\/Flamengo-comemora-titulo-da-Libertadores-de-2022.webp\",\"datePublished\":\"2022-11-03T15:10:04+00:00\",\"dateModified\":\"2022-11-03T15:10:06+00:00\",\"author\":{\"@id\":\"https:\/\/www.gaveanews.com\/#\/schema\/person\/714c67050b836198af2450ba1c142a67\"},\"breadcrumb\":{\"@id\":\"https:\/\/www.gaveanews.com\/index.php\/2022\/11\/03\/saiba-quando-o-flamengo-deseja-realizar-a-festa-do-titulo-da-libertadores-com-sua-torcida\/#breadcrumb\"},\"inLanguage\":\"pt-BR\",\"potentialAction\":[{\"@type\":\"ReadAction\",\"target\":[\"https:\/\/www.gaveanews.com\/index.php\/2022\/11\/03\/saiba-quando-o-flamengo-deseja-realizar-a-festa-do-titulo-da-libertadores-com-sua-torcida\/\"]}]},{\"@type\":\"ImageObject\",\"inLanguage\":\"pt-BR\",\"@id\":\"https:\/\/www.gaveanews.com\/index.php\/2022\/11\/03\/saiba-quando-o-flamengo-deseja-realizar-a-festa-do-titulo-da-libertadores-com-sua-torcida\/#primaryimage\",\"url\":\"https:\/\/www.gaveanews.com\/wp-content\/uploads\/Flamengo-comemora-titulo-da-Libertadores-de-2022.webp\",\"contentUrl\":\"https:\/\/www.gaveanews.com\/wp-content\/uploads\/Flamengo-comemora-titulo-da-Libertadores-de-2022.webp\",\"width\":799,\"height\":533,\"caption\":\"jogadores do Flamengo comemoram t\u00edtulo da Libertadores de 2022 (Foto: Gilvan de Souza\/Flamengo)\"},{\"@type\":\"BreadcrumbList\",\"@id\":\"https:\/\/www.gaveanews.com\/index.php\/2022\/11\/03\/saiba-quando-o-flamengo-deseja-realizar-a-festa-do-titulo-da-libertadores-com-sua-torcida\/#breadcrumb\",\"itemListElement\":[{\"@type\":\"ListItem\",\"position\":1,\"name\":\"Home\",\"item\":\"https:\/\/www.gaveanews.com\/\"},{\"@type\":\"ListItem\",\"position\":2,\"name\":\"Saiba quando o Flamengo deseja realizar a festa do t\u00edtulo da Libertadores com sua torcida\"}]},{\"@type\":\"WebSite\",\"@id\":\"https:\/\/www.gaveanews.com\/#website\",\"url\":\"https:\/\/www.gaveanews.com\/\",\"name\":\"G\u00e1vea News\",\"description\":\"Veja todas as not\u00edcias sobre o Flamengo: Contrata\u00e7\u00f5es, categorias de base, resultados das partidas, tabela de classifica\u00e7\u00e3o, pr\u00f3ximos jogos!\",\"potentialAction\":[{\"@type\":\"SearchAction\",\"target\":{\"@type\":\"EntryPoint\",\"urlTemplate\":\"https:\/\/www.gaveanews.com\/?s={search_term_string}\"},\"query-input\":{\"@type\":\"PropertyValueSpecification\",\"valueRequired\":true,\"valueName\":\"search_term_string\"}}],\"inLanguage\":\"pt-BR\"},{\"@type\":\"Person\",\"@id\":\"https:\/\/www.gaveanews.com\/#\/schema\/person\/714c67050b836198af2450ba1c142a67\",\"name\":\"Let\u00edcia Gerheim\",\"image\":{\"@type\":\"ImageObject\",\"inLanguage\":\"pt-BR\",\"@id\":\"https:\/\/www.gaveanews.com\/#\/schema\/person\/image\/\",\"url\":\"https:\/\/secure.gravatar.com\/avatar\/60734739c50fcebfbac509e2a826ccd0ff405c019bc73aab9354f19ecad1dcb4?s=96&d=mm&r=g\",\"contentUrl\":\"https:\/\/secure.gravatar.com\/avatar\/60734739c50fcebfbac509e2a826ccd0ff405c019bc73aab9354f19ecad1dcb4?s=96&d=mm&r=g\",\"caption\":\"Let\u00edcia Gerheim\"}}]}<\/script>\n<!-- \/ Yoast SEO Premium plugin. -->","yoast_head_json":{"title":"Saiba quando o Flamengo deseja realizar a festa do t\u00edtulo da Libertadores com sua torcida","robots":{"index":"index","follow":"follow","max-snippet":"max-snippet:-1","max-image-preview":"max-image-preview:large","max-video-preview":"max-video-preview:-1"},"canonical":"https:\/\/www.gaveanews.com\/index.php\/2022\/11\/03\/saiba-quando-o-flamengo-deseja-realizar-a-festa-do-titulo-da-libertadores-com-sua-torcida\/","og_locale":"pt_BR","og_type":"article","og_title":"Saiba quando o Flamengo deseja realizar a festa do t\u00edtulo da Libertadores com sua torcida","og_description":"O tricampeonato do Flamengo na Libertadores ainda n\u00e3o p\u00f4de ser celebrado apropriadamente. Apesar de parte do elenco ter comemorado com a torcida que compareceu ao Maracan\u00e3 na partida contra o Corinthians, o clube ainda deseja fazer uma grande festa na rua para poder encontrar com um n\u00famero maior de torcedores. Pensando neste encontro com a [&hellip;]","og_url":"https:\/\/www.gaveanews.com\/index.php\/2022\/11\/03\/saiba-quando-o-flamengo-deseja-realizar-a-festa-do-titulo-da-libertadores-com-sua-torcida\/","og_site_name":"G\u00e1vea News","article_publisher":"https:\/\/facebook.com\/gaveaNews\/","article_published_time":"2022-11-03T15:10:04+00:00","article_modified_time":"2022-11-03T15:10:06+00:00","og_image":[{"width":799,"height":533,"url":"https:\/\/www.gaveanews.com\/wp-content\/uploads\/Flamengo-comemora-titulo-da-Libertadores-de-2022.webp","type":"image\/jpeg"}],"author":"Let\u00edcia Gerheim","twitter_card":"summary_large_image","twitter_misc":{"Escrito por":"Let\u00edcia Gerheim","Est. tempo de leitura":"1 minuto"},"schema":{"@context":"https:\/\/schema.org","@graph":[{"@type":"NewsArticle","@id":"https:\/\/www.gaveanews.com\/index.php\/2022\/11\/03\/saiba-quando-o-flamengo-deseja-realizar-a-festa-do-titulo-da-libertadores-com-sua-torcida\/#article","isPartOf":{"@id":"https:\/\/www.gaveanews.com\/index.php\/2022\/11\/03\/saiba-quando-o-flamengo-deseja-realizar-a-festa-do-titulo-da-libertadores-com-sua-torcida\/"},"author":{"name":"Let\u00edcia Gerheim","@id":"https:\/\/www.gaveanews.com\/#\/schema\/person\/714c67050b836198af2450ba1c142a67"},"headline":"Saiba quando o Flamengo deseja realizar a festa do t\u00edtulo da Libertadores com sua torcida","datePublished":"2022-11-03T15:10:04+00:00","dateModified":"2022-11-03T15:10:06+00:00","mainEntityOfPage":{"@id":"https:\/\/www.gaveanews.com\/index.php\/2022\/11\/03\/saiba-quando-o-flamengo-deseja-realizar-a-festa-do-titulo-da-libertadores-com-sua-torcida\/"},"wordCount":190,"commentCount":0,"image":{"@id":"https:\/\/www.gaveanews.com\/index.php\/2022\/11\/03\/saiba-quando-o-flamengo-deseja-realizar-a-festa-do-titulo-da-libertadores-com-sua-torcida\/#primaryimage"},"thumbnailUrl":"https:\/\/www.gaveanews.com\/wp-content\/uploads\/Flamengo-comemora-titulo-da-Libertadores-de-2022.webp","articleSection":["Flamengo"],"inLanguage":"pt-BR","potentialAction":[{"@type":"CommentAction","name":"Comment","target":["https:\/\/www.gaveanews.com\/index.php\/2022\/11\/03\/saiba-quando-o-flamengo-deseja-realizar-a-festa-do-titulo-da-libertadores-com-sua-torcida\/#respond"]}],"copyrightYear":"2022","copyrightHolder":{"@id":"https:\/\/www.gaveanews.com\/#organization"}},{"@type":"WebPage","@id":"https:\/\/www.gaveanews.com\/index.php\/2022\/11\/03\/saiba-quando-o-flamengo-deseja-realizar-a-festa-do-titulo-da-libertadores-com-sua-torcida\/","url":"https:\/\/www.gaveanews.com\/index.php\/2022\/11\/03\/saiba-quando-o-flamengo-deseja-realizar-a-festa-do-titulo-da-libertadores-com-sua-torcida\/","name":"Saiba quando o Flamengo deseja realizar a festa do t\u00edtulo da Libertadores com sua torcida","isPartOf":{"@id":"https:\/\/www.gaveanews.com\/#website"},"primaryImageOfPage":{"@id":"https:\/\/www.gaveanews.com\/index.php\/2022\/11\/03\/saiba-quando-o-flamengo-deseja-realizar-a-festa-do-titulo-da-libertadores-com-sua-torcida\/#primaryimage"},"image":{"@id":"https:\/\/www.gaveanews.com\/index.php\/2022\/11\/03\/saiba-quando-o-flamengo-deseja-realizar-a-festa-do-titulo-da-libertadores-com-sua-torcida\/#primaryimage"},"thumbnailUrl":"https:\/\/www.gaveanews.com\/wp-content\/uploads\/Flamengo-comemora-titulo-da-Libertadores-de-2022.webp","datePublished":"2022-11-03T15:10:04+00:00","dateModified":"2022-11-03T15:10:06+00:00","author":{"@id":"https:\/\/www.gaveanews.com\/#\/schema\/person\/714c67050b836198af2450ba1c142a67"},"breadcrumb":{"@id":"https:\/\/www.gaveanews.com\/index.php\/2022\/11\/03\/saiba-quando-o-flamengo-deseja-realizar-a-festa-do-titulo-da-libertadores-com-sua-torcida\/#breadcrumb"},"inLanguage":"pt-BR","potentialAction":[{"@type":"ReadAction","target":["https:\/\/www.gaveanews.com\/index.php\/2022\/11\/03\/saiba-quando-o-flamengo-deseja-realizar-a-festa-do-titulo-da-libertadores-com-sua-torcida\/"]}]},{"@type":"ImageObject","inLanguage":"pt-BR","@id":"https:\/\/www.gaveanews.com\/index.php\/2022\/11\/03\/saiba-quando-o-flamengo-deseja-realizar-a-festa-do-titulo-da-libertadores-com-sua-torcida\/#primaryimage","url":"https:\/\/www.gaveanews.com\/wp-content\/uploads\/Flamengo-comemora-titulo-da-Libertadores-de-2022.webp","contentUrl":"https:\/\/www.gaveanews.com\/wp-content\/uploads\/Flamengo-comemora-titulo-da-Libertadores-de-2022.webp","width":799,"height":533,"caption":"jogadores do Flamengo comemoram t\u00edtulo da Libertadores de 2022 (Foto: Gilvan de Souza\/Flamengo)"},{"@type":"BreadcrumbList","@id":"https:\/\/www.gaveanews.com\/index.php\/2022\/11\/03\/saiba-quando-o-flamengo-deseja-realizar-a-festa-do-titulo-da-libertadores-com-sua-torcida\/#breadcrumb","itemListElement":[{"@type":"ListItem","position":1,"name":"Home","item":"https:\/\/www.gaveanews.com\/"},{"@type":"ListItem","position":2,"name":"Saiba quando o Flamengo deseja realizar a festa do t\u00edtulo da Libertadores com sua torcida"}]},{"@type":"WebSite","@id":"https:\/\/www.gaveanews.com\/#website","url":"https:\/\/www.gaveanews.com\/","name":"G\u00e1vea News","description":"Veja todas as not\u00edcias sobre o Flamengo: Contrata\u00e7\u00f5es, categorias de base, resultados das partidas, tabela de classifica\u00e7\u00e3o, pr\u00f3ximos jogos!","potentialAction":[{"@type":"SearchAction","target":{"@type":"EntryPoint","urlTemplate":"https:\/\/www.gaveanews.com\/?s={search_term_string}"},"query-input":{"@type":"PropertyValueSpecification","valueRequired":true,"valueName":"search_term_string"}}],"inLanguage":"pt-BR"},{"@type":"Person","@id":"https:\/\/www.gaveanews.com\/#\/schema\/person\/714c67050b836198af2450ba1c142a67","name":"Let\u00edcia Gerheim","image":{"@type":"ImageObject","inLanguage":"pt-BR","@id":"https:\/\/www.gaveanews.com\/#\/schema\/person\/image\/","url":"https:\/\/secure.gravatar.com\/avatar\/60734739c50fcebfbac509e2a826ccd0ff405c019bc73aab9354f19ecad1dcb4?s=96&d=mm&r=g","contentUrl":"https:\/\/secure.gravatar.com\/avatar\/60734739c50fcebfbac509e2a826ccd0ff405c019bc73aab9354f19ecad1dcb4?s=96&d=mm&r=g","caption":"Let\u00edcia Gerheim"}}]}},"_links":{"self":[{"href":"https:\/\/www.gaveanews.com\/index.php\/wp-json\/wp\/v2\/posts\/90067","targetHints":{"allow":["GET"]}}],"collection":[{"href":"https:\/\/www.gaveanews.com\/index.php\/wp-json\/wp\/v2\/posts"}],"about":[{"href":"https:\/\/www.gaveanews.com\/index.php\/wp-json\/wp\/v2\/types\/post"}],"author":[{"embeddable":true,"href":"https:\/\/www.gaveanews.com\/index.php\/wp-json\/wp\/v2\/users\/4"}],"replies":[{"embeddable":true,"href":"https:\/\/www.gaveanews.com\/index.php\/wp-json\/wp\/v2\/comments?post=90067"}],"version-history":[{"count":0,"href":"https:\/\/www.gaveanews.com\/index.php\/wp-json\/wp\/v2\/posts\/90067\/revisions"}],"wp:featuredmedia":[{"embeddable":true,"href":"https:\/\/www.gaveanews.com\/index.php\/wp-json\/wp\/v2\/media\/89956"}],"wp:attachment":[{"href":"https:\/\/www.gaveanews.com\/index.php\/wp-json\/wp\/v2\/media?parent=90067"}],"wp:term":[{"taxonomy":"category","embeddable":true,"href":"https:\/\/www.gaveanews.com\/index.php\/wp-json\/wp\/v2\/categories?post=90067"},{"taxonomy":"post_tag","embeddable":true,"href":"https:\/\/www.gaveanews.com\/index.php\/wp-json\/wp\/v2\/tags?post=90067"}],"curies":[{"name":"wp","href":"https:\/\/api.w.org\/{rel}","templated":true}]}}