{"id":90071,"date":"2022-11-03T13:55:02","date_gmt":"2022-11-03T16:55:02","guid":{"rendered":"https:\/\/www.gaveanews.com\/?p=90071"},"modified":"2024-04-06T23:04:42","modified_gmt":"2024-04-07T02:04:42","slug":"mauro-cezar-pereira-ironiza-funcionario-da-rede-globo-por-conta-do-jogo-do-flamengo","status":"publish","type":"post","link":"https:\/\/www.gaveanews.com\/index.php\/2022\/11\/03\/mauro-cezar-pereira-ironiza-funcionario-da-rede-globo-por-conta-do-jogo-do-flamengo\/","title":{"rendered":"Mauro Cezar Pereira ironiza funcion\u00e1rio da Rede Globo por conta do jogo do Flamengo"},"content":{"rendered":"\n<p>Mauro Cezar Pereira ficou na bronca com o ex-\u00e1rbitro Sandro Meira Ricci, que estava no comando do quadro \u201cCentral do Apito\u201d, da TV Globo, na tranmiss\u00e3o da partida entre Flamengo e Corinthians, nesta quarta-feira. No Twitter, o jornalista contestou e ironizou as an\u00e1lises de Sandro em um lance pol\u00eamico do jogo. Mauro questionou a coer\u00eancia do especialista em arbitragem.<\/p>\n\n\n\n<p><em>\u2014 O personagem da central do apito de plant\u00e3o (Sandro Meira Ricci) foi o \u00fanico que queria p\u00eanalti de L\u00e9o Pereira em Itaquera (no primeiro jogo da final da Copa do Brasil) e hoje, em lance parecido, achou que n\u00e3o foi nada. Na sequ\u00eancia, queria cart\u00e3o vermelho para jogador do Flamengo. Quem leva essas \u201can\u00e1lises\u201d a s\u00e9rio?<\/em> &#8211; ironizou Mauro.<\/p>\n\n\n\n<h2 class=\"wp-block-heading\" id=\"h-polemica\">Pol\u00eamica<\/h2>\n\n\n\n<p>O lance em quest\u00e3o aconteceu aos 13 minutos do segundo tempo, quando a partida estava empatada em 1 a 1. O meia-atacante do Flamengo, Matheus Fran\u00e7a, executou um toque de letra dentro da \u00e1rea corintiana, em um carrinho para tentar cortar o lance, o zagueiro Balbuena acabou abrindo os bra\u00e7os e resvalando na bola. O lance foi analisado pelo VAR e nada foi marcado. Na Central do Apito, Sandro concordou com a decis\u00e3o do \u00e1rbitro de v\u00eddeo.<\/p>\n\n\n\n<figure class=\"wp-block-embed is-type-rich is-provider-twitter wp-block-embed-twitter\"><div class=\"wp-block-embed__wrapper\">\n<blockquote class=\"twitter-tweet\" data-width=\"550\" data-dnt=\"true\"><p lang=\"zxx\" dir=\"ltr\"><a href=\"https:\/\/t.co\/F9A0BHtPNe\">pic.twitter.com\/F9A0BHtPNe<\/a><\/p>&mdash; Erros contra o Flamengo. (@ErroscontraFla) <a href=\"https:\/\/twitter.com\/ErroscontraFla\/status\/1587984706020282369?ref_src=twsrc%5Etfw\">November 3, 2022<\/a><\/blockquote><script async src=\"https:\/\/platform.twitter.com\/widgets.js\" charset=\"utf-8\"><\/script>\n<\/div><\/figure>\n\n\n\n<h2 class=\"wp-block-heading\">Sobre o jogo<\/h2>\n\n\n\n<p>A chuva e o frio n\u00e3o impediram 60 mil torcedores de irem ao Maracan\u00e3, nesta quarta-feira e assistirem \u00e0 vit\u00f3ria do Corinthians sobre o Flamengo, por 2 a 1. A noite, que come\u00e7ou com festa rubro-negra pelo t\u00edtulo da Libertadores, terminou com a comemora\u00e7\u00e3o paulista, j\u00e1 que o time de Vitor Pereira garantiu vaga na Libertadores de 2023.<\/p>\n\n\n\n<p>Retirado de: Lance<\/p>\n","protected":false},"excerpt":{"rendered":"<p>Mauro Cezar Pereira ficou na bronca com o ex-\u00e1rbitro Sandro Meira Ricci, que estava no comando do quadro \u201cCentral do Apito\u201d, da TV Globo, na tranmiss\u00e3o da partida entre Flamengo e Corinthians, nesta quarta-feira. No Twitter, o jornalista contestou e ironizou as an\u00e1lises de Sandro em um lance pol\u00eamico do jogo. Mauro questionou a coer\u00eancia [&hellip;]<\/p>\n","protected":false},"author":1,"featured_media":56367,"comment_status":"open","ping_status":"closed","sticky":false,"template":"","format":"standard","meta":{"footnotes":""},"categories":[1],"tags":[170],"class_list":["post-90071","post","type-post","status-publish","format-standard","has-post-thumbnail","hentry","category-flamengo","tag-mauro-cezar-pereira"],"yoast_head":"<!-- This site is optimized with the Yoast SEO Premium plugin v24.2 (Yoast SEO v26.9) - https:\/\/yoast.com\/product\/yoast-seo-premium-wordpress\/ -->\n<title>Mauro Cezar Pereira ironiza funcion\u00e1rio da Rede Globo por conta do jogo do Flamengo<\/title>\n<meta name=\"robots\" content=\"index, follow, max-snippet:-1, max-image-preview:large, max-video-preview:-1\" \/>\n<link rel=\"canonical\" href=\"https:\/\/www.gaveanews.com\/index.php\/2022\/11\/03\/mauro-cezar-pereira-ironiza-funcionario-da-rede-globo-por-conta-do-jogo-do-flamengo\/\" \/>\n<meta property=\"og:locale\" content=\"pt_BR\" \/>\n<meta property=\"og:type\" content=\"article\" \/>\n<meta property=\"og:title\" content=\"Mauro Cezar Pereira ironiza funcion\u00e1rio da Rede Globo por conta do jogo do Flamengo\" \/>\n<meta property=\"og:description\" content=\"Mauro Cezar Pereira ficou na bronca com o ex-\u00e1rbitro Sandro Meira Ricci, que estava no comando do quadro \u201cCentral do Apito\u201d, da TV Globo, na tranmiss\u00e3o da partida entre Flamengo e Corinthians, nesta quarta-feira. No Twitter, o jornalista contestou e ironizou as an\u00e1lises de Sandro em um lance pol\u00eamico do jogo. Mauro questionou a coer\u00eancia [&hellip;]\" \/>\n<meta property=\"og:url\" content=\"https:\/\/www.gaveanews.com\/index.php\/2022\/11\/03\/mauro-cezar-pereira-ironiza-funcionario-da-rede-globo-por-conta-do-jogo-do-flamengo\/\" \/>\n<meta property=\"og:site_name\" content=\"G\u00e1vea News\" \/>\n<meta property=\"article:publisher\" content=\"https:\/\/facebook.com\/gaveaNews\/\" \/>\n<meta property=\"article:published_time\" content=\"2022-11-03T16:55:02+00:00\" \/>\n<meta property=\"article:modified_time\" content=\"2024-04-07T02:04:42+00:00\" \/>\n<meta property=\"og:image\" content=\"https:\/\/www.gaveanews.com\/wp-content\/uploads\/Mauro-Cezar-em-participacao-na-Uol-Esporte.webp\" \/>\n\t<meta property=\"og:image:width\" content=\"900\" \/>\n\t<meta property=\"og:image:height\" content=\"506\" \/>\n\t<meta property=\"og:image:type\" content=\"image\/png\" \/>\n<meta name=\"author\" content=\"Equipe G\u00e1vea News\" \/>\n<meta name=\"twitter:card\" content=\"summary_large_image\" \/>\n<meta name=\"twitter:label1\" content=\"Escrito por\" \/>\n\t<meta name=\"twitter:data1\" content=\"Equipe G\u00e1vea News\" \/>\n\t<meta name=\"twitter:label2\" content=\"Est. tempo de leitura\" \/>\n\t<meta name=\"twitter:data2\" content=\"2 minutos\" \/>\n<script type=\"application\/ld+json\" class=\"yoast-schema-graph\">{\"@context\":\"https:\/\/schema.org\",\"@graph\":[{\"@type\":\"NewsArticle\",\"@id\":\"https:\/\/www.gaveanews.com\/index.php\/2022\/11\/03\/mauro-cezar-pereira-ironiza-funcionario-da-rede-globo-por-conta-do-jogo-do-flamengo\/#article\",\"isPartOf\":{\"@id\":\"https:\/\/www.gaveanews.com\/index.php\/2022\/11\/03\/mauro-cezar-pereira-ironiza-funcionario-da-rede-globo-por-conta-do-jogo-do-flamengo\/\"},\"author\":{\"name\":\"Equipe G\u00e1vea News\",\"@id\":\"https:\/\/www.gaveanews.com\/#\/schema\/person\/2ec14f73fb96be2caf28f91afb14749d\"},\"headline\":\"Mauro Cezar Pereira ironiza funcion\u00e1rio da Rede Globo por conta do jogo do Flamengo\",\"datePublished\":\"2022-11-03T16:55:02+00:00\",\"dateModified\":\"2024-04-07T02:04:42+00:00\",\"mainEntityOfPage\":{\"@id\":\"https:\/\/www.gaveanews.com\/index.php\/2022\/11\/03\/mauro-cezar-pereira-ironiza-funcionario-da-rede-globo-por-conta-do-jogo-do-flamengo\/\"},\"wordCount\":296,\"commentCount\":0,\"image\":{\"@id\":\"https:\/\/www.gaveanews.com\/index.php\/2022\/11\/03\/mauro-cezar-pereira-ironiza-funcionario-da-rede-globo-por-conta-do-jogo-do-flamengo\/#primaryimage\"},\"thumbnailUrl\":\"https:\/\/www.gaveanews.com\/wp-content\/uploads\/Mauro-Cezar-em-participacao-na-Uol-Esporte.webp\",\"keywords\":[\"Mauro Cezar Pereira\"],\"articleSection\":[\"Flamengo\"],\"inLanguage\":\"pt-BR\",\"potentialAction\":[{\"@type\":\"CommentAction\",\"name\":\"Comment\",\"target\":[\"https:\/\/www.gaveanews.com\/index.php\/2022\/11\/03\/mauro-cezar-pereira-ironiza-funcionario-da-rede-globo-por-conta-do-jogo-do-flamengo\/#respond\"]}],\"copyrightYear\":\"2022\",\"copyrightHolder\":{\"@id\":\"https:\/\/www.gaveanews.com\/#organization\"}},{\"@type\":\"WebPage\",\"@id\":\"https:\/\/www.gaveanews.com\/index.php\/2022\/11\/03\/mauro-cezar-pereira-ironiza-funcionario-da-rede-globo-por-conta-do-jogo-do-flamengo\/\",\"url\":\"https:\/\/www.gaveanews.com\/index.php\/2022\/11\/03\/mauro-cezar-pereira-ironiza-funcionario-da-rede-globo-por-conta-do-jogo-do-flamengo\/\",\"name\":\"Mauro Cezar Pereira ironiza funcion\u00e1rio da Rede Globo por conta do jogo do Flamengo\",\"isPartOf\":{\"@id\":\"https:\/\/www.gaveanews.com\/#website\"},\"primaryImageOfPage\":{\"@id\":\"https:\/\/www.gaveanews.com\/index.php\/2022\/11\/03\/mauro-cezar-pereira-ironiza-funcionario-da-rede-globo-por-conta-do-jogo-do-flamengo\/#primaryimage\"},\"image\":{\"@id\":\"https:\/\/www.gaveanews.com\/index.php\/2022\/11\/03\/mauro-cezar-pereira-ironiza-funcionario-da-rede-globo-por-conta-do-jogo-do-flamengo\/#primaryimage\"},\"thumbnailUrl\":\"https:\/\/www.gaveanews.com\/wp-content\/uploads\/Mauro-Cezar-em-participacao-na-Uol-Esporte.webp\",\"datePublished\":\"2022-11-03T16:55:02+00:00\",\"dateModified\":\"2024-04-07T02:04:42+00:00\",\"author\":{\"@id\":\"https:\/\/www.gaveanews.com\/#\/schema\/person\/2ec14f73fb96be2caf28f91afb14749d\"},\"breadcrumb\":{\"@id\":\"https:\/\/www.gaveanews.com\/index.php\/2022\/11\/03\/mauro-cezar-pereira-ironiza-funcionario-da-rede-globo-por-conta-do-jogo-do-flamengo\/#breadcrumb\"},\"inLanguage\":\"pt-BR\",\"potentialAction\":[{\"@type\":\"ReadAction\",\"target\":[\"https:\/\/www.gaveanews.com\/index.php\/2022\/11\/03\/mauro-cezar-pereira-ironiza-funcionario-da-rede-globo-por-conta-do-jogo-do-flamengo\/\"]}]},{\"@type\":\"ImageObject\",\"inLanguage\":\"pt-BR\",\"@id\":\"https:\/\/www.gaveanews.com\/index.php\/2022\/11\/03\/mauro-cezar-pereira-ironiza-funcionario-da-rede-globo-por-conta-do-jogo-do-flamengo\/#primaryimage\",\"url\":\"https:\/\/www.gaveanews.com\/wp-content\/uploads\/Mauro-Cezar-em-participacao-na-Uol-Esporte.webp\",\"contentUrl\":\"https:\/\/www.gaveanews.com\/wp-content\/uploads\/Mauro-Cezar-em-participacao-na-Uol-Esporte.webp\",\"width\":900,\"height\":506,\"caption\":\"Mauro Cezar, comentarista da UOL Esporte (Foto: Reprodu\u00e7\u00e3o\/UOL Esporte)\"},{\"@type\":\"BreadcrumbList\",\"@id\":\"https:\/\/www.gaveanews.com\/index.php\/2022\/11\/03\/mauro-cezar-pereira-ironiza-funcionario-da-rede-globo-por-conta-do-jogo-do-flamengo\/#breadcrumb\",\"itemListElement\":[{\"@type\":\"ListItem\",\"position\":1,\"name\":\"Home\",\"item\":\"https:\/\/www.gaveanews.com\/\"},{\"@type\":\"ListItem\",\"position\":2,\"name\":\"Mauro Cezar Pereira ironiza funcion\u00e1rio da Rede Globo por conta do jogo do Flamengo\"}]},{\"@type\":\"WebSite\",\"@id\":\"https:\/\/www.gaveanews.com\/#website\",\"url\":\"https:\/\/www.gaveanews.com\/\",\"name\":\"G\u00e1vea News\",\"description\":\"Veja todas as not\u00edcias sobre o Flamengo: Contrata\u00e7\u00f5es, categorias de base, resultados das partidas, tabela de classifica\u00e7\u00e3o, pr\u00f3ximos jogos!\",\"potentialAction\":[{\"@type\":\"SearchAction\",\"target\":{\"@type\":\"EntryPoint\",\"urlTemplate\":\"https:\/\/www.gaveanews.com\/?s={search_term_string}\"},\"query-input\":{\"@type\":\"PropertyValueSpecification\",\"valueRequired\":true,\"valueName\":\"search_term_string\"}}],\"inLanguage\":\"pt-BR\"},{\"@type\":\"Person\",\"@id\":\"https:\/\/www.gaveanews.com\/#\/schema\/person\/2ec14f73fb96be2caf28f91afb14749d\",\"name\":\"Equipe G\u00e1vea News\",\"image\":{\"@type\":\"ImageObject\",\"inLanguage\":\"pt-BR\",\"@id\":\"https:\/\/www.gaveanews.com\/#\/schema\/person\/image\/\",\"url\":\"https:\/\/secure.gravatar.com\/avatar\/1e1956f1facbffd3f8fa53a326721950116b3b9dc9bd44939c01180fd4a745a9?s=96&d=mm&r=g\",\"contentUrl\":\"https:\/\/secure.gravatar.com\/avatar\/1e1956f1facbffd3f8fa53a326721950116b3b9dc9bd44939c01180fd4a745a9?s=96&d=mm&r=g\",\"caption\":\"Equipe G\u00e1vea News\"}}]}<\/script>\n<!-- \/ Yoast SEO Premium plugin. -->","yoast_head_json":{"title":"Mauro Cezar Pereira ironiza funcion\u00e1rio da Rede Globo por conta do jogo do Flamengo","robots":{"index":"index","follow":"follow","max-snippet":"max-snippet:-1","max-image-preview":"max-image-preview:large","max-video-preview":"max-video-preview:-1"},"canonical":"https:\/\/www.gaveanews.com\/index.php\/2022\/11\/03\/mauro-cezar-pereira-ironiza-funcionario-da-rede-globo-por-conta-do-jogo-do-flamengo\/","og_locale":"pt_BR","og_type":"article","og_title":"Mauro Cezar Pereira ironiza funcion\u00e1rio da Rede Globo por conta do jogo do Flamengo","og_description":"Mauro Cezar Pereira ficou na bronca com o ex-\u00e1rbitro Sandro Meira Ricci, que estava no comando do quadro \u201cCentral do Apito\u201d, da TV Globo, na tranmiss\u00e3o da partida entre Flamengo e Corinthians, nesta quarta-feira. No Twitter, o jornalista contestou e ironizou as an\u00e1lises de Sandro em um lance pol\u00eamico do jogo. Mauro questionou a coer\u00eancia [&hellip;]","og_url":"https:\/\/www.gaveanews.com\/index.php\/2022\/11\/03\/mauro-cezar-pereira-ironiza-funcionario-da-rede-globo-por-conta-do-jogo-do-flamengo\/","og_site_name":"G\u00e1vea News","article_publisher":"https:\/\/facebook.com\/gaveaNews\/","article_published_time":"2022-11-03T16:55:02+00:00","article_modified_time":"2024-04-07T02:04:42+00:00","og_image":[{"width":900,"height":506,"url":"https:\/\/www.gaveanews.com\/wp-content\/uploads\/Mauro-Cezar-em-participacao-na-Uol-Esporte.webp","type":"image\/png"}],"author":"Equipe G\u00e1vea News","twitter_card":"summary_large_image","twitter_misc":{"Escrito por":"Equipe G\u00e1vea News","Est. tempo de leitura":"2 minutos"},"schema":{"@context":"https:\/\/schema.org","@graph":[{"@type":"NewsArticle","@id":"https:\/\/www.gaveanews.com\/index.php\/2022\/11\/03\/mauro-cezar-pereira-ironiza-funcionario-da-rede-globo-por-conta-do-jogo-do-flamengo\/#article","isPartOf":{"@id":"https:\/\/www.gaveanews.com\/index.php\/2022\/11\/03\/mauro-cezar-pereira-ironiza-funcionario-da-rede-globo-por-conta-do-jogo-do-flamengo\/"},"author":{"name":"Equipe G\u00e1vea News","@id":"https:\/\/www.gaveanews.com\/#\/schema\/person\/2ec14f73fb96be2caf28f91afb14749d"},"headline":"Mauro Cezar Pereira ironiza funcion\u00e1rio da Rede Globo por conta do jogo do Flamengo","datePublished":"2022-11-03T16:55:02+00:00","dateModified":"2024-04-07T02:04:42+00:00","mainEntityOfPage":{"@id":"https:\/\/www.gaveanews.com\/index.php\/2022\/11\/03\/mauro-cezar-pereira-ironiza-funcionario-da-rede-globo-por-conta-do-jogo-do-flamengo\/"},"wordCount":296,"commentCount":0,"image":{"@id":"https:\/\/www.gaveanews.com\/index.php\/2022\/11\/03\/mauro-cezar-pereira-ironiza-funcionario-da-rede-globo-por-conta-do-jogo-do-flamengo\/#primaryimage"},"thumbnailUrl":"https:\/\/www.gaveanews.com\/wp-content\/uploads\/Mauro-Cezar-em-participacao-na-Uol-Esporte.webp","keywords":["Mauro Cezar Pereira"],"articleSection":["Flamengo"],"inLanguage":"pt-BR","potentialAction":[{"@type":"CommentAction","name":"Comment","target":["https:\/\/www.gaveanews.com\/index.php\/2022\/11\/03\/mauro-cezar-pereira-ironiza-funcionario-da-rede-globo-por-conta-do-jogo-do-flamengo\/#respond"]}],"copyrightYear":"2022","copyrightHolder":{"@id":"https:\/\/www.gaveanews.com\/#organization"}},{"@type":"WebPage","@id":"https:\/\/www.gaveanews.com\/index.php\/2022\/11\/03\/mauro-cezar-pereira-ironiza-funcionario-da-rede-globo-por-conta-do-jogo-do-flamengo\/","url":"https:\/\/www.gaveanews.com\/index.php\/2022\/11\/03\/mauro-cezar-pereira-ironiza-funcionario-da-rede-globo-por-conta-do-jogo-do-flamengo\/","name":"Mauro Cezar Pereira ironiza funcion\u00e1rio da Rede Globo por conta do jogo do Flamengo","isPartOf":{"@id":"https:\/\/www.gaveanews.com\/#website"},"primaryImageOfPage":{"@id":"https:\/\/www.gaveanews.com\/index.php\/2022\/11\/03\/mauro-cezar-pereira-ironiza-funcionario-da-rede-globo-por-conta-do-jogo-do-flamengo\/#primaryimage"},"image":{"@id":"https:\/\/www.gaveanews.com\/index.php\/2022\/11\/03\/mauro-cezar-pereira-ironiza-funcionario-da-rede-globo-por-conta-do-jogo-do-flamengo\/#primaryimage"},"thumbnailUrl":"https:\/\/www.gaveanews.com\/wp-content\/uploads\/Mauro-Cezar-em-participacao-na-Uol-Esporte.webp","datePublished":"2022-11-03T16:55:02+00:00","dateModified":"2024-04-07T02:04:42+00:00","author":{"@id":"https:\/\/www.gaveanews.com\/#\/schema\/person\/2ec14f73fb96be2caf28f91afb14749d"},"breadcrumb":{"@id":"https:\/\/www.gaveanews.com\/index.php\/2022\/11\/03\/mauro-cezar-pereira-ironiza-funcionario-da-rede-globo-por-conta-do-jogo-do-flamengo\/#breadcrumb"},"inLanguage":"pt-BR","potentialAction":[{"@type":"ReadAction","target":["https:\/\/www.gaveanews.com\/index.php\/2022\/11\/03\/mauro-cezar-pereira-ironiza-funcionario-da-rede-globo-por-conta-do-jogo-do-flamengo\/"]}]},{"@type":"ImageObject","inLanguage":"pt-BR","@id":"https:\/\/www.gaveanews.com\/index.php\/2022\/11\/03\/mauro-cezar-pereira-ironiza-funcionario-da-rede-globo-por-conta-do-jogo-do-flamengo\/#primaryimage","url":"https:\/\/www.gaveanews.com\/wp-content\/uploads\/Mauro-Cezar-em-participacao-na-Uol-Esporte.webp","contentUrl":"https:\/\/www.gaveanews.com\/wp-content\/uploads\/Mauro-Cezar-em-participacao-na-Uol-Esporte.webp","width":900,"height":506,"caption":"Mauro Cezar, comentarista da UOL Esporte (Foto: Reprodu\u00e7\u00e3o\/UOL Esporte)"},{"@type":"BreadcrumbList","@id":"https:\/\/www.gaveanews.com\/index.php\/2022\/11\/03\/mauro-cezar-pereira-ironiza-funcionario-da-rede-globo-por-conta-do-jogo-do-flamengo\/#breadcrumb","itemListElement":[{"@type":"ListItem","position":1,"name":"Home","item":"https:\/\/www.gaveanews.com\/"},{"@type":"ListItem","position":2,"name":"Mauro Cezar Pereira ironiza funcion\u00e1rio da Rede Globo por conta do jogo do Flamengo"}]},{"@type":"WebSite","@id":"https:\/\/www.gaveanews.com\/#website","url":"https:\/\/www.gaveanews.com\/","name":"G\u00e1vea News","description":"Veja todas as not\u00edcias sobre o Flamengo: Contrata\u00e7\u00f5es, categorias de base, resultados das partidas, tabela de classifica\u00e7\u00e3o, pr\u00f3ximos jogos!","potentialAction":[{"@type":"SearchAction","target":{"@type":"EntryPoint","urlTemplate":"https:\/\/www.gaveanews.com\/?s={search_term_string}"},"query-input":{"@type":"PropertyValueSpecification","valueRequired":true,"valueName":"search_term_string"}}],"inLanguage":"pt-BR"},{"@type":"Person","@id":"https:\/\/www.gaveanews.com\/#\/schema\/person\/2ec14f73fb96be2caf28f91afb14749d","name":"Equipe G\u00e1vea News","image":{"@type":"ImageObject","inLanguage":"pt-BR","@id":"https:\/\/www.gaveanews.com\/#\/schema\/person\/image\/","url":"https:\/\/secure.gravatar.com\/avatar\/1e1956f1facbffd3f8fa53a326721950116b3b9dc9bd44939c01180fd4a745a9?s=96&d=mm&r=g","contentUrl":"https:\/\/secure.gravatar.com\/avatar\/1e1956f1facbffd3f8fa53a326721950116b3b9dc9bd44939c01180fd4a745a9?s=96&d=mm&r=g","caption":"Equipe G\u00e1vea News"}}]}},"_links":{"self":[{"href":"https:\/\/www.gaveanews.com\/index.php\/wp-json\/wp\/v2\/posts\/90071","targetHints":{"allow":["GET"]}}],"collection":[{"href":"https:\/\/www.gaveanews.com\/index.php\/wp-json\/wp\/v2\/posts"}],"about":[{"href":"https:\/\/www.gaveanews.com\/index.php\/wp-json\/wp\/v2\/types\/post"}],"author":[{"embeddable":true,"href":"https:\/\/www.gaveanews.com\/index.php\/wp-json\/wp\/v2\/users\/1"}],"replies":[{"embeddable":true,"href":"https:\/\/www.gaveanews.com\/index.php\/wp-json\/wp\/v2\/comments?post=90071"}],"version-history":[{"count":1,"href":"https:\/\/www.gaveanews.com\/index.php\/wp-json\/wp\/v2\/posts\/90071\/revisions"}],"predecessor-version":[{"id":134567,"href":"https:\/\/www.gaveanews.com\/index.php\/wp-json\/wp\/v2\/posts\/90071\/revisions\/134567"}],"wp:featuredmedia":[{"embeddable":true,"href":"https:\/\/www.gaveanews.com\/index.php\/wp-json\/wp\/v2\/media\/56367"}],"wp:attachment":[{"href":"https:\/\/www.gaveanews.com\/index.php\/wp-json\/wp\/v2\/media?parent=90071"}],"wp:term":[{"taxonomy":"category","embeddable":true,"href":"https:\/\/www.gaveanews.com\/index.php\/wp-json\/wp\/v2\/categories?post=90071"},{"taxonomy":"post_tag","embeddable":true,"href":"https:\/\/www.gaveanews.com\/index.php\/wp-json\/wp\/v2\/tags?post=90071"}],"curies":[{"name":"wp","href":"https:\/\/api.w.org\/{rel}","templated":true}]}}