{"id":90080,"date":"2022-11-03T14:23:28","date_gmt":"2022-11-03T17:23:28","guid":{"rendered":"https:\/\/www.gaveanews.com\/?p=90080"},"modified":"2022-11-03T14:23:46","modified_gmt":"2022-11-03T17:23:46","slug":"manchester-city-e-real-madrid-disputam-a-contratacao-de-atacante-do-flamengo","status":"publish","type":"post","link":"https:\/\/www.gaveanews.com\/index.php\/2022\/11\/03\/manchester-city-e-real-madrid-disputam-a-contratacao-de-atacante-do-flamengo\/","title":{"rendered":"Manchester City e Real Madrid disputam a contrata\u00e7\u00e3o de atacante do Flamengo"},"content":{"rendered":"\n<p>O atacante Matheus Fran\u00e7a, autor do gol do Flamengo na derrota para o Corinthians por 2 x 1, \u00e9 considerado uma das grandes promessas do Rubro-Negro e do futebol brasileiro.<\/p>\n\n\n\n<p>Com apenas 18 anos, o jovem atrai o interesse de potencias europeias como o Manchester City de Pep Guardiola, e j\u00e1 recebeu sondagens de Bayer Leverkusen e Real Madrid. Com isso, o Flamengo ampliou seu contrato at\u00e9 2027 com multa rescis\u00f3ria avaliada em cerca de 100 milh\u00f5es de euros (R$ 506 milh\u00f5es).<\/p>\n\n\n\n<p>Desde sua estreia no elenco principal do clube da G\u00e1vea no in\u00edcio deste ano, Matheus Fran\u00e7a j\u00e1 entrou em campo 21 vezes, marcando seis gols e contribuindo com duas assist\u00eancias em 732 minutos jogados.<\/p>\n\n\n\n<p>Al\u00e9m disso, vale destacar que em mar\u00e7o o atacante do Flamengo ficou na 43\u00aa posi\u00e7\u00e3o na lista NXGN 2022, que elege as 50 maiores promessas do futebol mundial. Os outros brasileiros que figuraram na lista foram os atacantes Marcos Leonardo, do Santos, Endrick, do Palmeiras, e Kaiky, do Almer\u00eda.<\/p>\n\n\n\n<p>Retirado de: Metr\u00f3poles<\/p>\n","protected":false},"excerpt":{"rendered":"<p>O atacante Matheus Fran\u00e7a, autor do gol do Flamengo na derrota para o Corinthians por 2 x 1, \u00e9 considerado uma das grandes promessas do Rubro-Negro e do futebol brasileiro. Com apenas 18 anos, o jovem atrai o interesse de potencias europeias como o Manchester City de Pep Guardiola, e j\u00e1 recebeu sondagens de Bayer [&hellip;]<\/p>\n","protected":false},"author":1,"featured_media":84429,"comment_status":"open","ping_status":"closed","sticky":false,"template":"","format":"standard","meta":{"footnotes":""},"categories":[48],"tags":[],"class_list":["post-90080","post","type-post","status-publish","format-standard","has-post-thumbnail","hentry","category-negociacoes"],"yoast_head":"<!-- This site is optimized with the Yoast SEO Premium plugin v24.2 (Yoast SEO v26.9) - https:\/\/yoast.com\/product\/yoast-seo-premium-wordpress\/ -->\n<title>Manchester City e Real Madrid disputam a contrata\u00e7\u00e3o de atacante do Flamengo<\/title>\n<meta name=\"description\" content=\"O Flamengo ampliou seu contrato at\u00e9 2027 com multa rescis\u00f3ria avaliada em cerca de 100 milh\u00f5es de euros (R$ 506 milh\u00f5es).\" \/>\n<meta name=\"robots\" content=\"index, follow, max-snippet:-1, max-image-preview:large, max-video-preview:-1\" \/>\n<link rel=\"canonical\" href=\"https:\/\/www.gaveanews.com\/index.php\/2022\/11\/03\/manchester-city-e-real-madrid-disputam-a-contratacao-de-atacante-do-flamengo\/\" \/>\n<meta property=\"og:locale\" content=\"pt_BR\" \/>\n<meta property=\"og:type\" content=\"article\" \/>\n<meta property=\"og:title\" content=\"Manchester City e Real Madrid disputam a contrata\u00e7\u00e3o de atacante do Flamengo\" \/>\n<meta property=\"og:description\" content=\"O Flamengo ampliou seu contrato at\u00e9 2027 com multa rescis\u00f3ria avaliada em cerca de 100 milh\u00f5es de euros (R$ 506 milh\u00f5es).\" \/>\n<meta property=\"og:url\" content=\"https:\/\/www.gaveanews.com\/index.php\/2022\/11\/03\/manchester-city-e-real-madrid-disputam-a-contratacao-de-atacante-do-flamengo\/\" \/>\n<meta property=\"og:site_name\" content=\"G\u00e1vea News\" \/>\n<meta property=\"article:publisher\" content=\"https:\/\/facebook.com\/gaveaNews\/\" \/>\n<meta property=\"article:published_time\" content=\"2022-11-03T17:23:28+00:00\" \/>\n<meta property=\"article:modified_time\" content=\"2022-11-03T17:23:46+00:00\" \/>\n<meta property=\"og:image\" content=\"https:\/\/www.gaveanews.com\/wp-content\/uploads\/Matheus-Franca-comemora-gol-marcado-pelo-Flamengo-contra-o-Tolima-na-Libertadores.webp\" \/>\n\t<meta property=\"og:image:width\" content=\"800\" \/>\n\t<meta property=\"og:image:height\" content=\"533\" \/>\n\t<meta property=\"og:image:type\" content=\"image\/jpeg\" \/>\n<meta name=\"author\" content=\"Equipe G\u00e1vea News\" \/>\n<meta name=\"twitter:card\" content=\"summary_large_image\" \/>\n<meta name=\"twitter:label1\" content=\"Escrito por\" \/>\n\t<meta name=\"twitter:data1\" content=\"Equipe G\u00e1vea News\" \/>\n\t<meta name=\"twitter:label2\" content=\"Est. tempo de leitura\" \/>\n\t<meta name=\"twitter:data2\" content=\"1 minuto\" \/>\n<script type=\"application\/ld+json\" class=\"yoast-schema-graph\">{\"@context\":\"https:\/\/schema.org\",\"@graph\":[{\"@type\":\"NewsArticle\",\"@id\":\"https:\/\/www.gaveanews.com\/index.php\/2022\/11\/03\/manchester-city-e-real-madrid-disputam-a-contratacao-de-atacante-do-flamengo\/#article\",\"isPartOf\":{\"@id\":\"https:\/\/www.gaveanews.com\/index.php\/2022\/11\/03\/manchester-city-e-real-madrid-disputam-a-contratacao-de-atacante-do-flamengo\/\"},\"author\":{\"name\":\"Equipe G\u00e1vea News\",\"@id\":\"https:\/\/www.gaveanews.com\/#\/schema\/person\/2ec14f73fb96be2caf28f91afb14749d\"},\"headline\":\"Manchester City e Real Madrid disputam a contrata\u00e7\u00e3o de atacante do Flamengo\",\"datePublished\":\"2022-11-03T17:23:28+00:00\",\"dateModified\":\"2022-11-03T17:23:46+00:00\",\"mainEntityOfPage\":{\"@id\":\"https:\/\/www.gaveanews.com\/index.php\/2022\/11\/03\/manchester-city-e-real-madrid-disputam-a-contratacao-de-atacante-do-flamengo\/\"},\"wordCount\":182,\"commentCount\":0,\"image\":{\"@id\":\"https:\/\/www.gaveanews.com\/index.php\/2022\/11\/03\/manchester-city-e-real-madrid-disputam-a-contratacao-de-atacante-do-flamengo\/#primaryimage\"},\"thumbnailUrl\":\"https:\/\/www.gaveanews.com\/wp-content\/uploads\/Matheus-Franca-comemora-gol-marcado-pelo-Flamengo-contra-o-Tolima-na-Libertadores.webp\",\"articleSection\":[\"Negocia\u00e7\u00f5es\"],\"inLanguage\":\"pt-BR\",\"potentialAction\":[{\"@type\":\"CommentAction\",\"name\":\"Comment\",\"target\":[\"https:\/\/www.gaveanews.com\/index.php\/2022\/11\/03\/manchester-city-e-real-madrid-disputam-a-contratacao-de-atacante-do-flamengo\/#respond\"]}],\"copyrightYear\":\"2022\",\"copyrightHolder\":{\"@id\":\"https:\/\/www.gaveanews.com\/#organization\"}},{\"@type\":\"WebPage\",\"@id\":\"https:\/\/www.gaveanews.com\/index.php\/2022\/11\/03\/manchester-city-e-real-madrid-disputam-a-contratacao-de-atacante-do-flamengo\/\",\"url\":\"https:\/\/www.gaveanews.com\/index.php\/2022\/11\/03\/manchester-city-e-real-madrid-disputam-a-contratacao-de-atacante-do-flamengo\/\",\"name\":\"Manchester City e Real Madrid disputam a contrata\u00e7\u00e3o de atacante do Flamengo\",\"isPartOf\":{\"@id\":\"https:\/\/www.gaveanews.com\/#website\"},\"primaryImageOfPage\":{\"@id\":\"https:\/\/www.gaveanews.com\/index.php\/2022\/11\/03\/manchester-city-e-real-madrid-disputam-a-contratacao-de-atacante-do-flamengo\/#primaryimage\"},\"image\":{\"@id\":\"https:\/\/www.gaveanews.com\/index.php\/2022\/11\/03\/manchester-city-e-real-madrid-disputam-a-contratacao-de-atacante-do-flamengo\/#primaryimage\"},\"thumbnailUrl\":\"https:\/\/www.gaveanews.com\/wp-content\/uploads\/Matheus-Franca-comemora-gol-marcado-pelo-Flamengo-contra-o-Tolima-na-Libertadores.webp\",\"datePublished\":\"2022-11-03T17:23:28+00:00\",\"dateModified\":\"2022-11-03T17:23:46+00:00\",\"author\":{\"@id\":\"https:\/\/www.gaveanews.com\/#\/schema\/person\/2ec14f73fb96be2caf28f91afb14749d\"},\"description\":\"O Flamengo ampliou seu contrato at\u00e9 2027 com multa rescis\u00f3ria avaliada em cerca de 100 milh\u00f5es de euros (R$ 506 milh\u00f5es).\",\"breadcrumb\":{\"@id\":\"https:\/\/www.gaveanews.com\/index.php\/2022\/11\/03\/manchester-city-e-real-madrid-disputam-a-contratacao-de-atacante-do-flamengo\/#breadcrumb\"},\"inLanguage\":\"pt-BR\",\"potentialAction\":[{\"@type\":\"ReadAction\",\"target\":[\"https:\/\/www.gaveanews.com\/index.php\/2022\/11\/03\/manchester-city-e-real-madrid-disputam-a-contratacao-de-atacante-do-flamengo\/\"]}]},{\"@type\":\"ImageObject\",\"inLanguage\":\"pt-BR\",\"@id\":\"https:\/\/www.gaveanews.com\/index.php\/2022\/11\/03\/manchester-city-e-real-madrid-disputam-a-contratacao-de-atacante-do-flamengo\/#primaryimage\",\"url\":\"https:\/\/www.gaveanews.com\/wp-content\/uploads\/Matheus-Franca-comemora-gol-marcado-pelo-Flamengo-contra-o-Tolima-na-Libertadores.webp\",\"contentUrl\":\"https:\/\/www.gaveanews.com\/wp-content\/uploads\/Matheus-Franca-comemora-gol-marcado-pelo-Flamengo-contra-o-Tolima-na-Libertadores.webp\",\"width\":800,\"height\":533,\"caption\":\"Matheus Fran\u00e7a comemora gol marcado pelo Flamengo contra o Tolima na Libertadores (Foto: Marcelo Cortes\/Flamengo)\"},{\"@type\":\"BreadcrumbList\",\"@id\":\"https:\/\/www.gaveanews.com\/index.php\/2022\/11\/03\/manchester-city-e-real-madrid-disputam-a-contratacao-de-atacante-do-flamengo\/#breadcrumb\",\"itemListElement\":[{\"@type\":\"ListItem\",\"position\":1,\"name\":\"Home\",\"item\":\"https:\/\/www.gaveanews.com\/\"},{\"@type\":\"ListItem\",\"position\":2,\"name\":\"Manchester City e Real Madrid disputam a contrata\u00e7\u00e3o de atacante do Flamengo\"}]},{\"@type\":\"WebSite\",\"@id\":\"https:\/\/www.gaveanews.com\/#website\",\"url\":\"https:\/\/www.gaveanews.com\/\",\"name\":\"G\u00e1vea News\",\"description\":\"Veja todas as not\u00edcias sobre o Flamengo: Contrata\u00e7\u00f5es, categorias de base, resultados das partidas, tabela de classifica\u00e7\u00e3o, pr\u00f3ximos jogos!\",\"potentialAction\":[{\"@type\":\"SearchAction\",\"target\":{\"@type\":\"EntryPoint\",\"urlTemplate\":\"https:\/\/www.gaveanews.com\/?s={search_term_string}\"},\"query-input\":{\"@type\":\"PropertyValueSpecification\",\"valueRequired\":true,\"valueName\":\"search_term_string\"}}],\"inLanguage\":\"pt-BR\"},{\"@type\":\"Person\",\"@id\":\"https:\/\/www.gaveanews.com\/#\/schema\/person\/2ec14f73fb96be2caf28f91afb14749d\",\"name\":\"Equipe G\u00e1vea News\",\"image\":{\"@type\":\"ImageObject\",\"inLanguage\":\"pt-BR\",\"@id\":\"https:\/\/www.gaveanews.com\/#\/schema\/person\/image\/\",\"url\":\"https:\/\/secure.gravatar.com\/avatar\/1e1956f1facbffd3f8fa53a326721950116b3b9dc9bd44939c01180fd4a745a9?s=96&d=mm&r=g\",\"contentUrl\":\"https:\/\/secure.gravatar.com\/avatar\/1e1956f1facbffd3f8fa53a326721950116b3b9dc9bd44939c01180fd4a745a9?s=96&d=mm&r=g\",\"caption\":\"Equipe G\u00e1vea News\"}}]}<\/script>\n<!-- \/ Yoast SEO Premium plugin. -->","yoast_head_json":{"title":"Manchester City e Real Madrid disputam a contrata\u00e7\u00e3o de atacante do Flamengo","description":"O Flamengo ampliou seu contrato at\u00e9 2027 com multa rescis\u00f3ria avaliada em cerca de 100 milh\u00f5es de euros (R$ 506 milh\u00f5es).","robots":{"index":"index","follow":"follow","max-snippet":"max-snippet:-1","max-image-preview":"max-image-preview:large","max-video-preview":"max-video-preview:-1"},"canonical":"https:\/\/www.gaveanews.com\/index.php\/2022\/11\/03\/manchester-city-e-real-madrid-disputam-a-contratacao-de-atacante-do-flamengo\/","og_locale":"pt_BR","og_type":"article","og_title":"Manchester City e Real Madrid disputam a contrata\u00e7\u00e3o de atacante do Flamengo","og_description":"O Flamengo ampliou seu contrato at\u00e9 2027 com multa rescis\u00f3ria avaliada em cerca de 100 milh\u00f5es de euros (R$ 506 milh\u00f5es).","og_url":"https:\/\/www.gaveanews.com\/index.php\/2022\/11\/03\/manchester-city-e-real-madrid-disputam-a-contratacao-de-atacante-do-flamengo\/","og_site_name":"G\u00e1vea News","article_publisher":"https:\/\/facebook.com\/gaveaNews\/","article_published_time":"2022-11-03T17:23:28+00:00","article_modified_time":"2022-11-03T17:23:46+00:00","og_image":[{"width":800,"height":533,"url":"https:\/\/www.gaveanews.com\/wp-content\/uploads\/Matheus-Franca-comemora-gol-marcado-pelo-Flamengo-contra-o-Tolima-na-Libertadores.webp","type":"image\/jpeg"}],"author":"Equipe G\u00e1vea News","twitter_card":"summary_large_image","twitter_misc":{"Escrito por":"Equipe G\u00e1vea News","Est. tempo de leitura":"1 minuto"},"schema":{"@context":"https:\/\/schema.org","@graph":[{"@type":"NewsArticle","@id":"https:\/\/www.gaveanews.com\/index.php\/2022\/11\/03\/manchester-city-e-real-madrid-disputam-a-contratacao-de-atacante-do-flamengo\/#article","isPartOf":{"@id":"https:\/\/www.gaveanews.com\/index.php\/2022\/11\/03\/manchester-city-e-real-madrid-disputam-a-contratacao-de-atacante-do-flamengo\/"},"author":{"name":"Equipe G\u00e1vea News","@id":"https:\/\/www.gaveanews.com\/#\/schema\/person\/2ec14f73fb96be2caf28f91afb14749d"},"headline":"Manchester City e Real Madrid disputam a contrata\u00e7\u00e3o de atacante do Flamengo","datePublished":"2022-11-03T17:23:28+00:00","dateModified":"2022-11-03T17:23:46+00:00","mainEntityOfPage":{"@id":"https:\/\/www.gaveanews.com\/index.php\/2022\/11\/03\/manchester-city-e-real-madrid-disputam-a-contratacao-de-atacante-do-flamengo\/"},"wordCount":182,"commentCount":0,"image":{"@id":"https:\/\/www.gaveanews.com\/index.php\/2022\/11\/03\/manchester-city-e-real-madrid-disputam-a-contratacao-de-atacante-do-flamengo\/#primaryimage"},"thumbnailUrl":"https:\/\/www.gaveanews.com\/wp-content\/uploads\/Matheus-Franca-comemora-gol-marcado-pelo-Flamengo-contra-o-Tolima-na-Libertadores.webp","articleSection":["Negocia\u00e7\u00f5es"],"inLanguage":"pt-BR","potentialAction":[{"@type":"CommentAction","name":"Comment","target":["https:\/\/www.gaveanews.com\/index.php\/2022\/11\/03\/manchester-city-e-real-madrid-disputam-a-contratacao-de-atacante-do-flamengo\/#respond"]}],"copyrightYear":"2022","copyrightHolder":{"@id":"https:\/\/www.gaveanews.com\/#organization"}},{"@type":"WebPage","@id":"https:\/\/www.gaveanews.com\/index.php\/2022\/11\/03\/manchester-city-e-real-madrid-disputam-a-contratacao-de-atacante-do-flamengo\/","url":"https:\/\/www.gaveanews.com\/index.php\/2022\/11\/03\/manchester-city-e-real-madrid-disputam-a-contratacao-de-atacante-do-flamengo\/","name":"Manchester City e Real Madrid disputam a contrata\u00e7\u00e3o de atacante do Flamengo","isPartOf":{"@id":"https:\/\/www.gaveanews.com\/#website"},"primaryImageOfPage":{"@id":"https:\/\/www.gaveanews.com\/index.php\/2022\/11\/03\/manchester-city-e-real-madrid-disputam-a-contratacao-de-atacante-do-flamengo\/#primaryimage"},"image":{"@id":"https:\/\/www.gaveanews.com\/index.php\/2022\/11\/03\/manchester-city-e-real-madrid-disputam-a-contratacao-de-atacante-do-flamengo\/#primaryimage"},"thumbnailUrl":"https:\/\/www.gaveanews.com\/wp-content\/uploads\/Matheus-Franca-comemora-gol-marcado-pelo-Flamengo-contra-o-Tolima-na-Libertadores.webp","datePublished":"2022-11-03T17:23:28+00:00","dateModified":"2022-11-03T17:23:46+00:00","author":{"@id":"https:\/\/www.gaveanews.com\/#\/schema\/person\/2ec14f73fb96be2caf28f91afb14749d"},"description":"O Flamengo ampliou seu contrato at\u00e9 2027 com multa rescis\u00f3ria avaliada em cerca de 100 milh\u00f5es de euros (R$ 506 milh\u00f5es).","breadcrumb":{"@id":"https:\/\/www.gaveanews.com\/index.php\/2022\/11\/03\/manchester-city-e-real-madrid-disputam-a-contratacao-de-atacante-do-flamengo\/#breadcrumb"},"inLanguage":"pt-BR","potentialAction":[{"@type":"ReadAction","target":["https:\/\/www.gaveanews.com\/index.php\/2022\/11\/03\/manchester-city-e-real-madrid-disputam-a-contratacao-de-atacante-do-flamengo\/"]}]},{"@type":"ImageObject","inLanguage":"pt-BR","@id":"https:\/\/www.gaveanews.com\/index.php\/2022\/11\/03\/manchester-city-e-real-madrid-disputam-a-contratacao-de-atacante-do-flamengo\/#primaryimage","url":"https:\/\/www.gaveanews.com\/wp-content\/uploads\/Matheus-Franca-comemora-gol-marcado-pelo-Flamengo-contra-o-Tolima-na-Libertadores.webp","contentUrl":"https:\/\/www.gaveanews.com\/wp-content\/uploads\/Matheus-Franca-comemora-gol-marcado-pelo-Flamengo-contra-o-Tolima-na-Libertadores.webp","width":800,"height":533,"caption":"Matheus Fran\u00e7a comemora gol marcado pelo Flamengo contra o Tolima na Libertadores (Foto: Marcelo Cortes\/Flamengo)"},{"@type":"BreadcrumbList","@id":"https:\/\/www.gaveanews.com\/index.php\/2022\/11\/03\/manchester-city-e-real-madrid-disputam-a-contratacao-de-atacante-do-flamengo\/#breadcrumb","itemListElement":[{"@type":"ListItem","position":1,"name":"Home","item":"https:\/\/www.gaveanews.com\/"},{"@type":"ListItem","position":2,"name":"Manchester City e Real Madrid disputam a contrata\u00e7\u00e3o de atacante do Flamengo"}]},{"@type":"WebSite","@id":"https:\/\/www.gaveanews.com\/#website","url":"https:\/\/www.gaveanews.com\/","name":"G\u00e1vea News","description":"Veja todas as not\u00edcias sobre o Flamengo: Contrata\u00e7\u00f5es, categorias de base, resultados das partidas, tabela de classifica\u00e7\u00e3o, pr\u00f3ximos jogos!","potentialAction":[{"@type":"SearchAction","target":{"@type":"EntryPoint","urlTemplate":"https:\/\/www.gaveanews.com\/?s={search_term_string}"},"query-input":{"@type":"PropertyValueSpecification","valueRequired":true,"valueName":"search_term_string"}}],"inLanguage":"pt-BR"},{"@type":"Person","@id":"https:\/\/www.gaveanews.com\/#\/schema\/person\/2ec14f73fb96be2caf28f91afb14749d","name":"Equipe G\u00e1vea News","image":{"@type":"ImageObject","inLanguage":"pt-BR","@id":"https:\/\/www.gaveanews.com\/#\/schema\/person\/image\/","url":"https:\/\/secure.gravatar.com\/avatar\/1e1956f1facbffd3f8fa53a326721950116b3b9dc9bd44939c01180fd4a745a9?s=96&d=mm&r=g","contentUrl":"https:\/\/secure.gravatar.com\/avatar\/1e1956f1facbffd3f8fa53a326721950116b3b9dc9bd44939c01180fd4a745a9?s=96&d=mm&r=g","caption":"Equipe G\u00e1vea News"}}]}},"_links":{"self":[{"href":"https:\/\/www.gaveanews.com\/index.php\/wp-json\/wp\/v2\/posts\/90080","targetHints":{"allow":["GET"]}}],"collection":[{"href":"https:\/\/www.gaveanews.com\/index.php\/wp-json\/wp\/v2\/posts"}],"about":[{"href":"https:\/\/www.gaveanews.com\/index.php\/wp-json\/wp\/v2\/types\/post"}],"author":[{"embeddable":true,"href":"https:\/\/www.gaveanews.com\/index.php\/wp-json\/wp\/v2\/users\/1"}],"replies":[{"embeddable":true,"href":"https:\/\/www.gaveanews.com\/index.php\/wp-json\/wp\/v2\/comments?post=90080"}],"version-history":[{"count":0,"href":"https:\/\/www.gaveanews.com\/index.php\/wp-json\/wp\/v2\/posts\/90080\/revisions"}],"wp:featuredmedia":[{"embeddable":true,"href":"https:\/\/www.gaveanews.com\/index.php\/wp-json\/wp\/v2\/media\/84429"}],"wp:attachment":[{"href":"https:\/\/www.gaveanews.com\/index.php\/wp-json\/wp\/v2\/media?parent=90080"}],"wp:term":[{"taxonomy":"category","embeddable":true,"href":"https:\/\/www.gaveanews.com\/index.php\/wp-json\/wp\/v2\/categories?post=90080"},{"taxonomy":"post_tag","embeddable":true,"href":"https:\/\/www.gaveanews.com\/index.php\/wp-json\/wp\/v2\/tags?post=90080"}],"curies":[{"name":"wp","href":"https:\/\/api.w.org\/{rel}","templated":true}]}}