{"id":90088,"date":"2022-11-03T18:03:57","date_gmt":"2022-11-03T21:03:57","guid":{"rendered":"https:\/\/www.gaveanews.com\/?p=90088"},"modified":"2022-11-03T18:04:00","modified_gmt":"2022-11-03T21:04:00","slug":"diretora-do-flamengo-emite-nota-oficial-e-pede-desculpas","status":"publish","type":"post","link":"https:\/\/www.gaveanews.com\/index.php\/2022\/11\/03\/diretora-do-flamengo-emite-nota-oficial-e-pede-desculpas\/","title":{"rendered":"Diretora do Flamengo emite nota oficial e pede desculpas"},"content":{"rendered":"\n<p>\u00c2ngela Machado, esposa do presidente do Flamengo, Rodolfo Landim, se pronunciou pela primeira vez ap\u00f3s ataques a nordestinos nas redes sociais. Em publica\u00e7\u00e3o via Instagram, no perfil pessoal, a diretora de responsabilidade social do clube pediu desculpas pelo ocorrido.<\/p>\n\n\n\n<p>Na segunda-feira, ap\u00f3s o resultado final das elei\u00e7\u00f5es presidenciais, \u00c2ngela atacou nordestinos em publica\u00e7\u00e3o na pr\u00f3pria rede social. A postagem foi alvo de muitas cr\u00edticas, mas o Flamengo, na figura de Landim, optou por n\u00e3o se pronunciar.<\/p>\n\n\n\n<p>Nesta quarta-feira, a Delegacia de Crimes Raciais e Delitos de Intoler\u00e2ncia (Decradi) acatou uma den\u00fancia contra a diretora e promete ouv\u00ed-la nas pr\u00f3ximas semanas. \u00c2ngela \u00e9 natural do Sergipe, um estado da regi\u00e3o Nordeste.<\/p>\n\n\n\n<figure class=\"wp-block-image size-large\"><img decoding=\"async\" src=\"https:\/\/www.lance.com.br\/files\/article_main\/uploads\/2022\/11\/03\/63640965e5109.webp\" alt=\"\"\/><figcaption class=\"wp-element-caption\">Esposa do presidente do clube utilizou as redes sociais para pedir desculpas (Foto: Reprodu\u00e7\u00e3o\/Instagram)<\/figcaption><\/figure>\n\n\n\n<h2 class=\"wp-block-heading\" id=\"h-veja-a-nota-completa-abaixo\">Veja a nota completa abaixo:<\/h2>\n\n\n\n<p><em>Me chamo \u00c2ngela Machado, nascida e criada em Aracaju, Sergipe, onde vivi por mais de 28 anos. L\u00e1, ainda vivem minha m\u00e3e e parentes, al\u00e9m de muitos amigos sergipanos. Tenho muito orgulho da minha cidade e de ser nordestina.<\/em><\/p>\n\n\n\n<p><em>Ao menos tr\u00eas vezes por ano vou com meus filhos e meu marido para minha cidade natal. Al\u00e9m de outras cidades do nordeste.<\/em><\/p>\n\n\n\n<p><em>No \u00faltimo fim de semana, ap\u00f3s as elei\u00e7\u00f5es, circularam muitas postagens com reclama\u00e7\u00f5es sobre o resultado das urnas. N\u00e3o escrevi nenhuma dessas postagens que circularam. Mas, no calor da situa\u00e7\u00e3o, compartilhei algumas mensagens e postagens e, entre elas, havia uma que citava de forma preconceituosa os meus conterr\u00e2neos nordestinos.<\/em><\/p>\n\n\n\n<p><em>Pe\u00e7o desculpas pelo meu erro, reconhe\u00e7o e respeito o processo democr\u00e1tico e o resultado das urnas. E tor\u00e7o para que o pr\u00f3ximo governo tenha \u00eaxito pelo bem do nosso pa\u00eds, independente de qualquer ideologia.<\/em><\/p>\n\n\n\n<p><em>Pe\u00e7o desculpas tamb\u00e9m ao povo nordestino, aos sergipanos e a todos que, de alguma forma, feri com meus atos. E, inclusive minha fam\u00edlia, com quem me desculpei diretamente.<\/em><\/p>\n\n\n\n<p>Retirado de: Lance<\/p>\n","protected":false},"excerpt":{"rendered":"<p>\u00c2ngela Machado, esposa do presidente do Flamengo, Rodolfo Landim, se pronunciou pela primeira vez ap\u00f3s ataques a nordestinos nas redes sociais. Em publica\u00e7\u00e3o via Instagram, no perfil pessoal, a diretora de responsabilidade social do clube pediu desculpas pelo ocorrido. Na segunda-feira, ap\u00f3s o resultado final das elei\u00e7\u00f5es presidenciais, \u00c2ngela atacou nordestinos em publica\u00e7\u00e3o na pr\u00f3pria [&hellip;]<\/p>\n","protected":false},"author":1,"featured_media":15081,"comment_status":"open","ping_status":"closed","sticky":false,"template":"","format":"standard","meta":{"footnotes":""},"categories":[1],"tags":[],"class_list":["post-90088","post","type-post","status-publish","format-standard","has-post-thumbnail","hentry","category-flamengo"],"yoast_head":"<!-- This site is optimized with the Yoast SEO Premium plugin v24.2 (Yoast SEO v26.9) - https:\/\/yoast.com\/product\/yoast-seo-premium-wordpress\/ -->\n<title>Diretora do Flamengo emite nota oficial e pede desculpas<\/title>\n<meta name=\"robots\" content=\"index, follow, max-snippet:-1, max-image-preview:large, max-video-preview:-1\" \/>\n<link rel=\"canonical\" href=\"https:\/\/www.gaveanews.com\/index.php\/2022\/11\/03\/diretora-do-flamengo-emite-nota-oficial-e-pede-desculpas\/\" \/>\n<meta property=\"og:locale\" content=\"pt_BR\" \/>\n<meta property=\"og:type\" content=\"article\" \/>\n<meta property=\"og:title\" content=\"Diretora do Flamengo emite nota oficial e pede desculpas\" \/>\n<meta property=\"og:description\" content=\"\u00c2ngela Machado, esposa do presidente do Flamengo, Rodolfo Landim, se pronunciou pela primeira vez ap\u00f3s ataques a nordestinos nas redes sociais. Em publica\u00e7\u00e3o via Instagram, no perfil pessoal, a diretora de responsabilidade social do clube pediu desculpas pelo ocorrido. Na segunda-feira, ap\u00f3s o resultado final das elei\u00e7\u00f5es presidenciais, \u00c2ngela atacou nordestinos em publica\u00e7\u00e3o na pr\u00f3pria [&hellip;]\" \/>\n<meta property=\"og:url\" content=\"https:\/\/www.gaveanews.com\/index.php\/2022\/11\/03\/diretora-do-flamengo-emite-nota-oficial-e-pede-desculpas\/\" \/>\n<meta property=\"og:site_name\" content=\"G\u00e1vea News\" \/>\n<meta property=\"article:publisher\" content=\"https:\/\/facebook.com\/gaveaNews\/\" \/>\n<meta property=\"article:published_time\" content=\"2022-11-03T21:03:57+00:00\" \/>\n<meta property=\"article:modified_time\" content=\"2022-11-03T21:04:00+00:00\" \/>\n<meta property=\"og:image\" content=\"https:\/\/www.gaveanews.com\/wp-content\/uploads\/2019\/03\/Escudo-do-Flamengo-e-exposto-proximo-a-um-dos-gols-no-gramado-do-Maracana.webp\" \/>\n\t<meta property=\"og:image:width\" content=\"1\" \/>\n\t<meta property=\"og:image:height\" content=\"1\" \/>\n\t<meta property=\"og:image:type\" content=\"image\/jpeg\" \/>\n<meta name=\"author\" content=\"Equipe G\u00e1vea News\" \/>\n<meta name=\"twitter:card\" content=\"summary_large_image\" \/>\n<meta name=\"twitter:label1\" content=\"Escrito por\" \/>\n\t<meta name=\"twitter:data1\" content=\"Equipe G\u00e1vea News\" \/>\n\t<meta name=\"twitter:label2\" content=\"Est. tempo de leitura\" \/>\n\t<meta name=\"twitter:data2\" content=\"2 minutos\" \/>\n<script type=\"application\/ld+json\" class=\"yoast-schema-graph\">{\"@context\":\"https:\/\/schema.org\",\"@graph\":[{\"@type\":\"NewsArticle\",\"@id\":\"https:\/\/www.gaveanews.com\/index.php\/2022\/11\/03\/diretora-do-flamengo-emite-nota-oficial-e-pede-desculpas\/#article\",\"isPartOf\":{\"@id\":\"https:\/\/www.gaveanews.com\/index.php\/2022\/11\/03\/diretora-do-flamengo-emite-nota-oficial-e-pede-desculpas\/\"},\"author\":{\"name\":\"Equipe G\u00e1vea News\",\"@id\":\"https:\/\/www.gaveanews.com\/#\/schema\/person\/2ec14f73fb96be2caf28f91afb14749d\"},\"headline\":\"Diretora do Flamengo emite nota oficial e pede desculpas\",\"datePublished\":\"2022-11-03T21:03:57+00:00\",\"dateModified\":\"2022-11-03T21:04:00+00:00\",\"mainEntityOfPage\":{\"@id\":\"https:\/\/www.gaveanews.com\/index.php\/2022\/11\/03\/diretora-do-flamengo-emite-nota-oficial-e-pede-desculpas\/\"},\"wordCount\":346,\"commentCount\":0,\"image\":{\"@id\":\"https:\/\/www.gaveanews.com\/index.php\/2022\/11\/03\/diretora-do-flamengo-emite-nota-oficial-e-pede-desculpas\/#primaryimage\"},\"thumbnailUrl\":\"https:\/\/www.gaveanews.com\/wp-content\/uploads\/2019\/03\/Escudo-do-Flamengo-e-exposto-proximo-a-um-dos-gols-no-gramado-do-Maracana.webp\",\"articleSection\":[\"Flamengo\"],\"inLanguage\":\"pt-BR\",\"potentialAction\":[{\"@type\":\"CommentAction\",\"name\":\"Comment\",\"target\":[\"https:\/\/www.gaveanews.com\/index.php\/2022\/11\/03\/diretora-do-flamengo-emite-nota-oficial-e-pede-desculpas\/#respond\"]}],\"copyrightYear\":\"2022\",\"copyrightHolder\":{\"@id\":\"https:\/\/www.gaveanews.com\/#organization\"}},{\"@type\":\"WebPage\",\"@id\":\"https:\/\/www.gaveanews.com\/index.php\/2022\/11\/03\/diretora-do-flamengo-emite-nota-oficial-e-pede-desculpas\/\",\"url\":\"https:\/\/www.gaveanews.com\/index.php\/2022\/11\/03\/diretora-do-flamengo-emite-nota-oficial-e-pede-desculpas\/\",\"name\":\"Diretora do Flamengo emite nota oficial e pede desculpas\",\"isPartOf\":{\"@id\":\"https:\/\/www.gaveanews.com\/#website\"},\"primaryImageOfPage\":{\"@id\":\"https:\/\/www.gaveanews.com\/index.php\/2022\/11\/03\/diretora-do-flamengo-emite-nota-oficial-e-pede-desculpas\/#primaryimage\"},\"image\":{\"@id\":\"https:\/\/www.gaveanews.com\/index.php\/2022\/11\/03\/diretora-do-flamengo-emite-nota-oficial-e-pede-desculpas\/#primaryimage\"},\"thumbnailUrl\":\"https:\/\/www.gaveanews.com\/wp-content\/uploads\/2019\/03\/Escudo-do-Flamengo-e-exposto-proximo-a-um-dos-gols-no-gramado-do-Maracana.webp\",\"datePublished\":\"2022-11-03T21:03:57+00:00\",\"dateModified\":\"2022-11-03T21:04:00+00:00\",\"author\":{\"@id\":\"https:\/\/www.gaveanews.com\/#\/schema\/person\/2ec14f73fb96be2caf28f91afb14749d\"},\"breadcrumb\":{\"@id\":\"https:\/\/www.gaveanews.com\/index.php\/2022\/11\/03\/diretora-do-flamengo-emite-nota-oficial-e-pede-desculpas\/#breadcrumb\"},\"inLanguage\":\"pt-BR\",\"potentialAction\":[{\"@type\":\"ReadAction\",\"target\":[\"https:\/\/www.gaveanews.com\/index.php\/2022\/11\/03\/diretora-do-flamengo-emite-nota-oficial-e-pede-desculpas\/\"]}]},{\"@type\":\"ImageObject\",\"inLanguage\":\"pt-BR\",\"@id\":\"https:\/\/www.gaveanews.com\/index.php\/2022\/11\/03\/diretora-do-flamengo-emite-nota-oficial-e-pede-desculpas\/#primaryimage\",\"url\":\"https:\/\/www.gaveanews.com\/wp-content\/uploads\/2019\/03\/Escudo-do-Flamengo-e-exposto-proximo-a-um-dos-gols-no-gramado-do-Maracana.webp\",\"contentUrl\":\"https:\/\/www.gaveanews.com\/wp-content\/uploads\/2019\/03\/Escudo-do-Flamengo-e-exposto-proximo-a-um-dos-gols-no-gramado-do-Maracana.webp\",\"caption\":\"Escudo do Flamengo \u00e9 exposto pr\u00f3ximo a um dos gols, no gramado do Maracan\u00e3 (Foto: Daniel Castelo Branco)\"},{\"@type\":\"BreadcrumbList\",\"@id\":\"https:\/\/www.gaveanews.com\/index.php\/2022\/11\/03\/diretora-do-flamengo-emite-nota-oficial-e-pede-desculpas\/#breadcrumb\",\"itemListElement\":[{\"@type\":\"ListItem\",\"position\":1,\"name\":\"Home\",\"item\":\"https:\/\/www.gaveanews.com\/\"},{\"@type\":\"ListItem\",\"position\":2,\"name\":\"Diretora do Flamengo emite nota oficial e pede desculpas\"}]},{\"@type\":\"WebSite\",\"@id\":\"https:\/\/www.gaveanews.com\/#website\",\"url\":\"https:\/\/www.gaveanews.com\/\",\"name\":\"G\u00e1vea News\",\"description\":\"Veja todas as not\u00edcias sobre o Flamengo: Contrata\u00e7\u00f5es, categorias de base, resultados das partidas, tabela de classifica\u00e7\u00e3o, pr\u00f3ximos jogos!\",\"potentialAction\":[{\"@type\":\"SearchAction\",\"target\":{\"@type\":\"EntryPoint\",\"urlTemplate\":\"https:\/\/www.gaveanews.com\/?s={search_term_string}\"},\"query-input\":{\"@type\":\"PropertyValueSpecification\",\"valueRequired\":true,\"valueName\":\"search_term_string\"}}],\"inLanguage\":\"pt-BR\"},{\"@type\":\"Person\",\"@id\":\"https:\/\/www.gaveanews.com\/#\/schema\/person\/2ec14f73fb96be2caf28f91afb14749d\",\"name\":\"Equipe G\u00e1vea News\",\"image\":{\"@type\":\"ImageObject\",\"inLanguage\":\"pt-BR\",\"@id\":\"https:\/\/www.gaveanews.com\/#\/schema\/person\/image\/\",\"url\":\"https:\/\/secure.gravatar.com\/avatar\/1e1956f1facbffd3f8fa53a326721950116b3b9dc9bd44939c01180fd4a745a9?s=96&d=mm&r=g\",\"contentUrl\":\"https:\/\/secure.gravatar.com\/avatar\/1e1956f1facbffd3f8fa53a326721950116b3b9dc9bd44939c01180fd4a745a9?s=96&d=mm&r=g\",\"caption\":\"Equipe G\u00e1vea News\"}}]}<\/script>\n<!-- \/ Yoast SEO Premium plugin. -->","yoast_head_json":{"title":"Diretora do Flamengo emite nota oficial e pede desculpas","robots":{"index":"index","follow":"follow","max-snippet":"max-snippet:-1","max-image-preview":"max-image-preview:large","max-video-preview":"max-video-preview:-1"},"canonical":"https:\/\/www.gaveanews.com\/index.php\/2022\/11\/03\/diretora-do-flamengo-emite-nota-oficial-e-pede-desculpas\/","og_locale":"pt_BR","og_type":"article","og_title":"Diretora do Flamengo emite nota oficial e pede desculpas","og_description":"\u00c2ngela Machado, esposa do presidente do Flamengo, Rodolfo Landim, se pronunciou pela primeira vez ap\u00f3s ataques a nordestinos nas redes sociais. Em publica\u00e7\u00e3o via Instagram, no perfil pessoal, a diretora de responsabilidade social do clube pediu desculpas pelo ocorrido. Na segunda-feira, ap\u00f3s o resultado final das elei\u00e7\u00f5es presidenciais, \u00c2ngela atacou nordestinos em publica\u00e7\u00e3o na pr\u00f3pria [&hellip;]","og_url":"https:\/\/www.gaveanews.com\/index.php\/2022\/11\/03\/diretora-do-flamengo-emite-nota-oficial-e-pede-desculpas\/","og_site_name":"G\u00e1vea News","article_publisher":"https:\/\/facebook.com\/gaveaNews\/","article_published_time":"2022-11-03T21:03:57+00:00","article_modified_time":"2022-11-03T21:04:00+00:00","og_image":[{"url":"https:\/\/www.gaveanews.com\/wp-content\/uploads\/2019\/03\/Escudo-do-Flamengo-e-exposto-proximo-a-um-dos-gols-no-gramado-do-Maracana.webp","width":1,"height":1,"type":"image\/jpeg"}],"author":"Equipe G\u00e1vea News","twitter_card":"summary_large_image","twitter_misc":{"Escrito por":"Equipe G\u00e1vea News","Est. tempo de leitura":"2 minutos"},"schema":{"@context":"https:\/\/schema.org","@graph":[{"@type":"NewsArticle","@id":"https:\/\/www.gaveanews.com\/index.php\/2022\/11\/03\/diretora-do-flamengo-emite-nota-oficial-e-pede-desculpas\/#article","isPartOf":{"@id":"https:\/\/www.gaveanews.com\/index.php\/2022\/11\/03\/diretora-do-flamengo-emite-nota-oficial-e-pede-desculpas\/"},"author":{"name":"Equipe G\u00e1vea News","@id":"https:\/\/www.gaveanews.com\/#\/schema\/person\/2ec14f73fb96be2caf28f91afb14749d"},"headline":"Diretora do Flamengo emite nota oficial e pede desculpas","datePublished":"2022-11-03T21:03:57+00:00","dateModified":"2022-11-03T21:04:00+00:00","mainEntityOfPage":{"@id":"https:\/\/www.gaveanews.com\/index.php\/2022\/11\/03\/diretora-do-flamengo-emite-nota-oficial-e-pede-desculpas\/"},"wordCount":346,"commentCount":0,"image":{"@id":"https:\/\/www.gaveanews.com\/index.php\/2022\/11\/03\/diretora-do-flamengo-emite-nota-oficial-e-pede-desculpas\/#primaryimage"},"thumbnailUrl":"https:\/\/www.gaveanews.com\/wp-content\/uploads\/2019\/03\/Escudo-do-Flamengo-e-exposto-proximo-a-um-dos-gols-no-gramado-do-Maracana.webp","articleSection":["Flamengo"],"inLanguage":"pt-BR","potentialAction":[{"@type":"CommentAction","name":"Comment","target":["https:\/\/www.gaveanews.com\/index.php\/2022\/11\/03\/diretora-do-flamengo-emite-nota-oficial-e-pede-desculpas\/#respond"]}],"copyrightYear":"2022","copyrightHolder":{"@id":"https:\/\/www.gaveanews.com\/#organization"}},{"@type":"WebPage","@id":"https:\/\/www.gaveanews.com\/index.php\/2022\/11\/03\/diretora-do-flamengo-emite-nota-oficial-e-pede-desculpas\/","url":"https:\/\/www.gaveanews.com\/index.php\/2022\/11\/03\/diretora-do-flamengo-emite-nota-oficial-e-pede-desculpas\/","name":"Diretora do Flamengo emite nota oficial e pede desculpas","isPartOf":{"@id":"https:\/\/www.gaveanews.com\/#website"},"primaryImageOfPage":{"@id":"https:\/\/www.gaveanews.com\/index.php\/2022\/11\/03\/diretora-do-flamengo-emite-nota-oficial-e-pede-desculpas\/#primaryimage"},"image":{"@id":"https:\/\/www.gaveanews.com\/index.php\/2022\/11\/03\/diretora-do-flamengo-emite-nota-oficial-e-pede-desculpas\/#primaryimage"},"thumbnailUrl":"https:\/\/www.gaveanews.com\/wp-content\/uploads\/2019\/03\/Escudo-do-Flamengo-e-exposto-proximo-a-um-dos-gols-no-gramado-do-Maracana.webp","datePublished":"2022-11-03T21:03:57+00:00","dateModified":"2022-11-03T21:04:00+00:00","author":{"@id":"https:\/\/www.gaveanews.com\/#\/schema\/person\/2ec14f73fb96be2caf28f91afb14749d"},"breadcrumb":{"@id":"https:\/\/www.gaveanews.com\/index.php\/2022\/11\/03\/diretora-do-flamengo-emite-nota-oficial-e-pede-desculpas\/#breadcrumb"},"inLanguage":"pt-BR","potentialAction":[{"@type":"ReadAction","target":["https:\/\/www.gaveanews.com\/index.php\/2022\/11\/03\/diretora-do-flamengo-emite-nota-oficial-e-pede-desculpas\/"]}]},{"@type":"ImageObject","inLanguage":"pt-BR","@id":"https:\/\/www.gaveanews.com\/index.php\/2022\/11\/03\/diretora-do-flamengo-emite-nota-oficial-e-pede-desculpas\/#primaryimage","url":"https:\/\/www.gaveanews.com\/wp-content\/uploads\/2019\/03\/Escudo-do-Flamengo-e-exposto-proximo-a-um-dos-gols-no-gramado-do-Maracana.webp","contentUrl":"https:\/\/www.gaveanews.com\/wp-content\/uploads\/2019\/03\/Escudo-do-Flamengo-e-exposto-proximo-a-um-dos-gols-no-gramado-do-Maracana.webp","caption":"Escudo do Flamengo \u00e9 exposto pr\u00f3ximo a um dos gols, no gramado do Maracan\u00e3 (Foto: Daniel Castelo Branco)"},{"@type":"BreadcrumbList","@id":"https:\/\/www.gaveanews.com\/index.php\/2022\/11\/03\/diretora-do-flamengo-emite-nota-oficial-e-pede-desculpas\/#breadcrumb","itemListElement":[{"@type":"ListItem","position":1,"name":"Home","item":"https:\/\/www.gaveanews.com\/"},{"@type":"ListItem","position":2,"name":"Diretora do Flamengo emite nota oficial e pede desculpas"}]},{"@type":"WebSite","@id":"https:\/\/www.gaveanews.com\/#website","url":"https:\/\/www.gaveanews.com\/","name":"G\u00e1vea News","description":"Veja todas as not\u00edcias sobre o Flamengo: Contrata\u00e7\u00f5es, categorias de base, resultados das partidas, tabela de classifica\u00e7\u00e3o, pr\u00f3ximos jogos!","potentialAction":[{"@type":"SearchAction","target":{"@type":"EntryPoint","urlTemplate":"https:\/\/www.gaveanews.com\/?s={search_term_string}"},"query-input":{"@type":"PropertyValueSpecification","valueRequired":true,"valueName":"search_term_string"}}],"inLanguage":"pt-BR"},{"@type":"Person","@id":"https:\/\/www.gaveanews.com\/#\/schema\/person\/2ec14f73fb96be2caf28f91afb14749d","name":"Equipe G\u00e1vea News","image":{"@type":"ImageObject","inLanguage":"pt-BR","@id":"https:\/\/www.gaveanews.com\/#\/schema\/person\/image\/","url":"https:\/\/secure.gravatar.com\/avatar\/1e1956f1facbffd3f8fa53a326721950116b3b9dc9bd44939c01180fd4a745a9?s=96&d=mm&r=g","contentUrl":"https:\/\/secure.gravatar.com\/avatar\/1e1956f1facbffd3f8fa53a326721950116b3b9dc9bd44939c01180fd4a745a9?s=96&d=mm&r=g","caption":"Equipe G\u00e1vea News"}}]}},"_links":{"self":[{"href":"https:\/\/www.gaveanews.com\/index.php\/wp-json\/wp\/v2\/posts\/90088","targetHints":{"allow":["GET"]}}],"collection":[{"href":"https:\/\/www.gaveanews.com\/index.php\/wp-json\/wp\/v2\/posts"}],"about":[{"href":"https:\/\/www.gaveanews.com\/index.php\/wp-json\/wp\/v2\/types\/post"}],"author":[{"embeddable":true,"href":"https:\/\/www.gaveanews.com\/index.php\/wp-json\/wp\/v2\/users\/1"}],"replies":[{"embeddable":true,"href":"https:\/\/www.gaveanews.com\/index.php\/wp-json\/wp\/v2\/comments?post=90088"}],"version-history":[{"count":0,"href":"https:\/\/www.gaveanews.com\/index.php\/wp-json\/wp\/v2\/posts\/90088\/revisions"}],"wp:featuredmedia":[{"embeddable":true,"href":"https:\/\/www.gaveanews.com\/index.php\/wp-json\/wp\/v2\/media\/15081"}],"wp:attachment":[{"href":"https:\/\/www.gaveanews.com\/index.php\/wp-json\/wp\/v2\/media?parent=90088"}],"wp:term":[{"taxonomy":"category","embeddable":true,"href":"https:\/\/www.gaveanews.com\/index.php\/wp-json\/wp\/v2\/categories?post=90088"},{"taxonomy":"post_tag","embeddable":true,"href":"https:\/\/www.gaveanews.com\/index.php\/wp-json\/wp\/v2\/tags?post=90088"}],"curies":[{"name":"wp","href":"https:\/\/api.w.org\/{rel}","templated":true}]}}