{"id":90101,"date":"2022-11-03T23:03:36","date_gmt":"2022-11-04T02:03:36","guid":{"rendered":"https:\/\/www.gaveanews.com\/?p=90101"},"modified":"2022-11-03T23:03:38","modified_gmt":"2022-11-04T02:03:38","slug":"dorival-junior-explica-motivo-pelo-o-qual-os-jogadores-do-flamengo-nao-tiveram-ferias-antecipadas","status":"publish","type":"post","link":"https:\/\/www.gaveanews.com\/index.php\/2022\/11\/03\/dorival-junior-explica-motivo-pelo-o-qual-os-jogadores-do-flamengo-nao-tiveram-ferias-antecipadas\/","title":{"rendered":"Dorival J\u00fanior explica motivo pelo o qual os jogadores do Flamengo n\u00e3o tiveram f\u00e9rias antecipadas"},"content":{"rendered":"\n<p>Ap\u00f3s a derrota do Flamengo 2 a 1 para o Corinthians nesta quarta-feira (2), no Maracan\u00e3, pelo Campeonato Brasileiro, o t\u00e9cnico Dorival admitiu que o clube ainda n\u00e3o tem um planejamento definido para o restante da temporada.<\/p>\n\n\n\n<p>Depois de faturar os t\u00edtulos da Copa do Brasil e da Conmebol Libertadores, o treinador admitiu em entrevista coletiva que ainda estuda a melhor forma de dar descanso aos jogadores. No entanto, garantiu que o elenco n\u00e3o ter\u00e1 f\u00e9rias antecipadas.<\/p>\n\n\n\n<p><em>\u2014 \u00c9 um assunto delicado porque s\u00e3o muitas altern\u00e2ncias. Os poss\u00edveis convocados \u00e9 uma situa\u00e7\u00e3o. Quando retornar\u00e3o de suas sele\u00e7\u00f5es? Retornar\u00e3o fatalmente cada um em uma data ou pr\u00f3ximos. Depois disso temos uma parada para Natal e Ano Novo, n\u00f3s temos que pensar tudo muito bem. Estamos esbo\u00e7ando com Juan, Fabinho e todos os departamentos do clube, al\u00e9m do Bruno Spindel, para programar v\u00e1rias situa\u00e7\u00f5es para que tenhamos a melhor delas. Tudo isso est\u00e1 sendo amadurecido. \u00c9 muito delicado porque antecipar f\u00e9rias n\u00e3o conv\u00e9m, n\u00f3s ainda temos objetivos no campeonato, tanto \u00e9 que a equipe hoje entrou para ganhar, jogando em cima do Corinthians e querendo resultado a todo momento<\/em>, come\u00e7ou por afirmar:<\/p>\n\n\n\n<p><em>\u2014 Mesmo que a gente tenha tido uma semana at\u00edpica, de comemora\u00e7\u00f5es, viagem de madrugada e tudo isso, ainda assim a equipe deu uma resposta muito positiva, de uma equipe que quer e busca resultados a todo momento. Estamos conversando para tentar encontrar o melhor caminho. A receita ideal ningu\u00e9m tem, sou muito sincero. At\u00e9 porque essas paradas intermedi\u00e1rias nos tiram uma possibilidade real de termos uma seguran\u00e7a naquilo que faremos<\/em>, concluiu.<\/p>\n\n\n\n<p>Em 3\u00ba lugar com 61 pontos, o Fla volta a campo no pr\u00f3ximo domingo (6) para enfrentar o Coritiba, \u00e0s 18h, no Couto Pereira. Depois, ter\u00e1 o Juventude tamb\u00e9m fora de casa na quarta-feira (9), \u00e0s 21h30. Por fim, encara o Ava\u00ed, dia 13, no Maracan\u00e3.<\/p>\n\n\n\n<p>Retirado de: ESPN<\/p>\n","protected":false},"excerpt":{"rendered":"<p>Ap\u00f3s a derrota do Flamengo 2 a 1 para o Corinthians nesta quarta-feira (2), no Maracan\u00e3, pelo Campeonato Brasileiro, o t\u00e9cnico Dorival admitiu que o clube ainda n\u00e3o tem um planejamento definido para o restante da temporada. Depois de faturar os t\u00edtulos da Copa do Brasil e da Conmebol Libertadores, o treinador admitiu em entrevista [&hellip;]<\/p>\n","protected":false},"author":1,"featured_media":88908,"comment_status":"open","ping_status":"closed","sticky":false,"template":"","format":"standard","meta":{"footnotes":""},"categories":[1],"tags":[],"class_list":["post-90101","post","type-post","status-publish","format-standard","has-post-thumbnail","hentry","category-flamengo"],"yoast_head":"<!-- This site is optimized with the Yoast SEO Premium plugin v24.2 (Yoast SEO v26.9) - https:\/\/yoast.com\/product\/yoast-seo-premium-wordpress\/ -->\n<title>Dorival J\u00fanior explica motivo pelo o qual os jogadores do Flamengo n\u00e3o tiveram f\u00e9rias antecipadas<\/title>\n<meta name=\"robots\" content=\"index, follow, max-snippet:-1, max-image-preview:large, max-video-preview:-1\" \/>\n<link rel=\"canonical\" href=\"https:\/\/www.gaveanews.com\/index.php\/2022\/11\/03\/dorival-junior-explica-motivo-pelo-o-qual-os-jogadores-do-flamengo-nao-tiveram-ferias-antecipadas\/\" \/>\n<meta property=\"og:locale\" content=\"pt_BR\" \/>\n<meta property=\"og:type\" content=\"article\" \/>\n<meta property=\"og:title\" content=\"Dorival J\u00fanior explica motivo pelo o qual os jogadores do Flamengo n\u00e3o tiveram f\u00e9rias antecipadas\" \/>\n<meta property=\"og:description\" content=\"Ap\u00f3s a derrota do Flamengo 2 a 1 para o Corinthians nesta quarta-feira (2), no Maracan\u00e3, pelo Campeonato Brasileiro, o t\u00e9cnico Dorival admitiu que o clube ainda n\u00e3o tem um planejamento definido para o restante da temporada. Depois de faturar os t\u00edtulos da Copa do Brasil e da Conmebol Libertadores, o treinador admitiu em entrevista [&hellip;]\" \/>\n<meta property=\"og:url\" content=\"https:\/\/www.gaveanews.com\/index.php\/2022\/11\/03\/dorival-junior-explica-motivo-pelo-o-qual-os-jogadores-do-flamengo-nao-tiveram-ferias-antecipadas\/\" \/>\n<meta property=\"og:site_name\" content=\"G\u00e1vea News\" \/>\n<meta property=\"article:publisher\" content=\"https:\/\/facebook.com\/gaveaNews\/\" \/>\n<meta property=\"article:published_time\" content=\"2022-11-04T02:03:36+00:00\" \/>\n<meta property=\"article:modified_time\" content=\"2022-11-04T02:03:38+00:00\" \/>\n<meta property=\"og:image\" content=\"https:\/\/www.gaveanews.com\/wp-content\/uploads\/Dorival-Junior-na-final-da-Copa-do-Brasil-entre-Flamengo-e-Corinthians.webp\" \/>\n\t<meta property=\"og:image:width\" content=\"800\" \/>\n\t<meta property=\"og:image:height\" content=\"533\" \/>\n\t<meta property=\"og:image:type\" content=\"image\/jpeg\" \/>\n<meta name=\"author\" content=\"Equipe G\u00e1vea News\" \/>\n<meta name=\"twitter:card\" content=\"summary_large_image\" \/>\n<meta name=\"twitter:label1\" content=\"Escrito por\" \/>\n\t<meta name=\"twitter:data1\" content=\"Equipe G\u00e1vea News\" \/>\n\t<meta name=\"twitter:label2\" content=\"Est. tempo de leitura\" \/>\n\t<meta name=\"twitter:data2\" content=\"2 minutos\" \/>\n<script type=\"application\/ld+json\" class=\"yoast-schema-graph\">{\"@context\":\"https:\/\/schema.org\",\"@graph\":[{\"@type\":\"NewsArticle\",\"@id\":\"https:\/\/www.gaveanews.com\/index.php\/2022\/11\/03\/dorival-junior-explica-motivo-pelo-o-qual-os-jogadores-do-flamengo-nao-tiveram-ferias-antecipadas\/#article\",\"isPartOf\":{\"@id\":\"https:\/\/www.gaveanews.com\/index.php\/2022\/11\/03\/dorival-junior-explica-motivo-pelo-o-qual-os-jogadores-do-flamengo-nao-tiveram-ferias-antecipadas\/\"},\"author\":{\"name\":\"Equipe G\u00e1vea News\",\"@id\":\"https:\/\/www.gaveanews.com\/#\/schema\/person\/2ec14f73fb96be2caf28f91afb14749d\"},\"headline\":\"Dorival J\u00fanior explica motivo pelo o qual os jogadores do Flamengo n\u00e3o tiveram f\u00e9rias antecipadas\",\"datePublished\":\"2022-11-04T02:03:36+00:00\",\"dateModified\":\"2022-11-04T02:03:38+00:00\",\"mainEntityOfPage\":{\"@id\":\"https:\/\/www.gaveanews.com\/index.php\/2022\/11\/03\/dorival-junior-explica-motivo-pelo-o-qual-os-jogadores-do-flamengo-nao-tiveram-ferias-antecipadas\/\"},\"wordCount\":346,\"commentCount\":0,\"image\":{\"@id\":\"https:\/\/www.gaveanews.com\/index.php\/2022\/11\/03\/dorival-junior-explica-motivo-pelo-o-qual-os-jogadores-do-flamengo-nao-tiveram-ferias-antecipadas\/#primaryimage\"},\"thumbnailUrl\":\"https:\/\/www.gaveanews.com\/wp-content\/uploads\/Dorival-Junior-na-final-da-Copa-do-Brasil-entre-Flamengo-e-Corinthians.webp\",\"articleSection\":[\"Flamengo\"],\"inLanguage\":\"pt-BR\",\"potentialAction\":[{\"@type\":\"CommentAction\",\"name\":\"Comment\",\"target\":[\"https:\/\/www.gaveanews.com\/index.php\/2022\/11\/03\/dorival-junior-explica-motivo-pelo-o-qual-os-jogadores-do-flamengo-nao-tiveram-ferias-antecipadas\/#respond\"]}],\"copyrightYear\":\"2022\",\"copyrightHolder\":{\"@id\":\"https:\/\/www.gaveanews.com\/#organization\"}},{\"@type\":\"WebPage\",\"@id\":\"https:\/\/www.gaveanews.com\/index.php\/2022\/11\/03\/dorival-junior-explica-motivo-pelo-o-qual-os-jogadores-do-flamengo-nao-tiveram-ferias-antecipadas\/\",\"url\":\"https:\/\/www.gaveanews.com\/index.php\/2022\/11\/03\/dorival-junior-explica-motivo-pelo-o-qual-os-jogadores-do-flamengo-nao-tiveram-ferias-antecipadas\/\",\"name\":\"Dorival J\u00fanior explica motivo pelo o qual os jogadores do Flamengo n\u00e3o tiveram f\u00e9rias antecipadas\",\"isPartOf\":{\"@id\":\"https:\/\/www.gaveanews.com\/#website\"},\"primaryImageOfPage\":{\"@id\":\"https:\/\/www.gaveanews.com\/index.php\/2022\/11\/03\/dorival-junior-explica-motivo-pelo-o-qual-os-jogadores-do-flamengo-nao-tiveram-ferias-antecipadas\/#primaryimage\"},\"image\":{\"@id\":\"https:\/\/www.gaveanews.com\/index.php\/2022\/11\/03\/dorival-junior-explica-motivo-pelo-o-qual-os-jogadores-do-flamengo-nao-tiveram-ferias-antecipadas\/#primaryimage\"},\"thumbnailUrl\":\"https:\/\/www.gaveanews.com\/wp-content\/uploads\/Dorival-Junior-na-final-da-Copa-do-Brasil-entre-Flamengo-e-Corinthians.webp\",\"datePublished\":\"2022-11-04T02:03:36+00:00\",\"dateModified\":\"2022-11-04T02:03:38+00:00\",\"author\":{\"@id\":\"https:\/\/www.gaveanews.com\/#\/schema\/person\/2ec14f73fb96be2caf28f91afb14749d\"},\"breadcrumb\":{\"@id\":\"https:\/\/www.gaveanews.com\/index.php\/2022\/11\/03\/dorival-junior-explica-motivo-pelo-o-qual-os-jogadores-do-flamengo-nao-tiveram-ferias-antecipadas\/#breadcrumb\"},\"inLanguage\":\"pt-BR\",\"potentialAction\":[{\"@type\":\"ReadAction\",\"target\":[\"https:\/\/www.gaveanews.com\/index.php\/2022\/11\/03\/dorival-junior-explica-motivo-pelo-o-qual-os-jogadores-do-flamengo-nao-tiveram-ferias-antecipadas\/\"]}]},{\"@type\":\"ImageObject\",\"inLanguage\":\"pt-BR\",\"@id\":\"https:\/\/www.gaveanews.com\/index.php\/2022\/11\/03\/dorival-junior-explica-motivo-pelo-o-qual-os-jogadores-do-flamengo-nao-tiveram-ferias-antecipadas\/#primaryimage\",\"url\":\"https:\/\/www.gaveanews.com\/wp-content\/uploads\/Dorival-Junior-na-final-da-Copa-do-Brasil-entre-Flamengo-e-Corinthians.webp\",\"contentUrl\":\"https:\/\/www.gaveanews.com\/wp-content\/uploads\/Dorival-Junior-na-final-da-Copa-do-Brasil-entre-Flamengo-e-Corinthians.webp\",\"width\":800,\"height\":533,\"caption\":\"Dorival J\u00fanior na final da Copa do Brasil entre Flamengo e Corinthians (Foto: Marcelo Cortes\/Flamengo)\"},{\"@type\":\"BreadcrumbList\",\"@id\":\"https:\/\/www.gaveanews.com\/index.php\/2022\/11\/03\/dorival-junior-explica-motivo-pelo-o-qual-os-jogadores-do-flamengo-nao-tiveram-ferias-antecipadas\/#breadcrumb\",\"itemListElement\":[{\"@type\":\"ListItem\",\"position\":1,\"name\":\"Home\",\"item\":\"https:\/\/www.gaveanews.com\/\"},{\"@type\":\"ListItem\",\"position\":2,\"name\":\"Dorival J\u00fanior explica motivo pelo o qual os jogadores do Flamengo n\u00e3o tiveram f\u00e9rias antecipadas\"}]},{\"@type\":\"WebSite\",\"@id\":\"https:\/\/www.gaveanews.com\/#website\",\"url\":\"https:\/\/www.gaveanews.com\/\",\"name\":\"G\u00e1vea News\",\"description\":\"Veja todas as not\u00edcias sobre o Flamengo: Contrata\u00e7\u00f5es, categorias de base, resultados das partidas, tabela de classifica\u00e7\u00e3o, pr\u00f3ximos jogos!\",\"potentialAction\":[{\"@type\":\"SearchAction\",\"target\":{\"@type\":\"EntryPoint\",\"urlTemplate\":\"https:\/\/www.gaveanews.com\/?s={search_term_string}\"},\"query-input\":{\"@type\":\"PropertyValueSpecification\",\"valueRequired\":true,\"valueName\":\"search_term_string\"}}],\"inLanguage\":\"pt-BR\"},{\"@type\":\"Person\",\"@id\":\"https:\/\/www.gaveanews.com\/#\/schema\/person\/2ec14f73fb96be2caf28f91afb14749d\",\"name\":\"Equipe G\u00e1vea News\",\"image\":{\"@type\":\"ImageObject\",\"inLanguage\":\"pt-BR\",\"@id\":\"https:\/\/www.gaveanews.com\/#\/schema\/person\/image\/\",\"url\":\"https:\/\/secure.gravatar.com\/avatar\/1e1956f1facbffd3f8fa53a326721950116b3b9dc9bd44939c01180fd4a745a9?s=96&d=mm&r=g\",\"contentUrl\":\"https:\/\/secure.gravatar.com\/avatar\/1e1956f1facbffd3f8fa53a326721950116b3b9dc9bd44939c01180fd4a745a9?s=96&d=mm&r=g\",\"caption\":\"Equipe G\u00e1vea News\"}}]}<\/script>\n<!-- \/ Yoast SEO Premium plugin. -->","yoast_head_json":{"title":"Dorival J\u00fanior explica motivo pelo o qual os jogadores do Flamengo n\u00e3o tiveram f\u00e9rias antecipadas","robots":{"index":"index","follow":"follow","max-snippet":"max-snippet:-1","max-image-preview":"max-image-preview:large","max-video-preview":"max-video-preview:-1"},"canonical":"https:\/\/www.gaveanews.com\/index.php\/2022\/11\/03\/dorival-junior-explica-motivo-pelo-o-qual-os-jogadores-do-flamengo-nao-tiveram-ferias-antecipadas\/","og_locale":"pt_BR","og_type":"article","og_title":"Dorival J\u00fanior explica motivo pelo o qual os jogadores do Flamengo n\u00e3o tiveram f\u00e9rias antecipadas","og_description":"Ap\u00f3s a derrota do Flamengo 2 a 1 para o Corinthians nesta quarta-feira (2), no Maracan\u00e3, pelo Campeonato Brasileiro, o t\u00e9cnico Dorival admitiu que o clube ainda n\u00e3o tem um planejamento definido para o restante da temporada. Depois de faturar os t\u00edtulos da Copa do Brasil e da Conmebol Libertadores, o treinador admitiu em entrevista [&hellip;]","og_url":"https:\/\/www.gaveanews.com\/index.php\/2022\/11\/03\/dorival-junior-explica-motivo-pelo-o-qual-os-jogadores-do-flamengo-nao-tiveram-ferias-antecipadas\/","og_site_name":"G\u00e1vea News","article_publisher":"https:\/\/facebook.com\/gaveaNews\/","article_published_time":"2022-11-04T02:03:36+00:00","article_modified_time":"2022-11-04T02:03:38+00:00","og_image":[{"width":800,"height":533,"url":"https:\/\/www.gaveanews.com\/wp-content\/uploads\/Dorival-Junior-na-final-da-Copa-do-Brasil-entre-Flamengo-e-Corinthians.webp","type":"image\/jpeg"}],"author":"Equipe G\u00e1vea News","twitter_card":"summary_large_image","twitter_misc":{"Escrito por":"Equipe G\u00e1vea News","Est. tempo de leitura":"2 minutos"},"schema":{"@context":"https:\/\/schema.org","@graph":[{"@type":"NewsArticle","@id":"https:\/\/www.gaveanews.com\/index.php\/2022\/11\/03\/dorival-junior-explica-motivo-pelo-o-qual-os-jogadores-do-flamengo-nao-tiveram-ferias-antecipadas\/#article","isPartOf":{"@id":"https:\/\/www.gaveanews.com\/index.php\/2022\/11\/03\/dorival-junior-explica-motivo-pelo-o-qual-os-jogadores-do-flamengo-nao-tiveram-ferias-antecipadas\/"},"author":{"name":"Equipe G\u00e1vea News","@id":"https:\/\/www.gaveanews.com\/#\/schema\/person\/2ec14f73fb96be2caf28f91afb14749d"},"headline":"Dorival J\u00fanior explica motivo pelo o qual os jogadores do Flamengo n\u00e3o tiveram f\u00e9rias antecipadas","datePublished":"2022-11-04T02:03:36+00:00","dateModified":"2022-11-04T02:03:38+00:00","mainEntityOfPage":{"@id":"https:\/\/www.gaveanews.com\/index.php\/2022\/11\/03\/dorival-junior-explica-motivo-pelo-o-qual-os-jogadores-do-flamengo-nao-tiveram-ferias-antecipadas\/"},"wordCount":346,"commentCount":0,"image":{"@id":"https:\/\/www.gaveanews.com\/index.php\/2022\/11\/03\/dorival-junior-explica-motivo-pelo-o-qual-os-jogadores-do-flamengo-nao-tiveram-ferias-antecipadas\/#primaryimage"},"thumbnailUrl":"https:\/\/www.gaveanews.com\/wp-content\/uploads\/Dorival-Junior-na-final-da-Copa-do-Brasil-entre-Flamengo-e-Corinthians.webp","articleSection":["Flamengo"],"inLanguage":"pt-BR","potentialAction":[{"@type":"CommentAction","name":"Comment","target":["https:\/\/www.gaveanews.com\/index.php\/2022\/11\/03\/dorival-junior-explica-motivo-pelo-o-qual-os-jogadores-do-flamengo-nao-tiveram-ferias-antecipadas\/#respond"]}],"copyrightYear":"2022","copyrightHolder":{"@id":"https:\/\/www.gaveanews.com\/#organization"}},{"@type":"WebPage","@id":"https:\/\/www.gaveanews.com\/index.php\/2022\/11\/03\/dorival-junior-explica-motivo-pelo-o-qual-os-jogadores-do-flamengo-nao-tiveram-ferias-antecipadas\/","url":"https:\/\/www.gaveanews.com\/index.php\/2022\/11\/03\/dorival-junior-explica-motivo-pelo-o-qual-os-jogadores-do-flamengo-nao-tiveram-ferias-antecipadas\/","name":"Dorival J\u00fanior explica motivo pelo o qual os jogadores do Flamengo n\u00e3o tiveram f\u00e9rias antecipadas","isPartOf":{"@id":"https:\/\/www.gaveanews.com\/#website"},"primaryImageOfPage":{"@id":"https:\/\/www.gaveanews.com\/index.php\/2022\/11\/03\/dorival-junior-explica-motivo-pelo-o-qual-os-jogadores-do-flamengo-nao-tiveram-ferias-antecipadas\/#primaryimage"},"image":{"@id":"https:\/\/www.gaveanews.com\/index.php\/2022\/11\/03\/dorival-junior-explica-motivo-pelo-o-qual-os-jogadores-do-flamengo-nao-tiveram-ferias-antecipadas\/#primaryimage"},"thumbnailUrl":"https:\/\/www.gaveanews.com\/wp-content\/uploads\/Dorival-Junior-na-final-da-Copa-do-Brasil-entre-Flamengo-e-Corinthians.webp","datePublished":"2022-11-04T02:03:36+00:00","dateModified":"2022-11-04T02:03:38+00:00","author":{"@id":"https:\/\/www.gaveanews.com\/#\/schema\/person\/2ec14f73fb96be2caf28f91afb14749d"},"breadcrumb":{"@id":"https:\/\/www.gaveanews.com\/index.php\/2022\/11\/03\/dorival-junior-explica-motivo-pelo-o-qual-os-jogadores-do-flamengo-nao-tiveram-ferias-antecipadas\/#breadcrumb"},"inLanguage":"pt-BR","potentialAction":[{"@type":"ReadAction","target":["https:\/\/www.gaveanews.com\/index.php\/2022\/11\/03\/dorival-junior-explica-motivo-pelo-o-qual-os-jogadores-do-flamengo-nao-tiveram-ferias-antecipadas\/"]}]},{"@type":"ImageObject","inLanguage":"pt-BR","@id":"https:\/\/www.gaveanews.com\/index.php\/2022\/11\/03\/dorival-junior-explica-motivo-pelo-o-qual-os-jogadores-do-flamengo-nao-tiveram-ferias-antecipadas\/#primaryimage","url":"https:\/\/www.gaveanews.com\/wp-content\/uploads\/Dorival-Junior-na-final-da-Copa-do-Brasil-entre-Flamengo-e-Corinthians.webp","contentUrl":"https:\/\/www.gaveanews.com\/wp-content\/uploads\/Dorival-Junior-na-final-da-Copa-do-Brasil-entre-Flamengo-e-Corinthians.webp","width":800,"height":533,"caption":"Dorival J\u00fanior na final da Copa do Brasil entre Flamengo e Corinthians (Foto: Marcelo Cortes\/Flamengo)"},{"@type":"BreadcrumbList","@id":"https:\/\/www.gaveanews.com\/index.php\/2022\/11\/03\/dorival-junior-explica-motivo-pelo-o-qual-os-jogadores-do-flamengo-nao-tiveram-ferias-antecipadas\/#breadcrumb","itemListElement":[{"@type":"ListItem","position":1,"name":"Home","item":"https:\/\/www.gaveanews.com\/"},{"@type":"ListItem","position":2,"name":"Dorival J\u00fanior explica motivo pelo o qual os jogadores do Flamengo n\u00e3o tiveram f\u00e9rias antecipadas"}]},{"@type":"WebSite","@id":"https:\/\/www.gaveanews.com\/#website","url":"https:\/\/www.gaveanews.com\/","name":"G\u00e1vea News","description":"Veja todas as not\u00edcias sobre o Flamengo: Contrata\u00e7\u00f5es, categorias de base, resultados das partidas, tabela de classifica\u00e7\u00e3o, pr\u00f3ximos jogos!","potentialAction":[{"@type":"SearchAction","target":{"@type":"EntryPoint","urlTemplate":"https:\/\/www.gaveanews.com\/?s={search_term_string}"},"query-input":{"@type":"PropertyValueSpecification","valueRequired":true,"valueName":"search_term_string"}}],"inLanguage":"pt-BR"},{"@type":"Person","@id":"https:\/\/www.gaveanews.com\/#\/schema\/person\/2ec14f73fb96be2caf28f91afb14749d","name":"Equipe G\u00e1vea News","image":{"@type":"ImageObject","inLanguage":"pt-BR","@id":"https:\/\/www.gaveanews.com\/#\/schema\/person\/image\/","url":"https:\/\/secure.gravatar.com\/avatar\/1e1956f1facbffd3f8fa53a326721950116b3b9dc9bd44939c01180fd4a745a9?s=96&d=mm&r=g","contentUrl":"https:\/\/secure.gravatar.com\/avatar\/1e1956f1facbffd3f8fa53a326721950116b3b9dc9bd44939c01180fd4a745a9?s=96&d=mm&r=g","caption":"Equipe G\u00e1vea News"}}]}},"_links":{"self":[{"href":"https:\/\/www.gaveanews.com\/index.php\/wp-json\/wp\/v2\/posts\/90101","targetHints":{"allow":["GET"]}}],"collection":[{"href":"https:\/\/www.gaveanews.com\/index.php\/wp-json\/wp\/v2\/posts"}],"about":[{"href":"https:\/\/www.gaveanews.com\/index.php\/wp-json\/wp\/v2\/types\/post"}],"author":[{"embeddable":true,"href":"https:\/\/www.gaveanews.com\/index.php\/wp-json\/wp\/v2\/users\/1"}],"replies":[{"embeddable":true,"href":"https:\/\/www.gaveanews.com\/index.php\/wp-json\/wp\/v2\/comments?post=90101"}],"version-history":[{"count":0,"href":"https:\/\/www.gaveanews.com\/index.php\/wp-json\/wp\/v2\/posts\/90101\/revisions"}],"wp:featuredmedia":[{"embeddable":true,"href":"https:\/\/www.gaveanews.com\/index.php\/wp-json\/wp\/v2\/media\/88908"}],"wp:attachment":[{"href":"https:\/\/www.gaveanews.com\/index.php\/wp-json\/wp\/v2\/media?parent=90101"}],"wp:term":[{"taxonomy":"category","embeddable":true,"href":"https:\/\/www.gaveanews.com\/index.php\/wp-json\/wp\/v2\/categories?post=90101"},{"taxonomy":"post_tag","embeddable":true,"href":"https:\/\/www.gaveanews.com\/index.php\/wp-json\/wp\/v2\/tags?post=90101"}],"curies":[{"name":"wp","href":"https:\/\/api.w.org\/{rel}","templated":true}]}}