{"id":90105,"date":"2022-11-04T07:09:45","date_gmt":"2022-11-04T10:09:45","guid":{"rendered":"https:\/\/www.gaveanews.com\/?p=90105"},"modified":"2022-11-04T07:09:47","modified_gmt":"2022-11-04T10:09:47","slug":"diretora-acirra-animos-no-flamengo-e-divide-atencoes-em-tempos-de-titulos","status":"publish","type":"post","link":"https:\/\/www.gaveanews.com\/index.php\/2022\/11\/04\/diretora-acirra-animos-no-flamengo-e-divide-atencoes-em-tempos-de-titulos\/","title":{"rendered":"Diretora acirra \u00e2nimos no Flamengo e divide aten\u00e7\u00f5es em tempos de t\u00edtulos"},"content":{"rendered":"\n<p>O Flamengo conquistou dois t\u00edtulos importantes na temporada depois de um in\u00edcio conturbado dentro do campo. Os \u00faltimos dias, por\u00e9m, fizeram o notici\u00e1rio n\u00e3o se resumir apenas \u00e0s ta\u00e7as. Com a declara\u00e7\u00e3o de cunho xenof\u00f3bico de \u00c2ngela Machado e os problemas com a Outsider Tours antes da Libertadores, as gl\u00f3rias dividiram espa\u00e7o com as pol\u00eamicas.<\/p>\n\n\n\n<p>No caso da diretora de responsabilidade social do Flamengo e esposa de Rodolfo Landim, a declara\u00e7\u00e3o contra nordestinos ap\u00f3s o resultado das elei\u00e7\u00f5es presidenciais do Brasil foram dadas na segunda-feira (31). Com cobran\u00e7as por parte da torcida, de conselheiros \u2014 um deles pediu seu afastamento \u2014 e de embaixadas, o momento de celebra\u00e7\u00e3o dos \u00eaxitos esportivos ficou quase em segundo plano.<\/p>\n\n\n\n<p>Siro Darlan, do grupo pol\u00edtico Fla-Tradi\u00e7\u00e3o, que pediu o afastamento de \u00c2ngela, mandou o requerimento para o Conselho Diretor e para o Conselho Administrativo do clube. Ainda que a tend\u00eancia seja de arquivamento, o caso gerou um desgaste inesperado para o atual campe\u00e3o da Copa do Brasil e da Libertadores.<\/p>\n\n\n\n<p>Ontem (3), a hist\u00f3ria teve dois desdobramentos. Primeiramente, a Delegacia de Crimes Raciais e Delitos de Intoler\u00e2ncia (Decradi)\u00a0instaurou um inqu\u00e9rito\u00a0para investigar \u00c2ngela Machado por crime de xenofobia. Ela ainda ser\u00e1 chamada para prestar esclarecimentos. Depois, a diretora\u00a0se desculpou pela publica\u00e7\u00e3o. A mensagem foi publicada no Instagram, que era aberto no momento da ofensa, mas que agora \u00e9 fechado.<\/p>\n\n\n\n<p>O Nordeste \u00e9 onde se concentra a maior quantidade de torcedores do Flamengo no pa\u00eds e a equipe ir\u00e1 disputar partidas do Campeonato Carioca de 2023 na regi\u00e3o.<\/p>\n\n\n\n<h2 class=\"wp-block-heading\" id=\"h-clube-se-distancia\">Clube se distancia<\/h2>\n\n\n\n<p>Rodrigo Dunshee, vice-presidente geral do Flamengo, disse ao Charla Podcast que n\u00e3o haver\u00e1 pronunciamento do clube sobre a quest\u00e3o por entender que \u00e9 um problema pessoal de \u00c2ngela. O Rubro-Negro, por\u00e9m, recomendou que os funcion\u00e1rios evitassem publica\u00e7\u00f5es sobre pol\u00edtica nos \u00faltimos tempos antes da elei\u00e7\u00e3o.<\/p>\n\n\n\n<p>&#8220;Esse epis\u00f3dio foi uma quest\u00e3o pessoal da \u00c2ngela, que por acaso \u00e9 esposa do Landim. Na conta privada dela. Ela pessoalmente que tem que falar. As pessoas adoram envolver o Flamengo em todos os problemas e pode raspar no clube, que n\u00e3o tem nada a ver com isso. Em qualquer empresa do mundo, o funcion\u00e1rio tem o direito de escrever em sua rede social algo que ele queira. Ela nem funcion\u00e1ria \u00e9, \u00e9 diretora volunt\u00e1ria. Ela faz o bem para as pessoas, \u00e9 de responsabilidade social, fez v\u00e1rios trabalhos na pandemia. Ela que tem que responder. N\u00e3o tenho nada a ver com isso&#8221;, disse.<\/p>\n\n\n\n<p>&#8220;Se tiver algum interesse do Flamengo em algum lugar, vou defender. Se uma pessoa vinculada ao Flamengo falar alguma coisa na sua conta privada, n\u00e3o tenho que me meter. Admiramos o Nordeste e os torcedores. Por respeitar a privacidade das pessoas [n\u00e3o haver\u00e1 posicionamento do clube]. Ela que tem que falar e n\u00e3o temos nada a ver com isso. Foi na conta privada&#8221;, completou.<\/p>\n\n\n\n<p>Ele seguiu a\u00a0mesma linha de Rodolfo Landim, que afirmou que a postagem foi uma decis\u00e3o de &#8220;foro \u00edntimo&#8221; e que \u00c2ngela tem o direito de &#8220;agir e pensar como quiser&#8221;. Mesmo com a insatisfa\u00e7\u00e3o dentro do clube e na torcida, a postura dos dois foi de distanciar o Flamengo de responsabilidade no caso. O estrago, no entanto, j\u00e1 estava feito e integrantes da ala c\u00fapula n\u00e3o esconderam a irrita\u00e7\u00e3o com o desvio de foco ap\u00f3s dias de vit\u00f3rias expressivas nos gramados.<\/p>\n\n\n\n<p>O Flamengo se fechou para entrevistas antes das finais da Copa do Brasil e da Libertadores, cumprindo apenas os compromissos comerciais que n\u00e3o poderia recusar. A tend\u00eancia era que, com os t\u00edtulos, os jogadores ficassem novamente liberados para atender a imprensa, mas n\u00e3o \u00e9 o que se desenha no primeiro momento ap\u00f3s as pol\u00eamicas.<\/p>\n\n\n\n<p>Retirado de: UOL<\/p>\n","protected":false},"excerpt":{"rendered":"<p>O Flamengo conquistou dois t\u00edtulos importantes na temporada depois de um in\u00edcio conturbado dentro do campo. Os \u00faltimos dias, por\u00e9m, fizeram o notici\u00e1rio n\u00e3o se resumir apenas \u00e0s ta\u00e7as. Com a declara\u00e7\u00e3o de cunho xenof\u00f3bico de \u00c2ngela Machado e os problemas com a Outsider Tours antes da Libertadores, as gl\u00f3rias dividiram espa\u00e7o com as pol\u00eamicas. [&hellip;]<\/p>\n","protected":false},"author":1,"featured_media":15077,"comment_status":"open","ping_status":"closed","sticky":false,"template":"","format":"standard","meta":{"footnotes":""},"categories":[1],"tags":[],"class_list":["post-90105","post","type-post","status-publish","format-standard","has-post-thumbnail","hentry","category-flamengo"],"yoast_head":"<!-- This site is optimized with the Yoast SEO Premium plugin v24.2 (Yoast SEO v26.9) - https:\/\/yoast.com\/product\/yoast-seo-premium-wordpress\/ -->\n<title>Diretora acirra \u00e2nimos no Flamengo e divide aten\u00e7\u00f5es em tempos de t\u00edtulos<\/title>\n<meta name=\"robots\" content=\"index, follow, max-snippet:-1, max-image-preview:large, max-video-preview:-1\" \/>\n<link rel=\"canonical\" href=\"https:\/\/www.gaveanews.com\/index.php\/2022\/11\/04\/diretora-acirra-animos-no-flamengo-e-divide-atencoes-em-tempos-de-titulos\/\" \/>\n<meta property=\"og:locale\" content=\"pt_BR\" \/>\n<meta property=\"og:type\" content=\"article\" \/>\n<meta property=\"og:title\" content=\"Diretora acirra \u00e2nimos no Flamengo e divide aten\u00e7\u00f5es em tempos de t\u00edtulos\" \/>\n<meta property=\"og:description\" content=\"O Flamengo conquistou dois t\u00edtulos importantes na temporada depois de um in\u00edcio conturbado dentro do campo. Os \u00faltimos dias, por\u00e9m, fizeram o notici\u00e1rio n\u00e3o se resumir apenas \u00e0s ta\u00e7as. Com a declara\u00e7\u00e3o de cunho xenof\u00f3bico de \u00c2ngela Machado e os problemas com a Outsider Tours antes da Libertadores, as gl\u00f3rias dividiram espa\u00e7o com as pol\u00eamicas. [&hellip;]\" \/>\n<meta property=\"og:url\" content=\"https:\/\/www.gaveanews.com\/index.php\/2022\/11\/04\/diretora-acirra-animos-no-flamengo-e-divide-atencoes-em-tempos-de-titulos\/\" \/>\n<meta property=\"og:site_name\" content=\"G\u00e1vea News\" \/>\n<meta property=\"article:publisher\" content=\"https:\/\/facebook.com\/gaveaNews\/\" \/>\n<meta property=\"article:published_time\" content=\"2022-11-04T10:09:45+00:00\" \/>\n<meta property=\"article:modified_time\" content=\"2022-11-04T10:09:47+00:00\" \/>\n<meta property=\"og:image\" content=\"https:\/\/www.gaveanews.com\/wp-content\/uploads\/2019\/03\/Rodolfo-Landim-durante-entrevista-coletiva-na-Gavea.webp\" \/>\n\t<meta property=\"og:image:width\" content=\"1\" \/>\n\t<meta property=\"og:image:height\" content=\"1\" \/>\n\t<meta property=\"og:image:type\" content=\"image\/jpeg\" \/>\n<meta name=\"author\" content=\"Equipe G\u00e1vea News\" \/>\n<meta name=\"twitter:card\" content=\"summary_large_image\" \/>\n<meta name=\"twitter:label1\" content=\"Escrito por\" \/>\n\t<meta name=\"twitter:data1\" content=\"Equipe G\u00e1vea News\" \/>\n\t<meta name=\"twitter:label2\" content=\"Est. tempo de leitura\" \/>\n\t<meta name=\"twitter:data2\" content=\"4 minutos\" \/>\n<script type=\"application\/ld+json\" class=\"yoast-schema-graph\">{\"@context\":\"https:\/\/schema.org\",\"@graph\":[{\"@type\":\"NewsArticle\",\"@id\":\"https:\/\/www.gaveanews.com\/index.php\/2022\/11\/04\/diretora-acirra-animos-no-flamengo-e-divide-atencoes-em-tempos-de-titulos\/#article\",\"isPartOf\":{\"@id\":\"https:\/\/www.gaveanews.com\/index.php\/2022\/11\/04\/diretora-acirra-animos-no-flamengo-e-divide-atencoes-em-tempos-de-titulos\/\"},\"author\":{\"name\":\"Equipe G\u00e1vea News\",\"@id\":\"https:\/\/www.gaveanews.com\/#\/schema\/person\/2ec14f73fb96be2caf28f91afb14749d\"},\"headline\":\"Diretora acirra \u00e2nimos no Flamengo e divide aten\u00e7\u00f5es em tempos de t\u00edtulos\",\"datePublished\":\"2022-11-04T10:09:45+00:00\",\"dateModified\":\"2022-11-04T10:09:47+00:00\",\"mainEntityOfPage\":{\"@id\":\"https:\/\/www.gaveanews.com\/index.php\/2022\/11\/04\/diretora-acirra-animos-no-flamengo-e-divide-atencoes-em-tempos-de-titulos\/\"},\"wordCount\":668,\"commentCount\":0,\"image\":{\"@id\":\"https:\/\/www.gaveanews.com\/index.php\/2022\/11\/04\/diretora-acirra-animos-no-flamengo-e-divide-atencoes-em-tempos-de-titulos\/#primaryimage\"},\"thumbnailUrl\":\"https:\/\/www.gaveanews.com\/wp-content\/uploads\/2019\/03\/Rodolfo-Landim-durante-entrevista-coletiva-na-Gavea.webp\",\"articleSection\":[\"Flamengo\"],\"inLanguage\":\"pt-BR\",\"potentialAction\":[{\"@type\":\"CommentAction\",\"name\":\"Comment\",\"target\":[\"https:\/\/www.gaveanews.com\/index.php\/2022\/11\/04\/diretora-acirra-animos-no-flamengo-e-divide-atencoes-em-tempos-de-titulos\/#respond\"]}],\"copyrightYear\":\"2022\",\"copyrightHolder\":{\"@id\":\"https:\/\/www.gaveanews.com\/#organization\"}},{\"@type\":\"WebPage\",\"@id\":\"https:\/\/www.gaveanews.com\/index.php\/2022\/11\/04\/diretora-acirra-animos-no-flamengo-e-divide-atencoes-em-tempos-de-titulos\/\",\"url\":\"https:\/\/www.gaveanews.com\/index.php\/2022\/11\/04\/diretora-acirra-animos-no-flamengo-e-divide-atencoes-em-tempos-de-titulos\/\",\"name\":\"Diretora acirra \u00e2nimos no Flamengo e divide aten\u00e7\u00f5es em tempos de t\u00edtulos\",\"isPartOf\":{\"@id\":\"https:\/\/www.gaveanews.com\/#website\"},\"primaryImageOfPage\":{\"@id\":\"https:\/\/www.gaveanews.com\/index.php\/2022\/11\/04\/diretora-acirra-animos-no-flamengo-e-divide-atencoes-em-tempos-de-titulos\/#primaryimage\"},\"image\":{\"@id\":\"https:\/\/www.gaveanews.com\/index.php\/2022\/11\/04\/diretora-acirra-animos-no-flamengo-e-divide-atencoes-em-tempos-de-titulos\/#primaryimage\"},\"thumbnailUrl\":\"https:\/\/www.gaveanews.com\/wp-content\/uploads\/2019\/03\/Rodolfo-Landim-durante-entrevista-coletiva-na-Gavea.webp\",\"datePublished\":\"2022-11-04T10:09:45+00:00\",\"dateModified\":\"2022-11-04T10:09:47+00:00\",\"author\":{\"@id\":\"https:\/\/www.gaveanews.com\/#\/schema\/person\/2ec14f73fb96be2caf28f91afb14749d\"},\"breadcrumb\":{\"@id\":\"https:\/\/www.gaveanews.com\/index.php\/2022\/11\/04\/diretora-acirra-animos-no-flamengo-e-divide-atencoes-em-tempos-de-titulos\/#breadcrumb\"},\"inLanguage\":\"pt-BR\",\"potentialAction\":[{\"@type\":\"ReadAction\",\"target\":[\"https:\/\/www.gaveanews.com\/index.php\/2022\/11\/04\/diretora-acirra-animos-no-flamengo-e-divide-atencoes-em-tempos-de-titulos\/\"]}]},{\"@type\":\"ImageObject\",\"inLanguage\":\"pt-BR\",\"@id\":\"https:\/\/www.gaveanews.com\/index.php\/2022\/11\/04\/diretora-acirra-animos-no-flamengo-e-divide-atencoes-em-tempos-de-titulos\/#primaryimage\",\"url\":\"https:\/\/www.gaveanews.com\/wp-content\/uploads\/2019\/03\/Rodolfo-Landim-durante-entrevista-coletiva-na-Gavea.webp\",\"contentUrl\":\"https:\/\/www.gaveanews.com\/wp-content\/uploads\/2019\/03\/Rodolfo-Landim-durante-entrevista-coletiva-na-Gavea.webp\",\"width\":900,\"height\":599,\"caption\":\"Rodolfo Landim durante entrevista coletiva na G\u00e1vea (Foto: Ag\u00eancia Foto BR)\"},{\"@type\":\"BreadcrumbList\",\"@id\":\"https:\/\/www.gaveanews.com\/index.php\/2022\/11\/04\/diretora-acirra-animos-no-flamengo-e-divide-atencoes-em-tempos-de-titulos\/#breadcrumb\",\"itemListElement\":[{\"@type\":\"ListItem\",\"position\":1,\"name\":\"Home\",\"item\":\"https:\/\/www.gaveanews.com\/\"},{\"@type\":\"ListItem\",\"position\":2,\"name\":\"Diretora acirra \u00e2nimos no Flamengo e divide aten\u00e7\u00f5es em tempos de t\u00edtulos\"}]},{\"@type\":\"WebSite\",\"@id\":\"https:\/\/www.gaveanews.com\/#website\",\"url\":\"https:\/\/www.gaveanews.com\/\",\"name\":\"G\u00e1vea News\",\"description\":\"Veja todas as not\u00edcias sobre o Flamengo: Contrata\u00e7\u00f5es, categorias de base, resultados das partidas, tabela de classifica\u00e7\u00e3o, pr\u00f3ximos jogos!\",\"potentialAction\":[{\"@type\":\"SearchAction\",\"target\":{\"@type\":\"EntryPoint\",\"urlTemplate\":\"https:\/\/www.gaveanews.com\/?s={search_term_string}\"},\"query-input\":{\"@type\":\"PropertyValueSpecification\",\"valueRequired\":true,\"valueName\":\"search_term_string\"}}],\"inLanguage\":\"pt-BR\"},{\"@type\":\"Person\",\"@id\":\"https:\/\/www.gaveanews.com\/#\/schema\/person\/2ec14f73fb96be2caf28f91afb14749d\",\"name\":\"Equipe G\u00e1vea News\",\"image\":{\"@type\":\"ImageObject\",\"inLanguage\":\"pt-BR\",\"@id\":\"https:\/\/www.gaveanews.com\/#\/schema\/person\/image\/\",\"url\":\"https:\/\/secure.gravatar.com\/avatar\/1e1956f1facbffd3f8fa53a326721950116b3b9dc9bd44939c01180fd4a745a9?s=96&d=mm&r=g\",\"contentUrl\":\"https:\/\/secure.gravatar.com\/avatar\/1e1956f1facbffd3f8fa53a326721950116b3b9dc9bd44939c01180fd4a745a9?s=96&d=mm&r=g\",\"caption\":\"Equipe G\u00e1vea News\"}}]}<\/script>\n<!-- \/ Yoast SEO Premium plugin. -->","yoast_head_json":{"title":"Diretora acirra \u00e2nimos no Flamengo e divide aten\u00e7\u00f5es em tempos de t\u00edtulos","robots":{"index":"index","follow":"follow","max-snippet":"max-snippet:-1","max-image-preview":"max-image-preview:large","max-video-preview":"max-video-preview:-1"},"canonical":"https:\/\/www.gaveanews.com\/index.php\/2022\/11\/04\/diretora-acirra-animos-no-flamengo-e-divide-atencoes-em-tempos-de-titulos\/","og_locale":"pt_BR","og_type":"article","og_title":"Diretora acirra \u00e2nimos no Flamengo e divide aten\u00e7\u00f5es em tempos de t\u00edtulos","og_description":"O Flamengo conquistou dois t\u00edtulos importantes na temporada depois de um in\u00edcio conturbado dentro do campo. Os \u00faltimos dias, por\u00e9m, fizeram o notici\u00e1rio n\u00e3o se resumir apenas \u00e0s ta\u00e7as. Com a declara\u00e7\u00e3o de cunho xenof\u00f3bico de \u00c2ngela Machado e os problemas com a Outsider Tours antes da Libertadores, as gl\u00f3rias dividiram espa\u00e7o com as pol\u00eamicas. [&hellip;]","og_url":"https:\/\/www.gaveanews.com\/index.php\/2022\/11\/04\/diretora-acirra-animos-no-flamengo-e-divide-atencoes-em-tempos-de-titulos\/","og_site_name":"G\u00e1vea News","article_publisher":"https:\/\/facebook.com\/gaveaNews\/","article_published_time":"2022-11-04T10:09:45+00:00","article_modified_time":"2022-11-04T10:09:47+00:00","og_image":[{"url":"https:\/\/www.gaveanews.com\/wp-content\/uploads\/2019\/03\/Rodolfo-Landim-durante-entrevista-coletiva-na-Gavea.webp","width":1,"height":1,"type":"image\/jpeg"}],"author":"Equipe G\u00e1vea News","twitter_card":"summary_large_image","twitter_misc":{"Escrito por":"Equipe G\u00e1vea News","Est. tempo de leitura":"4 minutos"},"schema":{"@context":"https:\/\/schema.org","@graph":[{"@type":"NewsArticle","@id":"https:\/\/www.gaveanews.com\/index.php\/2022\/11\/04\/diretora-acirra-animos-no-flamengo-e-divide-atencoes-em-tempos-de-titulos\/#article","isPartOf":{"@id":"https:\/\/www.gaveanews.com\/index.php\/2022\/11\/04\/diretora-acirra-animos-no-flamengo-e-divide-atencoes-em-tempos-de-titulos\/"},"author":{"name":"Equipe G\u00e1vea News","@id":"https:\/\/www.gaveanews.com\/#\/schema\/person\/2ec14f73fb96be2caf28f91afb14749d"},"headline":"Diretora acirra \u00e2nimos no Flamengo e divide aten\u00e7\u00f5es em tempos de t\u00edtulos","datePublished":"2022-11-04T10:09:45+00:00","dateModified":"2022-11-04T10:09:47+00:00","mainEntityOfPage":{"@id":"https:\/\/www.gaveanews.com\/index.php\/2022\/11\/04\/diretora-acirra-animos-no-flamengo-e-divide-atencoes-em-tempos-de-titulos\/"},"wordCount":668,"commentCount":0,"image":{"@id":"https:\/\/www.gaveanews.com\/index.php\/2022\/11\/04\/diretora-acirra-animos-no-flamengo-e-divide-atencoes-em-tempos-de-titulos\/#primaryimage"},"thumbnailUrl":"https:\/\/www.gaveanews.com\/wp-content\/uploads\/2019\/03\/Rodolfo-Landim-durante-entrevista-coletiva-na-Gavea.webp","articleSection":["Flamengo"],"inLanguage":"pt-BR","potentialAction":[{"@type":"CommentAction","name":"Comment","target":["https:\/\/www.gaveanews.com\/index.php\/2022\/11\/04\/diretora-acirra-animos-no-flamengo-e-divide-atencoes-em-tempos-de-titulos\/#respond"]}],"copyrightYear":"2022","copyrightHolder":{"@id":"https:\/\/www.gaveanews.com\/#organization"}},{"@type":"WebPage","@id":"https:\/\/www.gaveanews.com\/index.php\/2022\/11\/04\/diretora-acirra-animos-no-flamengo-e-divide-atencoes-em-tempos-de-titulos\/","url":"https:\/\/www.gaveanews.com\/index.php\/2022\/11\/04\/diretora-acirra-animos-no-flamengo-e-divide-atencoes-em-tempos-de-titulos\/","name":"Diretora acirra \u00e2nimos no Flamengo e divide aten\u00e7\u00f5es em tempos de t\u00edtulos","isPartOf":{"@id":"https:\/\/www.gaveanews.com\/#website"},"primaryImageOfPage":{"@id":"https:\/\/www.gaveanews.com\/index.php\/2022\/11\/04\/diretora-acirra-animos-no-flamengo-e-divide-atencoes-em-tempos-de-titulos\/#primaryimage"},"image":{"@id":"https:\/\/www.gaveanews.com\/index.php\/2022\/11\/04\/diretora-acirra-animos-no-flamengo-e-divide-atencoes-em-tempos-de-titulos\/#primaryimage"},"thumbnailUrl":"https:\/\/www.gaveanews.com\/wp-content\/uploads\/2019\/03\/Rodolfo-Landim-durante-entrevista-coletiva-na-Gavea.webp","datePublished":"2022-11-04T10:09:45+00:00","dateModified":"2022-11-04T10:09:47+00:00","author":{"@id":"https:\/\/www.gaveanews.com\/#\/schema\/person\/2ec14f73fb96be2caf28f91afb14749d"},"breadcrumb":{"@id":"https:\/\/www.gaveanews.com\/index.php\/2022\/11\/04\/diretora-acirra-animos-no-flamengo-e-divide-atencoes-em-tempos-de-titulos\/#breadcrumb"},"inLanguage":"pt-BR","potentialAction":[{"@type":"ReadAction","target":["https:\/\/www.gaveanews.com\/index.php\/2022\/11\/04\/diretora-acirra-animos-no-flamengo-e-divide-atencoes-em-tempos-de-titulos\/"]}]},{"@type":"ImageObject","inLanguage":"pt-BR","@id":"https:\/\/www.gaveanews.com\/index.php\/2022\/11\/04\/diretora-acirra-animos-no-flamengo-e-divide-atencoes-em-tempos-de-titulos\/#primaryimage","url":"https:\/\/www.gaveanews.com\/wp-content\/uploads\/2019\/03\/Rodolfo-Landim-durante-entrevista-coletiva-na-Gavea.webp","contentUrl":"https:\/\/www.gaveanews.com\/wp-content\/uploads\/2019\/03\/Rodolfo-Landim-durante-entrevista-coletiva-na-Gavea.webp","width":900,"height":599,"caption":"Rodolfo Landim durante entrevista coletiva na G\u00e1vea (Foto: Ag\u00eancia Foto BR)"},{"@type":"BreadcrumbList","@id":"https:\/\/www.gaveanews.com\/index.php\/2022\/11\/04\/diretora-acirra-animos-no-flamengo-e-divide-atencoes-em-tempos-de-titulos\/#breadcrumb","itemListElement":[{"@type":"ListItem","position":1,"name":"Home","item":"https:\/\/www.gaveanews.com\/"},{"@type":"ListItem","position":2,"name":"Diretora acirra \u00e2nimos no Flamengo e divide aten\u00e7\u00f5es em tempos de t\u00edtulos"}]},{"@type":"WebSite","@id":"https:\/\/www.gaveanews.com\/#website","url":"https:\/\/www.gaveanews.com\/","name":"G\u00e1vea News","description":"Veja todas as not\u00edcias sobre o Flamengo: Contrata\u00e7\u00f5es, categorias de base, resultados das partidas, tabela de classifica\u00e7\u00e3o, pr\u00f3ximos jogos!","potentialAction":[{"@type":"SearchAction","target":{"@type":"EntryPoint","urlTemplate":"https:\/\/www.gaveanews.com\/?s={search_term_string}"},"query-input":{"@type":"PropertyValueSpecification","valueRequired":true,"valueName":"search_term_string"}}],"inLanguage":"pt-BR"},{"@type":"Person","@id":"https:\/\/www.gaveanews.com\/#\/schema\/person\/2ec14f73fb96be2caf28f91afb14749d","name":"Equipe G\u00e1vea News","image":{"@type":"ImageObject","inLanguage":"pt-BR","@id":"https:\/\/www.gaveanews.com\/#\/schema\/person\/image\/","url":"https:\/\/secure.gravatar.com\/avatar\/1e1956f1facbffd3f8fa53a326721950116b3b9dc9bd44939c01180fd4a745a9?s=96&d=mm&r=g","contentUrl":"https:\/\/secure.gravatar.com\/avatar\/1e1956f1facbffd3f8fa53a326721950116b3b9dc9bd44939c01180fd4a745a9?s=96&d=mm&r=g","caption":"Equipe G\u00e1vea News"}}]}},"_links":{"self":[{"href":"https:\/\/www.gaveanews.com\/index.php\/wp-json\/wp\/v2\/posts\/90105","targetHints":{"allow":["GET"]}}],"collection":[{"href":"https:\/\/www.gaveanews.com\/index.php\/wp-json\/wp\/v2\/posts"}],"about":[{"href":"https:\/\/www.gaveanews.com\/index.php\/wp-json\/wp\/v2\/types\/post"}],"author":[{"embeddable":true,"href":"https:\/\/www.gaveanews.com\/index.php\/wp-json\/wp\/v2\/users\/1"}],"replies":[{"embeddable":true,"href":"https:\/\/www.gaveanews.com\/index.php\/wp-json\/wp\/v2\/comments?post=90105"}],"version-history":[{"count":0,"href":"https:\/\/www.gaveanews.com\/index.php\/wp-json\/wp\/v2\/posts\/90105\/revisions"}],"wp:featuredmedia":[{"embeddable":true,"href":"https:\/\/www.gaveanews.com\/index.php\/wp-json\/wp\/v2\/media\/15077"}],"wp:attachment":[{"href":"https:\/\/www.gaveanews.com\/index.php\/wp-json\/wp\/v2\/media?parent=90105"}],"wp:term":[{"taxonomy":"category","embeddable":true,"href":"https:\/\/www.gaveanews.com\/index.php\/wp-json\/wp\/v2\/categories?post=90105"},{"taxonomy":"post_tag","embeddable":true,"href":"https:\/\/www.gaveanews.com\/index.php\/wp-json\/wp\/v2\/tags?post=90105"}],"curies":[{"name":"wp","href":"https:\/\/api.w.org\/{rel}","templated":true}]}}