{"id":90112,"date":"2022-11-04T08:13:16","date_gmt":"2022-11-04T11:13:16","guid":{"rendered":"https:\/\/www.gaveanews.com\/?p=90112"},"modified":"2022-11-04T08:13:18","modified_gmt":"2022-11-04T11:13:18","slug":"presidente-da-ferj-preve-dificuldades-para-o-flamengo-em-2023","status":"publish","type":"post","link":"https:\/\/www.gaveanews.com\/index.php\/2022\/11\/04\/presidente-da-ferj-preve-dificuldades-para-o-flamengo-em-2023\/","title":{"rendered":"Presidente da FERJ prev\u00ea dificuldades para o Flamengo em 2023"},"content":{"rendered":"\n<p>Encontrar uma forma de comparecer a todos os compromissos e disputar todas competi\u00e7\u00f5es para as quais est\u00e1 classificado n\u00e3o ser\u00e1 uma tarefa simples para o Flamengo. Com as conquistas das copas, o Rubro-Negro garantiu vaga em sete torneios, enchendo sua agenda para 2023.<\/p>\n\n\n\n<p>A primeira competi\u00e7\u00e3o agendada para o Meng\u00e3o \u00e9 o Campeonato Carioca. No estadual, o clube encontra Fluminense, Vasco, Botafogo e diversos outros times do Rio de Janeiro. <\/p>\n\n\n\n<p>A novidade para o pr\u00f3ximo ano \u00e9 que duas das tr\u00eas equipes citadas passaram por um processo administrativo que visa tentar equilibrar o jogo entre os quatro times de maior express\u00e3o do Rio.<\/p>\n\n\n\n<p>De acordo com Rubens Lopes, presidente da Federa\u00e7\u00e3o de Futebol do Estado do Rio de Janeiro (FERJ), haver\u00e1 um equil\u00edbrio maior entre os quatro no Campeonato Carioca de 2023, uma vez que Botafogo e Vasco se tornaram SAFs recentemente e est\u00e3o recebendo maior investimento. Por consequ\u00eancia, os demais clubes que disputar\u00e3o o estadual sofrer\u00e3o ainda mais com a diferen\u00e7a de realidades.<\/p>\n\n\n\n<p><em>\u2014 Uma consequ\u00eancia imediata \u00e9 o desequil\u00edbrio econ\u00f4mico que vai acontecer nas competi\u00e7\u00f5es. N\u00e3o h\u00e1 d\u00favida. Vamos ter F\u00f3rmula 1 com Ferrari, McLaren e com fusquinhas l\u00e1 atr\u00e1s. Isso vai acontecer na primeira competi\u00e7\u00e3o nacional. No estadual n\u00e3o sei se tanto assim, porque a competi\u00e7\u00e3o se resume em protagonistas e coadjuvantes. No Rio temos as quatro grandes marcas, \u00e9 a \u00fanica cidade do mundo que tem quatro grandes marcas. <\/em><\/p>\n\n\n\n<p><em>\u2014 Antes tinha um desequil\u00edbrio causado pelo\u00a0Flamengo\u00a0em si, com situa\u00e7\u00e3o econ\u00f4mica muito melhor. Agora tem mais duas outras marcas que podem concorrer de imediato com o Flamengo, \u00e9 s\u00f3 colocar o dinheiro l\u00e1. Embora muito dinheiro pode n\u00e3o significar resultado. O desn\u00edvel\u00a0econ\u00f4mico do Flamengo\u00a0em rela\u00e7\u00e3o aos demais pode ser muito minimizado de imediato por duas marcas, Botafogo e Vasco, em fun\u00e7\u00e3o da SAF. O\u00a0Fluminense\u00a0eu n\u00e3o sei como vai se situar economicamente no meio desse poderio econ\u00f4mico dos outros.<\/em><\/p>\n\n\n\n<p>Embora o poder econ\u00f4mico de fato aumente, Rubens Lopes ponderou que o dinheiro pode n\u00e3o ser tudo neste caso. Isso porque o sucesso da equipe passa tamb\u00e9m pela gest\u00e3o do clube.<\/p>\n\n\n\n<p><em>\u2014 Sobre a SAF, nada mais \u00e9 que uma institui\u00e7\u00e3o, uma forma jur\u00eddica, empresarial, que n\u00e3o \u00e9 garantia de sucesso. Tudo passa por gest\u00e3o. Se a gest\u00e3o da SAF foi ruim, o resultado vai ser ruim. N\u00e3o \u00e9 o modelo que \u00e9 garantia de sucesso. Um mau gestor, pode estar na SAF, na SOF, na SIFU, o que n\u00e3o acredito que venha a acontecer, embora tenha o caso do Gama\u2026 O problema \u00e9 de acordo com a gest\u00e3o.<\/em><\/p>\n\n\n\n<p><em>\u2014 \u00c9 uma forma promissora, as pessoas n\u00e3o est\u00e3o ali para brincar, a n\u00e3o ser que esteja com dinheiro al\u00e9m da conta. N\u00e3o acredito que o presidente da SAF do Botafogo tenha entrado s\u00f3 para brincar e depois n\u00e3o queira mais o clube. Vislumbra como neg\u00f3cio. \u00c9 a expectativa que todo botafoguense tem. Eu posso referendar isso. Mas \u00e9 uma forma muito nova. Come\u00e7amos a conviver com isso agora, tem oito meses, vamos aguardar. Mas de uma forma imediatista, financeiramente foi uma solu\u00e7\u00e3o que permitiu ter uma certa tranquilidade, refor\u00e7ada pela expectativa de que recursos ser\u00e3o aportados.<\/em><\/p>\n","protected":false},"excerpt":{"rendered":"<p>Encontrar uma forma de comparecer a todos os compromissos e disputar todas competi\u00e7\u00f5es para as quais est\u00e1 classificado n\u00e3o ser\u00e1 uma tarefa simples para o Flamengo. Com as conquistas das copas, o Rubro-Negro garantiu vaga em sete torneios, enchendo sua agenda para 2023. A primeira competi\u00e7\u00e3o agendada para o Meng\u00e3o \u00e9 o Campeonato Carioca. No [&hellip;]<\/p>\n","protected":false},"author":4,"featured_media":76722,"comment_status":"open","ping_status":"closed","sticky":false,"template":"","format":"standard","meta":{"footnotes":""},"categories":[1],"tags":[],"class_list":["post-90112","post","type-post","status-publish","format-standard","has-post-thumbnail","hentry","category-flamengo"],"yoast_head":"<!-- This site is optimized with the Yoast SEO Premium plugin v24.2 (Yoast SEO v26.9) - https:\/\/yoast.com\/product\/yoast-seo-premium-wordpress\/ -->\n<title>Presidente da FERJ prev\u00ea dificuldades para o Flamengo em 2023<\/title>\n<meta name=\"robots\" content=\"index, follow, max-snippet:-1, max-image-preview:large, max-video-preview:-1\" \/>\n<link rel=\"canonical\" href=\"https:\/\/www.gaveanews.com\/index.php\/2022\/11\/04\/presidente-da-ferj-preve-dificuldades-para-o-flamengo-em-2023\/\" \/>\n<meta property=\"og:locale\" content=\"pt_BR\" \/>\n<meta property=\"og:type\" content=\"article\" \/>\n<meta property=\"og:title\" content=\"Presidente da FERJ prev\u00ea dificuldades para o Flamengo em 2023\" \/>\n<meta property=\"og:description\" content=\"Encontrar uma forma de comparecer a todos os compromissos e disputar todas competi\u00e7\u00f5es para as quais est\u00e1 classificado n\u00e3o ser\u00e1 uma tarefa simples para o Flamengo. Com as conquistas das copas, o Rubro-Negro garantiu vaga em sete torneios, enchendo sua agenda para 2023. A primeira competi\u00e7\u00e3o agendada para o Meng\u00e3o \u00e9 o Campeonato Carioca. No [&hellip;]\" \/>\n<meta property=\"og:url\" content=\"https:\/\/www.gaveanews.com\/index.php\/2022\/11\/04\/presidente-da-ferj-preve-dificuldades-para-o-flamengo-em-2023\/\" \/>\n<meta property=\"og:site_name\" content=\"G\u00e1vea News\" \/>\n<meta property=\"article:publisher\" content=\"https:\/\/facebook.com\/gaveaNews\/\" \/>\n<meta property=\"article:published_time\" content=\"2022-11-04T11:13:16+00:00\" \/>\n<meta property=\"article:modified_time\" content=\"2022-11-04T11:13:18+00:00\" \/>\n<meta property=\"og:image\" content=\"https:\/\/www.gaveanews.com\/wp-content\/uploads\/Arrascaeta-em-acao-pelo-Flamengo-contra-o-Nova-Iguacu-pelo-Campeonato-Carioca-2022.webp\" \/>\n\t<meta property=\"og:image:width\" content=\"800\" \/>\n\t<meta property=\"og:image:height\" content=\"533\" \/>\n\t<meta property=\"og:image:type\" content=\"image\/jpeg\" \/>\n<meta name=\"author\" content=\"Let\u00edcia Gerheim\" \/>\n<meta name=\"twitter:card\" content=\"summary_large_image\" \/>\n<meta name=\"twitter:label1\" content=\"Escrito por\" \/>\n\t<meta name=\"twitter:data1\" content=\"Let\u00edcia Gerheim\" \/>\n\t<meta name=\"twitter:label2\" content=\"Est. tempo de leitura\" \/>\n\t<meta name=\"twitter:data2\" content=\"3 minutos\" \/>\n<script type=\"application\/ld+json\" class=\"yoast-schema-graph\">{\"@context\":\"https:\/\/schema.org\",\"@graph\":[{\"@type\":\"NewsArticle\",\"@id\":\"https:\/\/www.gaveanews.com\/index.php\/2022\/11\/04\/presidente-da-ferj-preve-dificuldades-para-o-flamengo-em-2023\/#article\",\"isPartOf\":{\"@id\":\"https:\/\/www.gaveanews.com\/index.php\/2022\/11\/04\/presidente-da-ferj-preve-dificuldades-para-o-flamengo-em-2023\/\"},\"author\":{\"name\":\"Let\u00edcia Gerheim\",\"@id\":\"https:\/\/www.gaveanews.com\/#\/schema\/person\/714c67050b836198af2450ba1c142a67\"},\"headline\":\"Presidente da FERJ prev\u00ea dificuldades para o Flamengo em 2023\",\"datePublished\":\"2022-11-04T11:13:16+00:00\",\"dateModified\":\"2022-11-04T11:13:18+00:00\",\"mainEntityOfPage\":{\"@id\":\"https:\/\/www.gaveanews.com\/index.php\/2022\/11\/04\/presidente-da-ferj-preve-dificuldades-para-o-flamengo-em-2023\/\"},\"wordCount\":570,\"commentCount\":0,\"image\":{\"@id\":\"https:\/\/www.gaveanews.com\/index.php\/2022\/11\/04\/presidente-da-ferj-preve-dificuldades-para-o-flamengo-em-2023\/#primaryimage\"},\"thumbnailUrl\":\"https:\/\/www.gaveanews.com\/wp-content\/uploads\/Arrascaeta-em-acao-pelo-Flamengo-contra-o-Nova-Iguacu-pelo-Campeonato-Carioca-2022.webp\",\"articleSection\":[\"Flamengo\"],\"inLanguage\":\"pt-BR\",\"potentialAction\":[{\"@type\":\"CommentAction\",\"name\":\"Comment\",\"target\":[\"https:\/\/www.gaveanews.com\/index.php\/2022\/11\/04\/presidente-da-ferj-preve-dificuldades-para-o-flamengo-em-2023\/#respond\"]}],\"copyrightYear\":\"2022\",\"copyrightHolder\":{\"@id\":\"https:\/\/www.gaveanews.com\/#organization\"}},{\"@type\":\"WebPage\",\"@id\":\"https:\/\/www.gaveanews.com\/index.php\/2022\/11\/04\/presidente-da-ferj-preve-dificuldades-para-o-flamengo-em-2023\/\",\"url\":\"https:\/\/www.gaveanews.com\/index.php\/2022\/11\/04\/presidente-da-ferj-preve-dificuldades-para-o-flamengo-em-2023\/\",\"name\":\"Presidente da FERJ prev\u00ea dificuldades para o Flamengo em 2023\",\"isPartOf\":{\"@id\":\"https:\/\/www.gaveanews.com\/#website\"},\"primaryImageOfPage\":{\"@id\":\"https:\/\/www.gaveanews.com\/index.php\/2022\/11\/04\/presidente-da-ferj-preve-dificuldades-para-o-flamengo-em-2023\/#primaryimage\"},\"image\":{\"@id\":\"https:\/\/www.gaveanews.com\/index.php\/2022\/11\/04\/presidente-da-ferj-preve-dificuldades-para-o-flamengo-em-2023\/#primaryimage\"},\"thumbnailUrl\":\"https:\/\/www.gaveanews.com\/wp-content\/uploads\/Arrascaeta-em-acao-pelo-Flamengo-contra-o-Nova-Iguacu-pelo-Campeonato-Carioca-2022.webp\",\"datePublished\":\"2022-11-04T11:13:16+00:00\",\"dateModified\":\"2022-11-04T11:13:18+00:00\",\"author\":{\"@id\":\"https:\/\/www.gaveanews.com\/#\/schema\/person\/714c67050b836198af2450ba1c142a67\"},\"breadcrumb\":{\"@id\":\"https:\/\/www.gaveanews.com\/index.php\/2022\/11\/04\/presidente-da-ferj-preve-dificuldades-para-o-flamengo-em-2023\/#breadcrumb\"},\"inLanguage\":\"pt-BR\",\"potentialAction\":[{\"@type\":\"ReadAction\",\"target\":[\"https:\/\/www.gaveanews.com\/index.php\/2022\/11\/04\/presidente-da-ferj-preve-dificuldades-para-o-flamengo-em-2023\/\"]}]},{\"@type\":\"ImageObject\",\"inLanguage\":\"pt-BR\",\"@id\":\"https:\/\/www.gaveanews.com\/index.php\/2022\/11\/04\/presidente-da-ferj-preve-dificuldades-para-o-flamengo-em-2023\/#primaryimage\",\"url\":\"https:\/\/www.gaveanews.com\/wp-content\/uploads\/Arrascaeta-em-acao-pelo-Flamengo-contra-o-Nova-Iguacu-pelo-Campeonato-Carioca-2022.webp\",\"contentUrl\":\"https:\/\/www.gaveanews.com\/wp-content\/uploads\/Arrascaeta-em-acao-pelo-Flamengo-contra-o-Nova-Iguacu-pelo-Campeonato-Carioca-2022.webp\",\"width\":800,\"height\":533,\"caption\":\"Arrascaeta em a\u00e7\u00e3o pelo Flamengo contra o Nova Igua\u00e7u pelo Campeonato Carioca 2022 (Foto: Marcelo Cortes\/Flamengo)\"},{\"@type\":\"BreadcrumbList\",\"@id\":\"https:\/\/www.gaveanews.com\/index.php\/2022\/11\/04\/presidente-da-ferj-preve-dificuldades-para-o-flamengo-em-2023\/#breadcrumb\",\"itemListElement\":[{\"@type\":\"ListItem\",\"position\":1,\"name\":\"Home\",\"item\":\"https:\/\/www.gaveanews.com\/\"},{\"@type\":\"ListItem\",\"position\":2,\"name\":\"Presidente da FERJ prev\u00ea dificuldades para o Flamengo em 2023\"}]},{\"@type\":\"WebSite\",\"@id\":\"https:\/\/www.gaveanews.com\/#website\",\"url\":\"https:\/\/www.gaveanews.com\/\",\"name\":\"G\u00e1vea News\",\"description\":\"Veja todas as not\u00edcias sobre o Flamengo: Contrata\u00e7\u00f5es, categorias de base, resultados das partidas, tabela de classifica\u00e7\u00e3o, pr\u00f3ximos jogos!\",\"potentialAction\":[{\"@type\":\"SearchAction\",\"target\":{\"@type\":\"EntryPoint\",\"urlTemplate\":\"https:\/\/www.gaveanews.com\/?s={search_term_string}\"},\"query-input\":{\"@type\":\"PropertyValueSpecification\",\"valueRequired\":true,\"valueName\":\"search_term_string\"}}],\"inLanguage\":\"pt-BR\"},{\"@type\":\"Person\",\"@id\":\"https:\/\/www.gaveanews.com\/#\/schema\/person\/714c67050b836198af2450ba1c142a67\",\"name\":\"Let\u00edcia Gerheim\",\"image\":{\"@type\":\"ImageObject\",\"inLanguage\":\"pt-BR\",\"@id\":\"https:\/\/www.gaveanews.com\/#\/schema\/person\/image\/\",\"url\":\"https:\/\/secure.gravatar.com\/avatar\/60734739c50fcebfbac509e2a826ccd0ff405c019bc73aab9354f19ecad1dcb4?s=96&d=mm&r=g\",\"contentUrl\":\"https:\/\/secure.gravatar.com\/avatar\/60734739c50fcebfbac509e2a826ccd0ff405c019bc73aab9354f19ecad1dcb4?s=96&d=mm&r=g\",\"caption\":\"Let\u00edcia Gerheim\"}}]}<\/script>\n<!-- \/ Yoast SEO Premium plugin. -->","yoast_head_json":{"title":"Presidente da FERJ prev\u00ea dificuldades para o Flamengo em 2023","robots":{"index":"index","follow":"follow","max-snippet":"max-snippet:-1","max-image-preview":"max-image-preview:large","max-video-preview":"max-video-preview:-1"},"canonical":"https:\/\/www.gaveanews.com\/index.php\/2022\/11\/04\/presidente-da-ferj-preve-dificuldades-para-o-flamengo-em-2023\/","og_locale":"pt_BR","og_type":"article","og_title":"Presidente da FERJ prev\u00ea dificuldades para o Flamengo em 2023","og_description":"Encontrar uma forma de comparecer a todos os compromissos e disputar todas competi\u00e7\u00f5es para as quais est\u00e1 classificado n\u00e3o ser\u00e1 uma tarefa simples para o Flamengo. Com as conquistas das copas, o Rubro-Negro garantiu vaga em sete torneios, enchendo sua agenda para 2023. A primeira competi\u00e7\u00e3o agendada para o Meng\u00e3o \u00e9 o Campeonato Carioca. No [&hellip;]","og_url":"https:\/\/www.gaveanews.com\/index.php\/2022\/11\/04\/presidente-da-ferj-preve-dificuldades-para-o-flamengo-em-2023\/","og_site_name":"G\u00e1vea News","article_publisher":"https:\/\/facebook.com\/gaveaNews\/","article_published_time":"2022-11-04T11:13:16+00:00","article_modified_time":"2022-11-04T11:13:18+00:00","og_image":[{"width":800,"height":533,"url":"https:\/\/www.gaveanews.com\/wp-content\/uploads\/Arrascaeta-em-acao-pelo-Flamengo-contra-o-Nova-Iguacu-pelo-Campeonato-Carioca-2022.webp","type":"image\/jpeg"}],"author":"Let\u00edcia Gerheim","twitter_card":"summary_large_image","twitter_misc":{"Escrito por":"Let\u00edcia Gerheim","Est. tempo de leitura":"3 minutos"},"schema":{"@context":"https:\/\/schema.org","@graph":[{"@type":"NewsArticle","@id":"https:\/\/www.gaveanews.com\/index.php\/2022\/11\/04\/presidente-da-ferj-preve-dificuldades-para-o-flamengo-em-2023\/#article","isPartOf":{"@id":"https:\/\/www.gaveanews.com\/index.php\/2022\/11\/04\/presidente-da-ferj-preve-dificuldades-para-o-flamengo-em-2023\/"},"author":{"name":"Let\u00edcia Gerheim","@id":"https:\/\/www.gaveanews.com\/#\/schema\/person\/714c67050b836198af2450ba1c142a67"},"headline":"Presidente da FERJ prev\u00ea dificuldades para o Flamengo em 2023","datePublished":"2022-11-04T11:13:16+00:00","dateModified":"2022-11-04T11:13:18+00:00","mainEntityOfPage":{"@id":"https:\/\/www.gaveanews.com\/index.php\/2022\/11\/04\/presidente-da-ferj-preve-dificuldades-para-o-flamengo-em-2023\/"},"wordCount":570,"commentCount":0,"image":{"@id":"https:\/\/www.gaveanews.com\/index.php\/2022\/11\/04\/presidente-da-ferj-preve-dificuldades-para-o-flamengo-em-2023\/#primaryimage"},"thumbnailUrl":"https:\/\/www.gaveanews.com\/wp-content\/uploads\/Arrascaeta-em-acao-pelo-Flamengo-contra-o-Nova-Iguacu-pelo-Campeonato-Carioca-2022.webp","articleSection":["Flamengo"],"inLanguage":"pt-BR","potentialAction":[{"@type":"CommentAction","name":"Comment","target":["https:\/\/www.gaveanews.com\/index.php\/2022\/11\/04\/presidente-da-ferj-preve-dificuldades-para-o-flamengo-em-2023\/#respond"]}],"copyrightYear":"2022","copyrightHolder":{"@id":"https:\/\/www.gaveanews.com\/#organization"}},{"@type":"WebPage","@id":"https:\/\/www.gaveanews.com\/index.php\/2022\/11\/04\/presidente-da-ferj-preve-dificuldades-para-o-flamengo-em-2023\/","url":"https:\/\/www.gaveanews.com\/index.php\/2022\/11\/04\/presidente-da-ferj-preve-dificuldades-para-o-flamengo-em-2023\/","name":"Presidente da FERJ prev\u00ea dificuldades para o Flamengo em 2023","isPartOf":{"@id":"https:\/\/www.gaveanews.com\/#website"},"primaryImageOfPage":{"@id":"https:\/\/www.gaveanews.com\/index.php\/2022\/11\/04\/presidente-da-ferj-preve-dificuldades-para-o-flamengo-em-2023\/#primaryimage"},"image":{"@id":"https:\/\/www.gaveanews.com\/index.php\/2022\/11\/04\/presidente-da-ferj-preve-dificuldades-para-o-flamengo-em-2023\/#primaryimage"},"thumbnailUrl":"https:\/\/www.gaveanews.com\/wp-content\/uploads\/Arrascaeta-em-acao-pelo-Flamengo-contra-o-Nova-Iguacu-pelo-Campeonato-Carioca-2022.webp","datePublished":"2022-11-04T11:13:16+00:00","dateModified":"2022-11-04T11:13:18+00:00","author":{"@id":"https:\/\/www.gaveanews.com\/#\/schema\/person\/714c67050b836198af2450ba1c142a67"},"breadcrumb":{"@id":"https:\/\/www.gaveanews.com\/index.php\/2022\/11\/04\/presidente-da-ferj-preve-dificuldades-para-o-flamengo-em-2023\/#breadcrumb"},"inLanguage":"pt-BR","potentialAction":[{"@type":"ReadAction","target":["https:\/\/www.gaveanews.com\/index.php\/2022\/11\/04\/presidente-da-ferj-preve-dificuldades-para-o-flamengo-em-2023\/"]}]},{"@type":"ImageObject","inLanguage":"pt-BR","@id":"https:\/\/www.gaveanews.com\/index.php\/2022\/11\/04\/presidente-da-ferj-preve-dificuldades-para-o-flamengo-em-2023\/#primaryimage","url":"https:\/\/www.gaveanews.com\/wp-content\/uploads\/Arrascaeta-em-acao-pelo-Flamengo-contra-o-Nova-Iguacu-pelo-Campeonato-Carioca-2022.webp","contentUrl":"https:\/\/www.gaveanews.com\/wp-content\/uploads\/Arrascaeta-em-acao-pelo-Flamengo-contra-o-Nova-Iguacu-pelo-Campeonato-Carioca-2022.webp","width":800,"height":533,"caption":"Arrascaeta em a\u00e7\u00e3o pelo Flamengo contra o Nova Igua\u00e7u pelo Campeonato Carioca 2022 (Foto: Marcelo Cortes\/Flamengo)"},{"@type":"BreadcrumbList","@id":"https:\/\/www.gaveanews.com\/index.php\/2022\/11\/04\/presidente-da-ferj-preve-dificuldades-para-o-flamengo-em-2023\/#breadcrumb","itemListElement":[{"@type":"ListItem","position":1,"name":"Home","item":"https:\/\/www.gaveanews.com\/"},{"@type":"ListItem","position":2,"name":"Presidente da FERJ prev\u00ea dificuldades para o Flamengo em 2023"}]},{"@type":"WebSite","@id":"https:\/\/www.gaveanews.com\/#website","url":"https:\/\/www.gaveanews.com\/","name":"G\u00e1vea News","description":"Veja todas as not\u00edcias sobre o Flamengo: Contrata\u00e7\u00f5es, categorias de base, resultados das partidas, tabela de classifica\u00e7\u00e3o, pr\u00f3ximos jogos!","potentialAction":[{"@type":"SearchAction","target":{"@type":"EntryPoint","urlTemplate":"https:\/\/www.gaveanews.com\/?s={search_term_string}"},"query-input":{"@type":"PropertyValueSpecification","valueRequired":true,"valueName":"search_term_string"}}],"inLanguage":"pt-BR"},{"@type":"Person","@id":"https:\/\/www.gaveanews.com\/#\/schema\/person\/714c67050b836198af2450ba1c142a67","name":"Let\u00edcia Gerheim","image":{"@type":"ImageObject","inLanguage":"pt-BR","@id":"https:\/\/www.gaveanews.com\/#\/schema\/person\/image\/","url":"https:\/\/secure.gravatar.com\/avatar\/60734739c50fcebfbac509e2a826ccd0ff405c019bc73aab9354f19ecad1dcb4?s=96&d=mm&r=g","contentUrl":"https:\/\/secure.gravatar.com\/avatar\/60734739c50fcebfbac509e2a826ccd0ff405c019bc73aab9354f19ecad1dcb4?s=96&d=mm&r=g","caption":"Let\u00edcia Gerheim"}}]}},"_links":{"self":[{"href":"https:\/\/www.gaveanews.com\/index.php\/wp-json\/wp\/v2\/posts\/90112","targetHints":{"allow":["GET"]}}],"collection":[{"href":"https:\/\/www.gaveanews.com\/index.php\/wp-json\/wp\/v2\/posts"}],"about":[{"href":"https:\/\/www.gaveanews.com\/index.php\/wp-json\/wp\/v2\/types\/post"}],"author":[{"embeddable":true,"href":"https:\/\/www.gaveanews.com\/index.php\/wp-json\/wp\/v2\/users\/4"}],"replies":[{"embeddable":true,"href":"https:\/\/www.gaveanews.com\/index.php\/wp-json\/wp\/v2\/comments?post=90112"}],"version-history":[{"count":0,"href":"https:\/\/www.gaveanews.com\/index.php\/wp-json\/wp\/v2\/posts\/90112\/revisions"}],"wp:featuredmedia":[{"embeddable":true,"href":"https:\/\/www.gaveanews.com\/index.php\/wp-json\/wp\/v2\/media\/76722"}],"wp:attachment":[{"href":"https:\/\/www.gaveanews.com\/index.php\/wp-json\/wp\/v2\/media?parent=90112"}],"wp:term":[{"taxonomy":"category","embeddable":true,"href":"https:\/\/www.gaveanews.com\/index.php\/wp-json\/wp\/v2\/categories?post=90112"},{"taxonomy":"post_tag","embeddable":true,"href":"https:\/\/www.gaveanews.com\/index.php\/wp-json\/wp\/v2\/tags?post=90112"}],"curies":[{"name":"wp","href":"https:\/\/api.w.org\/{rel}","templated":true}]}}