{"id":90151,"date":"2022-11-05T03:03:33","date_gmt":"2022-11-05T06:03:33","guid":{"rendered":"https:\/\/www.gaveanews.com\/?p=90151"},"modified":"2022-11-05T03:03:36","modified_gmt":"2022-11-05T06:03:36","slug":"jogador-do-flamengo-se-machucou-durante-comemoracao-do-gol-de-rodinei","status":"publish","type":"post","link":"https:\/\/www.gaveanews.com\/index.php\/2022\/11\/05\/jogador-do-flamengo-se-machucou-durante-comemoracao-do-gol-de-rodinei\/","title":{"rendered":"Jogador do Flamengo se machucou durante comemora\u00e7\u00e3o do gol de Rodinei"},"content":{"rendered":"\n<p>O Flamengo venceu a Copa do Brasil de forma emocionante contra o Corinthians. A decis\u00e3o no Maracan\u00e3 foi para os p\u00eanaltis e Rodinei, j\u00e1 nas cobran\u00e7as alternadas, converteu a penalidade que deu o t\u00edtulo ao Rubro-Negro.<\/p>\n\n\n\n<p>Na euf\u00f3rica comemora\u00e7\u00e3o no est\u00e1dio, um fato curioso aconteceu: o lateral-direito Guilhermo Varela estava indo do vesti\u00e1rio ao campo no momento em que Rodinei se preparou para a cobran\u00e7a. O uruguaio, ent\u00e3o, parou para acompanhar a penalidade em uma televis\u00e3o pr\u00f3xima a ele. O camisa 22 marcou o gol do t\u00edtulo e Varela correu em dire\u00e7\u00e3o ao companheiro de equipe.<\/p>\n\n\n\n<p>Segundo Mauro Cezar Pereira, o estrangeiro se machucou neste momento da comemora\u00e7\u00e3o e ficou fora da final da Copa Libertadores da Am\u00e9rica, vencida pelo Flamengo contra o Athletico Paranaense; confira o relato do jornalista:<\/p>\n\n\n\n<figure class=\"wp-block-embed is-type-rich is-provider-twitter wp-block-embed-twitter\"><div class=\"wp-block-embed__wrapper\">\n<blockquote class=\"twitter-tweet\" data-width=\"550\" data-dnt=\"true\"><p lang=\"pt\" dir=\"ltr\">Mauro Cezar conta que Varela se lesionou na comemora\u00e7\u00e3o do gol do Rodinei: &quot;Mais um pouco era grau 3 e ficaria fora do Copa do Mundo&quot; <a href=\"https:\/\/t.co\/BekrzNAFO4\">pic.twitter.com\/BekrzNAFO4<\/a><\/p>&mdash; Dryzinho (@Videos_Dryzinho) <a href=\"https:\/\/twitter.com\/Videos_Dryzinho\/status\/1588584424786255873?ref_src=twsrc%5Etfw\">November 4, 2022<\/a><\/blockquote><script async src=\"https:\/\/platform.twitter.com\/widgets.js\" charset=\"utf-8\"><\/script>\n<\/div><\/figure>\n\n\n\n<p>Mauro Cezar ainda diz que o jogador correu riscos de agravar a situa\u00e7\u00e3o: \u201cMais um pouco era grau 3 e ficaria fora do Copa do Mundo\u201d, informou o jornalista. Varela sentiu a coxa ao correr, mas continuou correndo e, naturalmente, aumentou a dor. Ele ficou perto de ter uma les\u00e3o mais s\u00e9ria, segundo informa\u00e7\u00f5es dos m\u00e9dicos do Flamengo.<\/p>\n\n\n\n<p>Varela se preocupa neste momento com a Copa do Mundo e n\u00e3o ir\u00e1 entrar em campo na reta final de Brasileir\u00e3o S\u00e9rie A pelo Flamengo. O lateral pode ser convocado para defender a sele\u00e7\u00e3o do uruguai.<\/p>\n\n\n\n<p>A situa\u00e7\u00e3o de Rodinei no Flamengo ainda est\u00e1 sem defini\u00e7\u00e3o. Portanto, caso o atual titular deixe o clube, Varela deve se tornar uma primeira op\u00e7\u00e3o para Dorival J\u00fanior em 2023.<\/p>\n\n\n\n<p>No m\u00eas passado, o treinador chegou a comentar sobre a situa\u00e7\u00e3o do estrangeiro: \u201cTudo \u00e9 quest\u00e3o de tempo para que se ambiente. \u00c9 muito mais o interno do que o externo. S\u00e3o os conceitos e a nossa forma de jogar. \u00c9 um jogador com muita capacidade. Acho que \u00e9 quest\u00e3o de tempo para que ele e Pulgar se ad\u00e9quem. Vamos ter paci\u00eancia. N\u00e3o tenho d\u00favidas de que ser\u00e3o jogadores muito bem aproveitados, far\u00e3o \u00f3tima passagem pelo clube, porque tem capacidade t\u00e9cnica\u201d, falou o comandante do Flamengo.<\/p>\n\n\n\n<p>Retirado de: Torcedores<\/p>\n","protected":false},"excerpt":{"rendered":"<p>O Flamengo venceu a Copa do Brasil de forma emocionante contra o Corinthians. A decis\u00e3o no Maracan\u00e3 foi para os p\u00eanaltis e Rodinei, j\u00e1 nas cobran\u00e7as alternadas, converteu a penalidade que deu o t\u00edtulo ao Rubro-Negro. Na euf\u00f3rica comemora\u00e7\u00e3o no est\u00e1dio, um fato curioso aconteceu: o lateral-direito Guilhermo Varela estava indo do vesti\u00e1rio ao campo [&hellip;]<\/p>\n","protected":false},"author":1,"featured_media":89350,"comment_status":"open","ping_status":"closed","sticky":false,"template":"","format":"standard","meta":{"footnotes":""},"categories":[1],"tags":[],"class_list":["post-90151","post","type-post","status-publish","format-standard","has-post-thumbnail","hentry","category-flamengo"],"yoast_head":"<!-- This site is optimized with the Yoast SEO Premium plugin v24.2 (Yoast SEO v26.9) - https:\/\/yoast.com\/product\/yoast-seo-premium-wordpress\/ -->\n<title>Jogador do Flamengo se machucou durante comemora\u00e7\u00e3o do gol de Rodinei<\/title>\n<meta name=\"robots\" content=\"index, follow, max-snippet:-1, max-image-preview:large, max-video-preview:-1\" \/>\n<link rel=\"canonical\" href=\"https:\/\/www.gaveanews.com\/index.php\/2022\/11\/05\/jogador-do-flamengo-se-machucou-durante-comemoracao-do-gol-de-rodinei\/\" \/>\n<meta property=\"og:locale\" content=\"pt_BR\" \/>\n<meta property=\"og:type\" content=\"article\" \/>\n<meta property=\"og:title\" content=\"Jogador do Flamengo se machucou durante comemora\u00e7\u00e3o do gol de Rodinei\" \/>\n<meta property=\"og:description\" content=\"O Flamengo venceu a Copa do Brasil de forma emocionante contra o Corinthians. A decis\u00e3o no Maracan\u00e3 foi para os p\u00eanaltis e Rodinei, j\u00e1 nas cobran\u00e7as alternadas, converteu a penalidade que deu o t\u00edtulo ao Rubro-Negro. Na euf\u00f3rica comemora\u00e7\u00e3o no est\u00e1dio, um fato curioso aconteceu: o lateral-direito Guilhermo Varela estava indo do vesti\u00e1rio ao campo [&hellip;]\" \/>\n<meta property=\"og:url\" content=\"https:\/\/www.gaveanews.com\/index.php\/2022\/11\/05\/jogador-do-flamengo-se-machucou-durante-comemoracao-do-gol-de-rodinei\/\" \/>\n<meta property=\"og:site_name\" content=\"G\u00e1vea News\" \/>\n<meta property=\"article:publisher\" content=\"https:\/\/facebook.com\/gaveaNews\/\" \/>\n<meta property=\"article:published_time\" content=\"2022-11-05T06:03:33+00:00\" \/>\n<meta property=\"article:modified_time\" content=\"2022-11-05T06:03:36+00:00\" \/>\n<meta property=\"og:image\" content=\"https:\/\/www.gaveanews.com\/wp-content\/uploads\/Rodinei-comemora-titulo-do-Flamengo-com-a-taca-da-Copa-do-Brasil.webp\" \/>\n\t<meta property=\"og:image:width\" content=\"800\" \/>\n\t<meta property=\"og:image:height\" content=\"533\" \/>\n\t<meta property=\"og:image:type\" content=\"image\/jpeg\" \/>\n<meta name=\"author\" content=\"Equipe G\u00e1vea News\" \/>\n<meta name=\"twitter:card\" content=\"summary_large_image\" \/>\n<meta name=\"twitter:label1\" content=\"Escrito por\" \/>\n\t<meta name=\"twitter:data1\" content=\"Equipe G\u00e1vea News\" \/>\n\t<meta name=\"twitter:label2\" content=\"Est. tempo de leitura\" \/>\n\t<meta name=\"twitter:data2\" content=\"2 minutos\" \/>\n<script type=\"application\/ld+json\" class=\"yoast-schema-graph\">{\"@context\":\"https:\/\/schema.org\",\"@graph\":[{\"@type\":\"NewsArticle\",\"@id\":\"https:\/\/www.gaveanews.com\/index.php\/2022\/11\/05\/jogador-do-flamengo-se-machucou-durante-comemoracao-do-gol-de-rodinei\/#article\",\"isPartOf\":{\"@id\":\"https:\/\/www.gaveanews.com\/index.php\/2022\/11\/05\/jogador-do-flamengo-se-machucou-durante-comemoracao-do-gol-de-rodinei\/\"},\"author\":{\"name\":\"Equipe G\u00e1vea News\",\"@id\":\"https:\/\/www.gaveanews.com\/#\/schema\/person\/2ec14f73fb96be2caf28f91afb14749d\"},\"headline\":\"Jogador do Flamengo se machucou durante comemora\u00e7\u00e3o do gol de Rodinei\",\"datePublished\":\"2022-11-05T06:03:33+00:00\",\"dateModified\":\"2022-11-05T06:03:36+00:00\",\"mainEntityOfPage\":{\"@id\":\"https:\/\/www.gaveanews.com\/index.php\/2022\/11\/05\/jogador-do-flamengo-se-machucou-durante-comemoracao-do-gol-de-rodinei\/\"},\"wordCount\":395,\"commentCount\":0,\"image\":{\"@id\":\"https:\/\/www.gaveanews.com\/index.php\/2022\/11\/05\/jogador-do-flamengo-se-machucou-durante-comemoracao-do-gol-de-rodinei\/#primaryimage\"},\"thumbnailUrl\":\"https:\/\/www.gaveanews.com\/wp-content\/uploads\/Rodinei-comemora-titulo-do-Flamengo-com-a-taca-da-Copa-do-Brasil.webp\",\"articleSection\":[\"Flamengo\"],\"inLanguage\":\"pt-BR\",\"potentialAction\":[{\"@type\":\"CommentAction\",\"name\":\"Comment\",\"target\":[\"https:\/\/www.gaveanews.com\/index.php\/2022\/11\/05\/jogador-do-flamengo-se-machucou-durante-comemoracao-do-gol-de-rodinei\/#respond\"]}],\"copyrightYear\":\"2022\",\"copyrightHolder\":{\"@id\":\"https:\/\/www.gaveanews.com\/#organization\"}},{\"@type\":\"WebPage\",\"@id\":\"https:\/\/www.gaveanews.com\/index.php\/2022\/11\/05\/jogador-do-flamengo-se-machucou-durante-comemoracao-do-gol-de-rodinei\/\",\"url\":\"https:\/\/www.gaveanews.com\/index.php\/2022\/11\/05\/jogador-do-flamengo-se-machucou-durante-comemoracao-do-gol-de-rodinei\/\",\"name\":\"Jogador do Flamengo se machucou durante comemora\u00e7\u00e3o do gol de Rodinei\",\"isPartOf\":{\"@id\":\"https:\/\/www.gaveanews.com\/#website\"},\"primaryImageOfPage\":{\"@id\":\"https:\/\/www.gaveanews.com\/index.php\/2022\/11\/05\/jogador-do-flamengo-se-machucou-durante-comemoracao-do-gol-de-rodinei\/#primaryimage\"},\"image\":{\"@id\":\"https:\/\/www.gaveanews.com\/index.php\/2022\/11\/05\/jogador-do-flamengo-se-machucou-durante-comemoracao-do-gol-de-rodinei\/#primaryimage\"},\"thumbnailUrl\":\"https:\/\/www.gaveanews.com\/wp-content\/uploads\/Rodinei-comemora-titulo-do-Flamengo-com-a-taca-da-Copa-do-Brasil.webp\",\"datePublished\":\"2022-11-05T06:03:33+00:00\",\"dateModified\":\"2022-11-05T06:03:36+00:00\",\"author\":{\"@id\":\"https:\/\/www.gaveanews.com\/#\/schema\/person\/2ec14f73fb96be2caf28f91afb14749d\"},\"breadcrumb\":{\"@id\":\"https:\/\/www.gaveanews.com\/index.php\/2022\/11\/05\/jogador-do-flamengo-se-machucou-durante-comemoracao-do-gol-de-rodinei\/#breadcrumb\"},\"inLanguage\":\"pt-BR\",\"potentialAction\":[{\"@type\":\"ReadAction\",\"target\":[\"https:\/\/www.gaveanews.com\/index.php\/2022\/11\/05\/jogador-do-flamengo-se-machucou-durante-comemoracao-do-gol-de-rodinei\/\"]}]},{\"@type\":\"ImageObject\",\"inLanguage\":\"pt-BR\",\"@id\":\"https:\/\/www.gaveanews.com\/index.php\/2022\/11\/05\/jogador-do-flamengo-se-machucou-durante-comemoracao-do-gol-de-rodinei\/#primaryimage\",\"url\":\"https:\/\/www.gaveanews.com\/wp-content\/uploads\/Rodinei-comemora-titulo-do-Flamengo-com-a-taca-da-Copa-do-Brasil.webp\",\"contentUrl\":\"https:\/\/www.gaveanews.com\/wp-content\/uploads\/Rodinei-comemora-titulo-do-Flamengo-com-a-taca-da-Copa-do-Brasil.webp\",\"width\":800,\"height\":533,\"caption\":\"Rodinei comemora t\u00edtulo do Flamengo com a ta\u00e7a da Copa do Brasil (Foto: Marcelo Cortes\/Flamengo)\"},{\"@type\":\"BreadcrumbList\",\"@id\":\"https:\/\/www.gaveanews.com\/index.php\/2022\/11\/05\/jogador-do-flamengo-se-machucou-durante-comemoracao-do-gol-de-rodinei\/#breadcrumb\",\"itemListElement\":[{\"@type\":\"ListItem\",\"position\":1,\"name\":\"Home\",\"item\":\"https:\/\/www.gaveanews.com\/\"},{\"@type\":\"ListItem\",\"position\":2,\"name\":\"Jogador do Flamengo se machucou durante comemora\u00e7\u00e3o do gol de Rodinei\"}]},{\"@type\":\"WebSite\",\"@id\":\"https:\/\/www.gaveanews.com\/#website\",\"url\":\"https:\/\/www.gaveanews.com\/\",\"name\":\"G\u00e1vea News\",\"description\":\"Veja todas as not\u00edcias sobre o Flamengo: Contrata\u00e7\u00f5es, categorias de base, resultados das partidas, tabela de classifica\u00e7\u00e3o, pr\u00f3ximos jogos!\",\"potentialAction\":[{\"@type\":\"SearchAction\",\"target\":{\"@type\":\"EntryPoint\",\"urlTemplate\":\"https:\/\/www.gaveanews.com\/?s={search_term_string}\"},\"query-input\":{\"@type\":\"PropertyValueSpecification\",\"valueRequired\":true,\"valueName\":\"search_term_string\"}}],\"inLanguage\":\"pt-BR\"},{\"@type\":\"Person\",\"@id\":\"https:\/\/www.gaveanews.com\/#\/schema\/person\/2ec14f73fb96be2caf28f91afb14749d\",\"name\":\"Equipe G\u00e1vea News\",\"image\":{\"@type\":\"ImageObject\",\"inLanguage\":\"pt-BR\",\"@id\":\"https:\/\/www.gaveanews.com\/#\/schema\/person\/image\/\",\"url\":\"https:\/\/secure.gravatar.com\/avatar\/1e1956f1facbffd3f8fa53a326721950116b3b9dc9bd44939c01180fd4a745a9?s=96&d=mm&r=g\",\"contentUrl\":\"https:\/\/secure.gravatar.com\/avatar\/1e1956f1facbffd3f8fa53a326721950116b3b9dc9bd44939c01180fd4a745a9?s=96&d=mm&r=g\",\"caption\":\"Equipe G\u00e1vea News\"}}]}<\/script>\n<!-- \/ Yoast SEO Premium plugin. -->","yoast_head_json":{"title":"Jogador do Flamengo se machucou durante comemora\u00e7\u00e3o do gol de Rodinei","robots":{"index":"index","follow":"follow","max-snippet":"max-snippet:-1","max-image-preview":"max-image-preview:large","max-video-preview":"max-video-preview:-1"},"canonical":"https:\/\/www.gaveanews.com\/index.php\/2022\/11\/05\/jogador-do-flamengo-se-machucou-durante-comemoracao-do-gol-de-rodinei\/","og_locale":"pt_BR","og_type":"article","og_title":"Jogador do Flamengo se machucou durante comemora\u00e7\u00e3o do gol de Rodinei","og_description":"O Flamengo venceu a Copa do Brasil de forma emocionante contra o Corinthians. A decis\u00e3o no Maracan\u00e3 foi para os p\u00eanaltis e Rodinei, j\u00e1 nas cobran\u00e7as alternadas, converteu a penalidade que deu o t\u00edtulo ao Rubro-Negro. Na euf\u00f3rica comemora\u00e7\u00e3o no est\u00e1dio, um fato curioso aconteceu: o lateral-direito Guilhermo Varela estava indo do vesti\u00e1rio ao campo [&hellip;]","og_url":"https:\/\/www.gaveanews.com\/index.php\/2022\/11\/05\/jogador-do-flamengo-se-machucou-durante-comemoracao-do-gol-de-rodinei\/","og_site_name":"G\u00e1vea News","article_publisher":"https:\/\/facebook.com\/gaveaNews\/","article_published_time":"2022-11-05T06:03:33+00:00","article_modified_time":"2022-11-05T06:03:36+00:00","og_image":[{"width":800,"height":533,"url":"https:\/\/www.gaveanews.com\/wp-content\/uploads\/Rodinei-comemora-titulo-do-Flamengo-com-a-taca-da-Copa-do-Brasil.webp","type":"image\/jpeg"}],"author":"Equipe G\u00e1vea News","twitter_card":"summary_large_image","twitter_misc":{"Escrito por":"Equipe G\u00e1vea News","Est. tempo de leitura":"2 minutos"},"schema":{"@context":"https:\/\/schema.org","@graph":[{"@type":"NewsArticle","@id":"https:\/\/www.gaveanews.com\/index.php\/2022\/11\/05\/jogador-do-flamengo-se-machucou-durante-comemoracao-do-gol-de-rodinei\/#article","isPartOf":{"@id":"https:\/\/www.gaveanews.com\/index.php\/2022\/11\/05\/jogador-do-flamengo-se-machucou-durante-comemoracao-do-gol-de-rodinei\/"},"author":{"name":"Equipe G\u00e1vea News","@id":"https:\/\/www.gaveanews.com\/#\/schema\/person\/2ec14f73fb96be2caf28f91afb14749d"},"headline":"Jogador do Flamengo se machucou durante comemora\u00e7\u00e3o do gol de Rodinei","datePublished":"2022-11-05T06:03:33+00:00","dateModified":"2022-11-05T06:03:36+00:00","mainEntityOfPage":{"@id":"https:\/\/www.gaveanews.com\/index.php\/2022\/11\/05\/jogador-do-flamengo-se-machucou-durante-comemoracao-do-gol-de-rodinei\/"},"wordCount":395,"commentCount":0,"image":{"@id":"https:\/\/www.gaveanews.com\/index.php\/2022\/11\/05\/jogador-do-flamengo-se-machucou-durante-comemoracao-do-gol-de-rodinei\/#primaryimage"},"thumbnailUrl":"https:\/\/www.gaveanews.com\/wp-content\/uploads\/Rodinei-comemora-titulo-do-Flamengo-com-a-taca-da-Copa-do-Brasil.webp","articleSection":["Flamengo"],"inLanguage":"pt-BR","potentialAction":[{"@type":"CommentAction","name":"Comment","target":["https:\/\/www.gaveanews.com\/index.php\/2022\/11\/05\/jogador-do-flamengo-se-machucou-durante-comemoracao-do-gol-de-rodinei\/#respond"]}],"copyrightYear":"2022","copyrightHolder":{"@id":"https:\/\/www.gaveanews.com\/#organization"}},{"@type":"WebPage","@id":"https:\/\/www.gaveanews.com\/index.php\/2022\/11\/05\/jogador-do-flamengo-se-machucou-durante-comemoracao-do-gol-de-rodinei\/","url":"https:\/\/www.gaveanews.com\/index.php\/2022\/11\/05\/jogador-do-flamengo-se-machucou-durante-comemoracao-do-gol-de-rodinei\/","name":"Jogador do Flamengo se machucou durante comemora\u00e7\u00e3o do gol de Rodinei","isPartOf":{"@id":"https:\/\/www.gaveanews.com\/#website"},"primaryImageOfPage":{"@id":"https:\/\/www.gaveanews.com\/index.php\/2022\/11\/05\/jogador-do-flamengo-se-machucou-durante-comemoracao-do-gol-de-rodinei\/#primaryimage"},"image":{"@id":"https:\/\/www.gaveanews.com\/index.php\/2022\/11\/05\/jogador-do-flamengo-se-machucou-durante-comemoracao-do-gol-de-rodinei\/#primaryimage"},"thumbnailUrl":"https:\/\/www.gaveanews.com\/wp-content\/uploads\/Rodinei-comemora-titulo-do-Flamengo-com-a-taca-da-Copa-do-Brasil.webp","datePublished":"2022-11-05T06:03:33+00:00","dateModified":"2022-11-05T06:03:36+00:00","author":{"@id":"https:\/\/www.gaveanews.com\/#\/schema\/person\/2ec14f73fb96be2caf28f91afb14749d"},"breadcrumb":{"@id":"https:\/\/www.gaveanews.com\/index.php\/2022\/11\/05\/jogador-do-flamengo-se-machucou-durante-comemoracao-do-gol-de-rodinei\/#breadcrumb"},"inLanguage":"pt-BR","potentialAction":[{"@type":"ReadAction","target":["https:\/\/www.gaveanews.com\/index.php\/2022\/11\/05\/jogador-do-flamengo-se-machucou-durante-comemoracao-do-gol-de-rodinei\/"]}]},{"@type":"ImageObject","inLanguage":"pt-BR","@id":"https:\/\/www.gaveanews.com\/index.php\/2022\/11\/05\/jogador-do-flamengo-se-machucou-durante-comemoracao-do-gol-de-rodinei\/#primaryimage","url":"https:\/\/www.gaveanews.com\/wp-content\/uploads\/Rodinei-comemora-titulo-do-Flamengo-com-a-taca-da-Copa-do-Brasil.webp","contentUrl":"https:\/\/www.gaveanews.com\/wp-content\/uploads\/Rodinei-comemora-titulo-do-Flamengo-com-a-taca-da-Copa-do-Brasil.webp","width":800,"height":533,"caption":"Rodinei comemora t\u00edtulo do Flamengo com a ta\u00e7a da Copa do Brasil (Foto: Marcelo Cortes\/Flamengo)"},{"@type":"BreadcrumbList","@id":"https:\/\/www.gaveanews.com\/index.php\/2022\/11\/05\/jogador-do-flamengo-se-machucou-durante-comemoracao-do-gol-de-rodinei\/#breadcrumb","itemListElement":[{"@type":"ListItem","position":1,"name":"Home","item":"https:\/\/www.gaveanews.com\/"},{"@type":"ListItem","position":2,"name":"Jogador do Flamengo se machucou durante comemora\u00e7\u00e3o do gol de Rodinei"}]},{"@type":"WebSite","@id":"https:\/\/www.gaveanews.com\/#website","url":"https:\/\/www.gaveanews.com\/","name":"G\u00e1vea News","description":"Veja todas as not\u00edcias sobre o Flamengo: Contrata\u00e7\u00f5es, categorias de base, resultados das partidas, tabela de classifica\u00e7\u00e3o, pr\u00f3ximos jogos!","potentialAction":[{"@type":"SearchAction","target":{"@type":"EntryPoint","urlTemplate":"https:\/\/www.gaveanews.com\/?s={search_term_string}"},"query-input":{"@type":"PropertyValueSpecification","valueRequired":true,"valueName":"search_term_string"}}],"inLanguage":"pt-BR"},{"@type":"Person","@id":"https:\/\/www.gaveanews.com\/#\/schema\/person\/2ec14f73fb96be2caf28f91afb14749d","name":"Equipe G\u00e1vea News","image":{"@type":"ImageObject","inLanguage":"pt-BR","@id":"https:\/\/www.gaveanews.com\/#\/schema\/person\/image\/","url":"https:\/\/secure.gravatar.com\/avatar\/1e1956f1facbffd3f8fa53a326721950116b3b9dc9bd44939c01180fd4a745a9?s=96&d=mm&r=g","contentUrl":"https:\/\/secure.gravatar.com\/avatar\/1e1956f1facbffd3f8fa53a326721950116b3b9dc9bd44939c01180fd4a745a9?s=96&d=mm&r=g","caption":"Equipe G\u00e1vea News"}}]}},"_links":{"self":[{"href":"https:\/\/www.gaveanews.com\/index.php\/wp-json\/wp\/v2\/posts\/90151","targetHints":{"allow":["GET"]}}],"collection":[{"href":"https:\/\/www.gaveanews.com\/index.php\/wp-json\/wp\/v2\/posts"}],"about":[{"href":"https:\/\/www.gaveanews.com\/index.php\/wp-json\/wp\/v2\/types\/post"}],"author":[{"embeddable":true,"href":"https:\/\/www.gaveanews.com\/index.php\/wp-json\/wp\/v2\/users\/1"}],"replies":[{"embeddable":true,"href":"https:\/\/www.gaveanews.com\/index.php\/wp-json\/wp\/v2\/comments?post=90151"}],"version-history":[{"count":0,"href":"https:\/\/www.gaveanews.com\/index.php\/wp-json\/wp\/v2\/posts\/90151\/revisions"}],"wp:featuredmedia":[{"embeddable":true,"href":"https:\/\/www.gaveanews.com\/index.php\/wp-json\/wp\/v2\/media\/89350"}],"wp:attachment":[{"href":"https:\/\/www.gaveanews.com\/index.php\/wp-json\/wp\/v2\/media?parent=90151"}],"wp:term":[{"taxonomy":"category","embeddable":true,"href":"https:\/\/www.gaveanews.com\/index.php\/wp-json\/wp\/v2\/categories?post=90151"},{"taxonomy":"post_tag","embeddable":true,"href":"https:\/\/www.gaveanews.com\/index.php\/wp-json\/wp\/v2\/tags?post=90151"}],"curies":[{"name":"wp","href":"https:\/\/api.w.org\/{rel}","templated":true}]}}