{"id":90165,"date":"2022-11-05T18:42:41","date_gmt":"2022-11-05T21:42:41","guid":{"rendered":"https:\/\/www.gaveanews.com\/?p=90165"},"modified":"2022-11-05T18:42:44","modified_gmt":"2022-11-05T21:42:44","slug":"dirigente-do-atletico-mg-volta-a-falar-sobre-o-lateral-rodinei-do-flamengo","status":"publish","type":"post","link":"https:\/\/www.gaveanews.com\/index.php\/2022\/11\/05\/dirigente-do-atletico-mg-volta-a-falar-sobre-o-lateral-rodinei-do-flamengo\/","title":{"rendered":"Dirigente do Atl\u00e9tico-MG volta a falar sobre o lateral Rodinei, do Flamengo"},"content":{"rendered":"\n<p>Na imin\u00eancia de sair do Flamengo, Rodinei ainda n\u00e3o sentou com a diretoria para tratar sobre renova\u00e7\u00e3o e a tend\u00eancia \u00e9 que troque de ares em 2023. Uma das equipes favoritas para contrat\u00e1-lo \u00e9 o Atl\u00e9tico-MG.<\/p>\n\n\n\n<p>Em entrevista ao \u2018Charla Podcast\u2018, o diretor esportivo do Galo, Rodrigo Caetano, evitou comentar sobre um poss\u00edvel interesse do clube em Rodinei, mas fez uma avalia\u00e7\u00e3o bem positiva do lateral do Flamengo, que pode chegar de gra\u00e7a ao clube.<\/p>\n\n\n\n<p><em>\u2014 Muita gente fala que ele \u00e9 um atleta muitas vezes supervalorizado, mas eu vejo o contr\u00e1rio. Ele poderia, talvez, ter sido muito mais exaltado antes. Muitas vezes esse jeito dele extrovertido, de grupo, brincalh\u00e3o, \u00e0s vezes \u00e9 mal interpretado por pessoas. Confundem as coisas. Levam para a avalia\u00e7\u00e3o do todo uma parte dele apenas<\/em>, iniciou.<\/p>\n\n\n\n<p><em>\u2014 \u00c9 um jogador com extrema for\u00e7a, velocidade. Melhorou muito na quest\u00e3o defensiva, apoia como poucos, \u00e9 um bom garoto, ent\u00e3o fico feliz, sinceramente, como algu\u00e9m que compramos ele da Ponte, pagamos em algumas tantas parcelas, jovem ainda. \u00c9 uma posi\u00e7\u00e3o muito carente no futebol brasileiro<\/em>, exalta o dirigente do Atl\u00e9tico.<\/p>\n\n\n\n<p>Retirado de: Mercado do Futebol<\/p>\n","protected":false},"excerpt":{"rendered":"<p>Na imin\u00eancia de sair do Flamengo, Rodinei ainda n\u00e3o sentou com a diretoria para tratar sobre renova\u00e7\u00e3o e a tend\u00eancia \u00e9 que troque de ares em 2023. Uma das equipes favoritas para contrat\u00e1-lo \u00e9 o Atl\u00e9tico-MG. Em entrevista ao \u2018Charla Podcast\u2018, o diretor esportivo do Galo, Rodrigo Caetano, evitou comentar sobre um poss\u00edvel interesse do [&hellip;]<\/p>\n","protected":false},"author":1,"featured_media":89350,"comment_status":"open","ping_status":"closed","sticky":false,"template":"","format":"standard","meta":{"footnotes":""},"categories":[1],"tags":[],"class_list":["post-90165","post","type-post","status-publish","format-standard","has-post-thumbnail","hentry","category-flamengo"],"yoast_head":"<!-- This site is optimized with the Yoast SEO Premium plugin v24.2 (Yoast SEO v26.9) - https:\/\/yoast.com\/product\/yoast-seo-premium-wordpress\/ -->\n<title>Dirigente do Atl\u00e9tico-MG volta a falar sobre o lateral Rodinei, do Flamengo<\/title>\n<meta name=\"robots\" content=\"index, follow, max-snippet:-1, max-image-preview:large, max-video-preview:-1\" \/>\n<link rel=\"canonical\" href=\"https:\/\/www.gaveanews.com\/index.php\/2022\/11\/05\/dirigente-do-atletico-mg-volta-a-falar-sobre-o-lateral-rodinei-do-flamengo\/\" \/>\n<meta property=\"og:locale\" content=\"pt_BR\" \/>\n<meta property=\"og:type\" content=\"article\" \/>\n<meta property=\"og:title\" content=\"Dirigente do Atl\u00e9tico-MG volta a falar sobre o lateral Rodinei, do Flamengo\" \/>\n<meta property=\"og:description\" content=\"Na imin\u00eancia de sair do Flamengo, Rodinei ainda n\u00e3o sentou com a diretoria para tratar sobre renova\u00e7\u00e3o e a tend\u00eancia \u00e9 que troque de ares em 2023. Uma das equipes favoritas para contrat\u00e1-lo \u00e9 o Atl\u00e9tico-MG. Em entrevista ao \u2018Charla Podcast\u2018, o diretor esportivo do Galo, Rodrigo Caetano, evitou comentar sobre um poss\u00edvel interesse do [&hellip;]\" \/>\n<meta property=\"og:url\" content=\"https:\/\/www.gaveanews.com\/index.php\/2022\/11\/05\/dirigente-do-atletico-mg-volta-a-falar-sobre-o-lateral-rodinei-do-flamengo\/\" \/>\n<meta property=\"og:site_name\" content=\"G\u00e1vea News\" \/>\n<meta property=\"article:publisher\" content=\"https:\/\/facebook.com\/gaveaNews\/\" \/>\n<meta property=\"article:published_time\" content=\"2022-11-05T21:42:41+00:00\" \/>\n<meta property=\"article:modified_time\" content=\"2022-11-05T21:42:44+00:00\" \/>\n<meta property=\"og:image\" content=\"https:\/\/www.gaveanews.com\/wp-content\/uploads\/Rodinei-comemora-titulo-do-Flamengo-com-a-taca-da-Copa-do-Brasil.webp\" \/>\n\t<meta property=\"og:image:width\" content=\"800\" \/>\n\t<meta property=\"og:image:height\" content=\"533\" \/>\n\t<meta property=\"og:image:type\" content=\"image\/jpeg\" \/>\n<meta name=\"author\" content=\"Equipe G\u00e1vea News\" \/>\n<meta name=\"twitter:card\" content=\"summary_large_image\" \/>\n<meta name=\"twitter:label1\" content=\"Escrito por\" \/>\n\t<meta name=\"twitter:data1\" content=\"Equipe G\u00e1vea News\" \/>\n\t<meta name=\"twitter:label2\" content=\"Est. tempo de leitura\" \/>\n\t<meta name=\"twitter:data2\" content=\"2 minutos\" \/>\n<script type=\"application\/ld+json\" class=\"yoast-schema-graph\">{\"@context\":\"https:\/\/schema.org\",\"@graph\":[{\"@type\":\"NewsArticle\",\"@id\":\"https:\/\/www.gaveanews.com\/index.php\/2022\/11\/05\/dirigente-do-atletico-mg-volta-a-falar-sobre-o-lateral-rodinei-do-flamengo\/#article\",\"isPartOf\":{\"@id\":\"https:\/\/www.gaveanews.com\/index.php\/2022\/11\/05\/dirigente-do-atletico-mg-volta-a-falar-sobre-o-lateral-rodinei-do-flamengo\/\"},\"author\":{\"name\":\"Equipe G\u00e1vea News\",\"@id\":\"https:\/\/www.gaveanews.com\/#\/schema\/person\/2ec14f73fb96be2caf28f91afb14749d\"},\"headline\":\"Dirigente do Atl\u00e9tico-MG volta a falar sobre o lateral Rodinei, do Flamengo\",\"datePublished\":\"2022-11-05T21:42:41+00:00\",\"dateModified\":\"2022-11-05T21:42:44+00:00\",\"mainEntityOfPage\":{\"@id\":\"https:\/\/www.gaveanews.com\/index.php\/2022\/11\/05\/dirigente-do-atletico-mg-volta-a-falar-sobre-o-lateral-rodinei-do-flamengo\/\"},\"wordCount\":208,\"commentCount\":0,\"image\":{\"@id\":\"https:\/\/www.gaveanews.com\/index.php\/2022\/11\/05\/dirigente-do-atletico-mg-volta-a-falar-sobre-o-lateral-rodinei-do-flamengo\/#primaryimage\"},\"thumbnailUrl\":\"https:\/\/www.gaveanews.com\/wp-content\/uploads\/Rodinei-comemora-titulo-do-Flamengo-com-a-taca-da-Copa-do-Brasil.webp\",\"articleSection\":[\"Flamengo\"],\"inLanguage\":\"pt-BR\",\"potentialAction\":[{\"@type\":\"CommentAction\",\"name\":\"Comment\",\"target\":[\"https:\/\/www.gaveanews.com\/index.php\/2022\/11\/05\/dirigente-do-atletico-mg-volta-a-falar-sobre-o-lateral-rodinei-do-flamengo\/#respond\"]}],\"copyrightYear\":\"2022\",\"copyrightHolder\":{\"@id\":\"https:\/\/www.gaveanews.com\/#organization\"}},{\"@type\":\"WebPage\",\"@id\":\"https:\/\/www.gaveanews.com\/index.php\/2022\/11\/05\/dirigente-do-atletico-mg-volta-a-falar-sobre-o-lateral-rodinei-do-flamengo\/\",\"url\":\"https:\/\/www.gaveanews.com\/index.php\/2022\/11\/05\/dirigente-do-atletico-mg-volta-a-falar-sobre-o-lateral-rodinei-do-flamengo\/\",\"name\":\"Dirigente do Atl\u00e9tico-MG volta a falar sobre o lateral Rodinei, do Flamengo\",\"isPartOf\":{\"@id\":\"https:\/\/www.gaveanews.com\/#website\"},\"primaryImageOfPage\":{\"@id\":\"https:\/\/www.gaveanews.com\/index.php\/2022\/11\/05\/dirigente-do-atletico-mg-volta-a-falar-sobre-o-lateral-rodinei-do-flamengo\/#primaryimage\"},\"image\":{\"@id\":\"https:\/\/www.gaveanews.com\/index.php\/2022\/11\/05\/dirigente-do-atletico-mg-volta-a-falar-sobre-o-lateral-rodinei-do-flamengo\/#primaryimage\"},\"thumbnailUrl\":\"https:\/\/www.gaveanews.com\/wp-content\/uploads\/Rodinei-comemora-titulo-do-Flamengo-com-a-taca-da-Copa-do-Brasil.webp\",\"datePublished\":\"2022-11-05T21:42:41+00:00\",\"dateModified\":\"2022-11-05T21:42:44+00:00\",\"author\":{\"@id\":\"https:\/\/www.gaveanews.com\/#\/schema\/person\/2ec14f73fb96be2caf28f91afb14749d\"},\"breadcrumb\":{\"@id\":\"https:\/\/www.gaveanews.com\/index.php\/2022\/11\/05\/dirigente-do-atletico-mg-volta-a-falar-sobre-o-lateral-rodinei-do-flamengo\/#breadcrumb\"},\"inLanguage\":\"pt-BR\",\"potentialAction\":[{\"@type\":\"ReadAction\",\"target\":[\"https:\/\/www.gaveanews.com\/index.php\/2022\/11\/05\/dirigente-do-atletico-mg-volta-a-falar-sobre-o-lateral-rodinei-do-flamengo\/\"]}]},{\"@type\":\"ImageObject\",\"inLanguage\":\"pt-BR\",\"@id\":\"https:\/\/www.gaveanews.com\/index.php\/2022\/11\/05\/dirigente-do-atletico-mg-volta-a-falar-sobre-o-lateral-rodinei-do-flamengo\/#primaryimage\",\"url\":\"https:\/\/www.gaveanews.com\/wp-content\/uploads\/Rodinei-comemora-titulo-do-Flamengo-com-a-taca-da-Copa-do-Brasil.webp\",\"contentUrl\":\"https:\/\/www.gaveanews.com\/wp-content\/uploads\/Rodinei-comemora-titulo-do-Flamengo-com-a-taca-da-Copa-do-Brasil.webp\",\"width\":800,\"height\":533,\"caption\":\"Rodinei comemora t\u00edtulo do Flamengo com a ta\u00e7a da Copa do Brasil (Foto: Marcelo Cortes\/Flamengo)\"},{\"@type\":\"BreadcrumbList\",\"@id\":\"https:\/\/www.gaveanews.com\/index.php\/2022\/11\/05\/dirigente-do-atletico-mg-volta-a-falar-sobre-o-lateral-rodinei-do-flamengo\/#breadcrumb\",\"itemListElement\":[{\"@type\":\"ListItem\",\"position\":1,\"name\":\"Home\",\"item\":\"https:\/\/www.gaveanews.com\/\"},{\"@type\":\"ListItem\",\"position\":2,\"name\":\"Dirigente do Atl\u00e9tico-MG volta a falar sobre o lateral Rodinei, do Flamengo\"}]},{\"@type\":\"WebSite\",\"@id\":\"https:\/\/www.gaveanews.com\/#website\",\"url\":\"https:\/\/www.gaveanews.com\/\",\"name\":\"G\u00e1vea News\",\"description\":\"Veja todas as not\u00edcias sobre o Flamengo: Contrata\u00e7\u00f5es, categorias de base, resultados das partidas, tabela de classifica\u00e7\u00e3o, pr\u00f3ximos jogos!\",\"potentialAction\":[{\"@type\":\"SearchAction\",\"target\":{\"@type\":\"EntryPoint\",\"urlTemplate\":\"https:\/\/www.gaveanews.com\/?s={search_term_string}\"},\"query-input\":{\"@type\":\"PropertyValueSpecification\",\"valueRequired\":true,\"valueName\":\"search_term_string\"}}],\"inLanguage\":\"pt-BR\"},{\"@type\":\"Person\",\"@id\":\"https:\/\/www.gaveanews.com\/#\/schema\/person\/2ec14f73fb96be2caf28f91afb14749d\",\"name\":\"Equipe G\u00e1vea News\",\"image\":{\"@type\":\"ImageObject\",\"inLanguage\":\"pt-BR\",\"@id\":\"https:\/\/www.gaveanews.com\/#\/schema\/person\/image\/\",\"url\":\"https:\/\/secure.gravatar.com\/avatar\/1e1956f1facbffd3f8fa53a326721950116b3b9dc9bd44939c01180fd4a745a9?s=96&d=mm&r=g\",\"contentUrl\":\"https:\/\/secure.gravatar.com\/avatar\/1e1956f1facbffd3f8fa53a326721950116b3b9dc9bd44939c01180fd4a745a9?s=96&d=mm&r=g\",\"caption\":\"Equipe G\u00e1vea News\"}}]}<\/script>\n<!-- \/ Yoast SEO Premium plugin. -->","yoast_head_json":{"title":"Dirigente do Atl\u00e9tico-MG volta a falar sobre o lateral Rodinei, do Flamengo","robots":{"index":"index","follow":"follow","max-snippet":"max-snippet:-1","max-image-preview":"max-image-preview:large","max-video-preview":"max-video-preview:-1"},"canonical":"https:\/\/www.gaveanews.com\/index.php\/2022\/11\/05\/dirigente-do-atletico-mg-volta-a-falar-sobre-o-lateral-rodinei-do-flamengo\/","og_locale":"pt_BR","og_type":"article","og_title":"Dirigente do Atl\u00e9tico-MG volta a falar sobre o lateral Rodinei, do Flamengo","og_description":"Na imin\u00eancia de sair do Flamengo, Rodinei ainda n\u00e3o sentou com a diretoria para tratar sobre renova\u00e7\u00e3o e a tend\u00eancia \u00e9 que troque de ares em 2023. Uma das equipes favoritas para contrat\u00e1-lo \u00e9 o Atl\u00e9tico-MG. Em entrevista ao \u2018Charla Podcast\u2018, o diretor esportivo do Galo, Rodrigo Caetano, evitou comentar sobre um poss\u00edvel interesse do [&hellip;]","og_url":"https:\/\/www.gaveanews.com\/index.php\/2022\/11\/05\/dirigente-do-atletico-mg-volta-a-falar-sobre-o-lateral-rodinei-do-flamengo\/","og_site_name":"G\u00e1vea News","article_publisher":"https:\/\/facebook.com\/gaveaNews\/","article_published_time":"2022-11-05T21:42:41+00:00","article_modified_time":"2022-11-05T21:42:44+00:00","og_image":[{"width":800,"height":533,"url":"https:\/\/www.gaveanews.com\/wp-content\/uploads\/Rodinei-comemora-titulo-do-Flamengo-com-a-taca-da-Copa-do-Brasil.webp","type":"image\/jpeg"}],"author":"Equipe G\u00e1vea News","twitter_card":"summary_large_image","twitter_misc":{"Escrito por":"Equipe G\u00e1vea News","Est. tempo de leitura":"2 minutos"},"schema":{"@context":"https:\/\/schema.org","@graph":[{"@type":"NewsArticle","@id":"https:\/\/www.gaveanews.com\/index.php\/2022\/11\/05\/dirigente-do-atletico-mg-volta-a-falar-sobre-o-lateral-rodinei-do-flamengo\/#article","isPartOf":{"@id":"https:\/\/www.gaveanews.com\/index.php\/2022\/11\/05\/dirigente-do-atletico-mg-volta-a-falar-sobre-o-lateral-rodinei-do-flamengo\/"},"author":{"name":"Equipe G\u00e1vea News","@id":"https:\/\/www.gaveanews.com\/#\/schema\/person\/2ec14f73fb96be2caf28f91afb14749d"},"headline":"Dirigente do Atl\u00e9tico-MG volta a falar sobre o lateral Rodinei, do Flamengo","datePublished":"2022-11-05T21:42:41+00:00","dateModified":"2022-11-05T21:42:44+00:00","mainEntityOfPage":{"@id":"https:\/\/www.gaveanews.com\/index.php\/2022\/11\/05\/dirigente-do-atletico-mg-volta-a-falar-sobre-o-lateral-rodinei-do-flamengo\/"},"wordCount":208,"commentCount":0,"image":{"@id":"https:\/\/www.gaveanews.com\/index.php\/2022\/11\/05\/dirigente-do-atletico-mg-volta-a-falar-sobre-o-lateral-rodinei-do-flamengo\/#primaryimage"},"thumbnailUrl":"https:\/\/www.gaveanews.com\/wp-content\/uploads\/Rodinei-comemora-titulo-do-Flamengo-com-a-taca-da-Copa-do-Brasil.webp","articleSection":["Flamengo"],"inLanguage":"pt-BR","potentialAction":[{"@type":"CommentAction","name":"Comment","target":["https:\/\/www.gaveanews.com\/index.php\/2022\/11\/05\/dirigente-do-atletico-mg-volta-a-falar-sobre-o-lateral-rodinei-do-flamengo\/#respond"]}],"copyrightYear":"2022","copyrightHolder":{"@id":"https:\/\/www.gaveanews.com\/#organization"}},{"@type":"WebPage","@id":"https:\/\/www.gaveanews.com\/index.php\/2022\/11\/05\/dirigente-do-atletico-mg-volta-a-falar-sobre-o-lateral-rodinei-do-flamengo\/","url":"https:\/\/www.gaveanews.com\/index.php\/2022\/11\/05\/dirigente-do-atletico-mg-volta-a-falar-sobre-o-lateral-rodinei-do-flamengo\/","name":"Dirigente do Atl\u00e9tico-MG volta a falar sobre o lateral Rodinei, do Flamengo","isPartOf":{"@id":"https:\/\/www.gaveanews.com\/#website"},"primaryImageOfPage":{"@id":"https:\/\/www.gaveanews.com\/index.php\/2022\/11\/05\/dirigente-do-atletico-mg-volta-a-falar-sobre-o-lateral-rodinei-do-flamengo\/#primaryimage"},"image":{"@id":"https:\/\/www.gaveanews.com\/index.php\/2022\/11\/05\/dirigente-do-atletico-mg-volta-a-falar-sobre-o-lateral-rodinei-do-flamengo\/#primaryimage"},"thumbnailUrl":"https:\/\/www.gaveanews.com\/wp-content\/uploads\/Rodinei-comemora-titulo-do-Flamengo-com-a-taca-da-Copa-do-Brasil.webp","datePublished":"2022-11-05T21:42:41+00:00","dateModified":"2022-11-05T21:42:44+00:00","author":{"@id":"https:\/\/www.gaveanews.com\/#\/schema\/person\/2ec14f73fb96be2caf28f91afb14749d"},"breadcrumb":{"@id":"https:\/\/www.gaveanews.com\/index.php\/2022\/11\/05\/dirigente-do-atletico-mg-volta-a-falar-sobre-o-lateral-rodinei-do-flamengo\/#breadcrumb"},"inLanguage":"pt-BR","potentialAction":[{"@type":"ReadAction","target":["https:\/\/www.gaveanews.com\/index.php\/2022\/11\/05\/dirigente-do-atletico-mg-volta-a-falar-sobre-o-lateral-rodinei-do-flamengo\/"]}]},{"@type":"ImageObject","inLanguage":"pt-BR","@id":"https:\/\/www.gaveanews.com\/index.php\/2022\/11\/05\/dirigente-do-atletico-mg-volta-a-falar-sobre-o-lateral-rodinei-do-flamengo\/#primaryimage","url":"https:\/\/www.gaveanews.com\/wp-content\/uploads\/Rodinei-comemora-titulo-do-Flamengo-com-a-taca-da-Copa-do-Brasil.webp","contentUrl":"https:\/\/www.gaveanews.com\/wp-content\/uploads\/Rodinei-comemora-titulo-do-Flamengo-com-a-taca-da-Copa-do-Brasil.webp","width":800,"height":533,"caption":"Rodinei comemora t\u00edtulo do Flamengo com a ta\u00e7a da Copa do Brasil (Foto: Marcelo Cortes\/Flamengo)"},{"@type":"BreadcrumbList","@id":"https:\/\/www.gaveanews.com\/index.php\/2022\/11\/05\/dirigente-do-atletico-mg-volta-a-falar-sobre-o-lateral-rodinei-do-flamengo\/#breadcrumb","itemListElement":[{"@type":"ListItem","position":1,"name":"Home","item":"https:\/\/www.gaveanews.com\/"},{"@type":"ListItem","position":2,"name":"Dirigente do Atl\u00e9tico-MG volta a falar sobre o lateral Rodinei, do Flamengo"}]},{"@type":"WebSite","@id":"https:\/\/www.gaveanews.com\/#website","url":"https:\/\/www.gaveanews.com\/","name":"G\u00e1vea News","description":"Veja todas as not\u00edcias sobre o Flamengo: Contrata\u00e7\u00f5es, categorias de base, resultados das partidas, tabela de classifica\u00e7\u00e3o, pr\u00f3ximos jogos!","potentialAction":[{"@type":"SearchAction","target":{"@type":"EntryPoint","urlTemplate":"https:\/\/www.gaveanews.com\/?s={search_term_string}"},"query-input":{"@type":"PropertyValueSpecification","valueRequired":true,"valueName":"search_term_string"}}],"inLanguage":"pt-BR"},{"@type":"Person","@id":"https:\/\/www.gaveanews.com\/#\/schema\/person\/2ec14f73fb96be2caf28f91afb14749d","name":"Equipe G\u00e1vea News","image":{"@type":"ImageObject","inLanguage":"pt-BR","@id":"https:\/\/www.gaveanews.com\/#\/schema\/person\/image\/","url":"https:\/\/secure.gravatar.com\/avatar\/1e1956f1facbffd3f8fa53a326721950116b3b9dc9bd44939c01180fd4a745a9?s=96&d=mm&r=g","contentUrl":"https:\/\/secure.gravatar.com\/avatar\/1e1956f1facbffd3f8fa53a326721950116b3b9dc9bd44939c01180fd4a745a9?s=96&d=mm&r=g","caption":"Equipe G\u00e1vea News"}}]}},"_links":{"self":[{"href":"https:\/\/www.gaveanews.com\/index.php\/wp-json\/wp\/v2\/posts\/90165","targetHints":{"allow":["GET"]}}],"collection":[{"href":"https:\/\/www.gaveanews.com\/index.php\/wp-json\/wp\/v2\/posts"}],"about":[{"href":"https:\/\/www.gaveanews.com\/index.php\/wp-json\/wp\/v2\/types\/post"}],"author":[{"embeddable":true,"href":"https:\/\/www.gaveanews.com\/index.php\/wp-json\/wp\/v2\/users\/1"}],"replies":[{"embeddable":true,"href":"https:\/\/www.gaveanews.com\/index.php\/wp-json\/wp\/v2\/comments?post=90165"}],"version-history":[{"count":0,"href":"https:\/\/www.gaveanews.com\/index.php\/wp-json\/wp\/v2\/posts\/90165\/revisions"}],"wp:featuredmedia":[{"embeddable":true,"href":"https:\/\/www.gaveanews.com\/index.php\/wp-json\/wp\/v2\/media\/89350"}],"wp:attachment":[{"href":"https:\/\/www.gaveanews.com\/index.php\/wp-json\/wp\/v2\/media?parent=90165"}],"wp:term":[{"taxonomy":"category","embeddable":true,"href":"https:\/\/www.gaveanews.com\/index.php\/wp-json\/wp\/v2\/categories?post=90165"},{"taxonomy":"post_tag","embeddable":true,"href":"https:\/\/www.gaveanews.com\/index.php\/wp-json\/wp\/v2\/tags?post=90165"}],"curies":[{"name":"wp","href":"https:\/\/api.w.org\/{rel}","templated":true}]}}