{"id":90168,"date":"2022-11-05T19:24:59","date_gmt":"2022-11-05T22:24:59","guid":{"rendered":"https:\/\/www.gaveanews.com\/?p=90168"},"modified":"2022-11-05T19:25:15","modified_gmt":"2022-11-05T22:25:15","slug":"david-luiz-tira-onda-e-marca-golaco-durante-treino-do-flamengo-assista","status":"publish","type":"post","link":"https:\/\/www.gaveanews.com\/index.php\/2022\/11\/05\/david-luiz-tira-onda-e-marca-golaco-durante-treino-do-flamengo-assista\/","title":{"rendered":"David Luiz tira onda e marca gola\u00e7o durante treino do Flamengo; assista"},"content":{"rendered":"\n<p>Antes da viagem para Curtiba, o elenco do Flamengo se apresentou neste s\u00e1bado (05), no Ninho do Urubu, para mais um dia de treinamentos. Quem chamou aten\u00e7\u00e3o foi o zagueiro David Luiz, que fez um verdadeiro gola\u00e7o.<\/p>\n\n\n\n<p>O defensor n\u00e3o vai para o confronto deste domingo (06) contra o Coritiba, pela rodada 36 do Brasileir\u00e3o, mas esteve em campo no Ninho do Urubu. Em um dos exerc\u00edcios, David Luiz acertou um chute espetacular, de primeira, no \u00e2ngulo.<\/p>\n\n\n\n<h3 class=\"wp-block-heading\" id=\"h-confira-o-golaco\">Confira o gola\u00e7o:<\/h3>\n\n\n\n<figure class=\"wp-block-embed is-type-rich is-provider-twitter wp-block-embed-twitter\"><div class=\"wp-block-embed__wrapper\">\n<blockquote class=\"twitter-tweet\" data-width=\"550\" data-dnt=\"true\"><p lang=\"fr\" dir=\"ltr\">AI, AI, <a href=\"https:\/\/twitter.com\/DavidLuiz_4?ref_src=twsrc%5Etfw\">@DavidLuiz_4<\/a>! CRAQUE. \ud83d\ude80 <a href=\"https:\/\/twitter.com\/hashtag\/VamosFlamengo?src=hash&amp;ref_src=twsrc%5Etfw\">#VamosFlamengo<\/a> <a href=\"https:\/\/t.co\/zUCcdZHXLJ\">pic.twitter.com\/zUCcdZHXLJ<\/a><\/p>&mdash; Flamengo (@Flamengo) <a href=\"https:\/\/twitter.com\/Flamengo\/status\/1588946515783217152?ref_src=twsrc%5Etfw\">November 5, 2022<\/a><\/blockquote><script async src=\"https:\/\/platform.twitter.com\/widgets.js\" charset=\"utf-8\"><\/script>\n<\/div><\/figure>\n\n\n\n<p>Retirado de: Di\u00e1rio do Fla<\/p>\n","protected":false},"excerpt":{"rendered":"<p>Antes da viagem para Curtiba, o elenco do Flamengo se apresentou neste s\u00e1bado (05), no Ninho do Urubu, para mais um dia de treinamentos. Quem chamou aten\u00e7\u00e3o foi o zagueiro David Luiz, que fez um verdadeiro gola\u00e7o. O defensor n\u00e3o vai para o confronto deste domingo (06) contra o Coritiba, pela rodada 36 do Brasileir\u00e3o, [&hellip;]<\/p>\n","protected":false},"author":1,"featured_media":89592,"comment_status":"open","ping_status":"closed","sticky":false,"template":"","format":"standard","meta":{"footnotes":""},"categories":[40],"tags":[],"class_list":["post-90168","post","type-post","status-publish","format-standard","has-post-thumbnail","hentry","category-video"],"yoast_head":"<!-- This site is optimized with the Yoast SEO Premium plugin v24.2 (Yoast SEO v26.9) - https:\/\/yoast.com\/product\/yoast-seo-premium-wordpress\/ -->\n<title>David Luiz tira onda e marca gola\u00e7o durante treino do Flamengo; assista<\/title>\n<meta name=\"robots\" content=\"index, follow, max-snippet:-1, max-image-preview:large, max-video-preview:-1\" \/>\n<link rel=\"canonical\" href=\"https:\/\/www.gaveanews.com\/index.php\/2022\/11\/05\/david-luiz-tira-onda-e-marca-golaco-durante-treino-do-flamengo-assista\/\" \/>\n<meta property=\"og:locale\" content=\"pt_BR\" \/>\n<meta property=\"og:type\" content=\"article\" \/>\n<meta property=\"og:title\" content=\"David Luiz tira onda e marca gola\u00e7o durante treino do Flamengo; assista\" \/>\n<meta property=\"og:description\" content=\"Antes da viagem para Curtiba, o elenco do Flamengo se apresentou neste s\u00e1bado (05), no Ninho do Urubu, para mais um dia de treinamentos. Quem chamou aten\u00e7\u00e3o foi o zagueiro David Luiz, que fez um verdadeiro gola\u00e7o. O defensor n\u00e3o vai para o confronto deste domingo (06) contra o Coritiba, pela rodada 36 do Brasileir\u00e3o, [&hellip;]\" \/>\n<meta property=\"og:url\" content=\"https:\/\/www.gaveanews.com\/index.php\/2022\/11\/05\/david-luiz-tira-onda-e-marca-golaco-durante-treino-do-flamengo-assista\/\" \/>\n<meta property=\"og:site_name\" content=\"G\u00e1vea News\" \/>\n<meta property=\"article:publisher\" content=\"https:\/\/facebook.com\/gaveaNews\/\" \/>\n<meta property=\"article:published_time\" content=\"2022-11-05T22:24:59+00:00\" \/>\n<meta property=\"article:modified_time\" content=\"2022-11-05T22:25:15+00:00\" \/>\n<meta property=\"og:image\" content=\"https:\/\/www.gaveanews.com\/wp-content\/uploads\/David-Luiz-e-Victor-Hugo.webp\" \/>\n\t<meta property=\"og:image:width\" content=\"800\" \/>\n\t<meta property=\"og:image:height\" content=\"533\" \/>\n\t<meta property=\"og:image:type\" content=\"image\/jpeg\" \/>\n<meta name=\"author\" content=\"Equipe G\u00e1vea News\" \/>\n<meta name=\"twitter:card\" content=\"summary_large_image\" \/>\n<meta name=\"twitter:label1\" content=\"Escrito por\" \/>\n\t<meta name=\"twitter:data1\" content=\"Equipe G\u00e1vea News\" \/>\n\t<meta name=\"twitter:label2\" content=\"Est. tempo de leitura\" \/>\n\t<meta name=\"twitter:data2\" content=\"1 minuto\" \/>\n<script type=\"application\/ld+json\" class=\"yoast-schema-graph\">{\"@context\":\"https:\/\/schema.org\",\"@graph\":[{\"@type\":\"NewsArticle\",\"@id\":\"https:\/\/www.gaveanews.com\/index.php\/2022\/11\/05\/david-luiz-tira-onda-e-marca-golaco-durante-treino-do-flamengo-assista\/#article\",\"isPartOf\":{\"@id\":\"https:\/\/www.gaveanews.com\/index.php\/2022\/11\/05\/david-luiz-tira-onda-e-marca-golaco-durante-treino-do-flamengo-assista\/\"},\"author\":{\"name\":\"Equipe G\u00e1vea News\",\"@id\":\"https:\/\/www.gaveanews.com\/#\/schema\/person\/2ec14f73fb96be2caf28f91afb14749d\"},\"headline\":\"David Luiz tira onda e marca gola\u00e7o durante treino do Flamengo; assista\",\"datePublished\":\"2022-11-05T22:24:59+00:00\",\"dateModified\":\"2022-11-05T22:25:15+00:00\",\"mainEntityOfPage\":{\"@id\":\"https:\/\/www.gaveanews.com\/index.php\/2022\/11\/05\/david-luiz-tira-onda-e-marca-golaco-durante-treino-do-flamengo-assista\/\"},\"wordCount\":112,\"commentCount\":0,\"image\":{\"@id\":\"https:\/\/www.gaveanews.com\/index.php\/2022\/11\/05\/david-luiz-tira-onda-e-marca-golaco-durante-treino-do-flamengo-assista\/#primaryimage\"},\"thumbnailUrl\":\"https:\/\/www.gaveanews.com\/wp-content\/uploads\/David-Luiz-e-Victor-Hugo.webp\",\"articleSection\":[\"V\u00eddeos\"],\"inLanguage\":\"pt-BR\",\"potentialAction\":[{\"@type\":\"CommentAction\",\"name\":\"Comment\",\"target\":[\"https:\/\/www.gaveanews.com\/index.php\/2022\/11\/05\/david-luiz-tira-onda-e-marca-golaco-durante-treino-do-flamengo-assista\/#respond\"]}],\"copyrightYear\":\"2022\",\"copyrightHolder\":{\"@id\":\"https:\/\/www.gaveanews.com\/#organization\"}},{\"@type\":\"WebPage\",\"@id\":\"https:\/\/www.gaveanews.com\/index.php\/2022\/11\/05\/david-luiz-tira-onda-e-marca-golaco-durante-treino-do-flamengo-assista\/\",\"url\":\"https:\/\/www.gaveanews.com\/index.php\/2022\/11\/05\/david-luiz-tira-onda-e-marca-golaco-durante-treino-do-flamengo-assista\/\",\"name\":\"David Luiz tira onda e marca gola\u00e7o durante treino do Flamengo; assista\",\"isPartOf\":{\"@id\":\"https:\/\/www.gaveanews.com\/#website\"},\"primaryImageOfPage\":{\"@id\":\"https:\/\/www.gaveanews.com\/index.php\/2022\/11\/05\/david-luiz-tira-onda-e-marca-golaco-durante-treino-do-flamengo-assista\/#primaryimage\"},\"image\":{\"@id\":\"https:\/\/www.gaveanews.com\/index.php\/2022\/11\/05\/david-luiz-tira-onda-e-marca-golaco-durante-treino-do-flamengo-assista\/#primaryimage\"},\"thumbnailUrl\":\"https:\/\/www.gaveanews.com\/wp-content\/uploads\/David-Luiz-e-Victor-Hugo.webp\",\"datePublished\":\"2022-11-05T22:24:59+00:00\",\"dateModified\":\"2022-11-05T22:25:15+00:00\",\"author\":{\"@id\":\"https:\/\/www.gaveanews.com\/#\/schema\/person\/2ec14f73fb96be2caf28f91afb14749d\"},\"breadcrumb\":{\"@id\":\"https:\/\/www.gaveanews.com\/index.php\/2022\/11\/05\/david-luiz-tira-onda-e-marca-golaco-durante-treino-do-flamengo-assista\/#breadcrumb\"},\"inLanguage\":\"pt-BR\",\"potentialAction\":[{\"@type\":\"ReadAction\",\"target\":[\"https:\/\/www.gaveanews.com\/index.php\/2022\/11\/05\/david-luiz-tira-onda-e-marca-golaco-durante-treino-do-flamengo-assista\/\"]}]},{\"@type\":\"ImageObject\",\"inLanguage\":\"pt-BR\",\"@id\":\"https:\/\/www.gaveanews.com\/index.php\/2022\/11\/05\/david-luiz-tira-onda-e-marca-golaco-durante-treino-do-flamengo-assista\/#primaryimage\",\"url\":\"https:\/\/www.gaveanews.com\/wp-content\/uploads\/David-Luiz-e-Victor-Hugo.webp\",\"contentUrl\":\"https:\/\/www.gaveanews.com\/wp-content\/uploads\/David-Luiz-e-Victor-Hugo.webp\",\"width\":800,\"height\":533,\"caption\":\"David Luiz e Victor Hugo em treino do Flamengo no Ninho do Urubu (Foto: Marcelo Cortes\/Flamengo)\"},{\"@type\":\"BreadcrumbList\",\"@id\":\"https:\/\/www.gaveanews.com\/index.php\/2022\/11\/05\/david-luiz-tira-onda-e-marca-golaco-durante-treino-do-flamengo-assista\/#breadcrumb\",\"itemListElement\":[{\"@type\":\"ListItem\",\"position\":1,\"name\":\"Home\",\"item\":\"https:\/\/www.gaveanews.com\/\"},{\"@type\":\"ListItem\",\"position\":2,\"name\":\"David Luiz tira onda e marca gola\u00e7o durante treino do Flamengo; assista\"}]},{\"@type\":\"WebSite\",\"@id\":\"https:\/\/www.gaveanews.com\/#website\",\"url\":\"https:\/\/www.gaveanews.com\/\",\"name\":\"G\u00e1vea News\",\"description\":\"Veja todas as not\u00edcias sobre o Flamengo: Contrata\u00e7\u00f5es, categorias de base, resultados das partidas, tabela de classifica\u00e7\u00e3o, pr\u00f3ximos jogos!\",\"potentialAction\":[{\"@type\":\"SearchAction\",\"target\":{\"@type\":\"EntryPoint\",\"urlTemplate\":\"https:\/\/www.gaveanews.com\/?s={search_term_string}\"},\"query-input\":{\"@type\":\"PropertyValueSpecification\",\"valueRequired\":true,\"valueName\":\"search_term_string\"}}],\"inLanguage\":\"pt-BR\"},{\"@type\":\"Person\",\"@id\":\"https:\/\/www.gaveanews.com\/#\/schema\/person\/2ec14f73fb96be2caf28f91afb14749d\",\"name\":\"Equipe G\u00e1vea News\",\"image\":{\"@type\":\"ImageObject\",\"inLanguage\":\"pt-BR\",\"@id\":\"https:\/\/www.gaveanews.com\/#\/schema\/person\/image\/\",\"url\":\"https:\/\/secure.gravatar.com\/avatar\/1e1956f1facbffd3f8fa53a326721950116b3b9dc9bd44939c01180fd4a745a9?s=96&d=mm&r=g\",\"contentUrl\":\"https:\/\/secure.gravatar.com\/avatar\/1e1956f1facbffd3f8fa53a326721950116b3b9dc9bd44939c01180fd4a745a9?s=96&d=mm&r=g\",\"caption\":\"Equipe G\u00e1vea News\"}}]}<\/script>\n<!-- \/ Yoast SEO Premium plugin. -->","yoast_head_json":{"title":"David Luiz tira onda e marca gola\u00e7o durante treino do Flamengo; assista","robots":{"index":"index","follow":"follow","max-snippet":"max-snippet:-1","max-image-preview":"max-image-preview:large","max-video-preview":"max-video-preview:-1"},"canonical":"https:\/\/www.gaveanews.com\/index.php\/2022\/11\/05\/david-luiz-tira-onda-e-marca-golaco-durante-treino-do-flamengo-assista\/","og_locale":"pt_BR","og_type":"article","og_title":"David Luiz tira onda e marca gola\u00e7o durante treino do Flamengo; assista","og_description":"Antes da viagem para Curtiba, o elenco do Flamengo se apresentou neste s\u00e1bado (05), no Ninho do Urubu, para mais um dia de treinamentos. Quem chamou aten\u00e7\u00e3o foi o zagueiro David Luiz, que fez um verdadeiro gola\u00e7o. O defensor n\u00e3o vai para o confronto deste domingo (06) contra o Coritiba, pela rodada 36 do Brasileir\u00e3o, [&hellip;]","og_url":"https:\/\/www.gaveanews.com\/index.php\/2022\/11\/05\/david-luiz-tira-onda-e-marca-golaco-durante-treino-do-flamengo-assista\/","og_site_name":"G\u00e1vea News","article_publisher":"https:\/\/facebook.com\/gaveaNews\/","article_published_time":"2022-11-05T22:24:59+00:00","article_modified_time":"2022-11-05T22:25:15+00:00","og_image":[{"width":800,"height":533,"url":"https:\/\/www.gaveanews.com\/wp-content\/uploads\/David-Luiz-e-Victor-Hugo.webp","type":"image\/jpeg"}],"author":"Equipe G\u00e1vea News","twitter_card":"summary_large_image","twitter_misc":{"Escrito por":"Equipe G\u00e1vea News","Est. tempo de leitura":"1 minuto"},"schema":{"@context":"https:\/\/schema.org","@graph":[{"@type":"NewsArticle","@id":"https:\/\/www.gaveanews.com\/index.php\/2022\/11\/05\/david-luiz-tira-onda-e-marca-golaco-durante-treino-do-flamengo-assista\/#article","isPartOf":{"@id":"https:\/\/www.gaveanews.com\/index.php\/2022\/11\/05\/david-luiz-tira-onda-e-marca-golaco-durante-treino-do-flamengo-assista\/"},"author":{"name":"Equipe G\u00e1vea News","@id":"https:\/\/www.gaveanews.com\/#\/schema\/person\/2ec14f73fb96be2caf28f91afb14749d"},"headline":"David Luiz tira onda e marca gola\u00e7o durante treino do Flamengo; assista","datePublished":"2022-11-05T22:24:59+00:00","dateModified":"2022-11-05T22:25:15+00:00","mainEntityOfPage":{"@id":"https:\/\/www.gaveanews.com\/index.php\/2022\/11\/05\/david-luiz-tira-onda-e-marca-golaco-durante-treino-do-flamengo-assista\/"},"wordCount":112,"commentCount":0,"image":{"@id":"https:\/\/www.gaveanews.com\/index.php\/2022\/11\/05\/david-luiz-tira-onda-e-marca-golaco-durante-treino-do-flamengo-assista\/#primaryimage"},"thumbnailUrl":"https:\/\/www.gaveanews.com\/wp-content\/uploads\/David-Luiz-e-Victor-Hugo.webp","articleSection":["V\u00eddeos"],"inLanguage":"pt-BR","potentialAction":[{"@type":"CommentAction","name":"Comment","target":["https:\/\/www.gaveanews.com\/index.php\/2022\/11\/05\/david-luiz-tira-onda-e-marca-golaco-durante-treino-do-flamengo-assista\/#respond"]}],"copyrightYear":"2022","copyrightHolder":{"@id":"https:\/\/www.gaveanews.com\/#organization"}},{"@type":"WebPage","@id":"https:\/\/www.gaveanews.com\/index.php\/2022\/11\/05\/david-luiz-tira-onda-e-marca-golaco-durante-treino-do-flamengo-assista\/","url":"https:\/\/www.gaveanews.com\/index.php\/2022\/11\/05\/david-luiz-tira-onda-e-marca-golaco-durante-treino-do-flamengo-assista\/","name":"David Luiz tira onda e marca gola\u00e7o durante treino do Flamengo; assista","isPartOf":{"@id":"https:\/\/www.gaveanews.com\/#website"},"primaryImageOfPage":{"@id":"https:\/\/www.gaveanews.com\/index.php\/2022\/11\/05\/david-luiz-tira-onda-e-marca-golaco-durante-treino-do-flamengo-assista\/#primaryimage"},"image":{"@id":"https:\/\/www.gaveanews.com\/index.php\/2022\/11\/05\/david-luiz-tira-onda-e-marca-golaco-durante-treino-do-flamengo-assista\/#primaryimage"},"thumbnailUrl":"https:\/\/www.gaveanews.com\/wp-content\/uploads\/David-Luiz-e-Victor-Hugo.webp","datePublished":"2022-11-05T22:24:59+00:00","dateModified":"2022-11-05T22:25:15+00:00","author":{"@id":"https:\/\/www.gaveanews.com\/#\/schema\/person\/2ec14f73fb96be2caf28f91afb14749d"},"breadcrumb":{"@id":"https:\/\/www.gaveanews.com\/index.php\/2022\/11\/05\/david-luiz-tira-onda-e-marca-golaco-durante-treino-do-flamengo-assista\/#breadcrumb"},"inLanguage":"pt-BR","potentialAction":[{"@type":"ReadAction","target":["https:\/\/www.gaveanews.com\/index.php\/2022\/11\/05\/david-luiz-tira-onda-e-marca-golaco-durante-treino-do-flamengo-assista\/"]}]},{"@type":"ImageObject","inLanguage":"pt-BR","@id":"https:\/\/www.gaveanews.com\/index.php\/2022\/11\/05\/david-luiz-tira-onda-e-marca-golaco-durante-treino-do-flamengo-assista\/#primaryimage","url":"https:\/\/www.gaveanews.com\/wp-content\/uploads\/David-Luiz-e-Victor-Hugo.webp","contentUrl":"https:\/\/www.gaveanews.com\/wp-content\/uploads\/David-Luiz-e-Victor-Hugo.webp","width":800,"height":533,"caption":"David Luiz e Victor Hugo em treino do Flamengo no Ninho do Urubu (Foto: Marcelo Cortes\/Flamengo)"},{"@type":"BreadcrumbList","@id":"https:\/\/www.gaveanews.com\/index.php\/2022\/11\/05\/david-luiz-tira-onda-e-marca-golaco-durante-treino-do-flamengo-assista\/#breadcrumb","itemListElement":[{"@type":"ListItem","position":1,"name":"Home","item":"https:\/\/www.gaveanews.com\/"},{"@type":"ListItem","position":2,"name":"David Luiz tira onda e marca gola\u00e7o durante treino do Flamengo; assista"}]},{"@type":"WebSite","@id":"https:\/\/www.gaveanews.com\/#website","url":"https:\/\/www.gaveanews.com\/","name":"G\u00e1vea News","description":"Veja todas as not\u00edcias sobre o Flamengo: Contrata\u00e7\u00f5es, categorias de base, resultados das partidas, tabela de classifica\u00e7\u00e3o, pr\u00f3ximos jogos!","potentialAction":[{"@type":"SearchAction","target":{"@type":"EntryPoint","urlTemplate":"https:\/\/www.gaveanews.com\/?s={search_term_string}"},"query-input":{"@type":"PropertyValueSpecification","valueRequired":true,"valueName":"search_term_string"}}],"inLanguage":"pt-BR"},{"@type":"Person","@id":"https:\/\/www.gaveanews.com\/#\/schema\/person\/2ec14f73fb96be2caf28f91afb14749d","name":"Equipe G\u00e1vea News","image":{"@type":"ImageObject","inLanguage":"pt-BR","@id":"https:\/\/www.gaveanews.com\/#\/schema\/person\/image\/","url":"https:\/\/secure.gravatar.com\/avatar\/1e1956f1facbffd3f8fa53a326721950116b3b9dc9bd44939c01180fd4a745a9?s=96&d=mm&r=g","contentUrl":"https:\/\/secure.gravatar.com\/avatar\/1e1956f1facbffd3f8fa53a326721950116b3b9dc9bd44939c01180fd4a745a9?s=96&d=mm&r=g","caption":"Equipe G\u00e1vea News"}}]}},"_links":{"self":[{"href":"https:\/\/www.gaveanews.com\/index.php\/wp-json\/wp\/v2\/posts\/90168","targetHints":{"allow":["GET"]}}],"collection":[{"href":"https:\/\/www.gaveanews.com\/index.php\/wp-json\/wp\/v2\/posts"}],"about":[{"href":"https:\/\/www.gaveanews.com\/index.php\/wp-json\/wp\/v2\/types\/post"}],"author":[{"embeddable":true,"href":"https:\/\/www.gaveanews.com\/index.php\/wp-json\/wp\/v2\/users\/1"}],"replies":[{"embeddable":true,"href":"https:\/\/www.gaveanews.com\/index.php\/wp-json\/wp\/v2\/comments?post=90168"}],"version-history":[{"count":0,"href":"https:\/\/www.gaveanews.com\/index.php\/wp-json\/wp\/v2\/posts\/90168\/revisions"}],"wp:featuredmedia":[{"embeddable":true,"href":"https:\/\/www.gaveanews.com\/index.php\/wp-json\/wp\/v2\/media\/89592"}],"wp:attachment":[{"href":"https:\/\/www.gaveanews.com\/index.php\/wp-json\/wp\/v2\/media?parent=90168"}],"wp:term":[{"taxonomy":"category","embeddable":true,"href":"https:\/\/www.gaveanews.com\/index.php\/wp-json\/wp\/v2\/categories?post=90168"},{"taxonomy":"post_tag","embeddable":true,"href":"https:\/\/www.gaveanews.com\/index.php\/wp-json\/wp\/v2\/tags?post=90168"}],"curies":[{"name":"wp","href":"https:\/\/api.w.org\/{rel}","templated":true}]}}