{"id":90175,"date":"2022-11-05T22:05:35","date_gmt":"2022-11-06T01:05:35","guid":{"rendered":"https:\/\/www.gaveanews.com\/?p=90175"},"modified":"2022-11-05T22:05:37","modified_gmt":"2022-11-06T01:05:37","slug":"de-volta-declaracao-do-pai-de-gerson-agita-torcida-do-flamengo","status":"publish","type":"post","link":"https:\/\/www.gaveanews.com\/index.php\/2022\/11\/05\/de-volta-declaracao-do-pai-de-gerson-agita-torcida-do-flamengo\/","title":{"rendered":"De volta? Declara\u00e7\u00e3o do pai de Gerson agita torcida do Flamengo"},"content":{"rendered":"\n<p>O torcedor do Flamengo sonha com a volta de Gerson. Negociado em 2021 com o Olympique de Marselha, a pedido de Jorge Sampaoli, o volante viveu bons momentos sob o comando do t\u00e9cnico argentino. Hoje, no Sevilla, pediu sua contrata\u00e7\u00e3o, mas o futuro do brasileiro ainda \u00e9 uma inc\u00f3gnita.<\/p>\n\n\n\n<p>Neste s\u00e1bado, J\u00falio Miguel Neto trouxe novas informa\u00e7\u00f5es sobre a situa\u00e7\u00e3o de Gerson. Ele conversou com Marc\u00e3o, pai e empres\u00e1rio do atleta de 25 anos, que demonstrou at\u00e9 muito entusiasmo em ver o filho novamente com a camisa rubro-negra.<\/p>\n\n\n\n<p>Em seu canal, no YouTube, J\u00falio relatou o que ouviu de Marc\u00e3o:<\/p>\n\n\n\n<p><em>\u2014 Olha, o Gerson \u00e9 Meng\u00e3o. Se chegar alguma proposta ele vai sentar para analisar. J\u00e1 pensou, o Gerson jogar o mundial de clubes contra o Real Madrid com a camisa do Flamengo?!<\/em>, projetou o pai do jogador.<\/p>\n\n\n\n<p>No momento, n\u00e3o h\u00e1 nada acertado entre Flamengo e Gerson, mas, de acordo com J\u00falio, h\u00e1 alguns conversas nos bastidores, tudo ainda muito embrion\u00e1rio. A possibilidade, por\u00e9m, existe.<\/p>\n\n\n\n<p><em>\u2014 Ele deixou claro que n\u00e3o pode dar detalhes, ou seja, se n\u00e3o pode dar detalhes \u00e9 porque j\u00e1 h\u00e1 outros movimentos. Ningu\u00e9m est\u00e1 dizendo que ele \u00e9 jogador do Flamengo ou que vai voltar para o Flamengo, mas movimentos est\u00e3o acontecendo. Gerson pode sim deixar o Olympique de Marselha e retornar ao Flamengo. Existe sim esta possibilidade. O pai, que tamb\u00e9m \u00e9 empres\u00e1rio do Gerson, disse ainda que seria um sonho o volante estar jogando uma final contra o Real Madrid no mundial de clubes<\/em>, informa o jornalista.<\/p>\n\n\n\n<p>Nas redes sociais, foi poss\u00edvel notar uma grande expectativa do torcedor rubro-negro que gostaria muito da volta do volante.<\/p>\n\n\n\n<h2 class=\"wp-block-heading\" id=\"h-jornalista-defende-volta-de-gerson-ao-flamengo\">Jornalista defende volta de Gerson ao Flamengo<\/h2>\n\n\n\n<p>Flamenguista declarado, Renato Maur\u00edcio Prado \u00e9 mais um entusiasta pela contrata\u00e7\u00e3o de Gerson. Al\u00e9m do meio-campista, ele entende que Reinier, que ainda n\u00e3o vingou na Europa, seria tamb\u00e9m um refor\u00e7o interessante para o clube carioca em 2023.<\/p>\n\n\n\n<p><em>\u2014 Grande refor\u00e7o para o Flamengo nesta pr\u00f3xima janela seria a volta do Gerson. E o retorno de Reinier tamb\u00e9m seria muito bem-vindo<\/em>, escreveu no Twitter.<\/p>\n\n\n\n<p>Retirado de: Torcedores<\/p>\n","protected":false},"excerpt":{"rendered":"<p>O torcedor do Flamengo sonha com a volta de Gerson. Negociado em 2021 com o Olympique de Marselha, a pedido de Jorge Sampaoli, o volante viveu bons momentos sob o comando do t\u00e9cnico argentino. Hoje, no Sevilla, pediu sua contrata\u00e7\u00e3o, mas o futuro do brasileiro ainda \u00e9 uma inc\u00f3gnita. Neste s\u00e1bado, J\u00falio Miguel Neto trouxe [&hellip;]<\/p>\n","protected":false},"author":1,"featured_media":73149,"comment_status":"open","ping_status":"closed","sticky":false,"template":"","format":"standard","meta":{"footnotes":""},"categories":[48],"tags":[],"class_list":["post-90175","post","type-post","status-publish","format-standard","has-post-thumbnail","hentry","category-negociacoes"],"yoast_head":"<!-- This site is optimized with the Yoast SEO Premium plugin v24.2 (Yoast SEO v26.9) - https:\/\/yoast.com\/product\/yoast-seo-premium-wordpress\/ -->\n<title>De volta? Declara\u00e7\u00e3o do pai de Gerson agita torcida do Flamengo<\/title>\n<meta name=\"robots\" content=\"index, follow, max-snippet:-1, max-image-preview:large, max-video-preview:-1\" \/>\n<link rel=\"canonical\" href=\"https:\/\/www.gaveanews.com\/index.php\/2022\/11\/05\/de-volta-declaracao-do-pai-de-gerson-agita-torcida-do-flamengo\/\" \/>\n<meta property=\"og:locale\" content=\"pt_BR\" \/>\n<meta property=\"og:type\" content=\"article\" \/>\n<meta property=\"og:title\" content=\"De volta? Declara\u00e7\u00e3o do pai de Gerson agita torcida do Flamengo\" \/>\n<meta property=\"og:description\" content=\"O torcedor do Flamengo sonha com a volta de Gerson. Negociado em 2021 com o Olympique de Marselha, a pedido de Jorge Sampaoli, o volante viveu bons momentos sob o comando do t\u00e9cnico argentino. Hoje, no Sevilla, pediu sua contrata\u00e7\u00e3o, mas o futuro do brasileiro ainda \u00e9 uma inc\u00f3gnita. Neste s\u00e1bado, J\u00falio Miguel Neto trouxe [&hellip;]\" \/>\n<meta property=\"og:url\" content=\"https:\/\/www.gaveanews.com\/index.php\/2022\/11\/05\/de-volta-declaracao-do-pai-de-gerson-agita-torcida-do-flamengo\/\" \/>\n<meta property=\"og:site_name\" content=\"G\u00e1vea News\" \/>\n<meta property=\"article:publisher\" content=\"https:\/\/facebook.com\/gaveaNews\/\" \/>\n<meta property=\"article:published_time\" content=\"2022-11-06T01:05:35+00:00\" \/>\n<meta property=\"article:modified_time\" content=\"2022-11-06T01:05:37+00:00\" \/>\n<meta property=\"og:image\" content=\"https:\/\/www.gaveanews.com\/wp-content\/uploads\/Gerson-em-acao-pelo-Olympique-de-Marseille.webp\" \/>\n\t<meta property=\"og:image:width\" content=\"1920\" \/>\n\t<meta property=\"og:image:height\" content=\"1079\" \/>\n\t<meta property=\"og:image:type\" content=\"image\/jpeg\" \/>\n<meta name=\"author\" content=\"Equipe G\u00e1vea News\" \/>\n<meta name=\"twitter:card\" content=\"summary_large_image\" \/>\n<meta name=\"twitter:label1\" content=\"Escrito por\" \/>\n\t<meta name=\"twitter:data1\" content=\"Equipe G\u00e1vea News\" \/>\n\t<meta name=\"twitter:label2\" content=\"Est. tempo de leitura\" \/>\n\t<meta name=\"twitter:data2\" content=\"2 minutos\" \/>\n<script type=\"application\/ld+json\" class=\"yoast-schema-graph\">{\"@context\":\"https:\/\/schema.org\",\"@graph\":[{\"@type\":\"NewsArticle\",\"@id\":\"https:\/\/www.gaveanews.com\/index.php\/2022\/11\/05\/de-volta-declaracao-do-pai-de-gerson-agita-torcida-do-flamengo\/#article\",\"isPartOf\":{\"@id\":\"https:\/\/www.gaveanews.com\/index.php\/2022\/11\/05\/de-volta-declaracao-do-pai-de-gerson-agita-torcida-do-flamengo\/\"},\"author\":{\"name\":\"Equipe G\u00e1vea News\",\"@id\":\"https:\/\/www.gaveanews.com\/#\/schema\/person\/2ec14f73fb96be2caf28f91afb14749d\"},\"headline\":\"De volta? Declara\u00e7\u00e3o do pai de Gerson agita torcida do Flamengo\",\"datePublished\":\"2022-11-06T01:05:35+00:00\",\"dateModified\":\"2022-11-06T01:05:37+00:00\",\"mainEntityOfPage\":{\"@id\":\"https:\/\/www.gaveanews.com\/index.php\/2022\/11\/05\/de-volta-declaracao-do-pai-de-gerson-agita-torcida-do-flamengo\/\"},\"wordCount\":379,\"commentCount\":0,\"image\":{\"@id\":\"https:\/\/www.gaveanews.com\/index.php\/2022\/11\/05\/de-volta-declaracao-do-pai-de-gerson-agita-torcida-do-flamengo\/#primaryimage\"},\"thumbnailUrl\":\"https:\/\/www.gaveanews.com\/wp-content\/uploads\/Gerson-em-acao-pelo-Olympique-de-Marseille.webp\",\"articleSection\":[\"Negocia\u00e7\u00f5es\"],\"inLanguage\":\"pt-BR\",\"potentialAction\":[{\"@type\":\"CommentAction\",\"name\":\"Comment\",\"target\":[\"https:\/\/www.gaveanews.com\/index.php\/2022\/11\/05\/de-volta-declaracao-do-pai-de-gerson-agita-torcida-do-flamengo\/#respond\"]}],\"copyrightYear\":\"2022\",\"copyrightHolder\":{\"@id\":\"https:\/\/www.gaveanews.com\/#organization\"}},{\"@type\":\"WebPage\",\"@id\":\"https:\/\/www.gaveanews.com\/index.php\/2022\/11\/05\/de-volta-declaracao-do-pai-de-gerson-agita-torcida-do-flamengo\/\",\"url\":\"https:\/\/www.gaveanews.com\/index.php\/2022\/11\/05\/de-volta-declaracao-do-pai-de-gerson-agita-torcida-do-flamengo\/\",\"name\":\"De volta? Declara\u00e7\u00e3o do pai de Gerson agita torcida do Flamengo\",\"isPartOf\":{\"@id\":\"https:\/\/www.gaveanews.com\/#website\"},\"primaryImageOfPage\":{\"@id\":\"https:\/\/www.gaveanews.com\/index.php\/2022\/11\/05\/de-volta-declaracao-do-pai-de-gerson-agita-torcida-do-flamengo\/#primaryimage\"},\"image\":{\"@id\":\"https:\/\/www.gaveanews.com\/index.php\/2022\/11\/05\/de-volta-declaracao-do-pai-de-gerson-agita-torcida-do-flamengo\/#primaryimage\"},\"thumbnailUrl\":\"https:\/\/www.gaveanews.com\/wp-content\/uploads\/Gerson-em-acao-pelo-Olympique-de-Marseille.webp\",\"datePublished\":\"2022-11-06T01:05:35+00:00\",\"dateModified\":\"2022-11-06T01:05:37+00:00\",\"author\":{\"@id\":\"https:\/\/www.gaveanews.com\/#\/schema\/person\/2ec14f73fb96be2caf28f91afb14749d\"},\"breadcrumb\":{\"@id\":\"https:\/\/www.gaveanews.com\/index.php\/2022\/11\/05\/de-volta-declaracao-do-pai-de-gerson-agita-torcida-do-flamengo\/#breadcrumb\"},\"inLanguage\":\"pt-BR\",\"potentialAction\":[{\"@type\":\"ReadAction\",\"target\":[\"https:\/\/www.gaveanews.com\/index.php\/2022\/11\/05\/de-volta-declaracao-do-pai-de-gerson-agita-torcida-do-flamengo\/\"]}]},{\"@type\":\"ImageObject\",\"inLanguage\":\"pt-BR\",\"@id\":\"https:\/\/www.gaveanews.com\/index.php\/2022\/11\/05\/de-volta-declaracao-do-pai-de-gerson-agita-torcida-do-flamengo\/#primaryimage\",\"url\":\"https:\/\/www.gaveanews.com\/wp-content\/uploads\/Gerson-em-acao-pelo-Olympique-de-Marseille.webp\",\"contentUrl\":\"https:\/\/www.gaveanews.com\/wp-content\/uploads\/Gerson-em-acao-pelo-Olympique-de-Marseille.webp\",\"width\":1920,\"height\":1079,\"caption\":\"Gerson em a\u00e7\u00e3o pelo Olympique de Marseille (Foto: Divulga\u00e7\u00e3o\/Olympique de Marseille)\"},{\"@type\":\"BreadcrumbList\",\"@id\":\"https:\/\/www.gaveanews.com\/index.php\/2022\/11\/05\/de-volta-declaracao-do-pai-de-gerson-agita-torcida-do-flamengo\/#breadcrumb\",\"itemListElement\":[{\"@type\":\"ListItem\",\"position\":1,\"name\":\"Home\",\"item\":\"https:\/\/www.gaveanews.com\/\"},{\"@type\":\"ListItem\",\"position\":2,\"name\":\"De volta? Declara\u00e7\u00e3o do pai de Gerson agita torcida do Flamengo\"}]},{\"@type\":\"WebSite\",\"@id\":\"https:\/\/www.gaveanews.com\/#website\",\"url\":\"https:\/\/www.gaveanews.com\/\",\"name\":\"G\u00e1vea News\",\"description\":\"Veja todas as not\u00edcias sobre o Flamengo: Contrata\u00e7\u00f5es, categorias de base, resultados das partidas, tabela de classifica\u00e7\u00e3o, pr\u00f3ximos jogos!\",\"potentialAction\":[{\"@type\":\"SearchAction\",\"target\":{\"@type\":\"EntryPoint\",\"urlTemplate\":\"https:\/\/www.gaveanews.com\/?s={search_term_string}\"},\"query-input\":{\"@type\":\"PropertyValueSpecification\",\"valueRequired\":true,\"valueName\":\"search_term_string\"}}],\"inLanguage\":\"pt-BR\"},{\"@type\":\"Person\",\"@id\":\"https:\/\/www.gaveanews.com\/#\/schema\/person\/2ec14f73fb96be2caf28f91afb14749d\",\"name\":\"Equipe G\u00e1vea News\",\"image\":{\"@type\":\"ImageObject\",\"inLanguage\":\"pt-BR\",\"@id\":\"https:\/\/www.gaveanews.com\/#\/schema\/person\/image\/\",\"url\":\"https:\/\/secure.gravatar.com\/avatar\/1e1956f1facbffd3f8fa53a326721950116b3b9dc9bd44939c01180fd4a745a9?s=96&d=mm&r=g\",\"contentUrl\":\"https:\/\/secure.gravatar.com\/avatar\/1e1956f1facbffd3f8fa53a326721950116b3b9dc9bd44939c01180fd4a745a9?s=96&d=mm&r=g\",\"caption\":\"Equipe G\u00e1vea News\"}}]}<\/script>\n<!-- \/ Yoast SEO Premium plugin. -->","yoast_head_json":{"title":"De volta? Declara\u00e7\u00e3o do pai de Gerson agita torcida do Flamengo","robots":{"index":"index","follow":"follow","max-snippet":"max-snippet:-1","max-image-preview":"max-image-preview:large","max-video-preview":"max-video-preview:-1"},"canonical":"https:\/\/www.gaveanews.com\/index.php\/2022\/11\/05\/de-volta-declaracao-do-pai-de-gerson-agita-torcida-do-flamengo\/","og_locale":"pt_BR","og_type":"article","og_title":"De volta? Declara\u00e7\u00e3o do pai de Gerson agita torcida do Flamengo","og_description":"O torcedor do Flamengo sonha com a volta de Gerson. Negociado em 2021 com o Olympique de Marselha, a pedido de Jorge Sampaoli, o volante viveu bons momentos sob o comando do t\u00e9cnico argentino. Hoje, no Sevilla, pediu sua contrata\u00e7\u00e3o, mas o futuro do brasileiro ainda \u00e9 uma inc\u00f3gnita. Neste s\u00e1bado, J\u00falio Miguel Neto trouxe [&hellip;]","og_url":"https:\/\/www.gaveanews.com\/index.php\/2022\/11\/05\/de-volta-declaracao-do-pai-de-gerson-agita-torcida-do-flamengo\/","og_site_name":"G\u00e1vea News","article_publisher":"https:\/\/facebook.com\/gaveaNews\/","article_published_time":"2022-11-06T01:05:35+00:00","article_modified_time":"2022-11-06T01:05:37+00:00","og_image":[{"width":1920,"height":1079,"url":"https:\/\/www.gaveanews.com\/wp-content\/uploads\/Gerson-em-acao-pelo-Olympique-de-Marseille.webp","type":"image\/jpeg"}],"author":"Equipe G\u00e1vea News","twitter_card":"summary_large_image","twitter_misc":{"Escrito por":"Equipe G\u00e1vea News","Est. tempo de leitura":"2 minutos"},"schema":{"@context":"https:\/\/schema.org","@graph":[{"@type":"NewsArticle","@id":"https:\/\/www.gaveanews.com\/index.php\/2022\/11\/05\/de-volta-declaracao-do-pai-de-gerson-agita-torcida-do-flamengo\/#article","isPartOf":{"@id":"https:\/\/www.gaveanews.com\/index.php\/2022\/11\/05\/de-volta-declaracao-do-pai-de-gerson-agita-torcida-do-flamengo\/"},"author":{"name":"Equipe G\u00e1vea News","@id":"https:\/\/www.gaveanews.com\/#\/schema\/person\/2ec14f73fb96be2caf28f91afb14749d"},"headline":"De volta? Declara\u00e7\u00e3o do pai de Gerson agita torcida do Flamengo","datePublished":"2022-11-06T01:05:35+00:00","dateModified":"2022-11-06T01:05:37+00:00","mainEntityOfPage":{"@id":"https:\/\/www.gaveanews.com\/index.php\/2022\/11\/05\/de-volta-declaracao-do-pai-de-gerson-agita-torcida-do-flamengo\/"},"wordCount":379,"commentCount":0,"image":{"@id":"https:\/\/www.gaveanews.com\/index.php\/2022\/11\/05\/de-volta-declaracao-do-pai-de-gerson-agita-torcida-do-flamengo\/#primaryimage"},"thumbnailUrl":"https:\/\/www.gaveanews.com\/wp-content\/uploads\/Gerson-em-acao-pelo-Olympique-de-Marseille.webp","articleSection":["Negocia\u00e7\u00f5es"],"inLanguage":"pt-BR","potentialAction":[{"@type":"CommentAction","name":"Comment","target":["https:\/\/www.gaveanews.com\/index.php\/2022\/11\/05\/de-volta-declaracao-do-pai-de-gerson-agita-torcida-do-flamengo\/#respond"]}],"copyrightYear":"2022","copyrightHolder":{"@id":"https:\/\/www.gaveanews.com\/#organization"}},{"@type":"WebPage","@id":"https:\/\/www.gaveanews.com\/index.php\/2022\/11\/05\/de-volta-declaracao-do-pai-de-gerson-agita-torcida-do-flamengo\/","url":"https:\/\/www.gaveanews.com\/index.php\/2022\/11\/05\/de-volta-declaracao-do-pai-de-gerson-agita-torcida-do-flamengo\/","name":"De volta? Declara\u00e7\u00e3o do pai de Gerson agita torcida do Flamengo","isPartOf":{"@id":"https:\/\/www.gaveanews.com\/#website"},"primaryImageOfPage":{"@id":"https:\/\/www.gaveanews.com\/index.php\/2022\/11\/05\/de-volta-declaracao-do-pai-de-gerson-agita-torcida-do-flamengo\/#primaryimage"},"image":{"@id":"https:\/\/www.gaveanews.com\/index.php\/2022\/11\/05\/de-volta-declaracao-do-pai-de-gerson-agita-torcida-do-flamengo\/#primaryimage"},"thumbnailUrl":"https:\/\/www.gaveanews.com\/wp-content\/uploads\/Gerson-em-acao-pelo-Olympique-de-Marseille.webp","datePublished":"2022-11-06T01:05:35+00:00","dateModified":"2022-11-06T01:05:37+00:00","author":{"@id":"https:\/\/www.gaveanews.com\/#\/schema\/person\/2ec14f73fb96be2caf28f91afb14749d"},"breadcrumb":{"@id":"https:\/\/www.gaveanews.com\/index.php\/2022\/11\/05\/de-volta-declaracao-do-pai-de-gerson-agita-torcida-do-flamengo\/#breadcrumb"},"inLanguage":"pt-BR","potentialAction":[{"@type":"ReadAction","target":["https:\/\/www.gaveanews.com\/index.php\/2022\/11\/05\/de-volta-declaracao-do-pai-de-gerson-agita-torcida-do-flamengo\/"]}]},{"@type":"ImageObject","inLanguage":"pt-BR","@id":"https:\/\/www.gaveanews.com\/index.php\/2022\/11\/05\/de-volta-declaracao-do-pai-de-gerson-agita-torcida-do-flamengo\/#primaryimage","url":"https:\/\/www.gaveanews.com\/wp-content\/uploads\/Gerson-em-acao-pelo-Olympique-de-Marseille.webp","contentUrl":"https:\/\/www.gaveanews.com\/wp-content\/uploads\/Gerson-em-acao-pelo-Olympique-de-Marseille.webp","width":1920,"height":1079,"caption":"Gerson em a\u00e7\u00e3o pelo Olympique de Marseille (Foto: Divulga\u00e7\u00e3o\/Olympique de Marseille)"},{"@type":"BreadcrumbList","@id":"https:\/\/www.gaveanews.com\/index.php\/2022\/11\/05\/de-volta-declaracao-do-pai-de-gerson-agita-torcida-do-flamengo\/#breadcrumb","itemListElement":[{"@type":"ListItem","position":1,"name":"Home","item":"https:\/\/www.gaveanews.com\/"},{"@type":"ListItem","position":2,"name":"De volta? Declara\u00e7\u00e3o do pai de Gerson agita torcida do Flamengo"}]},{"@type":"WebSite","@id":"https:\/\/www.gaveanews.com\/#website","url":"https:\/\/www.gaveanews.com\/","name":"G\u00e1vea News","description":"Veja todas as not\u00edcias sobre o Flamengo: Contrata\u00e7\u00f5es, categorias de base, resultados das partidas, tabela de classifica\u00e7\u00e3o, pr\u00f3ximos jogos!","potentialAction":[{"@type":"SearchAction","target":{"@type":"EntryPoint","urlTemplate":"https:\/\/www.gaveanews.com\/?s={search_term_string}"},"query-input":{"@type":"PropertyValueSpecification","valueRequired":true,"valueName":"search_term_string"}}],"inLanguage":"pt-BR"},{"@type":"Person","@id":"https:\/\/www.gaveanews.com\/#\/schema\/person\/2ec14f73fb96be2caf28f91afb14749d","name":"Equipe G\u00e1vea News","image":{"@type":"ImageObject","inLanguage":"pt-BR","@id":"https:\/\/www.gaveanews.com\/#\/schema\/person\/image\/","url":"https:\/\/secure.gravatar.com\/avatar\/1e1956f1facbffd3f8fa53a326721950116b3b9dc9bd44939c01180fd4a745a9?s=96&d=mm&r=g","contentUrl":"https:\/\/secure.gravatar.com\/avatar\/1e1956f1facbffd3f8fa53a326721950116b3b9dc9bd44939c01180fd4a745a9?s=96&d=mm&r=g","caption":"Equipe G\u00e1vea News"}}]}},"_links":{"self":[{"href":"https:\/\/www.gaveanews.com\/index.php\/wp-json\/wp\/v2\/posts\/90175","targetHints":{"allow":["GET"]}}],"collection":[{"href":"https:\/\/www.gaveanews.com\/index.php\/wp-json\/wp\/v2\/posts"}],"about":[{"href":"https:\/\/www.gaveanews.com\/index.php\/wp-json\/wp\/v2\/types\/post"}],"author":[{"embeddable":true,"href":"https:\/\/www.gaveanews.com\/index.php\/wp-json\/wp\/v2\/users\/1"}],"replies":[{"embeddable":true,"href":"https:\/\/www.gaveanews.com\/index.php\/wp-json\/wp\/v2\/comments?post=90175"}],"version-history":[{"count":0,"href":"https:\/\/www.gaveanews.com\/index.php\/wp-json\/wp\/v2\/posts\/90175\/revisions"}],"wp:featuredmedia":[{"embeddable":true,"href":"https:\/\/www.gaveanews.com\/index.php\/wp-json\/wp\/v2\/media\/73149"}],"wp:attachment":[{"href":"https:\/\/www.gaveanews.com\/index.php\/wp-json\/wp\/v2\/media?parent=90175"}],"wp:term":[{"taxonomy":"category","embeddable":true,"href":"https:\/\/www.gaveanews.com\/index.php\/wp-json\/wp\/v2\/categories?post=90175"},{"taxonomy":"post_tag","embeddable":true,"href":"https:\/\/www.gaveanews.com\/index.php\/wp-json\/wp\/v2\/tags?post=90175"}],"curies":[{"name":"wp","href":"https:\/\/api.w.org\/{rel}","templated":true}]}}