{"id":90181,"date":"2022-11-05T23:51:59","date_gmt":"2022-11-06T02:51:59","guid":{"rendered":"https:\/\/www.gaveanews.com\/?p=90181"},"modified":"2022-11-05T23:52:01","modified_gmt":"2022-11-06T02:52:01","slug":"flamengo-faz-pedido-para-a-cbf-visando-comemoracao-com-a-torcida","status":"publish","type":"post","link":"https:\/\/www.gaveanews.com\/index.php\/2022\/11\/05\/flamengo-faz-pedido-para-a-cbf-visando-comemoracao-com-a-torcida\/","title":{"rendered":"Flamengo faz pedido para a CBF visando comemora\u00e7\u00e3o com a torcida"},"content":{"rendered":"\n<p>Embora o tri da Am\u00e9rica tenha sido conquistado no \u00faltimo dia 29, o Flamengo ainda quer exibir a Ta\u00e7a Libertadores e Copa do Brasil \u00e0 torcida em desfile em carro aberto pelo Rio de Janeiro. Para isso, o clube vai pedir \u00e0 CBF a antecipa\u00e7\u00e3o da partida contra o Ava\u00ed, marcada para o pr\u00f3ximo dia 13, \u00e0s 16h, no Maracan\u00e3. A ideia \u00e9 que o jogo seja disputado no s\u00e1bado.<\/p>\n\n\n\n<p>A antecipa\u00e7\u00e3o permitiria que o Flamengo fizesse o desfile no domingo, aproveitando o fechamento de pistas de todas as praias da Zona Sul (Botafogo \u00e9 a exce\u00e7\u00e3o). O trajeto inclui os bairros da Barra, S\u00e3o Conrado, Leblon, Ipanema, Copacabana, Botafogo, Flamengo e Centro, onde o time passaria pela Avenida Presidente Vargas e encerraria no Santos Dummont.<\/p>\n\n\n\n<p>O Flamengo s\u00f3 aguardava o Ava\u00ed ter sua situa\u00e7\u00e3o definida no Brasileiro para fazer a requisi\u00e7\u00e3o \u00e0 CBF em respeito ao advers\u00e1rio na rodada final da competi\u00e7\u00e3o. Confirmado o rebaixamento dos catarinenses ap\u00f3s o jogo com o Santos, a diretoria rubro-negra vai realizar o pedido formal.<\/p>\n\n\n\n<p>Tricampe\u00e3o da Libertadores e tetra da Copa do Brasil, o Flamengo volta a campo pelo Brasileiro neste domingo, \u00e0s 16h, contra o Coritiba, no Couto Pereira. O Rubro-Negro soma 61 pontos e entrou na 36\u00aa rodada na terceira coloca\u00e7\u00e3o.<\/p>\n\n\n\n<p>Retirado de: Globo Esporte<\/p>\n","protected":false},"excerpt":{"rendered":"<p>Embora o tri da Am\u00e9rica tenha sido conquistado no \u00faltimo dia 29, o Flamengo ainda quer exibir a Ta\u00e7a Libertadores e Copa do Brasil \u00e0 torcida em desfile em carro aberto pelo Rio de Janeiro. Para isso, o clube vai pedir \u00e0 CBF a antecipa\u00e7\u00e3o da partida contra o Ava\u00ed, marcada para o pr\u00f3ximo dia [&hellip;]<\/p>\n","protected":false},"author":1,"featured_media":64406,"comment_status":"open","ping_status":"closed","sticky":false,"template":"","format":"standard","meta":{"footnotes":""},"categories":[1],"tags":[],"class_list":["post-90181","post","type-post","status-publish","format-standard","has-post-thumbnail","hentry","category-flamengo"],"yoast_head":"<!-- This site is optimized with the Yoast SEO Premium plugin v24.2 (Yoast SEO v26.9) - https:\/\/yoast.com\/product\/yoast-seo-premium-wordpress\/ -->\n<title>Flamengo faz pedido para a CBF visando comemora\u00e7\u00e3o com a torcida<\/title>\n<meta name=\"robots\" content=\"index, follow, max-snippet:-1, max-image-preview:large, max-video-preview:-1\" \/>\n<link rel=\"canonical\" href=\"https:\/\/www.gaveanews.com\/index.php\/2022\/11\/05\/flamengo-faz-pedido-para-a-cbf-visando-comemoracao-com-a-torcida\/\" \/>\n<meta property=\"og:locale\" content=\"pt_BR\" \/>\n<meta property=\"og:type\" content=\"article\" \/>\n<meta property=\"og:title\" content=\"Flamengo faz pedido para a CBF visando comemora\u00e7\u00e3o com a torcida\" \/>\n<meta property=\"og:description\" content=\"Embora o tri da Am\u00e9rica tenha sido conquistado no \u00faltimo dia 29, o Flamengo ainda quer exibir a Ta\u00e7a Libertadores e Copa do Brasil \u00e0 torcida em desfile em carro aberto pelo Rio de Janeiro. Para isso, o clube vai pedir \u00e0 CBF a antecipa\u00e7\u00e3o da partida contra o Ava\u00ed, marcada para o pr\u00f3ximo dia [&hellip;]\" \/>\n<meta property=\"og:url\" content=\"https:\/\/www.gaveanews.com\/index.php\/2022\/11\/05\/flamengo-faz-pedido-para-a-cbf-visando-comemoracao-com-a-torcida\/\" \/>\n<meta property=\"og:site_name\" content=\"G\u00e1vea News\" \/>\n<meta property=\"article:publisher\" content=\"https:\/\/facebook.com\/gaveaNews\/\" \/>\n<meta property=\"article:published_time\" content=\"2022-11-06T02:51:59+00:00\" \/>\n<meta property=\"article:modified_time\" content=\"2022-11-06T02:52:01+00:00\" \/>\n<meta property=\"og:image\" content=\"https:\/\/www.gaveanews.com\/wp-content\/uploads\/Rodolfo-Landim-em-entrevista-coletiva-no-Ninho-do-Urubu.webp\" \/>\n\t<meta property=\"og:image:width\" content=\"799\" \/>\n\t<meta property=\"og:image:height\" content=\"532\" \/>\n\t<meta property=\"og:image:type\" content=\"image\/jpeg\" \/>\n<meta name=\"author\" content=\"Equipe G\u00e1vea News\" \/>\n<meta name=\"twitter:card\" content=\"summary_large_image\" \/>\n<meta name=\"twitter:label1\" content=\"Escrito por\" \/>\n\t<meta name=\"twitter:data1\" content=\"Equipe G\u00e1vea News\" \/>\n\t<meta name=\"twitter:label2\" content=\"Est. tempo de leitura\" \/>\n\t<meta name=\"twitter:data2\" content=\"2 minutos\" \/>\n<script type=\"application\/ld+json\" class=\"yoast-schema-graph\">{\"@context\":\"https:\/\/schema.org\",\"@graph\":[{\"@type\":\"NewsArticle\",\"@id\":\"https:\/\/www.gaveanews.com\/index.php\/2022\/11\/05\/flamengo-faz-pedido-para-a-cbf-visando-comemoracao-com-a-torcida\/#article\",\"isPartOf\":{\"@id\":\"https:\/\/www.gaveanews.com\/index.php\/2022\/11\/05\/flamengo-faz-pedido-para-a-cbf-visando-comemoracao-com-a-torcida\/\"},\"author\":{\"name\":\"Equipe G\u00e1vea News\",\"@id\":\"https:\/\/www.gaveanews.com\/#\/schema\/person\/2ec14f73fb96be2caf28f91afb14749d\"},\"headline\":\"Flamengo faz pedido para a CBF visando comemora\u00e7\u00e3o com a torcida\",\"datePublished\":\"2022-11-06T02:51:59+00:00\",\"dateModified\":\"2022-11-06T02:52:01+00:00\",\"mainEntityOfPage\":{\"@id\":\"https:\/\/www.gaveanews.com\/index.php\/2022\/11\/05\/flamengo-faz-pedido-para-a-cbf-visando-comemoracao-com-a-torcida\/\"},\"wordCount\":233,\"commentCount\":0,\"image\":{\"@id\":\"https:\/\/www.gaveanews.com\/index.php\/2022\/11\/05\/flamengo-faz-pedido-para-a-cbf-visando-comemoracao-com-a-torcida\/#primaryimage\"},\"thumbnailUrl\":\"https:\/\/www.gaveanews.com\/wp-content\/uploads\/Rodolfo-Landim-em-entrevista-coletiva-no-Ninho-do-Urubu.webp\",\"articleSection\":[\"Flamengo\"],\"inLanguage\":\"pt-BR\",\"potentialAction\":[{\"@type\":\"CommentAction\",\"name\":\"Comment\",\"target\":[\"https:\/\/www.gaveanews.com\/index.php\/2022\/11\/05\/flamengo-faz-pedido-para-a-cbf-visando-comemoracao-com-a-torcida\/#respond\"]}],\"copyrightYear\":\"2022\",\"copyrightHolder\":{\"@id\":\"https:\/\/www.gaveanews.com\/#organization\"}},{\"@type\":\"WebPage\",\"@id\":\"https:\/\/www.gaveanews.com\/index.php\/2022\/11\/05\/flamengo-faz-pedido-para-a-cbf-visando-comemoracao-com-a-torcida\/\",\"url\":\"https:\/\/www.gaveanews.com\/index.php\/2022\/11\/05\/flamengo-faz-pedido-para-a-cbf-visando-comemoracao-com-a-torcida\/\",\"name\":\"Flamengo faz pedido para a CBF visando comemora\u00e7\u00e3o com a torcida\",\"isPartOf\":{\"@id\":\"https:\/\/www.gaveanews.com\/#website\"},\"primaryImageOfPage\":{\"@id\":\"https:\/\/www.gaveanews.com\/index.php\/2022\/11\/05\/flamengo-faz-pedido-para-a-cbf-visando-comemoracao-com-a-torcida\/#primaryimage\"},\"image\":{\"@id\":\"https:\/\/www.gaveanews.com\/index.php\/2022\/11\/05\/flamengo-faz-pedido-para-a-cbf-visando-comemoracao-com-a-torcida\/#primaryimage\"},\"thumbnailUrl\":\"https:\/\/www.gaveanews.com\/wp-content\/uploads\/Rodolfo-Landim-em-entrevista-coletiva-no-Ninho-do-Urubu.webp\",\"datePublished\":\"2022-11-06T02:51:59+00:00\",\"dateModified\":\"2022-11-06T02:52:01+00:00\",\"author\":{\"@id\":\"https:\/\/www.gaveanews.com\/#\/schema\/person\/2ec14f73fb96be2caf28f91afb14749d\"},\"breadcrumb\":{\"@id\":\"https:\/\/www.gaveanews.com\/index.php\/2022\/11\/05\/flamengo-faz-pedido-para-a-cbf-visando-comemoracao-com-a-torcida\/#breadcrumb\"},\"inLanguage\":\"pt-BR\",\"potentialAction\":[{\"@type\":\"ReadAction\",\"target\":[\"https:\/\/www.gaveanews.com\/index.php\/2022\/11\/05\/flamengo-faz-pedido-para-a-cbf-visando-comemoracao-com-a-torcida\/\"]}]},{\"@type\":\"ImageObject\",\"inLanguage\":\"pt-BR\",\"@id\":\"https:\/\/www.gaveanews.com\/index.php\/2022\/11\/05\/flamengo-faz-pedido-para-a-cbf-visando-comemoracao-com-a-torcida\/#primaryimage\",\"url\":\"https:\/\/www.gaveanews.com\/wp-content\/uploads\/Rodolfo-Landim-em-entrevista-coletiva-no-Ninho-do-Urubu.webp\",\"contentUrl\":\"https:\/\/www.gaveanews.com\/wp-content\/uploads\/Rodolfo-Landim-em-entrevista-coletiva-no-Ninho-do-Urubu.webp\",\"width\":799,\"height\":532,\"caption\":\"Rodolfo Landim em entrevista coletiva no Ninho do Urubu (Foto: Alexandre Vidal\/Flamengo)\"},{\"@type\":\"BreadcrumbList\",\"@id\":\"https:\/\/www.gaveanews.com\/index.php\/2022\/11\/05\/flamengo-faz-pedido-para-a-cbf-visando-comemoracao-com-a-torcida\/#breadcrumb\",\"itemListElement\":[{\"@type\":\"ListItem\",\"position\":1,\"name\":\"Home\",\"item\":\"https:\/\/www.gaveanews.com\/\"},{\"@type\":\"ListItem\",\"position\":2,\"name\":\"Flamengo faz pedido para a CBF visando comemora\u00e7\u00e3o com a torcida\"}]},{\"@type\":\"WebSite\",\"@id\":\"https:\/\/www.gaveanews.com\/#website\",\"url\":\"https:\/\/www.gaveanews.com\/\",\"name\":\"G\u00e1vea News\",\"description\":\"Veja todas as not\u00edcias sobre o Flamengo: Contrata\u00e7\u00f5es, categorias de base, resultados das partidas, tabela de classifica\u00e7\u00e3o, pr\u00f3ximos jogos!\",\"potentialAction\":[{\"@type\":\"SearchAction\",\"target\":{\"@type\":\"EntryPoint\",\"urlTemplate\":\"https:\/\/www.gaveanews.com\/?s={search_term_string}\"},\"query-input\":{\"@type\":\"PropertyValueSpecification\",\"valueRequired\":true,\"valueName\":\"search_term_string\"}}],\"inLanguage\":\"pt-BR\"},{\"@type\":\"Person\",\"@id\":\"https:\/\/www.gaveanews.com\/#\/schema\/person\/2ec14f73fb96be2caf28f91afb14749d\",\"name\":\"Equipe G\u00e1vea News\",\"image\":{\"@type\":\"ImageObject\",\"inLanguage\":\"pt-BR\",\"@id\":\"https:\/\/www.gaveanews.com\/#\/schema\/person\/image\/\",\"url\":\"https:\/\/secure.gravatar.com\/avatar\/1e1956f1facbffd3f8fa53a326721950116b3b9dc9bd44939c01180fd4a745a9?s=96&d=mm&r=g\",\"contentUrl\":\"https:\/\/secure.gravatar.com\/avatar\/1e1956f1facbffd3f8fa53a326721950116b3b9dc9bd44939c01180fd4a745a9?s=96&d=mm&r=g\",\"caption\":\"Equipe G\u00e1vea News\"}}]}<\/script>\n<!-- \/ Yoast SEO Premium plugin. -->","yoast_head_json":{"title":"Flamengo faz pedido para a CBF visando comemora\u00e7\u00e3o com a torcida","robots":{"index":"index","follow":"follow","max-snippet":"max-snippet:-1","max-image-preview":"max-image-preview:large","max-video-preview":"max-video-preview:-1"},"canonical":"https:\/\/www.gaveanews.com\/index.php\/2022\/11\/05\/flamengo-faz-pedido-para-a-cbf-visando-comemoracao-com-a-torcida\/","og_locale":"pt_BR","og_type":"article","og_title":"Flamengo faz pedido para a CBF visando comemora\u00e7\u00e3o com a torcida","og_description":"Embora o tri da Am\u00e9rica tenha sido conquistado no \u00faltimo dia 29, o Flamengo ainda quer exibir a Ta\u00e7a Libertadores e Copa do Brasil \u00e0 torcida em desfile em carro aberto pelo Rio de Janeiro. Para isso, o clube vai pedir \u00e0 CBF a antecipa\u00e7\u00e3o da partida contra o Ava\u00ed, marcada para o pr\u00f3ximo dia [&hellip;]","og_url":"https:\/\/www.gaveanews.com\/index.php\/2022\/11\/05\/flamengo-faz-pedido-para-a-cbf-visando-comemoracao-com-a-torcida\/","og_site_name":"G\u00e1vea News","article_publisher":"https:\/\/facebook.com\/gaveaNews\/","article_published_time":"2022-11-06T02:51:59+00:00","article_modified_time":"2022-11-06T02:52:01+00:00","og_image":[{"width":799,"height":532,"url":"https:\/\/www.gaveanews.com\/wp-content\/uploads\/Rodolfo-Landim-em-entrevista-coletiva-no-Ninho-do-Urubu.webp","type":"image\/jpeg"}],"author":"Equipe G\u00e1vea News","twitter_card":"summary_large_image","twitter_misc":{"Escrito por":"Equipe G\u00e1vea News","Est. tempo de leitura":"2 minutos"},"schema":{"@context":"https:\/\/schema.org","@graph":[{"@type":"NewsArticle","@id":"https:\/\/www.gaveanews.com\/index.php\/2022\/11\/05\/flamengo-faz-pedido-para-a-cbf-visando-comemoracao-com-a-torcida\/#article","isPartOf":{"@id":"https:\/\/www.gaveanews.com\/index.php\/2022\/11\/05\/flamengo-faz-pedido-para-a-cbf-visando-comemoracao-com-a-torcida\/"},"author":{"name":"Equipe G\u00e1vea News","@id":"https:\/\/www.gaveanews.com\/#\/schema\/person\/2ec14f73fb96be2caf28f91afb14749d"},"headline":"Flamengo faz pedido para a CBF visando comemora\u00e7\u00e3o com a torcida","datePublished":"2022-11-06T02:51:59+00:00","dateModified":"2022-11-06T02:52:01+00:00","mainEntityOfPage":{"@id":"https:\/\/www.gaveanews.com\/index.php\/2022\/11\/05\/flamengo-faz-pedido-para-a-cbf-visando-comemoracao-com-a-torcida\/"},"wordCount":233,"commentCount":0,"image":{"@id":"https:\/\/www.gaveanews.com\/index.php\/2022\/11\/05\/flamengo-faz-pedido-para-a-cbf-visando-comemoracao-com-a-torcida\/#primaryimage"},"thumbnailUrl":"https:\/\/www.gaveanews.com\/wp-content\/uploads\/Rodolfo-Landim-em-entrevista-coletiva-no-Ninho-do-Urubu.webp","articleSection":["Flamengo"],"inLanguage":"pt-BR","potentialAction":[{"@type":"CommentAction","name":"Comment","target":["https:\/\/www.gaveanews.com\/index.php\/2022\/11\/05\/flamengo-faz-pedido-para-a-cbf-visando-comemoracao-com-a-torcida\/#respond"]}],"copyrightYear":"2022","copyrightHolder":{"@id":"https:\/\/www.gaveanews.com\/#organization"}},{"@type":"WebPage","@id":"https:\/\/www.gaveanews.com\/index.php\/2022\/11\/05\/flamengo-faz-pedido-para-a-cbf-visando-comemoracao-com-a-torcida\/","url":"https:\/\/www.gaveanews.com\/index.php\/2022\/11\/05\/flamengo-faz-pedido-para-a-cbf-visando-comemoracao-com-a-torcida\/","name":"Flamengo faz pedido para a CBF visando comemora\u00e7\u00e3o com a torcida","isPartOf":{"@id":"https:\/\/www.gaveanews.com\/#website"},"primaryImageOfPage":{"@id":"https:\/\/www.gaveanews.com\/index.php\/2022\/11\/05\/flamengo-faz-pedido-para-a-cbf-visando-comemoracao-com-a-torcida\/#primaryimage"},"image":{"@id":"https:\/\/www.gaveanews.com\/index.php\/2022\/11\/05\/flamengo-faz-pedido-para-a-cbf-visando-comemoracao-com-a-torcida\/#primaryimage"},"thumbnailUrl":"https:\/\/www.gaveanews.com\/wp-content\/uploads\/Rodolfo-Landim-em-entrevista-coletiva-no-Ninho-do-Urubu.webp","datePublished":"2022-11-06T02:51:59+00:00","dateModified":"2022-11-06T02:52:01+00:00","author":{"@id":"https:\/\/www.gaveanews.com\/#\/schema\/person\/2ec14f73fb96be2caf28f91afb14749d"},"breadcrumb":{"@id":"https:\/\/www.gaveanews.com\/index.php\/2022\/11\/05\/flamengo-faz-pedido-para-a-cbf-visando-comemoracao-com-a-torcida\/#breadcrumb"},"inLanguage":"pt-BR","potentialAction":[{"@type":"ReadAction","target":["https:\/\/www.gaveanews.com\/index.php\/2022\/11\/05\/flamengo-faz-pedido-para-a-cbf-visando-comemoracao-com-a-torcida\/"]}]},{"@type":"ImageObject","inLanguage":"pt-BR","@id":"https:\/\/www.gaveanews.com\/index.php\/2022\/11\/05\/flamengo-faz-pedido-para-a-cbf-visando-comemoracao-com-a-torcida\/#primaryimage","url":"https:\/\/www.gaveanews.com\/wp-content\/uploads\/Rodolfo-Landim-em-entrevista-coletiva-no-Ninho-do-Urubu.webp","contentUrl":"https:\/\/www.gaveanews.com\/wp-content\/uploads\/Rodolfo-Landim-em-entrevista-coletiva-no-Ninho-do-Urubu.webp","width":799,"height":532,"caption":"Rodolfo Landim em entrevista coletiva no Ninho do Urubu (Foto: Alexandre Vidal\/Flamengo)"},{"@type":"BreadcrumbList","@id":"https:\/\/www.gaveanews.com\/index.php\/2022\/11\/05\/flamengo-faz-pedido-para-a-cbf-visando-comemoracao-com-a-torcida\/#breadcrumb","itemListElement":[{"@type":"ListItem","position":1,"name":"Home","item":"https:\/\/www.gaveanews.com\/"},{"@type":"ListItem","position":2,"name":"Flamengo faz pedido para a CBF visando comemora\u00e7\u00e3o com a torcida"}]},{"@type":"WebSite","@id":"https:\/\/www.gaveanews.com\/#website","url":"https:\/\/www.gaveanews.com\/","name":"G\u00e1vea News","description":"Veja todas as not\u00edcias sobre o Flamengo: Contrata\u00e7\u00f5es, categorias de base, resultados das partidas, tabela de classifica\u00e7\u00e3o, pr\u00f3ximos jogos!","potentialAction":[{"@type":"SearchAction","target":{"@type":"EntryPoint","urlTemplate":"https:\/\/www.gaveanews.com\/?s={search_term_string}"},"query-input":{"@type":"PropertyValueSpecification","valueRequired":true,"valueName":"search_term_string"}}],"inLanguage":"pt-BR"},{"@type":"Person","@id":"https:\/\/www.gaveanews.com\/#\/schema\/person\/2ec14f73fb96be2caf28f91afb14749d","name":"Equipe G\u00e1vea News","image":{"@type":"ImageObject","inLanguage":"pt-BR","@id":"https:\/\/www.gaveanews.com\/#\/schema\/person\/image\/","url":"https:\/\/secure.gravatar.com\/avatar\/1e1956f1facbffd3f8fa53a326721950116b3b9dc9bd44939c01180fd4a745a9?s=96&d=mm&r=g","contentUrl":"https:\/\/secure.gravatar.com\/avatar\/1e1956f1facbffd3f8fa53a326721950116b3b9dc9bd44939c01180fd4a745a9?s=96&d=mm&r=g","caption":"Equipe G\u00e1vea News"}}]}},"_links":{"self":[{"href":"https:\/\/www.gaveanews.com\/index.php\/wp-json\/wp\/v2\/posts\/90181","targetHints":{"allow":["GET"]}}],"collection":[{"href":"https:\/\/www.gaveanews.com\/index.php\/wp-json\/wp\/v2\/posts"}],"about":[{"href":"https:\/\/www.gaveanews.com\/index.php\/wp-json\/wp\/v2\/types\/post"}],"author":[{"embeddable":true,"href":"https:\/\/www.gaveanews.com\/index.php\/wp-json\/wp\/v2\/users\/1"}],"replies":[{"embeddable":true,"href":"https:\/\/www.gaveanews.com\/index.php\/wp-json\/wp\/v2\/comments?post=90181"}],"version-history":[{"count":0,"href":"https:\/\/www.gaveanews.com\/index.php\/wp-json\/wp\/v2\/posts\/90181\/revisions"}],"wp:featuredmedia":[{"embeddable":true,"href":"https:\/\/www.gaveanews.com\/index.php\/wp-json\/wp\/v2\/media\/64406"}],"wp:attachment":[{"href":"https:\/\/www.gaveanews.com\/index.php\/wp-json\/wp\/v2\/media?parent=90181"}],"wp:term":[{"taxonomy":"category","embeddable":true,"href":"https:\/\/www.gaveanews.com\/index.php\/wp-json\/wp\/v2\/categories?post=90181"},{"taxonomy":"post_tag","embeddable":true,"href":"https:\/\/www.gaveanews.com\/index.php\/wp-json\/wp\/v2\/tags?post=90181"}],"curies":[{"name":"wp","href":"https:\/\/api.w.org\/{rel}","templated":true}]}}