{"id":90188,"date":"2022-11-06T00:53:46","date_gmt":"2022-11-06T03:53:46","guid":{"rendered":"https:\/\/www.gaveanews.com\/?p=90188"},"modified":"2022-11-06T00:53:49","modified_gmt":"2022-11-06T03:53:49","slug":"arturo-vidal-do-flamengo-responde-roberto-carlos-e-aumenta-polemica-antes-do-mundial","status":"publish","type":"post","link":"https:\/\/www.gaveanews.com\/index.php\/2022\/11\/06\/arturo-vidal-do-flamengo-responde-roberto-carlos-e-aumenta-polemica-antes-do-mundial\/","title":{"rendered":"Arturo Vidal, do Flamengo, responde Roberto Carlos e aumenta pol\u00eamica antes do Mundial"},"content":{"rendered":"\n<p>Euf\u00f3rico ap\u00f3s a conquista do Flamengo na Libertadores, Arturo Vidal provocou o Real Madrid. Durante festa em que esteve ao lados dos companheiros, o chileno prometeu que o Rubro-Negro iria \u201cromper el c..\u201d do atual campe\u00e3o da Champions League, algo que pode ser interpretado, de forma leve, como \u201cdestruir totalmente\u201d o advers\u00e1rio. <\/p>\n\n\n\n<p>Diante disso, Roberto Carlos relembrou que o volante, em outras ocasi\u00f5es, teve a mesma postura, mas acabou decepcionando em campo.<\/p>\n\n\n\n<p><em>\u2014 J\u00e1 estou ouvindo alguma conversa, alguma m\u00fasica\u2026 Primeiro, o Real Madrid tem que passar pelo rival, e o Flamengo tamb\u00e9m. Eu estava pensando no River Plate (em 2018), e eles perderam para o Al Ain. Quantas e quantas vezes o Vidal, meu amigo, insinuou algumas palavras contra o Real Madrid, foi ao jogo, nem tocou na bola. Primeiro temos que pensar nas semifinais, ent\u00e3o temos que parar com os cantos sobre o Real Madrid. Vidal est\u00e1 esperando por Madrid h\u00e1 muito tempo. Eu disse a ele calma, voc\u00ea est\u00e1 muito estressado com o Real Madrid, calma<\/em>, disse o ex-lateral ao Canal do Benja.<\/p>\n\n\n\n<p>Neste cen\u00e1rio, o discurso de Roberto Carlos chegou at\u00e9 Vidal. Sem deixar barato, o volante do Flamengo, atrav\u00e9s dos stories, recordou dois gols que marcou contra o Real Madrid, ocasi\u00f5es que ocorreram por Bayern de Munique e Barcelona. Dessa forma, o ex-lateral foi marcado na postagem como forma de resposta e chamado de \u201camigo\u201d.<\/p>\n\n\n<div class=\"wp-block-image\">\n<figure class=\"aligncenter size-large\"><img decoding=\"async\" src=\"https:\/\/pbs.twimg.com\/media\/Fg03sS0WQAAC1Qa?format=jpg\" alt=\"\"\/><\/figure>\n<\/div>\n\n<div class=\"wp-block-image\">\n<figure class=\"aligncenter size-large\"><img decoding=\"async\" src=\"https:\/\/pbs.twimg.com\/media\/Fg03sS3XoAA0EIY?format=jpg\" alt=\"\"\/><\/figure>\n<\/div>\n\n\n<p>Representante da Am\u00e9rica do Sul no Mundial de Clubes, o Flamengo aguarda os detalhes do torneio, j\u00e1 que a Fifa ainda n\u00e3o definiu o calend\u00e1rio e a sede do torneio. Apesar da alfinetada direcionada para Vidal, Roberto Carlos acredita que o time de Dorival J\u00fanior, caso esteja mais motivado, pode conquistar o t\u00edtulo.<\/p>\n\n\n\n<p><em>\u2014 Existe uma coisa chamada motiva\u00e7\u00e3o, quem estiver mais motivado em uma final do Mundial de Clubes acaba vencendo, independente do rival. Na Europa dizem que n\u00e3o se importam com a Copa do Mundo, mas quando ganham aprendem a valoriz\u00e1-la<\/em>, destacou.<\/p>\n\n\n\n<p>Retirado de: Torcedores<\/p>\n","protected":false},"excerpt":{"rendered":"<p>Euf\u00f3rico ap\u00f3s a conquista do Flamengo na Libertadores, Arturo Vidal provocou o Real Madrid. Durante festa em que esteve ao lados dos companheiros, o chileno prometeu que o Rubro-Negro iria \u201cromper el c..\u201d do atual campe\u00e3o da Champions League, algo que pode ser interpretado, de forma leve, como \u201cdestruir totalmente\u201d o advers\u00e1rio. Diante disso, Roberto [&hellip;]<\/p>\n","protected":false},"author":1,"featured_media":88659,"comment_status":"open","ping_status":"closed","sticky":false,"template":"","format":"standard","meta":{"footnotes":""},"categories":[1],"tags":[],"class_list":["post-90188","post","type-post","status-publish","format-standard","has-post-thumbnail","hentry","category-flamengo"],"yoast_head":"<!-- This site is optimized with the Yoast SEO Premium plugin v24.2 (Yoast SEO v26.9) - https:\/\/yoast.com\/product\/yoast-seo-premium-wordpress\/ -->\n<title>Arturo Vidal, do Flamengo, responde Roberto Carlos e aumenta pol\u00eamica antes do Mundial<\/title>\n<meta name=\"robots\" content=\"index, follow, max-snippet:-1, max-image-preview:large, max-video-preview:-1\" \/>\n<link rel=\"canonical\" href=\"https:\/\/www.gaveanews.com\/index.php\/2022\/11\/06\/arturo-vidal-do-flamengo-responde-roberto-carlos-e-aumenta-polemica-antes-do-mundial\/\" \/>\n<meta property=\"og:locale\" content=\"pt_BR\" \/>\n<meta property=\"og:type\" content=\"article\" \/>\n<meta property=\"og:title\" content=\"Arturo Vidal, do Flamengo, responde Roberto Carlos e aumenta pol\u00eamica antes do Mundial\" \/>\n<meta property=\"og:description\" content=\"Euf\u00f3rico ap\u00f3s a conquista do Flamengo na Libertadores, Arturo Vidal provocou o Real Madrid. Durante festa em que esteve ao lados dos companheiros, o chileno prometeu que o Rubro-Negro iria \u201cromper el c..\u201d do atual campe\u00e3o da Champions League, algo que pode ser interpretado, de forma leve, como \u201cdestruir totalmente\u201d o advers\u00e1rio. Diante disso, Roberto [&hellip;]\" \/>\n<meta property=\"og:url\" content=\"https:\/\/www.gaveanews.com\/index.php\/2022\/11\/06\/arturo-vidal-do-flamengo-responde-roberto-carlos-e-aumenta-polemica-antes-do-mundial\/\" \/>\n<meta property=\"og:site_name\" content=\"G\u00e1vea News\" \/>\n<meta property=\"article:publisher\" content=\"https:\/\/facebook.com\/gaveaNews\/\" \/>\n<meta property=\"article:published_time\" content=\"2022-11-06T03:53:46+00:00\" \/>\n<meta property=\"article:modified_time\" content=\"2022-11-06T03:53:49+00:00\" \/>\n<meta property=\"og:image\" content=\"https:\/\/www.gaveanews.com\/wp-content\/uploads\/Arturo-Vidal-em-jogo-do-Flamengo-contra-o-Internacional.webp\" \/>\n\t<meta property=\"og:image:width\" content=\"800\" \/>\n\t<meta property=\"og:image:height\" content=\"534\" \/>\n\t<meta property=\"og:image:type\" content=\"image\/jpeg\" \/>\n<meta name=\"author\" content=\"Equipe G\u00e1vea News\" \/>\n<meta name=\"twitter:card\" content=\"summary_large_image\" \/>\n<meta name=\"twitter:label1\" content=\"Escrito por\" \/>\n\t<meta name=\"twitter:data1\" content=\"Equipe G\u00e1vea News\" \/>\n\t<meta name=\"twitter:label2\" content=\"Est. tempo de leitura\" \/>\n\t<meta name=\"twitter:data2\" content=\"3 minutos\" \/>\n<script type=\"application\/ld+json\" class=\"yoast-schema-graph\">{\"@context\":\"https:\/\/schema.org\",\"@graph\":[{\"@type\":\"NewsArticle\",\"@id\":\"https:\/\/www.gaveanews.com\/index.php\/2022\/11\/06\/arturo-vidal-do-flamengo-responde-roberto-carlos-e-aumenta-polemica-antes-do-mundial\/#article\",\"isPartOf\":{\"@id\":\"https:\/\/www.gaveanews.com\/index.php\/2022\/11\/06\/arturo-vidal-do-flamengo-responde-roberto-carlos-e-aumenta-polemica-antes-do-mundial\/\"},\"author\":{\"name\":\"Equipe G\u00e1vea News\",\"@id\":\"https:\/\/www.gaveanews.com\/#\/schema\/person\/2ec14f73fb96be2caf28f91afb14749d\"},\"headline\":\"Arturo Vidal, do Flamengo, responde Roberto Carlos e aumenta pol\u00eamica antes do Mundial\",\"datePublished\":\"2022-11-06T03:53:46+00:00\",\"dateModified\":\"2022-11-06T03:53:49+00:00\",\"mainEntityOfPage\":{\"@id\":\"https:\/\/www.gaveanews.com\/index.php\/2022\/11\/06\/arturo-vidal-do-flamengo-responde-roberto-carlos-e-aumenta-polemica-antes-do-mundial\/\"},\"wordCount\":357,\"commentCount\":0,\"image\":{\"@id\":\"https:\/\/www.gaveanews.com\/index.php\/2022\/11\/06\/arturo-vidal-do-flamengo-responde-roberto-carlos-e-aumenta-polemica-antes-do-mundial\/#primaryimage\"},\"thumbnailUrl\":\"https:\/\/www.gaveanews.com\/wp-content\/uploads\/Arturo-Vidal-em-jogo-do-Flamengo-contra-o-Internacional.webp\",\"articleSection\":[\"Flamengo\"],\"inLanguage\":\"pt-BR\",\"potentialAction\":[{\"@type\":\"CommentAction\",\"name\":\"Comment\",\"target\":[\"https:\/\/www.gaveanews.com\/index.php\/2022\/11\/06\/arturo-vidal-do-flamengo-responde-roberto-carlos-e-aumenta-polemica-antes-do-mundial\/#respond\"]}],\"copyrightYear\":\"2022\",\"copyrightHolder\":{\"@id\":\"https:\/\/www.gaveanews.com\/#organization\"}},{\"@type\":\"WebPage\",\"@id\":\"https:\/\/www.gaveanews.com\/index.php\/2022\/11\/06\/arturo-vidal-do-flamengo-responde-roberto-carlos-e-aumenta-polemica-antes-do-mundial\/\",\"url\":\"https:\/\/www.gaveanews.com\/index.php\/2022\/11\/06\/arturo-vidal-do-flamengo-responde-roberto-carlos-e-aumenta-polemica-antes-do-mundial\/\",\"name\":\"Arturo Vidal, do Flamengo, responde Roberto Carlos e aumenta pol\u00eamica antes do Mundial\",\"isPartOf\":{\"@id\":\"https:\/\/www.gaveanews.com\/#website\"},\"primaryImageOfPage\":{\"@id\":\"https:\/\/www.gaveanews.com\/index.php\/2022\/11\/06\/arturo-vidal-do-flamengo-responde-roberto-carlos-e-aumenta-polemica-antes-do-mundial\/#primaryimage\"},\"image\":{\"@id\":\"https:\/\/www.gaveanews.com\/index.php\/2022\/11\/06\/arturo-vidal-do-flamengo-responde-roberto-carlos-e-aumenta-polemica-antes-do-mundial\/#primaryimage\"},\"thumbnailUrl\":\"https:\/\/www.gaveanews.com\/wp-content\/uploads\/Arturo-Vidal-em-jogo-do-Flamengo-contra-o-Internacional.webp\",\"datePublished\":\"2022-11-06T03:53:46+00:00\",\"dateModified\":\"2022-11-06T03:53:49+00:00\",\"author\":{\"@id\":\"https:\/\/www.gaveanews.com\/#\/schema\/person\/2ec14f73fb96be2caf28f91afb14749d\"},\"breadcrumb\":{\"@id\":\"https:\/\/www.gaveanews.com\/index.php\/2022\/11\/06\/arturo-vidal-do-flamengo-responde-roberto-carlos-e-aumenta-polemica-antes-do-mundial\/#breadcrumb\"},\"inLanguage\":\"pt-BR\",\"potentialAction\":[{\"@type\":\"ReadAction\",\"target\":[\"https:\/\/www.gaveanews.com\/index.php\/2022\/11\/06\/arturo-vidal-do-flamengo-responde-roberto-carlos-e-aumenta-polemica-antes-do-mundial\/\"]}]},{\"@type\":\"ImageObject\",\"inLanguage\":\"pt-BR\",\"@id\":\"https:\/\/www.gaveanews.com\/index.php\/2022\/11\/06\/arturo-vidal-do-flamengo-responde-roberto-carlos-e-aumenta-polemica-antes-do-mundial\/#primaryimage\",\"url\":\"https:\/\/www.gaveanews.com\/wp-content\/uploads\/Arturo-Vidal-em-jogo-do-Flamengo-contra-o-Internacional.webp\",\"contentUrl\":\"https:\/\/www.gaveanews.com\/wp-content\/uploads\/Arturo-Vidal-em-jogo-do-Flamengo-contra-o-Internacional.webp\",\"width\":800,\"height\":534,\"caption\":\"Arturo Vidal em jogo do Flamengo contra o Internacional (Foto: Marcelo Cortes\/Flamengo)\"},{\"@type\":\"BreadcrumbList\",\"@id\":\"https:\/\/www.gaveanews.com\/index.php\/2022\/11\/06\/arturo-vidal-do-flamengo-responde-roberto-carlos-e-aumenta-polemica-antes-do-mundial\/#breadcrumb\",\"itemListElement\":[{\"@type\":\"ListItem\",\"position\":1,\"name\":\"Home\",\"item\":\"https:\/\/www.gaveanews.com\/\"},{\"@type\":\"ListItem\",\"position\":2,\"name\":\"Arturo Vidal, do Flamengo, responde Roberto Carlos e aumenta pol\u00eamica antes do Mundial\"}]},{\"@type\":\"WebSite\",\"@id\":\"https:\/\/www.gaveanews.com\/#website\",\"url\":\"https:\/\/www.gaveanews.com\/\",\"name\":\"G\u00e1vea News\",\"description\":\"Veja todas as not\u00edcias sobre o Flamengo: Contrata\u00e7\u00f5es, categorias de base, resultados das partidas, tabela de classifica\u00e7\u00e3o, pr\u00f3ximos jogos!\",\"potentialAction\":[{\"@type\":\"SearchAction\",\"target\":{\"@type\":\"EntryPoint\",\"urlTemplate\":\"https:\/\/www.gaveanews.com\/?s={search_term_string}\"},\"query-input\":{\"@type\":\"PropertyValueSpecification\",\"valueRequired\":true,\"valueName\":\"search_term_string\"}}],\"inLanguage\":\"pt-BR\"},{\"@type\":\"Person\",\"@id\":\"https:\/\/www.gaveanews.com\/#\/schema\/person\/2ec14f73fb96be2caf28f91afb14749d\",\"name\":\"Equipe G\u00e1vea News\",\"image\":{\"@type\":\"ImageObject\",\"inLanguage\":\"pt-BR\",\"@id\":\"https:\/\/www.gaveanews.com\/#\/schema\/person\/image\/\",\"url\":\"https:\/\/secure.gravatar.com\/avatar\/1e1956f1facbffd3f8fa53a326721950116b3b9dc9bd44939c01180fd4a745a9?s=96&d=mm&r=g\",\"contentUrl\":\"https:\/\/secure.gravatar.com\/avatar\/1e1956f1facbffd3f8fa53a326721950116b3b9dc9bd44939c01180fd4a745a9?s=96&d=mm&r=g\",\"caption\":\"Equipe G\u00e1vea News\"}}]}<\/script>\n<!-- \/ Yoast SEO Premium plugin. -->","yoast_head_json":{"title":"Arturo Vidal, do Flamengo, responde Roberto Carlos e aumenta pol\u00eamica antes do Mundial","robots":{"index":"index","follow":"follow","max-snippet":"max-snippet:-1","max-image-preview":"max-image-preview:large","max-video-preview":"max-video-preview:-1"},"canonical":"https:\/\/www.gaveanews.com\/index.php\/2022\/11\/06\/arturo-vidal-do-flamengo-responde-roberto-carlos-e-aumenta-polemica-antes-do-mundial\/","og_locale":"pt_BR","og_type":"article","og_title":"Arturo Vidal, do Flamengo, responde Roberto Carlos e aumenta pol\u00eamica antes do Mundial","og_description":"Euf\u00f3rico ap\u00f3s a conquista do Flamengo na Libertadores, Arturo Vidal provocou o Real Madrid. Durante festa em que esteve ao lados dos companheiros, o chileno prometeu que o Rubro-Negro iria \u201cromper el c..\u201d do atual campe\u00e3o da Champions League, algo que pode ser interpretado, de forma leve, como \u201cdestruir totalmente\u201d o advers\u00e1rio. Diante disso, Roberto [&hellip;]","og_url":"https:\/\/www.gaveanews.com\/index.php\/2022\/11\/06\/arturo-vidal-do-flamengo-responde-roberto-carlos-e-aumenta-polemica-antes-do-mundial\/","og_site_name":"G\u00e1vea News","article_publisher":"https:\/\/facebook.com\/gaveaNews\/","article_published_time":"2022-11-06T03:53:46+00:00","article_modified_time":"2022-11-06T03:53:49+00:00","og_image":[{"width":800,"height":534,"url":"https:\/\/www.gaveanews.com\/wp-content\/uploads\/Arturo-Vidal-em-jogo-do-Flamengo-contra-o-Internacional.webp","type":"image\/jpeg"}],"author":"Equipe G\u00e1vea News","twitter_card":"summary_large_image","twitter_misc":{"Escrito por":"Equipe G\u00e1vea News","Est. tempo de leitura":"3 minutos"},"schema":{"@context":"https:\/\/schema.org","@graph":[{"@type":"NewsArticle","@id":"https:\/\/www.gaveanews.com\/index.php\/2022\/11\/06\/arturo-vidal-do-flamengo-responde-roberto-carlos-e-aumenta-polemica-antes-do-mundial\/#article","isPartOf":{"@id":"https:\/\/www.gaveanews.com\/index.php\/2022\/11\/06\/arturo-vidal-do-flamengo-responde-roberto-carlos-e-aumenta-polemica-antes-do-mundial\/"},"author":{"name":"Equipe G\u00e1vea News","@id":"https:\/\/www.gaveanews.com\/#\/schema\/person\/2ec14f73fb96be2caf28f91afb14749d"},"headline":"Arturo Vidal, do Flamengo, responde Roberto Carlos e aumenta pol\u00eamica antes do Mundial","datePublished":"2022-11-06T03:53:46+00:00","dateModified":"2022-11-06T03:53:49+00:00","mainEntityOfPage":{"@id":"https:\/\/www.gaveanews.com\/index.php\/2022\/11\/06\/arturo-vidal-do-flamengo-responde-roberto-carlos-e-aumenta-polemica-antes-do-mundial\/"},"wordCount":357,"commentCount":0,"image":{"@id":"https:\/\/www.gaveanews.com\/index.php\/2022\/11\/06\/arturo-vidal-do-flamengo-responde-roberto-carlos-e-aumenta-polemica-antes-do-mundial\/#primaryimage"},"thumbnailUrl":"https:\/\/www.gaveanews.com\/wp-content\/uploads\/Arturo-Vidal-em-jogo-do-Flamengo-contra-o-Internacional.webp","articleSection":["Flamengo"],"inLanguage":"pt-BR","potentialAction":[{"@type":"CommentAction","name":"Comment","target":["https:\/\/www.gaveanews.com\/index.php\/2022\/11\/06\/arturo-vidal-do-flamengo-responde-roberto-carlos-e-aumenta-polemica-antes-do-mundial\/#respond"]}],"copyrightYear":"2022","copyrightHolder":{"@id":"https:\/\/www.gaveanews.com\/#organization"}},{"@type":"WebPage","@id":"https:\/\/www.gaveanews.com\/index.php\/2022\/11\/06\/arturo-vidal-do-flamengo-responde-roberto-carlos-e-aumenta-polemica-antes-do-mundial\/","url":"https:\/\/www.gaveanews.com\/index.php\/2022\/11\/06\/arturo-vidal-do-flamengo-responde-roberto-carlos-e-aumenta-polemica-antes-do-mundial\/","name":"Arturo Vidal, do Flamengo, responde Roberto Carlos e aumenta pol\u00eamica antes do Mundial","isPartOf":{"@id":"https:\/\/www.gaveanews.com\/#website"},"primaryImageOfPage":{"@id":"https:\/\/www.gaveanews.com\/index.php\/2022\/11\/06\/arturo-vidal-do-flamengo-responde-roberto-carlos-e-aumenta-polemica-antes-do-mundial\/#primaryimage"},"image":{"@id":"https:\/\/www.gaveanews.com\/index.php\/2022\/11\/06\/arturo-vidal-do-flamengo-responde-roberto-carlos-e-aumenta-polemica-antes-do-mundial\/#primaryimage"},"thumbnailUrl":"https:\/\/www.gaveanews.com\/wp-content\/uploads\/Arturo-Vidal-em-jogo-do-Flamengo-contra-o-Internacional.webp","datePublished":"2022-11-06T03:53:46+00:00","dateModified":"2022-11-06T03:53:49+00:00","author":{"@id":"https:\/\/www.gaveanews.com\/#\/schema\/person\/2ec14f73fb96be2caf28f91afb14749d"},"breadcrumb":{"@id":"https:\/\/www.gaveanews.com\/index.php\/2022\/11\/06\/arturo-vidal-do-flamengo-responde-roberto-carlos-e-aumenta-polemica-antes-do-mundial\/#breadcrumb"},"inLanguage":"pt-BR","potentialAction":[{"@type":"ReadAction","target":["https:\/\/www.gaveanews.com\/index.php\/2022\/11\/06\/arturo-vidal-do-flamengo-responde-roberto-carlos-e-aumenta-polemica-antes-do-mundial\/"]}]},{"@type":"ImageObject","inLanguage":"pt-BR","@id":"https:\/\/www.gaveanews.com\/index.php\/2022\/11\/06\/arturo-vidal-do-flamengo-responde-roberto-carlos-e-aumenta-polemica-antes-do-mundial\/#primaryimage","url":"https:\/\/www.gaveanews.com\/wp-content\/uploads\/Arturo-Vidal-em-jogo-do-Flamengo-contra-o-Internacional.webp","contentUrl":"https:\/\/www.gaveanews.com\/wp-content\/uploads\/Arturo-Vidal-em-jogo-do-Flamengo-contra-o-Internacional.webp","width":800,"height":534,"caption":"Arturo Vidal em jogo do Flamengo contra o Internacional (Foto: Marcelo Cortes\/Flamengo)"},{"@type":"BreadcrumbList","@id":"https:\/\/www.gaveanews.com\/index.php\/2022\/11\/06\/arturo-vidal-do-flamengo-responde-roberto-carlos-e-aumenta-polemica-antes-do-mundial\/#breadcrumb","itemListElement":[{"@type":"ListItem","position":1,"name":"Home","item":"https:\/\/www.gaveanews.com\/"},{"@type":"ListItem","position":2,"name":"Arturo Vidal, do Flamengo, responde Roberto Carlos e aumenta pol\u00eamica antes do Mundial"}]},{"@type":"WebSite","@id":"https:\/\/www.gaveanews.com\/#website","url":"https:\/\/www.gaveanews.com\/","name":"G\u00e1vea News","description":"Veja todas as not\u00edcias sobre o Flamengo: Contrata\u00e7\u00f5es, categorias de base, resultados das partidas, tabela de classifica\u00e7\u00e3o, pr\u00f3ximos jogos!","potentialAction":[{"@type":"SearchAction","target":{"@type":"EntryPoint","urlTemplate":"https:\/\/www.gaveanews.com\/?s={search_term_string}"},"query-input":{"@type":"PropertyValueSpecification","valueRequired":true,"valueName":"search_term_string"}}],"inLanguage":"pt-BR"},{"@type":"Person","@id":"https:\/\/www.gaveanews.com\/#\/schema\/person\/2ec14f73fb96be2caf28f91afb14749d","name":"Equipe G\u00e1vea News","image":{"@type":"ImageObject","inLanguage":"pt-BR","@id":"https:\/\/www.gaveanews.com\/#\/schema\/person\/image\/","url":"https:\/\/secure.gravatar.com\/avatar\/1e1956f1facbffd3f8fa53a326721950116b3b9dc9bd44939c01180fd4a745a9?s=96&d=mm&r=g","contentUrl":"https:\/\/secure.gravatar.com\/avatar\/1e1956f1facbffd3f8fa53a326721950116b3b9dc9bd44939c01180fd4a745a9?s=96&d=mm&r=g","caption":"Equipe G\u00e1vea News"}}]}},"_links":{"self":[{"href":"https:\/\/www.gaveanews.com\/index.php\/wp-json\/wp\/v2\/posts\/90188","targetHints":{"allow":["GET"]}}],"collection":[{"href":"https:\/\/www.gaveanews.com\/index.php\/wp-json\/wp\/v2\/posts"}],"about":[{"href":"https:\/\/www.gaveanews.com\/index.php\/wp-json\/wp\/v2\/types\/post"}],"author":[{"embeddable":true,"href":"https:\/\/www.gaveanews.com\/index.php\/wp-json\/wp\/v2\/users\/1"}],"replies":[{"embeddable":true,"href":"https:\/\/www.gaveanews.com\/index.php\/wp-json\/wp\/v2\/comments?post=90188"}],"version-history":[{"count":0,"href":"https:\/\/www.gaveanews.com\/index.php\/wp-json\/wp\/v2\/posts\/90188\/revisions"}],"wp:featuredmedia":[{"embeddable":true,"href":"https:\/\/www.gaveanews.com\/index.php\/wp-json\/wp\/v2\/media\/88659"}],"wp:attachment":[{"href":"https:\/\/www.gaveanews.com\/index.php\/wp-json\/wp\/v2\/media?parent=90188"}],"wp:term":[{"taxonomy":"category","embeddable":true,"href":"https:\/\/www.gaveanews.com\/index.php\/wp-json\/wp\/v2\/categories?post=90188"},{"taxonomy":"post_tag","embeddable":true,"href":"https:\/\/www.gaveanews.com\/index.php\/wp-json\/wp\/v2\/tags?post=90188"}],"curies":[{"name":"wp","href":"https:\/\/api.w.org\/{rel}","templated":true}]}}