{"id":90214,"date":"2022-11-06T23:41:29","date_gmt":"2022-11-07T02:41:29","guid":{"rendered":"https:\/\/www.gaveanews.com\/?p=90214"},"modified":"2022-11-06T23:41:33","modified_gmt":"2022-11-07T02:41:33","slug":"torcida-do-flamengo-cobra-saidas-de-5-jogadores","status":"publish","type":"post","link":"https:\/\/www.gaveanews.com\/index.php\/2022\/11\/06\/torcida-do-flamengo-cobra-saidas-de-5-jogadores\/","title":{"rendered":"Torcida do Flamengo cobra sa\u00eddas de 5 jogadores"},"content":{"rendered":"\n<p>Campe\u00e3o da Libertadores e da Copa do Brasil, o Flamengo cumpre tabela nas rodadas finais do Brasileir\u00e3o. Por\u00e9m, o torcedor rubro-negro se irritou com uma nova derrota. Depois de perder para o Corinthians dentro de casa, o Fla tamb\u00e9m foi derrotado pelo Coritiba, no Couto Pereira.<\/p>\n\n\n\n<p>No Twitter, alguns torcedores do Flamengo montaram a barca do elenco para a pr\u00f3xima temporada. O meia Diego Ribas, que anunciou a aposentadoria ao final do ano, \u00e9 o atleta que encabe\u00e7a a lista. Ele vem seguido dos goleiros Diego Alves e Hugo Souza, do lateral Matheuzinho e tamb\u00e9m do atacante Marinho.<\/p>\n\n\n\n<p>Os cinco nomes foram os mais citados pela torcida nas redes sociais. Diego Alves tamb\u00e9m tem contrato at\u00e9 o final do ano e n\u00e3o deve permanecer. Os demais t\u00eam v\u00ednculos mais longos e o futuro ainda indefinido.<\/p>\n\n\n\n<p><strong>Confira abaixo algumas publica\u00e7\u00f5es:<\/strong><\/p>\n\n\n\n<figure class=\"wp-block-embed is-type-rich is-provider-twitter wp-block-embed-twitter\"><div class=\"wp-block-embed__wrapper\">\n<blockquote class=\"twitter-tweet\" data-width=\"550\" data-dnt=\"true\"><p lang=\"pt\" dir=\"ltr\">Marinho, Matheusinho, Diego, Diego Alves. Nomes que devem estar na barca do Flamengo. <a href=\"https:\/\/twitter.com\/hashtag\/colunadofla?src=hash&amp;ref_src=twsrc%5Etfw\">#colunadofla<\/a><\/p>&mdash; Rafael Miranda (@rafael_t_mirand) <a href=\"https:\/\/twitter.com\/rafael_t_mirand\/status\/1589357541414182912?ref_src=twsrc%5Etfw\">November 6, 2022<\/a><\/blockquote><script async src=\"https:\/\/platform.twitter.com\/widgets.js\" charset=\"utf-8\"><\/script>\n<\/div><\/figure>\n\n\n\n<figure class=\"wp-block-embed is-type-rich is-provider-twitter wp-block-embed-twitter\"><div class=\"wp-block-embed__wrapper\">\n<blockquote class=\"twitter-tweet\" data-width=\"550\" data-dnt=\"true\"><p lang=\"pt\" dir=\"ltr\">Minha barca do Flamengo pro ano que vem: Rodinei (j\u00e1 disse q vai sair), Diego Alves, Diego Ribas (aposentado), Marinho, Rodrigo Caio (se continuar se machucando toda hora), Matheuzinho (se conseguir outro lateral melhor), e emprestar alguns da base q n\u00e3o se mostraram prontos.<\/p>&mdash; Peter \ud83e\ude84 (@PeterMr) <a href=\"https:\/\/twitter.com\/PeterMr\/status\/1589360466647977984?ref_src=twsrc%5Etfw\">November 6, 2022<\/a><\/blockquote><script async src=\"https:\/\/platform.twitter.com\/widgets.js\" charset=\"utf-8\"><\/script>\n<\/div><\/figure>\n\n\n\n<figure class=\"wp-block-embed is-type-rich is-provider-twitter wp-block-embed-twitter\"><div class=\"wp-block-embed__wrapper\">\nhttps:\/\/twitter.com\/Michel_Crf81\/status\/1589360775818530818\n<\/div><\/figure>\n\n\n\n<figure class=\"wp-block-embed is-type-rich is-provider-twitter wp-block-embed-twitter\"><div class=\"wp-block-embed__wrapper\">\n<blockquote class=\"twitter-tweet\" data-width=\"550\" data-dnt=\"true\"><p lang=\"pt\" dir=\"ltr\">Ganhamos 2 campeonatos importantes, mas mesmo assim o Flamengo tem que fazer uma barca.<br>Diego Alves<br>Diego Ribas <br>Marinho<br>Mateuzinho<\/p>&mdash; Aurieverson Borba Da Silva (@AurieversonS) <a href=\"https:\/\/twitter.com\/AurieversonS\/status\/1589362853420879874?ref_src=twsrc%5Etfw\">November 6, 2022<\/a><\/blockquote><script async src=\"https:\/\/platform.twitter.com\/widgets.js\" charset=\"utf-8\"><\/script>\n<\/div><\/figure>\n\n\n\n<p>O Flamengo ainda tem dois jogos antes do fim da temporada. Na quarta-feira, visita o Juventude. J\u00e1 no domingo, recebe o Ava\u00ed, no Maracan\u00e3, para a despedida de Diego Ribas e Diego Alves.<\/p>\n\n\n\n<p>Retirado de: Torcedores<\/p>\n","protected":false},"excerpt":{"rendered":"<p>Campe\u00e3o da Libertadores e da Copa do Brasil, o Flamengo cumpre tabela nas rodadas finais do Brasileir\u00e3o. Por\u00e9m, o torcedor rubro-negro se irritou com uma nova derrota. Depois de perder para o Corinthians dentro de casa, o Fla tamb\u00e9m foi derrotado pelo Coritiba, no Couto Pereira. No Twitter, alguns torcedores do Flamengo montaram a barca [&hellip;]<\/p>\n","protected":false},"author":1,"featured_media":64896,"comment_status":"open","ping_status":"closed","sticky":false,"template":"","format":"standard","meta":{"footnotes":""},"categories":[48],"tags":[],"class_list":["post-90214","post","type-post","status-publish","format-standard","has-post-thumbnail","hentry","category-negociacoes"],"yoast_head":"<!-- This site is optimized with the Yoast SEO Premium plugin v24.2 (Yoast SEO v26.9) - https:\/\/yoast.com\/product\/yoast-seo-premium-wordpress\/ -->\n<title>Torcida do Flamengo cobra sa\u00eddas de 5 jogadores<\/title>\n<meta name=\"robots\" content=\"index, follow, max-snippet:-1, max-image-preview:large, max-video-preview:-1\" \/>\n<link rel=\"canonical\" href=\"https:\/\/www.gaveanews.com\/index.php\/2022\/11\/06\/torcida-do-flamengo-cobra-saidas-de-5-jogadores\/\" \/>\n<meta property=\"og:locale\" content=\"pt_BR\" \/>\n<meta property=\"og:type\" content=\"article\" \/>\n<meta property=\"og:title\" content=\"Torcida do Flamengo cobra sa\u00eddas de 5 jogadores\" \/>\n<meta property=\"og:description\" content=\"Campe\u00e3o da Libertadores e da Copa do Brasil, o Flamengo cumpre tabela nas rodadas finais do Brasileir\u00e3o. Por\u00e9m, o torcedor rubro-negro se irritou com uma nova derrota. Depois de perder para o Corinthians dentro de casa, o Fla tamb\u00e9m foi derrotado pelo Coritiba, no Couto Pereira. No Twitter, alguns torcedores do Flamengo montaram a barca [&hellip;]\" \/>\n<meta property=\"og:url\" content=\"https:\/\/www.gaveanews.com\/index.php\/2022\/11\/06\/torcida-do-flamengo-cobra-saidas-de-5-jogadores\/\" \/>\n<meta property=\"og:site_name\" content=\"G\u00e1vea News\" \/>\n<meta property=\"article:publisher\" content=\"https:\/\/facebook.com\/gaveaNews\/\" \/>\n<meta property=\"article:published_time\" content=\"2022-11-07T02:41:29+00:00\" \/>\n<meta property=\"article:modified_time\" content=\"2022-11-07T02:41:33+00:00\" \/>\n<meta property=\"og:image\" content=\"https:\/\/www.gaveanews.com\/wp-content\/uploads\/Hugo-Souza-em-treino-no-Ninho-do-Urubu.webp\" \/>\n\t<meta property=\"og:image:width\" content=\"640\" \/>\n\t<meta property=\"og:image:height\" content=\"400\" \/>\n\t<meta property=\"og:image:type\" content=\"image\/png\" \/>\n<meta name=\"author\" content=\"Equipe G\u00e1vea News\" \/>\n<meta name=\"twitter:card\" content=\"summary_large_image\" \/>\n<meta name=\"twitter:label1\" content=\"Escrito por\" \/>\n\t<meta name=\"twitter:data1\" content=\"Equipe G\u00e1vea News\" \/>\n\t<meta name=\"twitter:label2\" content=\"Est. tempo de leitura\" \/>\n\t<meta name=\"twitter:data2\" content=\"1 minuto\" \/>\n<script type=\"application\/ld+json\" class=\"yoast-schema-graph\">{\"@context\":\"https:\/\/schema.org\",\"@graph\":[{\"@type\":\"NewsArticle\",\"@id\":\"https:\/\/www.gaveanews.com\/index.php\/2022\/11\/06\/torcida-do-flamengo-cobra-saidas-de-5-jogadores\/#article\",\"isPartOf\":{\"@id\":\"https:\/\/www.gaveanews.com\/index.php\/2022\/11\/06\/torcida-do-flamengo-cobra-saidas-de-5-jogadores\/\"},\"author\":{\"name\":\"Equipe G\u00e1vea News\",\"@id\":\"https:\/\/www.gaveanews.com\/#\/schema\/person\/2ec14f73fb96be2caf28f91afb14749d\"},\"headline\":\"Torcida do Flamengo cobra sa\u00eddas de 5 jogadores\",\"datePublished\":\"2022-11-07T02:41:29+00:00\",\"dateModified\":\"2022-11-07T02:41:33+00:00\",\"mainEntityOfPage\":{\"@id\":\"https:\/\/www.gaveanews.com\/index.php\/2022\/11\/06\/torcida-do-flamengo-cobra-saidas-de-5-jogadores\/\"},\"wordCount\":217,\"commentCount\":0,\"image\":{\"@id\":\"https:\/\/www.gaveanews.com\/index.php\/2022\/11\/06\/torcida-do-flamengo-cobra-saidas-de-5-jogadores\/#primaryimage\"},\"thumbnailUrl\":\"https:\/\/www.gaveanews.com\/wp-content\/uploads\/Hugo-Souza-em-treino-no-Ninho-do-Urubu.webp\",\"articleSection\":[\"Negocia\u00e7\u00f5es\"],\"inLanguage\":\"pt-BR\",\"potentialAction\":[{\"@type\":\"CommentAction\",\"name\":\"Comment\",\"target\":[\"https:\/\/www.gaveanews.com\/index.php\/2022\/11\/06\/torcida-do-flamengo-cobra-saidas-de-5-jogadores\/#respond\"]}],\"copyrightYear\":\"2022\",\"copyrightHolder\":{\"@id\":\"https:\/\/www.gaveanews.com\/#organization\"}},{\"@type\":\"WebPage\",\"@id\":\"https:\/\/www.gaveanews.com\/index.php\/2022\/11\/06\/torcida-do-flamengo-cobra-saidas-de-5-jogadores\/\",\"url\":\"https:\/\/www.gaveanews.com\/index.php\/2022\/11\/06\/torcida-do-flamengo-cobra-saidas-de-5-jogadores\/\",\"name\":\"Torcida do Flamengo cobra sa\u00eddas de 5 jogadores\",\"isPartOf\":{\"@id\":\"https:\/\/www.gaveanews.com\/#website\"},\"primaryImageOfPage\":{\"@id\":\"https:\/\/www.gaveanews.com\/index.php\/2022\/11\/06\/torcida-do-flamengo-cobra-saidas-de-5-jogadores\/#primaryimage\"},\"image\":{\"@id\":\"https:\/\/www.gaveanews.com\/index.php\/2022\/11\/06\/torcida-do-flamengo-cobra-saidas-de-5-jogadores\/#primaryimage\"},\"thumbnailUrl\":\"https:\/\/www.gaveanews.com\/wp-content\/uploads\/Hugo-Souza-em-treino-no-Ninho-do-Urubu.webp\",\"datePublished\":\"2022-11-07T02:41:29+00:00\",\"dateModified\":\"2022-11-07T02:41:33+00:00\",\"author\":{\"@id\":\"https:\/\/www.gaveanews.com\/#\/schema\/person\/2ec14f73fb96be2caf28f91afb14749d\"},\"breadcrumb\":{\"@id\":\"https:\/\/www.gaveanews.com\/index.php\/2022\/11\/06\/torcida-do-flamengo-cobra-saidas-de-5-jogadores\/#breadcrumb\"},\"inLanguage\":\"pt-BR\",\"potentialAction\":[{\"@type\":\"ReadAction\",\"target\":[\"https:\/\/www.gaveanews.com\/index.php\/2022\/11\/06\/torcida-do-flamengo-cobra-saidas-de-5-jogadores\/\"]}]},{\"@type\":\"ImageObject\",\"inLanguage\":\"pt-BR\",\"@id\":\"https:\/\/www.gaveanews.com\/index.php\/2022\/11\/06\/torcida-do-flamengo-cobra-saidas-de-5-jogadores\/#primaryimage\",\"url\":\"https:\/\/www.gaveanews.com\/wp-content\/uploads\/Hugo-Souza-em-treino-no-Ninho-do-Urubu.webp\",\"contentUrl\":\"https:\/\/www.gaveanews.com\/wp-content\/uploads\/Hugo-Souza-em-treino-no-Ninho-do-Urubu.webp\",\"width\":640,\"height\":400,\"caption\":\"Hugo Souza em treino no Ninho do Urubu (Foto: Marcelo Cortes\/Flamengo)\"},{\"@type\":\"BreadcrumbList\",\"@id\":\"https:\/\/www.gaveanews.com\/index.php\/2022\/11\/06\/torcida-do-flamengo-cobra-saidas-de-5-jogadores\/#breadcrumb\",\"itemListElement\":[{\"@type\":\"ListItem\",\"position\":1,\"name\":\"Home\",\"item\":\"https:\/\/www.gaveanews.com\/\"},{\"@type\":\"ListItem\",\"position\":2,\"name\":\"Torcida do Flamengo cobra sa\u00eddas de 5 jogadores\"}]},{\"@type\":\"WebSite\",\"@id\":\"https:\/\/www.gaveanews.com\/#website\",\"url\":\"https:\/\/www.gaveanews.com\/\",\"name\":\"G\u00e1vea News\",\"description\":\"Veja todas as not\u00edcias sobre o Flamengo: Contrata\u00e7\u00f5es, categorias de base, resultados das partidas, tabela de classifica\u00e7\u00e3o, pr\u00f3ximos jogos!\",\"potentialAction\":[{\"@type\":\"SearchAction\",\"target\":{\"@type\":\"EntryPoint\",\"urlTemplate\":\"https:\/\/www.gaveanews.com\/?s={search_term_string}\"},\"query-input\":{\"@type\":\"PropertyValueSpecification\",\"valueRequired\":true,\"valueName\":\"search_term_string\"}}],\"inLanguage\":\"pt-BR\"},{\"@type\":\"Person\",\"@id\":\"https:\/\/www.gaveanews.com\/#\/schema\/person\/2ec14f73fb96be2caf28f91afb14749d\",\"name\":\"Equipe G\u00e1vea News\",\"image\":{\"@type\":\"ImageObject\",\"inLanguage\":\"pt-BR\",\"@id\":\"https:\/\/www.gaveanews.com\/#\/schema\/person\/image\/\",\"url\":\"https:\/\/secure.gravatar.com\/avatar\/1e1956f1facbffd3f8fa53a326721950116b3b9dc9bd44939c01180fd4a745a9?s=96&d=mm&r=g\",\"contentUrl\":\"https:\/\/secure.gravatar.com\/avatar\/1e1956f1facbffd3f8fa53a326721950116b3b9dc9bd44939c01180fd4a745a9?s=96&d=mm&r=g\",\"caption\":\"Equipe G\u00e1vea News\"}}]}<\/script>\n<!-- \/ Yoast SEO Premium plugin. -->","yoast_head_json":{"title":"Torcida do Flamengo cobra sa\u00eddas de 5 jogadores","robots":{"index":"index","follow":"follow","max-snippet":"max-snippet:-1","max-image-preview":"max-image-preview:large","max-video-preview":"max-video-preview:-1"},"canonical":"https:\/\/www.gaveanews.com\/index.php\/2022\/11\/06\/torcida-do-flamengo-cobra-saidas-de-5-jogadores\/","og_locale":"pt_BR","og_type":"article","og_title":"Torcida do Flamengo cobra sa\u00eddas de 5 jogadores","og_description":"Campe\u00e3o da Libertadores e da Copa do Brasil, o Flamengo cumpre tabela nas rodadas finais do Brasileir\u00e3o. Por\u00e9m, o torcedor rubro-negro se irritou com uma nova derrota. Depois de perder para o Corinthians dentro de casa, o Fla tamb\u00e9m foi derrotado pelo Coritiba, no Couto Pereira. No Twitter, alguns torcedores do Flamengo montaram a barca [&hellip;]","og_url":"https:\/\/www.gaveanews.com\/index.php\/2022\/11\/06\/torcida-do-flamengo-cobra-saidas-de-5-jogadores\/","og_site_name":"G\u00e1vea News","article_publisher":"https:\/\/facebook.com\/gaveaNews\/","article_published_time":"2022-11-07T02:41:29+00:00","article_modified_time":"2022-11-07T02:41:33+00:00","og_image":[{"width":640,"height":400,"url":"https:\/\/www.gaveanews.com\/wp-content\/uploads\/Hugo-Souza-em-treino-no-Ninho-do-Urubu.webp","type":"image\/png"}],"author":"Equipe G\u00e1vea News","twitter_card":"summary_large_image","twitter_misc":{"Escrito por":"Equipe G\u00e1vea News","Est. tempo de leitura":"1 minuto"},"schema":{"@context":"https:\/\/schema.org","@graph":[{"@type":"NewsArticle","@id":"https:\/\/www.gaveanews.com\/index.php\/2022\/11\/06\/torcida-do-flamengo-cobra-saidas-de-5-jogadores\/#article","isPartOf":{"@id":"https:\/\/www.gaveanews.com\/index.php\/2022\/11\/06\/torcida-do-flamengo-cobra-saidas-de-5-jogadores\/"},"author":{"name":"Equipe G\u00e1vea News","@id":"https:\/\/www.gaveanews.com\/#\/schema\/person\/2ec14f73fb96be2caf28f91afb14749d"},"headline":"Torcida do Flamengo cobra sa\u00eddas de 5 jogadores","datePublished":"2022-11-07T02:41:29+00:00","dateModified":"2022-11-07T02:41:33+00:00","mainEntityOfPage":{"@id":"https:\/\/www.gaveanews.com\/index.php\/2022\/11\/06\/torcida-do-flamengo-cobra-saidas-de-5-jogadores\/"},"wordCount":217,"commentCount":0,"image":{"@id":"https:\/\/www.gaveanews.com\/index.php\/2022\/11\/06\/torcida-do-flamengo-cobra-saidas-de-5-jogadores\/#primaryimage"},"thumbnailUrl":"https:\/\/www.gaveanews.com\/wp-content\/uploads\/Hugo-Souza-em-treino-no-Ninho-do-Urubu.webp","articleSection":["Negocia\u00e7\u00f5es"],"inLanguage":"pt-BR","potentialAction":[{"@type":"CommentAction","name":"Comment","target":["https:\/\/www.gaveanews.com\/index.php\/2022\/11\/06\/torcida-do-flamengo-cobra-saidas-de-5-jogadores\/#respond"]}],"copyrightYear":"2022","copyrightHolder":{"@id":"https:\/\/www.gaveanews.com\/#organization"}},{"@type":"WebPage","@id":"https:\/\/www.gaveanews.com\/index.php\/2022\/11\/06\/torcida-do-flamengo-cobra-saidas-de-5-jogadores\/","url":"https:\/\/www.gaveanews.com\/index.php\/2022\/11\/06\/torcida-do-flamengo-cobra-saidas-de-5-jogadores\/","name":"Torcida do Flamengo cobra sa\u00eddas de 5 jogadores","isPartOf":{"@id":"https:\/\/www.gaveanews.com\/#website"},"primaryImageOfPage":{"@id":"https:\/\/www.gaveanews.com\/index.php\/2022\/11\/06\/torcida-do-flamengo-cobra-saidas-de-5-jogadores\/#primaryimage"},"image":{"@id":"https:\/\/www.gaveanews.com\/index.php\/2022\/11\/06\/torcida-do-flamengo-cobra-saidas-de-5-jogadores\/#primaryimage"},"thumbnailUrl":"https:\/\/www.gaveanews.com\/wp-content\/uploads\/Hugo-Souza-em-treino-no-Ninho-do-Urubu.webp","datePublished":"2022-11-07T02:41:29+00:00","dateModified":"2022-11-07T02:41:33+00:00","author":{"@id":"https:\/\/www.gaveanews.com\/#\/schema\/person\/2ec14f73fb96be2caf28f91afb14749d"},"breadcrumb":{"@id":"https:\/\/www.gaveanews.com\/index.php\/2022\/11\/06\/torcida-do-flamengo-cobra-saidas-de-5-jogadores\/#breadcrumb"},"inLanguage":"pt-BR","potentialAction":[{"@type":"ReadAction","target":["https:\/\/www.gaveanews.com\/index.php\/2022\/11\/06\/torcida-do-flamengo-cobra-saidas-de-5-jogadores\/"]}]},{"@type":"ImageObject","inLanguage":"pt-BR","@id":"https:\/\/www.gaveanews.com\/index.php\/2022\/11\/06\/torcida-do-flamengo-cobra-saidas-de-5-jogadores\/#primaryimage","url":"https:\/\/www.gaveanews.com\/wp-content\/uploads\/Hugo-Souza-em-treino-no-Ninho-do-Urubu.webp","contentUrl":"https:\/\/www.gaveanews.com\/wp-content\/uploads\/Hugo-Souza-em-treino-no-Ninho-do-Urubu.webp","width":640,"height":400,"caption":"Hugo Souza em treino no Ninho do Urubu (Foto: Marcelo Cortes\/Flamengo)"},{"@type":"BreadcrumbList","@id":"https:\/\/www.gaveanews.com\/index.php\/2022\/11\/06\/torcida-do-flamengo-cobra-saidas-de-5-jogadores\/#breadcrumb","itemListElement":[{"@type":"ListItem","position":1,"name":"Home","item":"https:\/\/www.gaveanews.com\/"},{"@type":"ListItem","position":2,"name":"Torcida do Flamengo cobra sa\u00eddas de 5 jogadores"}]},{"@type":"WebSite","@id":"https:\/\/www.gaveanews.com\/#website","url":"https:\/\/www.gaveanews.com\/","name":"G\u00e1vea News","description":"Veja todas as not\u00edcias sobre o Flamengo: Contrata\u00e7\u00f5es, categorias de base, resultados das partidas, tabela de classifica\u00e7\u00e3o, pr\u00f3ximos jogos!","potentialAction":[{"@type":"SearchAction","target":{"@type":"EntryPoint","urlTemplate":"https:\/\/www.gaveanews.com\/?s={search_term_string}"},"query-input":{"@type":"PropertyValueSpecification","valueRequired":true,"valueName":"search_term_string"}}],"inLanguage":"pt-BR"},{"@type":"Person","@id":"https:\/\/www.gaveanews.com\/#\/schema\/person\/2ec14f73fb96be2caf28f91afb14749d","name":"Equipe G\u00e1vea News","image":{"@type":"ImageObject","inLanguage":"pt-BR","@id":"https:\/\/www.gaveanews.com\/#\/schema\/person\/image\/","url":"https:\/\/secure.gravatar.com\/avatar\/1e1956f1facbffd3f8fa53a326721950116b3b9dc9bd44939c01180fd4a745a9?s=96&d=mm&r=g","contentUrl":"https:\/\/secure.gravatar.com\/avatar\/1e1956f1facbffd3f8fa53a326721950116b3b9dc9bd44939c01180fd4a745a9?s=96&d=mm&r=g","caption":"Equipe G\u00e1vea News"}}]}},"_links":{"self":[{"href":"https:\/\/www.gaveanews.com\/index.php\/wp-json\/wp\/v2\/posts\/90214","targetHints":{"allow":["GET"]}}],"collection":[{"href":"https:\/\/www.gaveanews.com\/index.php\/wp-json\/wp\/v2\/posts"}],"about":[{"href":"https:\/\/www.gaveanews.com\/index.php\/wp-json\/wp\/v2\/types\/post"}],"author":[{"embeddable":true,"href":"https:\/\/www.gaveanews.com\/index.php\/wp-json\/wp\/v2\/users\/1"}],"replies":[{"embeddable":true,"href":"https:\/\/www.gaveanews.com\/index.php\/wp-json\/wp\/v2\/comments?post=90214"}],"version-history":[{"count":0,"href":"https:\/\/www.gaveanews.com\/index.php\/wp-json\/wp\/v2\/posts\/90214\/revisions"}],"wp:featuredmedia":[{"embeddable":true,"href":"https:\/\/www.gaveanews.com\/index.php\/wp-json\/wp\/v2\/media\/64896"}],"wp:attachment":[{"href":"https:\/\/www.gaveanews.com\/index.php\/wp-json\/wp\/v2\/media?parent=90214"}],"wp:term":[{"taxonomy":"category","embeddable":true,"href":"https:\/\/www.gaveanews.com\/index.php\/wp-json\/wp\/v2\/categories?post=90214"},{"taxonomy":"post_tag","embeddable":true,"href":"https:\/\/www.gaveanews.com\/index.php\/wp-json\/wp\/v2\/tags?post=90214"}],"curies":[{"name":"wp","href":"https:\/\/api.w.org\/{rel}","templated":true}]}}