{"id":90229,"date":"2022-11-07T07:15:00","date_gmt":"2022-11-07T10:15:00","guid":{"rendered":"https:\/\/www.gaveanews.com\/?p=90229"},"modified":"2022-11-07T04:36:47","modified_gmt":"2022-11-07T07:36:47","slug":"matheus-franca-ganha-confianca-no-flamengo-e-se-destaca-com-as-oportunidades-concedidas-por-dorival-junior","status":"publish","type":"post","link":"https:\/\/www.gaveanews.com\/index.php\/2022\/11\/07\/matheus-franca-ganha-confianca-no-flamengo-e-se-destaca-com-as-oportunidades-concedidas-por-dorival-junior\/","title":{"rendered":"Matheus Fran\u00e7a ganha confian\u00e7a no Flamengo e se destaca com as oportunidades concedidas por Dorival J\u00fanior"},"content":{"rendered":"\n<p>O jogo no Couto Pereira n\u00e3o foi bom, e o Flamengo perdeu para o Coritiba por causa de um erro individual de Diego. Apesar do rev\u00e9s e de um segundo tempo sem muita bola, a boa not\u00edcia mais uma vez foi Matheus Fran\u00e7a. O garoto mostra a cada rodada que merece pular casas na hierarquia dos reservas em 2023 e se credencia para ser, ao lado de Everton Cebolinha e Vidal, uma das primeiras op\u00e7\u00f5es de mexida para Dorival J\u00fanior.<\/p>\n\n\n\n<p>Sabe-se que Everton Cebolinha, em evolu\u00e7\u00e3o nesta reta final de Brasileiro apesar do jogo discreto contra o Coritiba, entrar\u00e1 em praticamente todos os jogos pelo investimento, talento e tamb\u00e9m por caracter\u00edstica de jogo. Isso se iniciar a pr\u00f3xima temporada como reserva. Depois de Cebolinha, refor\u00e7o mais caro do Flamengo em 2022, n\u00e3o h\u00e1 outra op\u00e7\u00e3o ofensiva em melhor momento que Matheus Fran\u00e7a.<\/p>\n\n\n\n<p>Com tr\u00eas gols marcados desde que Dorival J\u00fanior passou a utiliz\u00e1-lo mais centralizado, o jovem de 18 anos tem flutuado no campo com facilidade. Contra o Coritiba, sua intensa movimenta\u00e7\u00e3o fez jogadores advers\u00e1rios o perseguirem freneticamente em pelo menos duas arrancadas durante o jogo.<\/p>\n\n\n\n<p>Uma delas, aos 23 minutos do primeiro tempo, mostra o quanto est\u00e1 confiante. A facilidade com que troca dire\u00e7\u00e3o desde o momento em que recebe passe de Pablo no campo de defesa j\u00e1 deixa Chancellor sem op\u00e7\u00f5es para persegui-lo. Natanael e Trindade se aproximam para ajudar no combate, mas Fran\u00e7a j\u00e1 corta para o meio e encontra Vidal. Com oito toques na bola e um passe para o chileno, deixou os tr\u00eas sem chance de desarme.<\/p>\n\n\n\n<p><em>\u2014 O Matheus \u00e9 um jogador de alt\u00edssimo n\u00edvel. A prova disso \u00e9 que os n\u00fameros dele, de jogos, de gols, os movimentos e as trocas de dire\u00e7\u00f5es. Isso mostra um pouco da capacidade que esse garoto tem. Tudo \u00e9 quest\u00e3o de tempo. Se n\u00e3o me falha a mem\u00f3ria, \u00e9 o primeiro ano de sub-20, tem 18 anos. Muito se espera de um garoto desse, temos que ter calma, paci\u00eancia<\/em> &#8211; afirmou Dorival na \u00faltima quarta-feira, ap\u00f3s o belo gol contra o Corinthians.<\/p>\n\n\n\n<p>\u00c9 importante destacar que a jogada foi toda constru\u00edda fora da \u00e1rea, regi\u00e3o do campo onde Matheus Fran\u00e7a est\u00e1 acostumado a jogar desde os primeiros passos no futebol. Ele \u00e9 meia de of\u00edcio e certamente assim ser\u00e1 utilizado por Dorival com maior frequ\u00eancia em 2023.<\/p>\n\n\n\n<h2 class=\"wp-block-heading\" id=\"h-bem-no-jogo-aereo-e-forte-para-aguentar-pancadas\">Bem no jogo a\u00e9reo e forte para aguentar pancadas<\/h2>\n\n\n\n<p>Fran\u00e7a tamb\u00e9m fez valer seus 1,82m de altura e terminou o jogo como maior cabeceador em campo, com duas testadas contra a meta de Gabriel. Foi tamb\u00e9m o l\u00edder de finaliza\u00e7\u00f5es do jogo, com quatro, mesmo n\u00famero de Marinho, que \u00e9 um jogador que costuma arriscar de fora da \u00e1rea.<\/p>\n\n\n\n<p>Apesar dos 72 kg e do porte esguio, Matheus Fran\u00e7a tem mostrado for\u00e7a f\u00edsica para suportar as divididas. Os rivais chegam duro, mas o atleta tem o h\u00e1bito de levantar rapidamente. Discreto, n\u00e3o \u00e9 de valorizar pancadas dos advers\u00e1rios. Uma das raras cenas em que ficou no ch\u00e3o em 2022 mostrando muita dor foi em dividida com Jandrei, do S\u00e3o Paulo, que resultou em fratura da f\u00edbula da perna direita.<\/p>\n\n\n\n<h2 class=\"wp-block-heading\">O jogo<\/h2>\n\n\n\n<p>No in\u00edcio do primeiro tempo, o\u00a0Flamengo\u00a0foi bem melhor, apesar de um meio-campo formado majoritariamente por volantes. Impulsionado por Fran\u00e7a e pela movimenta\u00e7\u00e3o dos pontas, os cariocas come\u00e7aram a empurrar o Coritiba para o campo de defesa.<\/p>\n\n\n\n<p>\u00c9 bem verdade que Cebolinha sofreu muito com a grande atua\u00e7\u00e3o do lateral-direito Natanael, mas Marinho conseguiu abrir espa\u00e7os com bons dribles para finalizar pela outra ponta. Parou em boas defesas de Gabriel por duas vezes. O camisa 31 chegou ao fundo com frequ\u00eancia, mas o time n\u00e3o aproveitou errando bastante o \u00faltimo passe quando se aproximava da \u00e1rea.<\/p>\n\n\n\n<p>Os zagueiros Pablo e Fabr\u00edcio Bruno, al\u00e9m de Hugo, fizeram \u00f3tima partida. A dupla ganhou a maioria das disputas, e o goleiro fez pelo menos tr\u00eas defesas.<\/p>\n\n\n\n<p>O gol do Coritiba veio em p\u00eanalti desnecess\u00e1rio cometido por Diego em R\u00e9gis, aos nove minutos. N\u00e3o havia necessidade de cal\u00e7ar o meia advers\u00e1rio, j\u00e1 que Jo\u00e3o Gomes e Fabr\u00edcio Bruno estavam pr\u00f3ximos na cobertura.<\/p>\n\n\n\n<p>O camisa 10, que pendurar\u00e1 as chuteiras no pr\u00f3ximo fim de semana, n\u00e3o fez boa partida. Al\u00e9m da falha que resultou no gol de Alef Manga, tamb\u00e9m errou passes simples. Num deles, deu a Manga a oportunidade para abrir o placar ainda no primeiro tempo.<\/p>\n\n\n\n<p>Depois do gol, como disse Dorival J\u00fanior em coletiva, n\u00e3o houve mais jogo. O Coritiba amarrou a partida com faltas, muitos pedidos de atendimento e demora na reposi\u00e7\u00e3o de bola. Com a t\u00e1tica de picar o confronto, os donos da casa conseguiram tirar a concentra\u00e7\u00e3o e o \u00edmpeto do\u00a0Flamengo.<\/p>\n\n\n\n<p>Nada que preocupe. O\u00a0Flamengo\u00a0conquistou o que priorizou em 2022 e agora tenta terminar o Brasileiro da melhor maneira poss\u00edvel e lutando por uma premia\u00e7\u00e3o mais alta. O segundo tempo foi desanimador, mas o controle no in\u00edcio do jogo e mais uma boa partida de Matheus Fran\u00e7a trazem esperan\u00e7a.<\/p>\n\n\n\n<p>Retirado de: Globo Esporte<\/p>\n","protected":false},"excerpt":{"rendered":"<p>O jogo no Couto Pereira n\u00e3o foi bom, e o Flamengo perdeu para o Coritiba por causa de um erro individual de Diego. Apesar do rev\u00e9s e de um segundo tempo sem muita bola, a boa not\u00edcia mais uma vez foi Matheus Fran\u00e7a. O garoto mostra a cada rodada que merece pular casas na hierarquia [&hellip;]<\/p>\n","protected":false},"author":1,"featured_media":78292,"comment_status":"open","ping_status":"closed","sticky":false,"template":"","format":"standard","meta":{"footnotes":""},"categories":[1],"tags":[],"class_list":["post-90229","post","type-post","status-publish","format-standard","has-post-thumbnail","hentry","category-flamengo"],"yoast_head":"<!-- This site is optimized with the Yoast SEO Premium plugin v24.2 (Yoast SEO v26.9) - https:\/\/yoast.com\/product\/yoast-seo-premium-wordpress\/ -->\n<title>Matheus Fran\u00e7a ganha confian\u00e7a no Flamengo e se destaca com as oportunidades concedidas por Dorival J\u00fanior<\/title>\n<meta name=\"robots\" content=\"index, follow, max-snippet:-1, max-image-preview:large, max-video-preview:-1\" \/>\n<link rel=\"canonical\" href=\"https:\/\/www.gaveanews.com\/index.php\/2022\/11\/07\/matheus-franca-ganha-confianca-no-flamengo-e-se-destaca-com-as-oportunidades-concedidas-por-dorival-junior\/\" \/>\n<meta property=\"og:locale\" content=\"pt_BR\" \/>\n<meta property=\"og:type\" content=\"article\" \/>\n<meta property=\"og:title\" content=\"Matheus Fran\u00e7a ganha confian\u00e7a no Flamengo e se destaca com as oportunidades concedidas por Dorival J\u00fanior\" \/>\n<meta property=\"og:description\" content=\"O jogo no Couto Pereira n\u00e3o foi bom, e o Flamengo perdeu para o Coritiba por causa de um erro individual de Diego. Apesar do rev\u00e9s e de um segundo tempo sem muita bola, a boa not\u00edcia mais uma vez foi Matheus Fran\u00e7a. O garoto mostra a cada rodada que merece pular casas na hierarquia [&hellip;]\" \/>\n<meta property=\"og:url\" content=\"https:\/\/www.gaveanews.com\/index.php\/2022\/11\/07\/matheus-franca-ganha-confianca-no-flamengo-e-se-destaca-com-as-oportunidades-concedidas-por-dorival-junior\/\" \/>\n<meta property=\"og:site_name\" content=\"G\u00e1vea News\" \/>\n<meta property=\"article:publisher\" content=\"https:\/\/facebook.com\/gaveaNews\/\" \/>\n<meta property=\"article:published_time\" content=\"2022-11-07T10:15:00+00:00\" \/>\n<meta property=\"og:image\" content=\"https:\/\/www.gaveanews.com\/wp-content\/uploads\/Matheus-Franca-marca-seu-primeiro-gol-pelo-time-profissional-do-Flamengo.webp\" \/>\n\t<meta property=\"og:image:width\" content=\"799\" \/>\n\t<meta property=\"og:image:height\" content=\"533\" \/>\n\t<meta property=\"og:image:type\" content=\"image\/jpeg\" \/>\n<meta name=\"author\" content=\"Equipe G\u00e1vea News\" \/>\n<meta name=\"twitter:card\" content=\"summary_large_image\" \/>\n<meta name=\"twitter:label1\" content=\"Escrito por\" \/>\n\t<meta name=\"twitter:data1\" content=\"Equipe G\u00e1vea News\" \/>\n\t<meta name=\"twitter:label2\" content=\"Est. tempo de leitura\" \/>\n\t<meta name=\"twitter:data2\" content=\"5 minutos\" \/>\n<script type=\"application\/ld+json\" class=\"yoast-schema-graph\">{\"@context\":\"https:\/\/schema.org\",\"@graph\":[{\"@type\":\"NewsArticle\",\"@id\":\"https:\/\/www.gaveanews.com\/index.php\/2022\/11\/07\/matheus-franca-ganha-confianca-no-flamengo-e-se-destaca-com-as-oportunidades-concedidas-por-dorival-junior\/#article\",\"isPartOf\":{\"@id\":\"https:\/\/www.gaveanews.com\/index.php\/2022\/11\/07\/matheus-franca-ganha-confianca-no-flamengo-e-se-destaca-com-as-oportunidades-concedidas-por-dorival-junior\/\"},\"author\":{\"name\":\"Equipe G\u00e1vea News\",\"@id\":\"https:\/\/www.gaveanews.com\/#\/schema\/person\/2ec14f73fb96be2caf28f91afb14749d\"},\"headline\":\"Matheus Fran\u00e7a ganha confian\u00e7a no Flamengo e se destaca com as oportunidades concedidas por Dorival J\u00fanior\",\"datePublished\":\"2022-11-07T10:15:00+00:00\",\"mainEntityOfPage\":{\"@id\":\"https:\/\/www.gaveanews.com\/index.php\/2022\/11\/07\/matheus-franca-ganha-confianca-no-flamengo-e-se-destaca-com-as-oportunidades-concedidas-por-dorival-junior\/\"},\"wordCount\":914,\"commentCount\":0,\"image\":{\"@id\":\"https:\/\/www.gaveanews.com\/index.php\/2022\/11\/07\/matheus-franca-ganha-confianca-no-flamengo-e-se-destaca-com-as-oportunidades-concedidas-por-dorival-junior\/#primaryimage\"},\"thumbnailUrl\":\"https:\/\/www.gaveanews.com\/wp-content\/uploads\/Matheus-Franca-marca-seu-primeiro-gol-pelo-time-profissional-do-Flamengo.webp\",\"articleSection\":[\"Flamengo\"],\"inLanguage\":\"pt-BR\",\"potentialAction\":[{\"@type\":\"CommentAction\",\"name\":\"Comment\",\"target\":[\"https:\/\/www.gaveanews.com\/index.php\/2022\/11\/07\/matheus-franca-ganha-confianca-no-flamengo-e-se-destaca-com-as-oportunidades-concedidas-por-dorival-junior\/#respond\"]}],\"copyrightYear\":\"2022\",\"copyrightHolder\":{\"@id\":\"https:\/\/www.gaveanews.com\/#organization\"}},{\"@type\":\"WebPage\",\"@id\":\"https:\/\/www.gaveanews.com\/index.php\/2022\/11\/07\/matheus-franca-ganha-confianca-no-flamengo-e-se-destaca-com-as-oportunidades-concedidas-por-dorival-junior\/\",\"url\":\"https:\/\/www.gaveanews.com\/index.php\/2022\/11\/07\/matheus-franca-ganha-confianca-no-flamengo-e-se-destaca-com-as-oportunidades-concedidas-por-dorival-junior\/\",\"name\":\"Matheus Fran\u00e7a ganha confian\u00e7a no Flamengo e se destaca com as oportunidades concedidas por Dorival J\u00fanior\",\"isPartOf\":{\"@id\":\"https:\/\/www.gaveanews.com\/#website\"},\"primaryImageOfPage\":{\"@id\":\"https:\/\/www.gaveanews.com\/index.php\/2022\/11\/07\/matheus-franca-ganha-confianca-no-flamengo-e-se-destaca-com-as-oportunidades-concedidas-por-dorival-junior\/#primaryimage\"},\"image\":{\"@id\":\"https:\/\/www.gaveanews.com\/index.php\/2022\/11\/07\/matheus-franca-ganha-confianca-no-flamengo-e-se-destaca-com-as-oportunidades-concedidas-por-dorival-junior\/#primaryimage\"},\"thumbnailUrl\":\"https:\/\/www.gaveanews.com\/wp-content\/uploads\/Matheus-Franca-marca-seu-primeiro-gol-pelo-time-profissional-do-Flamengo.webp\",\"datePublished\":\"2022-11-07T10:15:00+00:00\",\"author\":{\"@id\":\"https:\/\/www.gaveanews.com\/#\/schema\/person\/2ec14f73fb96be2caf28f91afb14749d\"},\"breadcrumb\":{\"@id\":\"https:\/\/www.gaveanews.com\/index.php\/2022\/11\/07\/matheus-franca-ganha-confianca-no-flamengo-e-se-destaca-com-as-oportunidades-concedidas-por-dorival-junior\/#breadcrumb\"},\"inLanguage\":\"pt-BR\",\"potentialAction\":[{\"@type\":\"ReadAction\",\"target\":[\"https:\/\/www.gaveanews.com\/index.php\/2022\/11\/07\/matheus-franca-ganha-confianca-no-flamengo-e-se-destaca-com-as-oportunidades-concedidas-por-dorival-junior\/\"]}]},{\"@type\":\"ImageObject\",\"inLanguage\":\"pt-BR\",\"@id\":\"https:\/\/www.gaveanews.com\/index.php\/2022\/11\/07\/matheus-franca-ganha-confianca-no-flamengo-e-se-destaca-com-as-oportunidades-concedidas-por-dorival-junior\/#primaryimage\",\"url\":\"https:\/\/www.gaveanews.com\/wp-content\/uploads\/Matheus-Franca-marca-seu-primeiro-gol-pelo-time-profissional-do-Flamengo.webp\",\"contentUrl\":\"https:\/\/www.gaveanews.com\/wp-content\/uploads\/Matheus-Franca-marca-seu-primeiro-gol-pelo-time-profissional-do-Flamengo.webp\",\"width\":799,\"height\":533,\"caption\":\"Matheus Fran\u00e7a marca seu primeiro gol pelo time profissional do Flamengo (Foto: Gilvan de Souza\/Flamengo)\"},{\"@type\":\"BreadcrumbList\",\"@id\":\"https:\/\/www.gaveanews.com\/index.php\/2022\/11\/07\/matheus-franca-ganha-confianca-no-flamengo-e-se-destaca-com-as-oportunidades-concedidas-por-dorival-junior\/#breadcrumb\",\"itemListElement\":[{\"@type\":\"ListItem\",\"position\":1,\"name\":\"Home\",\"item\":\"https:\/\/www.gaveanews.com\/\"},{\"@type\":\"ListItem\",\"position\":2,\"name\":\"Matheus Fran\u00e7a ganha confian\u00e7a no Flamengo e se destaca com as oportunidades concedidas por Dorival J\u00fanior\"}]},{\"@type\":\"WebSite\",\"@id\":\"https:\/\/www.gaveanews.com\/#website\",\"url\":\"https:\/\/www.gaveanews.com\/\",\"name\":\"G\u00e1vea News\",\"description\":\"Veja todas as not\u00edcias sobre o Flamengo: Contrata\u00e7\u00f5es, categorias de base, resultados das partidas, tabela de classifica\u00e7\u00e3o, pr\u00f3ximos jogos!\",\"potentialAction\":[{\"@type\":\"SearchAction\",\"target\":{\"@type\":\"EntryPoint\",\"urlTemplate\":\"https:\/\/www.gaveanews.com\/?s={search_term_string}\"},\"query-input\":{\"@type\":\"PropertyValueSpecification\",\"valueRequired\":true,\"valueName\":\"search_term_string\"}}],\"inLanguage\":\"pt-BR\"},{\"@type\":\"Person\",\"@id\":\"https:\/\/www.gaveanews.com\/#\/schema\/person\/2ec14f73fb96be2caf28f91afb14749d\",\"name\":\"Equipe G\u00e1vea News\",\"image\":{\"@type\":\"ImageObject\",\"inLanguage\":\"pt-BR\",\"@id\":\"https:\/\/www.gaveanews.com\/#\/schema\/person\/image\/\",\"url\":\"https:\/\/secure.gravatar.com\/avatar\/1e1956f1facbffd3f8fa53a326721950116b3b9dc9bd44939c01180fd4a745a9?s=96&d=mm&r=g\",\"contentUrl\":\"https:\/\/secure.gravatar.com\/avatar\/1e1956f1facbffd3f8fa53a326721950116b3b9dc9bd44939c01180fd4a745a9?s=96&d=mm&r=g\",\"caption\":\"Equipe G\u00e1vea News\"}}]}<\/script>\n<!-- \/ Yoast SEO Premium plugin. -->","yoast_head_json":{"title":"Matheus Fran\u00e7a ganha confian\u00e7a no Flamengo e se destaca com as oportunidades concedidas por Dorival J\u00fanior","robots":{"index":"index","follow":"follow","max-snippet":"max-snippet:-1","max-image-preview":"max-image-preview:large","max-video-preview":"max-video-preview:-1"},"canonical":"https:\/\/www.gaveanews.com\/index.php\/2022\/11\/07\/matheus-franca-ganha-confianca-no-flamengo-e-se-destaca-com-as-oportunidades-concedidas-por-dorival-junior\/","og_locale":"pt_BR","og_type":"article","og_title":"Matheus Fran\u00e7a ganha confian\u00e7a no Flamengo e se destaca com as oportunidades concedidas por Dorival J\u00fanior","og_description":"O jogo no Couto Pereira n\u00e3o foi bom, e o Flamengo perdeu para o Coritiba por causa de um erro individual de Diego. Apesar do rev\u00e9s e de um segundo tempo sem muita bola, a boa not\u00edcia mais uma vez foi Matheus Fran\u00e7a. O garoto mostra a cada rodada que merece pular casas na hierarquia [&hellip;]","og_url":"https:\/\/www.gaveanews.com\/index.php\/2022\/11\/07\/matheus-franca-ganha-confianca-no-flamengo-e-se-destaca-com-as-oportunidades-concedidas-por-dorival-junior\/","og_site_name":"G\u00e1vea News","article_publisher":"https:\/\/facebook.com\/gaveaNews\/","article_published_time":"2022-11-07T10:15:00+00:00","og_image":[{"width":799,"height":533,"url":"https:\/\/www.gaveanews.com\/wp-content\/uploads\/Matheus-Franca-marca-seu-primeiro-gol-pelo-time-profissional-do-Flamengo.webp","type":"image\/jpeg"}],"author":"Equipe G\u00e1vea News","twitter_card":"summary_large_image","twitter_misc":{"Escrito por":"Equipe G\u00e1vea News","Est. tempo de leitura":"5 minutos"},"schema":{"@context":"https:\/\/schema.org","@graph":[{"@type":"NewsArticle","@id":"https:\/\/www.gaveanews.com\/index.php\/2022\/11\/07\/matheus-franca-ganha-confianca-no-flamengo-e-se-destaca-com-as-oportunidades-concedidas-por-dorival-junior\/#article","isPartOf":{"@id":"https:\/\/www.gaveanews.com\/index.php\/2022\/11\/07\/matheus-franca-ganha-confianca-no-flamengo-e-se-destaca-com-as-oportunidades-concedidas-por-dorival-junior\/"},"author":{"name":"Equipe G\u00e1vea News","@id":"https:\/\/www.gaveanews.com\/#\/schema\/person\/2ec14f73fb96be2caf28f91afb14749d"},"headline":"Matheus Fran\u00e7a ganha confian\u00e7a no Flamengo e se destaca com as oportunidades concedidas por Dorival J\u00fanior","datePublished":"2022-11-07T10:15:00+00:00","mainEntityOfPage":{"@id":"https:\/\/www.gaveanews.com\/index.php\/2022\/11\/07\/matheus-franca-ganha-confianca-no-flamengo-e-se-destaca-com-as-oportunidades-concedidas-por-dorival-junior\/"},"wordCount":914,"commentCount":0,"image":{"@id":"https:\/\/www.gaveanews.com\/index.php\/2022\/11\/07\/matheus-franca-ganha-confianca-no-flamengo-e-se-destaca-com-as-oportunidades-concedidas-por-dorival-junior\/#primaryimage"},"thumbnailUrl":"https:\/\/www.gaveanews.com\/wp-content\/uploads\/Matheus-Franca-marca-seu-primeiro-gol-pelo-time-profissional-do-Flamengo.webp","articleSection":["Flamengo"],"inLanguage":"pt-BR","potentialAction":[{"@type":"CommentAction","name":"Comment","target":["https:\/\/www.gaveanews.com\/index.php\/2022\/11\/07\/matheus-franca-ganha-confianca-no-flamengo-e-se-destaca-com-as-oportunidades-concedidas-por-dorival-junior\/#respond"]}],"copyrightYear":"2022","copyrightHolder":{"@id":"https:\/\/www.gaveanews.com\/#organization"}},{"@type":"WebPage","@id":"https:\/\/www.gaveanews.com\/index.php\/2022\/11\/07\/matheus-franca-ganha-confianca-no-flamengo-e-se-destaca-com-as-oportunidades-concedidas-por-dorival-junior\/","url":"https:\/\/www.gaveanews.com\/index.php\/2022\/11\/07\/matheus-franca-ganha-confianca-no-flamengo-e-se-destaca-com-as-oportunidades-concedidas-por-dorival-junior\/","name":"Matheus Fran\u00e7a ganha confian\u00e7a no Flamengo e se destaca com as oportunidades concedidas por Dorival J\u00fanior","isPartOf":{"@id":"https:\/\/www.gaveanews.com\/#website"},"primaryImageOfPage":{"@id":"https:\/\/www.gaveanews.com\/index.php\/2022\/11\/07\/matheus-franca-ganha-confianca-no-flamengo-e-se-destaca-com-as-oportunidades-concedidas-por-dorival-junior\/#primaryimage"},"image":{"@id":"https:\/\/www.gaveanews.com\/index.php\/2022\/11\/07\/matheus-franca-ganha-confianca-no-flamengo-e-se-destaca-com-as-oportunidades-concedidas-por-dorival-junior\/#primaryimage"},"thumbnailUrl":"https:\/\/www.gaveanews.com\/wp-content\/uploads\/Matheus-Franca-marca-seu-primeiro-gol-pelo-time-profissional-do-Flamengo.webp","datePublished":"2022-11-07T10:15:00+00:00","author":{"@id":"https:\/\/www.gaveanews.com\/#\/schema\/person\/2ec14f73fb96be2caf28f91afb14749d"},"breadcrumb":{"@id":"https:\/\/www.gaveanews.com\/index.php\/2022\/11\/07\/matheus-franca-ganha-confianca-no-flamengo-e-se-destaca-com-as-oportunidades-concedidas-por-dorival-junior\/#breadcrumb"},"inLanguage":"pt-BR","potentialAction":[{"@type":"ReadAction","target":["https:\/\/www.gaveanews.com\/index.php\/2022\/11\/07\/matheus-franca-ganha-confianca-no-flamengo-e-se-destaca-com-as-oportunidades-concedidas-por-dorival-junior\/"]}]},{"@type":"ImageObject","inLanguage":"pt-BR","@id":"https:\/\/www.gaveanews.com\/index.php\/2022\/11\/07\/matheus-franca-ganha-confianca-no-flamengo-e-se-destaca-com-as-oportunidades-concedidas-por-dorival-junior\/#primaryimage","url":"https:\/\/www.gaveanews.com\/wp-content\/uploads\/Matheus-Franca-marca-seu-primeiro-gol-pelo-time-profissional-do-Flamengo.webp","contentUrl":"https:\/\/www.gaveanews.com\/wp-content\/uploads\/Matheus-Franca-marca-seu-primeiro-gol-pelo-time-profissional-do-Flamengo.webp","width":799,"height":533,"caption":"Matheus Fran\u00e7a marca seu primeiro gol pelo time profissional do Flamengo (Foto: Gilvan de Souza\/Flamengo)"},{"@type":"BreadcrumbList","@id":"https:\/\/www.gaveanews.com\/index.php\/2022\/11\/07\/matheus-franca-ganha-confianca-no-flamengo-e-se-destaca-com-as-oportunidades-concedidas-por-dorival-junior\/#breadcrumb","itemListElement":[{"@type":"ListItem","position":1,"name":"Home","item":"https:\/\/www.gaveanews.com\/"},{"@type":"ListItem","position":2,"name":"Matheus Fran\u00e7a ganha confian\u00e7a no Flamengo e se destaca com as oportunidades concedidas por Dorival J\u00fanior"}]},{"@type":"WebSite","@id":"https:\/\/www.gaveanews.com\/#website","url":"https:\/\/www.gaveanews.com\/","name":"G\u00e1vea News","description":"Veja todas as not\u00edcias sobre o Flamengo: Contrata\u00e7\u00f5es, categorias de base, resultados das partidas, tabela de classifica\u00e7\u00e3o, pr\u00f3ximos jogos!","potentialAction":[{"@type":"SearchAction","target":{"@type":"EntryPoint","urlTemplate":"https:\/\/www.gaveanews.com\/?s={search_term_string}"},"query-input":{"@type":"PropertyValueSpecification","valueRequired":true,"valueName":"search_term_string"}}],"inLanguage":"pt-BR"},{"@type":"Person","@id":"https:\/\/www.gaveanews.com\/#\/schema\/person\/2ec14f73fb96be2caf28f91afb14749d","name":"Equipe G\u00e1vea News","image":{"@type":"ImageObject","inLanguage":"pt-BR","@id":"https:\/\/www.gaveanews.com\/#\/schema\/person\/image\/","url":"https:\/\/secure.gravatar.com\/avatar\/1e1956f1facbffd3f8fa53a326721950116b3b9dc9bd44939c01180fd4a745a9?s=96&d=mm&r=g","contentUrl":"https:\/\/secure.gravatar.com\/avatar\/1e1956f1facbffd3f8fa53a326721950116b3b9dc9bd44939c01180fd4a745a9?s=96&d=mm&r=g","caption":"Equipe G\u00e1vea News"}}]}},"_links":{"self":[{"href":"https:\/\/www.gaveanews.com\/index.php\/wp-json\/wp\/v2\/posts\/90229","targetHints":{"allow":["GET"]}}],"collection":[{"href":"https:\/\/www.gaveanews.com\/index.php\/wp-json\/wp\/v2\/posts"}],"about":[{"href":"https:\/\/www.gaveanews.com\/index.php\/wp-json\/wp\/v2\/types\/post"}],"author":[{"embeddable":true,"href":"https:\/\/www.gaveanews.com\/index.php\/wp-json\/wp\/v2\/users\/1"}],"replies":[{"embeddable":true,"href":"https:\/\/www.gaveanews.com\/index.php\/wp-json\/wp\/v2\/comments?post=90229"}],"version-history":[{"count":0,"href":"https:\/\/www.gaveanews.com\/index.php\/wp-json\/wp\/v2\/posts\/90229\/revisions"}],"wp:featuredmedia":[{"embeddable":true,"href":"https:\/\/www.gaveanews.com\/index.php\/wp-json\/wp\/v2\/media\/78292"}],"wp:attachment":[{"href":"https:\/\/www.gaveanews.com\/index.php\/wp-json\/wp\/v2\/media?parent=90229"}],"wp:term":[{"taxonomy":"category","embeddable":true,"href":"https:\/\/www.gaveanews.com\/index.php\/wp-json\/wp\/v2\/categories?post=90229"},{"taxonomy":"post_tag","embeddable":true,"href":"https:\/\/www.gaveanews.com\/index.php\/wp-json\/wp\/v2\/tags?post=90229"}],"curies":[{"name":"wp","href":"https:\/\/api.w.org\/{rel}","templated":true}]}}