{"id":90270,"date":"2022-11-07T14:28:02","date_gmt":"2022-11-07T17:28:02","guid":{"rendered":"https:\/\/www.gaveanews.com\/?p=90270"},"modified":"2022-11-07T14:28:05","modified_gmt":"2022-11-07T17:28:05","slug":"video-jogador-desejado-pelo-flamengo-comete-falha-bizarra-em-partida-deste-final-de-semana","status":"publish","type":"post","link":"https:\/\/www.gaveanews.com\/index.php\/2022\/11\/07\/video-jogador-desejado-pelo-flamengo-comete-falha-bizarra-em-partida-deste-final-de-semana\/","title":{"rendered":"V\u00eddeo: Jogador desejado pelo Flamengo comete falha bizarra em partida deste final de semana"},"content":{"rendered":"\n<p>Poss\u00edvel goleiro do Flamengo na pr\u00f3xima temporada, Agust\u00edn Rossi deixou torcedores rubro-negros preocupados com a sua atua\u00e7\u00e3o no jogo entre Boca Juniors e Racing, neste domingo, na decis\u00e3o do Trof\u00e9u dos Campe\u00f5es, uma esp\u00e9cie de Supercopa Argentina.<\/p>\n\n\n\n<p>O Boca Juniors, que estava na frente do placar, n\u00e3o contava com uma falha grotesca do seu arqueiro. De longe, Rojas bateu e Rossi n\u00e3o conseguiu espalmar a bola. Inteiro na jogada, o goleiro viu ela passar por suas m\u00e3os o que parecia uma defesa simples.<\/p>\n\n\n\n<p>Nas redes sociais, foi poss\u00edvel notar alguns torcedores do Flamengo j\u00e1 temerosos com sua contrata\u00e7\u00e3o. Al\u00e9m de Rossi, outra possibilidade \u00e9 John, do Santos, conforme noticiado por Ven\u00ea Casagrande.<\/p>\n\n\n\n<p><em>\u2014 O outro goleiro bem avaliado no mercado brasileiro \u00e9 John, do Santos. Ele n\u00e3o est\u00e1 sendo aproveitado em raz\u00e3o da titularidade do Jo\u00e3o Paulo. O John \u00e9 muito bem avaliado pela diretoria do Flamengo, mas isso n\u00e3o quer dizer que j\u00e1 iniciou negocia\u00e7\u00e3o, longe disso. Eu apenas sei que \u00e9 bem avaliado e pode ser que tenha negocia\u00e7\u00e3o, pois o Flamengo precisa contratar um goleiro para 2023<\/em>, disse Ven\u00ea.<\/p>\n\n\n\n<h2 class=\"wp-block-heading\" id=\"h-acompanhe-aqui-a-falha-grotesca-de-rossi\">Acompanhe aqui a falha grotesca de Rossi:<\/h2>\n\n\n\n<figure class=\"wp-block-embed is-type-video is-provider-youtube wp-block-embed-youtube wp-embed-aspect-16-9 wp-has-aspect-ratio\"><div class=\"wp-block-embed__wrapper\">\nhttps:\/\/www.youtube.com\/watch?v=kRV6rbdbDFE\n<\/div><\/figure>\n\n\n\n<p>Com a sa\u00edda definida de Diego Alves, o Flamengo mapeia no mercado alguns poss\u00edveis substitutos do goleiro. Nos bastidores, o favorito parece ser Agust\u00edn Rossi, que n\u00e3o deve permanecer no Boca Juniors.<\/p>\n\n\n\n<p>H\u00e1 algumas semanas, Julio Miguel Neto noticiou que o Flamengo j\u00e1 tinha negocia\u00e7\u00f5es adiantadas com Rossi. A princ\u00edpio, \u00e9 o principal nome entre os dirigentes rubro-negros.<\/p>\n\n\n\n<p><em>\u2014 O Flamengo j\u00e1 se movimenta pensando no plantel de 2023. Internamente, o clube entende que a posi\u00e7\u00e3o de goleiro, volante e um meia de articula\u00e7\u00e3o s\u00e3o as principais necessidades. O clube possui conversas adiantadas com Agust\u00edn Rossi, goleiro do Boca Juniors<\/em>, relatou Julio Miguel Neto.<\/p>\n\n\n\n<p>Marcos Braz, inclusive, j\u00e1 declarou gostar bastante do jogador. Antes de contratar Santos, o argentino era um dos nomes que foram discutidos. Segundo ele, desde ent\u00e3o nunca mais houve qualquer contato.<\/p>\n\n\n\n<p><em>\u2014 [Substituto de Diego Alves] N\u00e3o tem nome, pois estamos muito bem servidos na posi\u00e7\u00e3o. O que teve a\u00ed \u00e9 que l\u00e1 para mar\u00e7o, abril, eu entendia que o goleiro do Boca Juniors, o Rossi, era uma boa op\u00e7\u00e3o. De fato, fizemos contato, o Flamengo teve interesse nesse jogador. As coisas n\u00e3o avan\u00e7aram, ele tinha contrato vigente, o Boca tinha interesse em renovar com o atleta e naquele momento optamos pela chegada do Santos. N\u00e3o sei se mais na frente, se houver uma chance, mas \u00e9 um jogador que eu gosto<\/em>, relatou o dirigente.<\/p>\n\n\n\n<p>Retirado de: Torcedores<\/p>\n","protected":false},"excerpt":{"rendered":"<p>Poss\u00edvel goleiro do Flamengo na pr\u00f3xima temporada, Agust\u00edn Rossi deixou torcedores rubro-negros preocupados com a sua atua\u00e7\u00e3o no jogo entre Boca Juniors e Racing, neste domingo, na decis\u00e3o do Trof\u00e9u dos Campe\u00f5es, uma esp\u00e9cie de Supercopa Argentina. O Boca Juniors, que estava na frente do placar, n\u00e3o contava com uma falha grotesca do seu arqueiro. [&hellip;]<\/p>\n","protected":false},"author":1,"featured_media":85562,"comment_status":"open","ping_status":"closed","sticky":false,"template":"","format":"standard","meta":{"footnotes":""},"categories":[40],"tags":[],"class_list":["post-90270","post","type-post","status-publish","format-standard","has-post-thumbnail","hentry","category-video"],"yoast_head":"<!-- This site is optimized with the Yoast SEO Premium plugin v24.2 (Yoast SEO v26.9) - https:\/\/yoast.com\/product\/yoast-seo-premium-wordpress\/ -->\n<title>V\u00eddeo: Jogador desejado pelo Flamengo comete falha bizarra em partida deste final de semana<\/title>\n<meta name=\"description\" content=\"Atrav\u00e9s das redes sociais, foi poss\u00edvel notar alguns torcedores do Flamengo j\u00e1 temerosos com sua contrata\u00e7\u00e3o.\" \/>\n<meta name=\"robots\" content=\"index, follow, max-snippet:-1, max-image-preview:large, max-video-preview:-1\" \/>\n<link rel=\"canonical\" href=\"https:\/\/www.gaveanews.com\/index.php\/2022\/11\/07\/video-jogador-desejado-pelo-flamengo-comete-falha-bizarra-em-partida-deste-final-de-semana\/\" \/>\n<meta property=\"og:locale\" content=\"pt_BR\" \/>\n<meta property=\"og:type\" content=\"article\" \/>\n<meta property=\"og:title\" content=\"V\u00eddeo: Jogador desejado pelo Flamengo comete falha bizarra em partida deste final de semana\" \/>\n<meta property=\"og:description\" content=\"Atrav\u00e9s das redes sociais, foi poss\u00edvel notar alguns torcedores do Flamengo j\u00e1 temerosos com sua contrata\u00e7\u00e3o.\" \/>\n<meta property=\"og:url\" content=\"https:\/\/www.gaveanews.com\/index.php\/2022\/11\/07\/video-jogador-desejado-pelo-flamengo-comete-falha-bizarra-em-partida-deste-final-de-semana\/\" \/>\n<meta property=\"og:site_name\" content=\"G\u00e1vea News\" \/>\n<meta property=\"article:publisher\" content=\"https:\/\/facebook.com\/gaveaNews\/\" \/>\n<meta property=\"article:published_time\" content=\"2022-11-07T17:28:02+00:00\" \/>\n<meta property=\"article:modified_time\" content=\"2022-11-07T17:28:05+00:00\" \/>\n<meta property=\"og:image\" content=\"https:\/\/www.gaveanews.com\/wp-content\/uploads\/Marcos-Braz-em-entrevista-no-CT-do-Flamengo-1.webp\" \/>\n\t<meta property=\"og:image:width\" content=\"799\" \/>\n\t<meta property=\"og:image:height\" content=\"533\" \/>\n\t<meta property=\"og:image:type\" content=\"image\/jpeg\" \/>\n<meta name=\"author\" content=\"Equipe G\u00e1vea News\" \/>\n<meta name=\"twitter:card\" content=\"summary_large_image\" \/>\n<meta name=\"twitter:label1\" content=\"Escrito por\" \/>\n\t<meta name=\"twitter:data1\" content=\"Equipe G\u00e1vea News\" \/>\n\t<meta name=\"twitter:label2\" content=\"Est. tempo de leitura\" \/>\n\t<meta name=\"twitter:data2\" content=\"3 minutos\" \/>\n<script type=\"application\/ld+json\" class=\"yoast-schema-graph\">{\"@context\":\"https:\/\/schema.org\",\"@graph\":[{\"@type\":\"NewsArticle\",\"@id\":\"https:\/\/www.gaveanews.com\/index.php\/2022\/11\/07\/video-jogador-desejado-pelo-flamengo-comete-falha-bizarra-em-partida-deste-final-de-semana\/#article\",\"isPartOf\":{\"@id\":\"https:\/\/www.gaveanews.com\/index.php\/2022\/11\/07\/video-jogador-desejado-pelo-flamengo-comete-falha-bizarra-em-partida-deste-final-de-semana\/\"},\"author\":{\"name\":\"Equipe G\u00e1vea News\",\"@id\":\"https:\/\/www.gaveanews.com\/#\/schema\/person\/2ec14f73fb96be2caf28f91afb14749d\"},\"headline\":\"V\u00eddeo: Jogador desejado pelo Flamengo comete falha bizarra em partida deste final de semana\",\"datePublished\":\"2022-11-07T17:28:02+00:00\",\"dateModified\":\"2022-11-07T17:28:05+00:00\",\"mainEntityOfPage\":{\"@id\":\"https:\/\/www.gaveanews.com\/index.php\/2022\/11\/07\/video-jogador-desejado-pelo-flamengo-comete-falha-bizarra-em-partida-deste-final-de-semana\/\"},\"wordCount\":470,\"commentCount\":0,\"image\":{\"@id\":\"https:\/\/www.gaveanews.com\/index.php\/2022\/11\/07\/video-jogador-desejado-pelo-flamengo-comete-falha-bizarra-em-partida-deste-final-de-semana\/#primaryimage\"},\"thumbnailUrl\":\"https:\/\/www.gaveanews.com\/wp-content\/uploads\/Marcos-Braz-em-entrevista-no-CT-do-Flamengo-1.webp\",\"articleSection\":[\"V\u00eddeos\"],\"inLanguage\":\"pt-BR\",\"potentialAction\":[{\"@type\":\"CommentAction\",\"name\":\"Comment\",\"target\":[\"https:\/\/www.gaveanews.com\/index.php\/2022\/11\/07\/video-jogador-desejado-pelo-flamengo-comete-falha-bizarra-em-partida-deste-final-de-semana\/#respond\"]}],\"copyrightYear\":\"2022\",\"copyrightHolder\":{\"@id\":\"https:\/\/www.gaveanews.com\/#organization\"}},{\"@type\":\"WebPage\",\"@id\":\"https:\/\/www.gaveanews.com\/index.php\/2022\/11\/07\/video-jogador-desejado-pelo-flamengo-comete-falha-bizarra-em-partida-deste-final-de-semana\/\",\"url\":\"https:\/\/www.gaveanews.com\/index.php\/2022\/11\/07\/video-jogador-desejado-pelo-flamengo-comete-falha-bizarra-em-partida-deste-final-de-semana\/\",\"name\":\"V\u00eddeo: Jogador desejado pelo Flamengo comete falha bizarra em partida deste final de semana\",\"isPartOf\":{\"@id\":\"https:\/\/www.gaveanews.com\/#website\"},\"primaryImageOfPage\":{\"@id\":\"https:\/\/www.gaveanews.com\/index.php\/2022\/11\/07\/video-jogador-desejado-pelo-flamengo-comete-falha-bizarra-em-partida-deste-final-de-semana\/#primaryimage\"},\"image\":{\"@id\":\"https:\/\/www.gaveanews.com\/index.php\/2022\/11\/07\/video-jogador-desejado-pelo-flamengo-comete-falha-bizarra-em-partida-deste-final-de-semana\/#primaryimage\"},\"thumbnailUrl\":\"https:\/\/www.gaveanews.com\/wp-content\/uploads\/Marcos-Braz-em-entrevista-no-CT-do-Flamengo-1.webp\",\"datePublished\":\"2022-11-07T17:28:02+00:00\",\"dateModified\":\"2022-11-07T17:28:05+00:00\",\"author\":{\"@id\":\"https:\/\/www.gaveanews.com\/#\/schema\/person\/2ec14f73fb96be2caf28f91afb14749d\"},\"description\":\"Atrav\u00e9s das redes sociais, foi poss\u00edvel notar alguns torcedores do Flamengo j\u00e1 temerosos com sua contrata\u00e7\u00e3o.\",\"breadcrumb\":{\"@id\":\"https:\/\/www.gaveanews.com\/index.php\/2022\/11\/07\/video-jogador-desejado-pelo-flamengo-comete-falha-bizarra-em-partida-deste-final-de-semana\/#breadcrumb\"},\"inLanguage\":\"pt-BR\",\"potentialAction\":[{\"@type\":\"ReadAction\",\"target\":[\"https:\/\/www.gaveanews.com\/index.php\/2022\/11\/07\/video-jogador-desejado-pelo-flamengo-comete-falha-bizarra-em-partida-deste-final-de-semana\/\"]}]},{\"@type\":\"ImageObject\",\"inLanguage\":\"pt-BR\",\"@id\":\"https:\/\/www.gaveanews.com\/index.php\/2022\/11\/07\/video-jogador-desejado-pelo-flamengo-comete-falha-bizarra-em-partida-deste-final-de-semana\/#primaryimage\",\"url\":\"https:\/\/www.gaveanews.com\/wp-content\/uploads\/Marcos-Braz-em-entrevista-no-CT-do-Flamengo-1.webp\",\"contentUrl\":\"https:\/\/www.gaveanews.com\/wp-content\/uploads\/Marcos-Braz-em-entrevista-no-CT-do-Flamengo-1.webp\",\"width\":799,\"height\":533,\"caption\":\"Marcos Braz em entrevista no CT do Flamengo (Foto: Gilvan de Souza\/Flamengo)\"},{\"@type\":\"BreadcrumbList\",\"@id\":\"https:\/\/www.gaveanews.com\/index.php\/2022\/11\/07\/video-jogador-desejado-pelo-flamengo-comete-falha-bizarra-em-partida-deste-final-de-semana\/#breadcrumb\",\"itemListElement\":[{\"@type\":\"ListItem\",\"position\":1,\"name\":\"Home\",\"item\":\"https:\/\/www.gaveanews.com\/\"},{\"@type\":\"ListItem\",\"position\":2,\"name\":\"V\u00eddeo: Jogador desejado pelo Flamengo comete falha bizarra em partida deste final de semana\"}]},{\"@type\":\"WebSite\",\"@id\":\"https:\/\/www.gaveanews.com\/#website\",\"url\":\"https:\/\/www.gaveanews.com\/\",\"name\":\"G\u00e1vea News\",\"description\":\"Veja todas as not\u00edcias sobre o Flamengo: Contrata\u00e7\u00f5es, categorias de base, resultados das partidas, tabela de classifica\u00e7\u00e3o, pr\u00f3ximos jogos!\",\"potentialAction\":[{\"@type\":\"SearchAction\",\"target\":{\"@type\":\"EntryPoint\",\"urlTemplate\":\"https:\/\/www.gaveanews.com\/?s={search_term_string}\"},\"query-input\":{\"@type\":\"PropertyValueSpecification\",\"valueRequired\":true,\"valueName\":\"search_term_string\"}}],\"inLanguage\":\"pt-BR\"},{\"@type\":\"Person\",\"@id\":\"https:\/\/www.gaveanews.com\/#\/schema\/person\/2ec14f73fb96be2caf28f91afb14749d\",\"name\":\"Equipe G\u00e1vea News\",\"image\":{\"@type\":\"ImageObject\",\"inLanguage\":\"pt-BR\",\"@id\":\"https:\/\/www.gaveanews.com\/#\/schema\/person\/image\/\",\"url\":\"https:\/\/secure.gravatar.com\/avatar\/1e1956f1facbffd3f8fa53a326721950116b3b9dc9bd44939c01180fd4a745a9?s=96&d=mm&r=g\",\"contentUrl\":\"https:\/\/secure.gravatar.com\/avatar\/1e1956f1facbffd3f8fa53a326721950116b3b9dc9bd44939c01180fd4a745a9?s=96&d=mm&r=g\",\"caption\":\"Equipe G\u00e1vea News\"}}]}<\/script>\n<!-- \/ Yoast SEO Premium plugin. -->","yoast_head_json":{"title":"V\u00eddeo: Jogador desejado pelo Flamengo comete falha bizarra em partida deste final de semana","description":"Atrav\u00e9s das redes sociais, foi poss\u00edvel notar alguns torcedores do Flamengo j\u00e1 temerosos com sua contrata\u00e7\u00e3o.","robots":{"index":"index","follow":"follow","max-snippet":"max-snippet:-1","max-image-preview":"max-image-preview:large","max-video-preview":"max-video-preview:-1"},"canonical":"https:\/\/www.gaveanews.com\/index.php\/2022\/11\/07\/video-jogador-desejado-pelo-flamengo-comete-falha-bizarra-em-partida-deste-final-de-semana\/","og_locale":"pt_BR","og_type":"article","og_title":"V\u00eddeo: Jogador desejado pelo Flamengo comete falha bizarra em partida deste final de semana","og_description":"Atrav\u00e9s das redes sociais, foi poss\u00edvel notar alguns torcedores do Flamengo j\u00e1 temerosos com sua contrata\u00e7\u00e3o.","og_url":"https:\/\/www.gaveanews.com\/index.php\/2022\/11\/07\/video-jogador-desejado-pelo-flamengo-comete-falha-bizarra-em-partida-deste-final-de-semana\/","og_site_name":"G\u00e1vea News","article_publisher":"https:\/\/facebook.com\/gaveaNews\/","article_published_time":"2022-11-07T17:28:02+00:00","article_modified_time":"2022-11-07T17:28:05+00:00","og_image":[{"width":799,"height":533,"url":"https:\/\/www.gaveanews.com\/wp-content\/uploads\/Marcos-Braz-em-entrevista-no-CT-do-Flamengo-1.webp","type":"image\/jpeg"}],"author":"Equipe G\u00e1vea News","twitter_card":"summary_large_image","twitter_misc":{"Escrito por":"Equipe G\u00e1vea News","Est. tempo de leitura":"3 minutos"},"schema":{"@context":"https:\/\/schema.org","@graph":[{"@type":"NewsArticle","@id":"https:\/\/www.gaveanews.com\/index.php\/2022\/11\/07\/video-jogador-desejado-pelo-flamengo-comete-falha-bizarra-em-partida-deste-final-de-semana\/#article","isPartOf":{"@id":"https:\/\/www.gaveanews.com\/index.php\/2022\/11\/07\/video-jogador-desejado-pelo-flamengo-comete-falha-bizarra-em-partida-deste-final-de-semana\/"},"author":{"name":"Equipe G\u00e1vea News","@id":"https:\/\/www.gaveanews.com\/#\/schema\/person\/2ec14f73fb96be2caf28f91afb14749d"},"headline":"V\u00eddeo: Jogador desejado pelo Flamengo comete falha bizarra em partida deste final de semana","datePublished":"2022-11-07T17:28:02+00:00","dateModified":"2022-11-07T17:28:05+00:00","mainEntityOfPage":{"@id":"https:\/\/www.gaveanews.com\/index.php\/2022\/11\/07\/video-jogador-desejado-pelo-flamengo-comete-falha-bizarra-em-partida-deste-final-de-semana\/"},"wordCount":470,"commentCount":0,"image":{"@id":"https:\/\/www.gaveanews.com\/index.php\/2022\/11\/07\/video-jogador-desejado-pelo-flamengo-comete-falha-bizarra-em-partida-deste-final-de-semana\/#primaryimage"},"thumbnailUrl":"https:\/\/www.gaveanews.com\/wp-content\/uploads\/Marcos-Braz-em-entrevista-no-CT-do-Flamengo-1.webp","articleSection":["V\u00eddeos"],"inLanguage":"pt-BR","potentialAction":[{"@type":"CommentAction","name":"Comment","target":["https:\/\/www.gaveanews.com\/index.php\/2022\/11\/07\/video-jogador-desejado-pelo-flamengo-comete-falha-bizarra-em-partida-deste-final-de-semana\/#respond"]}],"copyrightYear":"2022","copyrightHolder":{"@id":"https:\/\/www.gaveanews.com\/#organization"}},{"@type":"WebPage","@id":"https:\/\/www.gaveanews.com\/index.php\/2022\/11\/07\/video-jogador-desejado-pelo-flamengo-comete-falha-bizarra-em-partida-deste-final-de-semana\/","url":"https:\/\/www.gaveanews.com\/index.php\/2022\/11\/07\/video-jogador-desejado-pelo-flamengo-comete-falha-bizarra-em-partida-deste-final-de-semana\/","name":"V\u00eddeo: Jogador desejado pelo Flamengo comete falha bizarra em partida deste final de semana","isPartOf":{"@id":"https:\/\/www.gaveanews.com\/#website"},"primaryImageOfPage":{"@id":"https:\/\/www.gaveanews.com\/index.php\/2022\/11\/07\/video-jogador-desejado-pelo-flamengo-comete-falha-bizarra-em-partida-deste-final-de-semana\/#primaryimage"},"image":{"@id":"https:\/\/www.gaveanews.com\/index.php\/2022\/11\/07\/video-jogador-desejado-pelo-flamengo-comete-falha-bizarra-em-partida-deste-final-de-semana\/#primaryimage"},"thumbnailUrl":"https:\/\/www.gaveanews.com\/wp-content\/uploads\/Marcos-Braz-em-entrevista-no-CT-do-Flamengo-1.webp","datePublished":"2022-11-07T17:28:02+00:00","dateModified":"2022-11-07T17:28:05+00:00","author":{"@id":"https:\/\/www.gaveanews.com\/#\/schema\/person\/2ec14f73fb96be2caf28f91afb14749d"},"description":"Atrav\u00e9s das redes sociais, foi poss\u00edvel notar alguns torcedores do Flamengo j\u00e1 temerosos com sua contrata\u00e7\u00e3o.","breadcrumb":{"@id":"https:\/\/www.gaveanews.com\/index.php\/2022\/11\/07\/video-jogador-desejado-pelo-flamengo-comete-falha-bizarra-em-partida-deste-final-de-semana\/#breadcrumb"},"inLanguage":"pt-BR","potentialAction":[{"@type":"ReadAction","target":["https:\/\/www.gaveanews.com\/index.php\/2022\/11\/07\/video-jogador-desejado-pelo-flamengo-comete-falha-bizarra-em-partida-deste-final-de-semana\/"]}]},{"@type":"ImageObject","inLanguage":"pt-BR","@id":"https:\/\/www.gaveanews.com\/index.php\/2022\/11\/07\/video-jogador-desejado-pelo-flamengo-comete-falha-bizarra-em-partida-deste-final-de-semana\/#primaryimage","url":"https:\/\/www.gaveanews.com\/wp-content\/uploads\/Marcos-Braz-em-entrevista-no-CT-do-Flamengo-1.webp","contentUrl":"https:\/\/www.gaveanews.com\/wp-content\/uploads\/Marcos-Braz-em-entrevista-no-CT-do-Flamengo-1.webp","width":799,"height":533,"caption":"Marcos Braz em entrevista no CT do Flamengo (Foto: Gilvan de Souza\/Flamengo)"},{"@type":"BreadcrumbList","@id":"https:\/\/www.gaveanews.com\/index.php\/2022\/11\/07\/video-jogador-desejado-pelo-flamengo-comete-falha-bizarra-em-partida-deste-final-de-semana\/#breadcrumb","itemListElement":[{"@type":"ListItem","position":1,"name":"Home","item":"https:\/\/www.gaveanews.com\/"},{"@type":"ListItem","position":2,"name":"V\u00eddeo: Jogador desejado pelo Flamengo comete falha bizarra em partida deste final de semana"}]},{"@type":"WebSite","@id":"https:\/\/www.gaveanews.com\/#website","url":"https:\/\/www.gaveanews.com\/","name":"G\u00e1vea News","description":"Veja todas as not\u00edcias sobre o Flamengo: Contrata\u00e7\u00f5es, categorias de base, resultados das partidas, tabela de classifica\u00e7\u00e3o, pr\u00f3ximos jogos!","potentialAction":[{"@type":"SearchAction","target":{"@type":"EntryPoint","urlTemplate":"https:\/\/www.gaveanews.com\/?s={search_term_string}"},"query-input":{"@type":"PropertyValueSpecification","valueRequired":true,"valueName":"search_term_string"}}],"inLanguage":"pt-BR"},{"@type":"Person","@id":"https:\/\/www.gaveanews.com\/#\/schema\/person\/2ec14f73fb96be2caf28f91afb14749d","name":"Equipe G\u00e1vea News","image":{"@type":"ImageObject","inLanguage":"pt-BR","@id":"https:\/\/www.gaveanews.com\/#\/schema\/person\/image\/","url":"https:\/\/secure.gravatar.com\/avatar\/1e1956f1facbffd3f8fa53a326721950116b3b9dc9bd44939c01180fd4a745a9?s=96&d=mm&r=g","contentUrl":"https:\/\/secure.gravatar.com\/avatar\/1e1956f1facbffd3f8fa53a326721950116b3b9dc9bd44939c01180fd4a745a9?s=96&d=mm&r=g","caption":"Equipe G\u00e1vea News"}}]}},"_links":{"self":[{"href":"https:\/\/www.gaveanews.com\/index.php\/wp-json\/wp\/v2\/posts\/90270","targetHints":{"allow":["GET"]}}],"collection":[{"href":"https:\/\/www.gaveanews.com\/index.php\/wp-json\/wp\/v2\/posts"}],"about":[{"href":"https:\/\/www.gaveanews.com\/index.php\/wp-json\/wp\/v2\/types\/post"}],"author":[{"embeddable":true,"href":"https:\/\/www.gaveanews.com\/index.php\/wp-json\/wp\/v2\/users\/1"}],"replies":[{"embeddable":true,"href":"https:\/\/www.gaveanews.com\/index.php\/wp-json\/wp\/v2\/comments?post=90270"}],"version-history":[{"count":0,"href":"https:\/\/www.gaveanews.com\/index.php\/wp-json\/wp\/v2\/posts\/90270\/revisions"}],"wp:featuredmedia":[{"embeddable":true,"href":"https:\/\/www.gaveanews.com\/index.php\/wp-json\/wp\/v2\/media\/85562"}],"wp:attachment":[{"href":"https:\/\/www.gaveanews.com\/index.php\/wp-json\/wp\/v2\/media?parent=90270"}],"wp:term":[{"taxonomy":"category","embeddable":true,"href":"https:\/\/www.gaveanews.com\/index.php\/wp-json\/wp\/v2\/categories?post=90270"},{"taxonomy":"post_tag","embeddable":true,"href":"https:\/\/www.gaveanews.com\/index.php\/wp-json\/wp\/v2\/tags?post=90270"}],"curies":[{"name":"wp","href":"https:\/\/api.w.org\/{rel}","templated":true}]}}