{"id":90285,"date":"2022-11-07T19:13:47","date_gmt":"2022-11-07T22:13:47","guid":{"rendered":"https:\/\/www.gaveanews.com\/?p=90285"},"modified":"2022-11-07T19:13:49","modified_gmt":"2022-11-07T22:13:49","slug":"pedro-do-flamengo-manda-recado-para-o-treinador-dorival-junior","status":"publish","type":"post","link":"https:\/\/www.gaveanews.com\/index.php\/2022\/11\/07\/pedro-do-flamengo-manda-recado-para-o-treinador-dorival-junior\/","title":{"rendered":"Pedro, do Flamengo, manda recado para o treinador Dorival J\u00fanior"},"content":{"rendered":"\n<p>O atacante Pedro, do Flamengo, realizou um &#8220;sonho de crian\u00e7a&#8221; ao ser convocado pele t\u00e9cnico Tite para a Copa do Mundo do Qatar. Em entrevista \u00e0 TV Fla ap\u00f3s a leitura da lista pelo t\u00e9cnico da sele\u00e7\u00e3o brasileira, o centroavante celebrou a convoca\u00e7\u00e3o e agradeceu ao t\u00e9cnico Dorival Jr.<\/p>\n\n\n\n<p><em>\u2014 Est\u00e1 sendo um dia muito especial, onde eu realizo um sonho de crian\u00e7a, que \u00e9 ir para a Copa do Mundo. Ainda estou comemorando. N\u00e3o caiu a ficha. \u00c9 o momento que tu olha para tr\u00e1s, v\u00ea o que passou. Eu sempre acreditei no meu potencial, que poderia voltar \u00e0 sele\u00e7\u00e3o brasileira. Gra\u00e7as a Deus hoje eu consegui. Esse dia ficar\u00e1 marcado para o resto da minha vida. E agora \u00e9 focar na Copa porque a gente quer trazer o hexa<\/em>, afirmou Pedro, que aproveitou a convoca\u00e7\u00e3o para pedir a namorada em casamento.<\/p>\n\n\n\n<p><em>\u2014 Acredito que foi um ano onde eu realizei sonhos de crian\u00e7a. Conquistei t\u00edtulos pelo time do cora\u00e7\u00e3o e tamb\u00e9m ir para a Copa do Mundo. Agora \u00e9 desfrutar, continuar evoluindo para chegar bem nessa Copa do Mundo<\/em>, completou o atacante.<\/p>\n\n\n\n<p>Pedro fez quest\u00e3o de &#8220;dividir&#8221; a convoca\u00e7\u00e3o com o t\u00e9cnico Dorival Jr, do Flamengo, respons\u00e1vel por colocar o camisa 21 no time titular e, consequentemente, ajud\u00e1-lo a conquistar uma vaga na lista de Tite.<\/p>\n\n\n\n<p><em>\u2014 Essa convoca\u00e7\u00e3o coroa um trabalho bem feito por todos. O professor Dorival chegou, me deu muita confian\u00e7a, falou que queria me colocar para jogar, que sabia que eu era titular em qualquer clube do Brasil e se eu jogasse eu poderia ir para a sele\u00e7\u00e3o brasileira. Ele falou e tamb\u00e9m fez, ent\u00e3o foi muito importante para mim<\/em>, iniciou Pedro.<\/p>\n\n\n\n<p><em>\u2014 Tenho que agradecer ao Dorival e a toda a comiss\u00e3o t\u00e9cnica que tirou o melhor de cada jogador. Essa volta por cima foi muito m\u00e9rito do professor Dorival. Foi um ano que ele ajudou muito o Flamengo e tirou o melhor de cada jogador. Tamb\u00e9m compartilho essa convoca\u00e7\u00e3o com os meus companheiros<\/em>, seguiu o centroavante.<\/p>\n\n\n\n<p>Pedro ter\u00e1 a companhia de outro rubro-negro durante a campanha da sele\u00e7\u00e3o brasileira no Qatar, j\u00e1 que o meio-campista \u00c9verton Ribeiro tamb\u00e9m foi chamado.<\/p>\n\n\n\n<p><em>\u2014 Muita felicidade poder ir para sele\u00e7\u00e3o e ainda com o Everton Ribeiro. Antes eu n\u00e3o conhecia muito ele, de proximidade, mas quando cheguei no Flamengo ele me recebeu muito bem, me levou para a resenha com ele, para estar junto com a fam\u00edlia dele. Foi um cara muito importante. Espero que n\u00f3s possamos ir bem l\u00e1<\/em>, disse o centroavante.<\/p>\n","protected":false},"excerpt":{"rendered":"<p>O atacante Pedro, do Flamengo, realizou um &#8220;sonho de crian\u00e7a&#8221; ao ser convocado pele t\u00e9cnico Tite para a Copa do Mundo do Qatar. Em entrevista \u00e0 TV Fla ap\u00f3s a leitura da lista pelo t\u00e9cnico da sele\u00e7\u00e3o brasileira, o centroavante celebrou a convoca\u00e7\u00e3o e agradeceu ao t\u00e9cnico Dorival Jr. \u2014 Est\u00e1 sendo um dia muito [&hellip;]<\/p>\n","protected":false},"author":1,"featured_media":83258,"comment_status":"open","ping_status":"closed","sticky":false,"template":"","format":"standard","meta":{"footnotes":""},"categories":[1],"tags":[],"class_list":["post-90285","post","type-post","status-publish","format-standard","has-post-thumbnail","hentry","category-flamengo"],"yoast_head":"<!-- This site is optimized with the Yoast SEO Premium plugin v24.2 (Yoast SEO v26.9) - https:\/\/yoast.com\/product\/yoast-seo-premium-wordpress\/ -->\n<title>Pedro, do Flamengo, manda recado para o treinador Dorival J\u00fanior<\/title>\n<meta name=\"robots\" content=\"index, follow, max-snippet:-1, max-image-preview:large, max-video-preview:-1\" \/>\n<link rel=\"canonical\" href=\"https:\/\/www.gaveanews.com\/index.php\/2022\/11\/07\/pedro-do-flamengo-manda-recado-para-o-treinador-dorival-junior\/\" \/>\n<meta property=\"og:locale\" content=\"pt_BR\" \/>\n<meta property=\"og:type\" content=\"article\" \/>\n<meta property=\"og:title\" content=\"Pedro, do Flamengo, manda recado para o treinador Dorival J\u00fanior\" \/>\n<meta property=\"og:description\" content=\"O atacante Pedro, do Flamengo, realizou um &#8220;sonho de crian\u00e7a&#8221; ao ser convocado pele t\u00e9cnico Tite para a Copa do Mundo do Qatar. Em entrevista \u00e0 TV Fla ap\u00f3s a leitura da lista pelo t\u00e9cnico da sele\u00e7\u00e3o brasileira, o centroavante celebrou a convoca\u00e7\u00e3o e agradeceu ao t\u00e9cnico Dorival Jr. \u2014 Est\u00e1 sendo um dia muito [&hellip;]\" \/>\n<meta property=\"og:url\" content=\"https:\/\/www.gaveanews.com\/index.php\/2022\/11\/07\/pedro-do-flamengo-manda-recado-para-o-treinador-dorival-junior\/\" \/>\n<meta property=\"og:site_name\" content=\"G\u00e1vea News\" \/>\n<meta property=\"article:publisher\" content=\"https:\/\/facebook.com\/gaveaNews\/\" \/>\n<meta property=\"article:published_time\" content=\"2022-11-07T22:13:47+00:00\" \/>\n<meta property=\"article:modified_time\" content=\"2022-11-07T22:13:49+00:00\" \/>\n<meta property=\"og:image\" content=\"https:\/\/www.gaveanews.com\/wp-content\/uploads\/Treinador-Dorival-Junior-durante-o-jogo-entre-Flamengo-x-Cuiaba-pelo-Campeonato-Brasileiro-de-2022.webp\" \/>\n\t<meta property=\"og:image:width\" content=\"799\" \/>\n\t<meta property=\"og:image:height\" content=\"532\" \/>\n\t<meta property=\"og:image:type\" content=\"image\/jpeg\" \/>\n<meta name=\"author\" content=\"Equipe G\u00e1vea News\" \/>\n<meta name=\"twitter:card\" content=\"summary_large_image\" \/>\n<meta name=\"twitter:label1\" content=\"Escrito por\" \/>\n\t<meta name=\"twitter:data1\" content=\"Equipe G\u00e1vea News\" \/>\n\t<meta name=\"twitter:label2\" content=\"Est. tempo de leitura\" \/>\n\t<meta name=\"twitter:data2\" content=\"3 minutos\" \/>\n<script type=\"application\/ld+json\" class=\"yoast-schema-graph\">{\"@context\":\"https:\/\/schema.org\",\"@graph\":[{\"@type\":\"NewsArticle\",\"@id\":\"https:\/\/www.gaveanews.com\/index.php\/2022\/11\/07\/pedro-do-flamengo-manda-recado-para-o-treinador-dorival-junior\/#article\",\"isPartOf\":{\"@id\":\"https:\/\/www.gaveanews.com\/index.php\/2022\/11\/07\/pedro-do-flamengo-manda-recado-para-o-treinador-dorival-junior\/\"},\"author\":{\"name\":\"Equipe G\u00e1vea News\",\"@id\":\"https:\/\/www.gaveanews.com\/#\/schema\/person\/2ec14f73fb96be2caf28f91afb14749d\"},\"headline\":\"Pedro, do Flamengo, manda recado para o treinador Dorival J\u00fanior\",\"datePublished\":\"2022-11-07T22:13:47+00:00\",\"dateModified\":\"2022-11-07T22:13:49+00:00\",\"mainEntityOfPage\":{\"@id\":\"https:\/\/www.gaveanews.com\/index.php\/2022\/11\/07\/pedro-do-flamengo-manda-recado-para-o-treinador-dorival-junior\/\"},\"wordCount\":455,\"commentCount\":0,\"image\":{\"@id\":\"https:\/\/www.gaveanews.com\/index.php\/2022\/11\/07\/pedro-do-flamengo-manda-recado-para-o-treinador-dorival-junior\/#primaryimage\"},\"thumbnailUrl\":\"https:\/\/www.gaveanews.com\/wp-content\/uploads\/Treinador-Dorival-Junior-durante-o-jogo-entre-Flamengo-x-Cuiaba-pelo-Campeonato-Brasileiro-de-2022.webp\",\"articleSection\":[\"Flamengo\"],\"inLanguage\":\"pt-BR\",\"potentialAction\":[{\"@type\":\"CommentAction\",\"name\":\"Comment\",\"target\":[\"https:\/\/www.gaveanews.com\/index.php\/2022\/11\/07\/pedro-do-flamengo-manda-recado-para-o-treinador-dorival-junior\/#respond\"]}],\"copyrightYear\":\"2022\",\"copyrightHolder\":{\"@id\":\"https:\/\/www.gaveanews.com\/#organization\"}},{\"@type\":\"WebPage\",\"@id\":\"https:\/\/www.gaveanews.com\/index.php\/2022\/11\/07\/pedro-do-flamengo-manda-recado-para-o-treinador-dorival-junior\/\",\"url\":\"https:\/\/www.gaveanews.com\/index.php\/2022\/11\/07\/pedro-do-flamengo-manda-recado-para-o-treinador-dorival-junior\/\",\"name\":\"Pedro, do Flamengo, manda recado para o treinador Dorival J\u00fanior\",\"isPartOf\":{\"@id\":\"https:\/\/www.gaveanews.com\/#website\"},\"primaryImageOfPage\":{\"@id\":\"https:\/\/www.gaveanews.com\/index.php\/2022\/11\/07\/pedro-do-flamengo-manda-recado-para-o-treinador-dorival-junior\/#primaryimage\"},\"image\":{\"@id\":\"https:\/\/www.gaveanews.com\/index.php\/2022\/11\/07\/pedro-do-flamengo-manda-recado-para-o-treinador-dorival-junior\/#primaryimage\"},\"thumbnailUrl\":\"https:\/\/www.gaveanews.com\/wp-content\/uploads\/Treinador-Dorival-Junior-durante-o-jogo-entre-Flamengo-x-Cuiaba-pelo-Campeonato-Brasileiro-de-2022.webp\",\"datePublished\":\"2022-11-07T22:13:47+00:00\",\"dateModified\":\"2022-11-07T22:13:49+00:00\",\"author\":{\"@id\":\"https:\/\/www.gaveanews.com\/#\/schema\/person\/2ec14f73fb96be2caf28f91afb14749d\"},\"breadcrumb\":{\"@id\":\"https:\/\/www.gaveanews.com\/index.php\/2022\/11\/07\/pedro-do-flamengo-manda-recado-para-o-treinador-dorival-junior\/#breadcrumb\"},\"inLanguage\":\"pt-BR\",\"potentialAction\":[{\"@type\":\"ReadAction\",\"target\":[\"https:\/\/www.gaveanews.com\/index.php\/2022\/11\/07\/pedro-do-flamengo-manda-recado-para-o-treinador-dorival-junior\/\"]}]},{\"@type\":\"ImageObject\",\"inLanguage\":\"pt-BR\",\"@id\":\"https:\/\/www.gaveanews.com\/index.php\/2022\/11\/07\/pedro-do-flamengo-manda-recado-para-o-treinador-dorival-junior\/#primaryimage\",\"url\":\"https:\/\/www.gaveanews.com\/wp-content\/uploads\/Treinador-Dorival-Junior-durante-o-jogo-entre-Flamengo-x-Cuiaba-pelo-Campeonato-Brasileiro-de-2022.webp\",\"contentUrl\":\"https:\/\/www.gaveanews.com\/wp-content\/uploads\/Treinador-Dorival-Junior-durante-o-jogo-entre-Flamengo-x-Cuiaba-pelo-Campeonato-Brasileiro-de-2022.webp\",\"width\":799,\"height\":532,\"caption\":\"Treinador Dorival Junior durante o jogo entre Flamengo x Cuiab\u00e1 pelo Campeonato Brasileiro de 2022 (Foto: Reprodu\u00e7\u00e3o\/Flamengo\/Flickr)\"},{\"@type\":\"BreadcrumbList\",\"@id\":\"https:\/\/www.gaveanews.com\/index.php\/2022\/11\/07\/pedro-do-flamengo-manda-recado-para-o-treinador-dorival-junior\/#breadcrumb\",\"itemListElement\":[{\"@type\":\"ListItem\",\"position\":1,\"name\":\"Home\",\"item\":\"https:\/\/www.gaveanews.com\/\"},{\"@type\":\"ListItem\",\"position\":2,\"name\":\"Pedro, do Flamengo, manda recado para o treinador Dorival J\u00fanior\"}]},{\"@type\":\"WebSite\",\"@id\":\"https:\/\/www.gaveanews.com\/#website\",\"url\":\"https:\/\/www.gaveanews.com\/\",\"name\":\"G\u00e1vea News\",\"description\":\"Veja todas as not\u00edcias sobre o Flamengo: Contrata\u00e7\u00f5es, categorias de base, resultados das partidas, tabela de classifica\u00e7\u00e3o, pr\u00f3ximos jogos!\",\"potentialAction\":[{\"@type\":\"SearchAction\",\"target\":{\"@type\":\"EntryPoint\",\"urlTemplate\":\"https:\/\/www.gaveanews.com\/?s={search_term_string}\"},\"query-input\":{\"@type\":\"PropertyValueSpecification\",\"valueRequired\":true,\"valueName\":\"search_term_string\"}}],\"inLanguage\":\"pt-BR\"},{\"@type\":\"Person\",\"@id\":\"https:\/\/www.gaveanews.com\/#\/schema\/person\/2ec14f73fb96be2caf28f91afb14749d\",\"name\":\"Equipe G\u00e1vea News\",\"image\":{\"@type\":\"ImageObject\",\"inLanguage\":\"pt-BR\",\"@id\":\"https:\/\/www.gaveanews.com\/#\/schema\/person\/image\/\",\"url\":\"https:\/\/secure.gravatar.com\/avatar\/1e1956f1facbffd3f8fa53a326721950116b3b9dc9bd44939c01180fd4a745a9?s=96&d=mm&r=g\",\"contentUrl\":\"https:\/\/secure.gravatar.com\/avatar\/1e1956f1facbffd3f8fa53a326721950116b3b9dc9bd44939c01180fd4a745a9?s=96&d=mm&r=g\",\"caption\":\"Equipe G\u00e1vea News\"}}]}<\/script>\n<!-- \/ Yoast SEO Premium plugin. -->","yoast_head_json":{"title":"Pedro, do Flamengo, manda recado para o treinador Dorival J\u00fanior","robots":{"index":"index","follow":"follow","max-snippet":"max-snippet:-1","max-image-preview":"max-image-preview:large","max-video-preview":"max-video-preview:-1"},"canonical":"https:\/\/www.gaveanews.com\/index.php\/2022\/11\/07\/pedro-do-flamengo-manda-recado-para-o-treinador-dorival-junior\/","og_locale":"pt_BR","og_type":"article","og_title":"Pedro, do Flamengo, manda recado para o treinador Dorival J\u00fanior","og_description":"O atacante Pedro, do Flamengo, realizou um &#8220;sonho de crian\u00e7a&#8221; ao ser convocado pele t\u00e9cnico Tite para a Copa do Mundo do Qatar. Em entrevista \u00e0 TV Fla ap\u00f3s a leitura da lista pelo t\u00e9cnico da sele\u00e7\u00e3o brasileira, o centroavante celebrou a convoca\u00e7\u00e3o e agradeceu ao t\u00e9cnico Dorival Jr. \u2014 Est\u00e1 sendo um dia muito [&hellip;]","og_url":"https:\/\/www.gaveanews.com\/index.php\/2022\/11\/07\/pedro-do-flamengo-manda-recado-para-o-treinador-dorival-junior\/","og_site_name":"G\u00e1vea News","article_publisher":"https:\/\/facebook.com\/gaveaNews\/","article_published_time":"2022-11-07T22:13:47+00:00","article_modified_time":"2022-11-07T22:13:49+00:00","og_image":[{"width":799,"height":532,"url":"https:\/\/www.gaveanews.com\/wp-content\/uploads\/Treinador-Dorival-Junior-durante-o-jogo-entre-Flamengo-x-Cuiaba-pelo-Campeonato-Brasileiro-de-2022.webp","type":"image\/jpeg"}],"author":"Equipe G\u00e1vea News","twitter_card":"summary_large_image","twitter_misc":{"Escrito por":"Equipe G\u00e1vea News","Est. tempo de leitura":"3 minutos"},"schema":{"@context":"https:\/\/schema.org","@graph":[{"@type":"NewsArticle","@id":"https:\/\/www.gaveanews.com\/index.php\/2022\/11\/07\/pedro-do-flamengo-manda-recado-para-o-treinador-dorival-junior\/#article","isPartOf":{"@id":"https:\/\/www.gaveanews.com\/index.php\/2022\/11\/07\/pedro-do-flamengo-manda-recado-para-o-treinador-dorival-junior\/"},"author":{"name":"Equipe G\u00e1vea News","@id":"https:\/\/www.gaveanews.com\/#\/schema\/person\/2ec14f73fb96be2caf28f91afb14749d"},"headline":"Pedro, do Flamengo, manda recado para o treinador Dorival J\u00fanior","datePublished":"2022-11-07T22:13:47+00:00","dateModified":"2022-11-07T22:13:49+00:00","mainEntityOfPage":{"@id":"https:\/\/www.gaveanews.com\/index.php\/2022\/11\/07\/pedro-do-flamengo-manda-recado-para-o-treinador-dorival-junior\/"},"wordCount":455,"commentCount":0,"image":{"@id":"https:\/\/www.gaveanews.com\/index.php\/2022\/11\/07\/pedro-do-flamengo-manda-recado-para-o-treinador-dorival-junior\/#primaryimage"},"thumbnailUrl":"https:\/\/www.gaveanews.com\/wp-content\/uploads\/Treinador-Dorival-Junior-durante-o-jogo-entre-Flamengo-x-Cuiaba-pelo-Campeonato-Brasileiro-de-2022.webp","articleSection":["Flamengo"],"inLanguage":"pt-BR","potentialAction":[{"@type":"CommentAction","name":"Comment","target":["https:\/\/www.gaveanews.com\/index.php\/2022\/11\/07\/pedro-do-flamengo-manda-recado-para-o-treinador-dorival-junior\/#respond"]}],"copyrightYear":"2022","copyrightHolder":{"@id":"https:\/\/www.gaveanews.com\/#organization"}},{"@type":"WebPage","@id":"https:\/\/www.gaveanews.com\/index.php\/2022\/11\/07\/pedro-do-flamengo-manda-recado-para-o-treinador-dorival-junior\/","url":"https:\/\/www.gaveanews.com\/index.php\/2022\/11\/07\/pedro-do-flamengo-manda-recado-para-o-treinador-dorival-junior\/","name":"Pedro, do Flamengo, manda recado para o treinador Dorival J\u00fanior","isPartOf":{"@id":"https:\/\/www.gaveanews.com\/#website"},"primaryImageOfPage":{"@id":"https:\/\/www.gaveanews.com\/index.php\/2022\/11\/07\/pedro-do-flamengo-manda-recado-para-o-treinador-dorival-junior\/#primaryimage"},"image":{"@id":"https:\/\/www.gaveanews.com\/index.php\/2022\/11\/07\/pedro-do-flamengo-manda-recado-para-o-treinador-dorival-junior\/#primaryimage"},"thumbnailUrl":"https:\/\/www.gaveanews.com\/wp-content\/uploads\/Treinador-Dorival-Junior-durante-o-jogo-entre-Flamengo-x-Cuiaba-pelo-Campeonato-Brasileiro-de-2022.webp","datePublished":"2022-11-07T22:13:47+00:00","dateModified":"2022-11-07T22:13:49+00:00","author":{"@id":"https:\/\/www.gaveanews.com\/#\/schema\/person\/2ec14f73fb96be2caf28f91afb14749d"},"breadcrumb":{"@id":"https:\/\/www.gaveanews.com\/index.php\/2022\/11\/07\/pedro-do-flamengo-manda-recado-para-o-treinador-dorival-junior\/#breadcrumb"},"inLanguage":"pt-BR","potentialAction":[{"@type":"ReadAction","target":["https:\/\/www.gaveanews.com\/index.php\/2022\/11\/07\/pedro-do-flamengo-manda-recado-para-o-treinador-dorival-junior\/"]}]},{"@type":"ImageObject","inLanguage":"pt-BR","@id":"https:\/\/www.gaveanews.com\/index.php\/2022\/11\/07\/pedro-do-flamengo-manda-recado-para-o-treinador-dorival-junior\/#primaryimage","url":"https:\/\/www.gaveanews.com\/wp-content\/uploads\/Treinador-Dorival-Junior-durante-o-jogo-entre-Flamengo-x-Cuiaba-pelo-Campeonato-Brasileiro-de-2022.webp","contentUrl":"https:\/\/www.gaveanews.com\/wp-content\/uploads\/Treinador-Dorival-Junior-durante-o-jogo-entre-Flamengo-x-Cuiaba-pelo-Campeonato-Brasileiro-de-2022.webp","width":799,"height":532,"caption":"Treinador Dorival Junior durante o jogo entre Flamengo x Cuiab\u00e1 pelo Campeonato Brasileiro de 2022 (Foto: Reprodu\u00e7\u00e3o\/Flamengo\/Flickr)"},{"@type":"BreadcrumbList","@id":"https:\/\/www.gaveanews.com\/index.php\/2022\/11\/07\/pedro-do-flamengo-manda-recado-para-o-treinador-dorival-junior\/#breadcrumb","itemListElement":[{"@type":"ListItem","position":1,"name":"Home","item":"https:\/\/www.gaveanews.com\/"},{"@type":"ListItem","position":2,"name":"Pedro, do Flamengo, manda recado para o treinador Dorival J\u00fanior"}]},{"@type":"WebSite","@id":"https:\/\/www.gaveanews.com\/#website","url":"https:\/\/www.gaveanews.com\/","name":"G\u00e1vea News","description":"Veja todas as not\u00edcias sobre o Flamengo: Contrata\u00e7\u00f5es, categorias de base, resultados das partidas, tabela de classifica\u00e7\u00e3o, pr\u00f3ximos jogos!","potentialAction":[{"@type":"SearchAction","target":{"@type":"EntryPoint","urlTemplate":"https:\/\/www.gaveanews.com\/?s={search_term_string}"},"query-input":{"@type":"PropertyValueSpecification","valueRequired":true,"valueName":"search_term_string"}}],"inLanguage":"pt-BR"},{"@type":"Person","@id":"https:\/\/www.gaveanews.com\/#\/schema\/person\/2ec14f73fb96be2caf28f91afb14749d","name":"Equipe G\u00e1vea News","image":{"@type":"ImageObject","inLanguage":"pt-BR","@id":"https:\/\/www.gaveanews.com\/#\/schema\/person\/image\/","url":"https:\/\/secure.gravatar.com\/avatar\/1e1956f1facbffd3f8fa53a326721950116b3b9dc9bd44939c01180fd4a745a9?s=96&d=mm&r=g","contentUrl":"https:\/\/secure.gravatar.com\/avatar\/1e1956f1facbffd3f8fa53a326721950116b3b9dc9bd44939c01180fd4a745a9?s=96&d=mm&r=g","caption":"Equipe G\u00e1vea News"}}]}},"_links":{"self":[{"href":"https:\/\/www.gaveanews.com\/index.php\/wp-json\/wp\/v2\/posts\/90285","targetHints":{"allow":["GET"]}}],"collection":[{"href":"https:\/\/www.gaveanews.com\/index.php\/wp-json\/wp\/v2\/posts"}],"about":[{"href":"https:\/\/www.gaveanews.com\/index.php\/wp-json\/wp\/v2\/types\/post"}],"author":[{"embeddable":true,"href":"https:\/\/www.gaveanews.com\/index.php\/wp-json\/wp\/v2\/users\/1"}],"replies":[{"embeddable":true,"href":"https:\/\/www.gaveanews.com\/index.php\/wp-json\/wp\/v2\/comments?post=90285"}],"version-history":[{"count":0,"href":"https:\/\/www.gaveanews.com\/index.php\/wp-json\/wp\/v2\/posts\/90285\/revisions"}],"wp:featuredmedia":[{"embeddable":true,"href":"https:\/\/www.gaveanews.com\/index.php\/wp-json\/wp\/v2\/media\/83258"}],"wp:attachment":[{"href":"https:\/\/www.gaveanews.com\/index.php\/wp-json\/wp\/v2\/media?parent=90285"}],"wp:term":[{"taxonomy":"category","embeddable":true,"href":"https:\/\/www.gaveanews.com\/index.php\/wp-json\/wp\/v2\/categories?post=90285"},{"taxonomy":"post_tag","embeddable":true,"href":"https:\/\/www.gaveanews.com\/index.php\/wp-json\/wp\/v2\/tags?post=90285"}],"curies":[{"name":"wp","href":"https:\/\/api.w.org\/{rel}","templated":true}]}}