{"id":90303,"date":"2022-11-08T00:16:10","date_gmt":"2022-11-08T03:16:10","guid":{"rendered":"https:\/\/www.gaveanews.com\/?p=90303"},"modified":"2022-11-08T00:16:12","modified_gmt":"2022-11-08T03:16:12","slug":"empresario-de-dorival-junior-ira-ate-o-rio-de-janeiro-para-acertar-a-renovacao-do-treinador","status":"publish","type":"post","link":"https:\/\/www.gaveanews.com\/index.php\/2022\/11\/08\/empresario-de-dorival-junior-ira-ate-o-rio-de-janeiro-para-acertar-a-renovacao-do-treinador\/","title":{"rendered":"Empres\u00e1rio de Dorival J\u00fanior ir\u00e1 at\u00e9 o Rio de Janeiro para acertar a renova\u00e7\u00e3o do treinador"},"content":{"rendered":"\n<p>A temporada do futebol brasileiro vai chegando na reta final e o torcedor do Flamengo tem motivos para comemorar, ap\u00f3s um in\u00edcio turbulento com Paulo Sousa, o Mais Querido voltou aos trilhos.<\/p>\n\n\n\n<p>Isso se deve a chegada de Dorival J\u00fanior, que conseguiu fazer os jogadores recuperarem a confian\u00e7a para desempenhar um grande futebol. A cereja do bolo foram as conquistas de Libertadores e Copa do Brasil.<\/p>\n\n\n\n<p>Com os t\u00edtulos, o apelo da torcida pela renova\u00e7\u00e3o com Dorival J\u00fanior cresceu bastante. A diretoria vai se movimentando, e um acerto para a perman\u00eancia do comandante rubro-negro est\u00e1 pr\u00f3ximo. \u00c9 importante destacar que tal informa\u00e7\u00e3o foi inicialmente divulgada pelo jornalista Gabriel Reis.<\/p>\n\n\n\n<p>E segundo o jornal \u2018O Dia\u2019, Edson Jhodor que \u00e9 o representante de Dorival J\u00fanior, \u00e9 aguardado no Rio de Janeiro no pr\u00f3ximo final de semana para avan\u00e7ar nas tratativas com o Flamengo para selar a renova\u00e7\u00e3o de contrato.<\/p>\n\n\n\n<p>As duas partes querem a renova\u00e7\u00e3o, portanto o an\u00fancio n\u00e3o deve ter nenhum tipo de obst\u00e1culo e Dorival deve ter o seu v\u00ednculo com o rubro-negro prolongado para ter continuidade no trabalho.<\/p>\n\n\n\n<p>Retirado de: Di\u00e1rio do Fla<\/p>\n","protected":false},"excerpt":{"rendered":"<p>A temporada do futebol brasileiro vai chegando na reta final e o torcedor do Flamengo tem motivos para comemorar, ap\u00f3s um in\u00edcio turbulento com Paulo Sousa, o Mais Querido voltou aos trilhos. Isso se deve a chegada de Dorival J\u00fanior, que conseguiu fazer os jogadores recuperarem a confian\u00e7a para desempenhar um grande futebol. A cereja [&hellip;]<\/p>\n","protected":false},"author":1,"featured_media":88908,"comment_status":"open","ping_status":"closed","sticky":false,"template":"","format":"standard","meta":{"footnotes":""},"categories":[1],"tags":[],"class_list":["post-90303","post","type-post","status-publish","format-standard","has-post-thumbnail","hentry","category-flamengo"],"yoast_head":"<!-- This site is optimized with the Yoast SEO Premium plugin v24.2 (Yoast SEO v26.9) - https:\/\/yoast.com\/product\/yoast-seo-premium-wordpress\/ -->\n<title>Empres\u00e1rio de Dorival J\u00fanior ir\u00e1 at\u00e9 o Rio de Janeiro para acertar a renova\u00e7\u00e3o do treinador<\/title>\n<meta name=\"robots\" content=\"index, follow, max-snippet:-1, max-image-preview:large, max-video-preview:-1\" \/>\n<link rel=\"canonical\" href=\"https:\/\/www.gaveanews.com\/index.php\/2022\/11\/08\/empresario-de-dorival-junior-ira-ate-o-rio-de-janeiro-para-acertar-a-renovacao-do-treinador\/\" \/>\n<meta property=\"og:locale\" content=\"pt_BR\" \/>\n<meta property=\"og:type\" content=\"article\" \/>\n<meta property=\"og:title\" content=\"Empres\u00e1rio de Dorival J\u00fanior ir\u00e1 at\u00e9 o Rio de Janeiro para acertar a renova\u00e7\u00e3o do treinador\" \/>\n<meta property=\"og:description\" content=\"A temporada do futebol brasileiro vai chegando na reta final e o torcedor do Flamengo tem motivos para comemorar, ap\u00f3s um in\u00edcio turbulento com Paulo Sousa, o Mais Querido voltou aos trilhos. Isso se deve a chegada de Dorival J\u00fanior, que conseguiu fazer os jogadores recuperarem a confian\u00e7a para desempenhar um grande futebol. A cereja [&hellip;]\" \/>\n<meta property=\"og:url\" content=\"https:\/\/www.gaveanews.com\/index.php\/2022\/11\/08\/empresario-de-dorival-junior-ira-ate-o-rio-de-janeiro-para-acertar-a-renovacao-do-treinador\/\" \/>\n<meta property=\"og:site_name\" content=\"G\u00e1vea News\" \/>\n<meta property=\"article:publisher\" content=\"https:\/\/facebook.com\/gaveaNews\/\" \/>\n<meta property=\"article:published_time\" content=\"2022-11-08T03:16:10+00:00\" \/>\n<meta property=\"article:modified_time\" content=\"2022-11-08T03:16:12+00:00\" \/>\n<meta property=\"og:image\" content=\"https:\/\/www.gaveanews.com\/wp-content\/uploads\/Dorival-Junior-na-final-da-Copa-do-Brasil-entre-Flamengo-e-Corinthians.webp\" \/>\n\t<meta property=\"og:image:width\" content=\"800\" \/>\n\t<meta property=\"og:image:height\" content=\"533\" \/>\n\t<meta property=\"og:image:type\" content=\"image\/jpeg\" \/>\n<meta name=\"author\" content=\"Equipe G\u00e1vea News\" \/>\n<meta name=\"twitter:card\" content=\"summary_large_image\" \/>\n<meta name=\"twitter:label1\" content=\"Escrito por\" \/>\n\t<meta name=\"twitter:data1\" content=\"Equipe G\u00e1vea News\" \/>\n\t<meta name=\"twitter:label2\" content=\"Est. tempo de leitura\" \/>\n\t<meta name=\"twitter:data2\" content=\"2 minutos\" \/>\n<script type=\"application\/ld+json\" class=\"yoast-schema-graph\">{\"@context\":\"https:\/\/schema.org\",\"@graph\":[{\"@type\":\"NewsArticle\",\"@id\":\"https:\/\/www.gaveanews.com\/index.php\/2022\/11\/08\/empresario-de-dorival-junior-ira-ate-o-rio-de-janeiro-para-acertar-a-renovacao-do-treinador\/#article\",\"isPartOf\":{\"@id\":\"https:\/\/www.gaveanews.com\/index.php\/2022\/11\/08\/empresario-de-dorival-junior-ira-ate-o-rio-de-janeiro-para-acertar-a-renovacao-do-treinador\/\"},\"author\":{\"name\":\"Equipe G\u00e1vea News\",\"@id\":\"https:\/\/www.gaveanews.com\/#\/schema\/person\/2ec14f73fb96be2caf28f91afb14749d\"},\"headline\":\"Empres\u00e1rio de Dorival J\u00fanior ir\u00e1 at\u00e9 o Rio de Janeiro para acertar a renova\u00e7\u00e3o do treinador\",\"datePublished\":\"2022-11-08T03:16:10+00:00\",\"dateModified\":\"2022-11-08T03:16:12+00:00\",\"mainEntityOfPage\":{\"@id\":\"https:\/\/www.gaveanews.com\/index.php\/2022\/11\/08\/empresario-de-dorival-junior-ira-ate-o-rio-de-janeiro-para-acertar-a-renovacao-do-treinador\/\"},\"wordCount\":221,\"commentCount\":0,\"image\":{\"@id\":\"https:\/\/www.gaveanews.com\/index.php\/2022\/11\/08\/empresario-de-dorival-junior-ira-ate-o-rio-de-janeiro-para-acertar-a-renovacao-do-treinador\/#primaryimage\"},\"thumbnailUrl\":\"https:\/\/www.gaveanews.com\/wp-content\/uploads\/Dorival-Junior-na-final-da-Copa-do-Brasil-entre-Flamengo-e-Corinthians.webp\",\"articleSection\":[\"Flamengo\"],\"inLanguage\":\"pt-BR\",\"potentialAction\":[{\"@type\":\"CommentAction\",\"name\":\"Comment\",\"target\":[\"https:\/\/www.gaveanews.com\/index.php\/2022\/11\/08\/empresario-de-dorival-junior-ira-ate-o-rio-de-janeiro-para-acertar-a-renovacao-do-treinador\/#respond\"]}],\"copyrightYear\":\"2022\",\"copyrightHolder\":{\"@id\":\"https:\/\/www.gaveanews.com\/#organization\"}},{\"@type\":\"WebPage\",\"@id\":\"https:\/\/www.gaveanews.com\/index.php\/2022\/11\/08\/empresario-de-dorival-junior-ira-ate-o-rio-de-janeiro-para-acertar-a-renovacao-do-treinador\/\",\"url\":\"https:\/\/www.gaveanews.com\/index.php\/2022\/11\/08\/empresario-de-dorival-junior-ira-ate-o-rio-de-janeiro-para-acertar-a-renovacao-do-treinador\/\",\"name\":\"Empres\u00e1rio de Dorival J\u00fanior ir\u00e1 at\u00e9 o Rio de Janeiro para acertar a renova\u00e7\u00e3o do treinador\",\"isPartOf\":{\"@id\":\"https:\/\/www.gaveanews.com\/#website\"},\"primaryImageOfPage\":{\"@id\":\"https:\/\/www.gaveanews.com\/index.php\/2022\/11\/08\/empresario-de-dorival-junior-ira-ate-o-rio-de-janeiro-para-acertar-a-renovacao-do-treinador\/#primaryimage\"},\"image\":{\"@id\":\"https:\/\/www.gaveanews.com\/index.php\/2022\/11\/08\/empresario-de-dorival-junior-ira-ate-o-rio-de-janeiro-para-acertar-a-renovacao-do-treinador\/#primaryimage\"},\"thumbnailUrl\":\"https:\/\/www.gaveanews.com\/wp-content\/uploads\/Dorival-Junior-na-final-da-Copa-do-Brasil-entre-Flamengo-e-Corinthians.webp\",\"datePublished\":\"2022-11-08T03:16:10+00:00\",\"dateModified\":\"2022-11-08T03:16:12+00:00\",\"author\":{\"@id\":\"https:\/\/www.gaveanews.com\/#\/schema\/person\/2ec14f73fb96be2caf28f91afb14749d\"},\"breadcrumb\":{\"@id\":\"https:\/\/www.gaveanews.com\/index.php\/2022\/11\/08\/empresario-de-dorival-junior-ira-ate-o-rio-de-janeiro-para-acertar-a-renovacao-do-treinador\/#breadcrumb\"},\"inLanguage\":\"pt-BR\",\"potentialAction\":[{\"@type\":\"ReadAction\",\"target\":[\"https:\/\/www.gaveanews.com\/index.php\/2022\/11\/08\/empresario-de-dorival-junior-ira-ate-o-rio-de-janeiro-para-acertar-a-renovacao-do-treinador\/\"]}]},{\"@type\":\"ImageObject\",\"inLanguage\":\"pt-BR\",\"@id\":\"https:\/\/www.gaveanews.com\/index.php\/2022\/11\/08\/empresario-de-dorival-junior-ira-ate-o-rio-de-janeiro-para-acertar-a-renovacao-do-treinador\/#primaryimage\",\"url\":\"https:\/\/www.gaveanews.com\/wp-content\/uploads\/Dorival-Junior-na-final-da-Copa-do-Brasil-entre-Flamengo-e-Corinthians.webp\",\"contentUrl\":\"https:\/\/www.gaveanews.com\/wp-content\/uploads\/Dorival-Junior-na-final-da-Copa-do-Brasil-entre-Flamengo-e-Corinthians.webp\",\"width\":800,\"height\":533,\"caption\":\"Dorival J\u00fanior na final da Copa do Brasil entre Flamengo e Corinthians (Foto: Marcelo Cortes\/Flamengo)\"},{\"@type\":\"BreadcrumbList\",\"@id\":\"https:\/\/www.gaveanews.com\/index.php\/2022\/11\/08\/empresario-de-dorival-junior-ira-ate-o-rio-de-janeiro-para-acertar-a-renovacao-do-treinador\/#breadcrumb\",\"itemListElement\":[{\"@type\":\"ListItem\",\"position\":1,\"name\":\"Home\",\"item\":\"https:\/\/www.gaveanews.com\/\"},{\"@type\":\"ListItem\",\"position\":2,\"name\":\"Empres\u00e1rio de Dorival J\u00fanior ir\u00e1 at\u00e9 o Rio de Janeiro para acertar a renova\u00e7\u00e3o do treinador\"}]},{\"@type\":\"WebSite\",\"@id\":\"https:\/\/www.gaveanews.com\/#website\",\"url\":\"https:\/\/www.gaveanews.com\/\",\"name\":\"G\u00e1vea News\",\"description\":\"Veja todas as not\u00edcias sobre o Flamengo: Contrata\u00e7\u00f5es, categorias de base, resultados das partidas, tabela de classifica\u00e7\u00e3o, pr\u00f3ximos jogos!\",\"potentialAction\":[{\"@type\":\"SearchAction\",\"target\":{\"@type\":\"EntryPoint\",\"urlTemplate\":\"https:\/\/www.gaveanews.com\/?s={search_term_string}\"},\"query-input\":{\"@type\":\"PropertyValueSpecification\",\"valueRequired\":true,\"valueName\":\"search_term_string\"}}],\"inLanguage\":\"pt-BR\"},{\"@type\":\"Person\",\"@id\":\"https:\/\/www.gaveanews.com\/#\/schema\/person\/2ec14f73fb96be2caf28f91afb14749d\",\"name\":\"Equipe G\u00e1vea News\",\"image\":{\"@type\":\"ImageObject\",\"inLanguage\":\"pt-BR\",\"@id\":\"https:\/\/www.gaveanews.com\/#\/schema\/person\/image\/\",\"url\":\"https:\/\/secure.gravatar.com\/avatar\/1e1956f1facbffd3f8fa53a326721950116b3b9dc9bd44939c01180fd4a745a9?s=96&d=mm&r=g\",\"contentUrl\":\"https:\/\/secure.gravatar.com\/avatar\/1e1956f1facbffd3f8fa53a326721950116b3b9dc9bd44939c01180fd4a745a9?s=96&d=mm&r=g\",\"caption\":\"Equipe G\u00e1vea News\"}}]}<\/script>\n<!-- \/ Yoast SEO Premium plugin. -->","yoast_head_json":{"title":"Empres\u00e1rio de Dorival J\u00fanior ir\u00e1 at\u00e9 o Rio de Janeiro para acertar a renova\u00e7\u00e3o do treinador","robots":{"index":"index","follow":"follow","max-snippet":"max-snippet:-1","max-image-preview":"max-image-preview:large","max-video-preview":"max-video-preview:-1"},"canonical":"https:\/\/www.gaveanews.com\/index.php\/2022\/11\/08\/empresario-de-dorival-junior-ira-ate-o-rio-de-janeiro-para-acertar-a-renovacao-do-treinador\/","og_locale":"pt_BR","og_type":"article","og_title":"Empres\u00e1rio de Dorival J\u00fanior ir\u00e1 at\u00e9 o Rio de Janeiro para acertar a renova\u00e7\u00e3o do treinador","og_description":"A temporada do futebol brasileiro vai chegando na reta final e o torcedor do Flamengo tem motivos para comemorar, ap\u00f3s um in\u00edcio turbulento com Paulo Sousa, o Mais Querido voltou aos trilhos. Isso se deve a chegada de Dorival J\u00fanior, que conseguiu fazer os jogadores recuperarem a confian\u00e7a para desempenhar um grande futebol. A cereja [&hellip;]","og_url":"https:\/\/www.gaveanews.com\/index.php\/2022\/11\/08\/empresario-de-dorival-junior-ira-ate-o-rio-de-janeiro-para-acertar-a-renovacao-do-treinador\/","og_site_name":"G\u00e1vea News","article_publisher":"https:\/\/facebook.com\/gaveaNews\/","article_published_time":"2022-11-08T03:16:10+00:00","article_modified_time":"2022-11-08T03:16:12+00:00","og_image":[{"width":800,"height":533,"url":"https:\/\/www.gaveanews.com\/wp-content\/uploads\/Dorival-Junior-na-final-da-Copa-do-Brasil-entre-Flamengo-e-Corinthians.webp","type":"image\/jpeg"}],"author":"Equipe G\u00e1vea News","twitter_card":"summary_large_image","twitter_misc":{"Escrito por":"Equipe G\u00e1vea News","Est. tempo de leitura":"2 minutos"},"schema":{"@context":"https:\/\/schema.org","@graph":[{"@type":"NewsArticle","@id":"https:\/\/www.gaveanews.com\/index.php\/2022\/11\/08\/empresario-de-dorival-junior-ira-ate-o-rio-de-janeiro-para-acertar-a-renovacao-do-treinador\/#article","isPartOf":{"@id":"https:\/\/www.gaveanews.com\/index.php\/2022\/11\/08\/empresario-de-dorival-junior-ira-ate-o-rio-de-janeiro-para-acertar-a-renovacao-do-treinador\/"},"author":{"name":"Equipe G\u00e1vea News","@id":"https:\/\/www.gaveanews.com\/#\/schema\/person\/2ec14f73fb96be2caf28f91afb14749d"},"headline":"Empres\u00e1rio de Dorival J\u00fanior ir\u00e1 at\u00e9 o Rio de Janeiro para acertar a renova\u00e7\u00e3o do treinador","datePublished":"2022-11-08T03:16:10+00:00","dateModified":"2022-11-08T03:16:12+00:00","mainEntityOfPage":{"@id":"https:\/\/www.gaveanews.com\/index.php\/2022\/11\/08\/empresario-de-dorival-junior-ira-ate-o-rio-de-janeiro-para-acertar-a-renovacao-do-treinador\/"},"wordCount":221,"commentCount":0,"image":{"@id":"https:\/\/www.gaveanews.com\/index.php\/2022\/11\/08\/empresario-de-dorival-junior-ira-ate-o-rio-de-janeiro-para-acertar-a-renovacao-do-treinador\/#primaryimage"},"thumbnailUrl":"https:\/\/www.gaveanews.com\/wp-content\/uploads\/Dorival-Junior-na-final-da-Copa-do-Brasil-entre-Flamengo-e-Corinthians.webp","articleSection":["Flamengo"],"inLanguage":"pt-BR","potentialAction":[{"@type":"CommentAction","name":"Comment","target":["https:\/\/www.gaveanews.com\/index.php\/2022\/11\/08\/empresario-de-dorival-junior-ira-ate-o-rio-de-janeiro-para-acertar-a-renovacao-do-treinador\/#respond"]}],"copyrightYear":"2022","copyrightHolder":{"@id":"https:\/\/www.gaveanews.com\/#organization"}},{"@type":"WebPage","@id":"https:\/\/www.gaveanews.com\/index.php\/2022\/11\/08\/empresario-de-dorival-junior-ira-ate-o-rio-de-janeiro-para-acertar-a-renovacao-do-treinador\/","url":"https:\/\/www.gaveanews.com\/index.php\/2022\/11\/08\/empresario-de-dorival-junior-ira-ate-o-rio-de-janeiro-para-acertar-a-renovacao-do-treinador\/","name":"Empres\u00e1rio de Dorival J\u00fanior ir\u00e1 at\u00e9 o Rio de Janeiro para acertar a renova\u00e7\u00e3o do treinador","isPartOf":{"@id":"https:\/\/www.gaveanews.com\/#website"},"primaryImageOfPage":{"@id":"https:\/\/www.gaveanews.com\/index.php\/2022\/11\/08\/empresario-de-dorival-junior-ira-ate-o-rio-de-janeiro-para-acertar-a-renovacao-do-treinador\/#primaryimage"},"image":{"@id":"https:\/\/www.gaveanews.com\/index.php\/2022\/11\/08\/empresario-de-dorival-junior-ira-ate-o-rio-de-janeiro-para-acertar-a-renovacao-do-treinador\/#primaryimage"},"thumbnailUrl":"https:\/\/www.gaveanews.com\/wp-content\/uploads\/Dorival-Junior-na-final-da-Copa-do-Brasil-entre-Flamengo-e-Corinthians.webp","datePublished":"2022-11-08T03:16:10+00:00","dateModified":"2022-11-08T03:16:12+00:00","author":{"@id":"https:\/\/www.gaveanews.com\/#\/schema\/person\/2ec14f73fb96be2caf28f91afb14749d"},"breadcrumb":{"@id":"https:\/\/www.gaveanews.com\/index.php\/2022\/11\/08\/empresario-de-dorival-junior-ira-ate-o-rio-de-janeiro-para-acertar-a-renovacao-do-treinador\/#breadcrumb"},"inLanguage":"pt-BR","potentialAction":[{"@type":"ReadAction","target":["https:\/\/www.gaveanews.com\/index.php\/2022\/11\/08\/empresario-de-dorival-junior-ira-ate-o-rio-de-janeiro-para-acertar-a-renovacao-do-treinador\/"]}]},{"@type":"ImageObject","inLanguage":"pt-BR","@id":"https:\/\/www.gaveanews.com\/index.php\/2022\/11\/08\/empresario-de-dorival-junior-ira-ate-o-rio-de-janeiro-para-acertar-a-renovacao-do-treinador\/#primaryimage","url":"https:\/\/www.gaveanews.com\/wp-content\/uploads\/Dorival-Junior-na-final-da-Copa-do-Brasil-entre-Flamengo-e-Corinthians.webp","contentUrl":"https:\/\/www.gaveanews.com\/wp-content\/uploads\/Dorival-Junior-na-final-da-Copa-do-Brasil-entre-Flamengo-e-Corinthians.webp","width":800,"height":533,"caption":"Dorival J\u00fanior na final da Copa do Brasil entre Flamengo e Corinthians (Foto: Marcelo Cortes\/Flamengo)"},{"@type":"BreadcrumbList","@id":"https:\/\/www.gaveanews.com\/index.php\/2022\/11\/08\/empresario-de-dorival-junior-ira-ate-o-rio-de-janeiro-para-acertar-a-renovacao-do-treinador\/#breadcrumb","itemListElement":[{"@type":"ListItem","position":1,"name":"Home","item":"https:\/\/www.gaveanews.com\/"},{"@type":"ListItem","position":2,"name":"Empres\u00e1rio de Dorival J\u00fanior ir\u00e1 at\u00e9 o Rio de Janeiro para acertar a renova\u00e7\u00e3o do treinador"}]},{"@type":"WebSite","@id":"https:\/\/www.gaveanews.com\/#website","url":"https:\/\/www.gaveanews.com\/","name":"G\u00e1vea News","description":"Veja todas as not\u00edcias sobre o Flamengo: Contrata\u00e7\u00f5es, categorias de base, resultados das partidas, tabela de classifica\u00e7\u00e3o, pr\u00f3ximos jogos!","potentialAction":[{"@type":"SearchAction","target":{"@type":"EntryPoint","urlTemplate":"https:\/\/www.gaveanews.com\/?s={search_term_string}"},"query-input":{"@type":"PropertyValueSpecification","valueRequired":true,"valueName":"search_term_string"}}],"inLanguage":"pt-BR"},{"@type":"Person","@id":"https:\/\/www.gaveanews.com\/#\/schema\/person\/2ec14f73fb96be2caf28f91afb14749d","name":"Equipe G\u00e1vea News","image":{"@type":"ImageObject","inLanguage":"pt-BR","@id":"https:\/\/www.gaveanews.com\/#\/schema\/person\/image\/","url":"https:\/\/secure.gravatar.com\/avatar\/1e1956f1facbffd3f8fa53a326721950116b3b9dc9bd44939c01180fd4a745a9?s=96&d=mm&r=g","contentUrl":"https:\/\/secure.gravatar.com\/avatar\/1e1956f1facbffd3f8fa53a326721950116b3b9dc9bd44939c01180fd4a745a9?s=96&d=mm&r=g","caption":"Equipe G\u00e1vea News"}}]}},"_links":{"self":[{"href":"https:\/\/www.gaveanews.com\/index.php\/wp-json\/wp\/v2\/posts\/90303","targetHints":{"allow":["GET"]}}],"collection":[{"href":"https:\/\/www.gaveanews.com\/index.php\/wp-json\/wp\/v2\/posts"}],"about":[{"href":"https:\/\/www.gaveanews.com\/index.php\/wp-json\/wp\/v2\/types\/post"}],"author":[{"embeddable":true,"href":"https:\/\/www.gaveanews.com\/index.php\/wp-json\/wp\/v2\/users\/1"}],"replies":[{"embeddable":true,"href":"https:\/\/www.gaveanews.com\/index.php\/wp-json\/wp\/v2\/comments?post=90303"}],"version-history":[{"count":0,"href":"https:\/\/www.gaveanews.com\/index.php\/wp-json\/wp\/v2\/posts\/90303\/revisions"}],"wp:featuredmedia":[{"embeddable":true,"href":"https:\/\/www.gaveanews.com\/index.php\/wp-json\/wp\/v2\/media\/88908"}],"wp:attachment":[{"href":"https:\/\/www.gaveanews.com\/index.php\/wp-json\/wp\/v2\/media?parent=90303"}],"wp:term":[{"taxonomy":"category","embeddable":true,"href":"https:\/\/www.gaveanews.com\/index.php\/wp-json\/wp\/v2\/categories?post=90303"},{"taxonomy":"post_tag","embeddable":true,"href":"https:\/\/www.gaveanews.com\/index.php\/wp-json\/wp\/v2\/tags?post=90303"}],"curies":[{"name":"wp","href":"https:\/\/api.w.org\/{rel}","templated":true}]}}