{"id":90309,"date":"2022-11-08T01:36:52","date_gmt":"2022-11-08T04:36:52","guid":{"rendered":"https:\/\/www.gaveanews.com\/?p=90309"},"modified":"2022-11-08T02:01:33","modified_gmt":"2022-11-08T05:01:33","slug":"meia-do-flamengo-everton-ribeiro-revela-o-que-facilitou-a-sua-convocacao-para-a-copa-do-mundo","status":"publish","type":"post","link":"https:\/\/www.gaveanews.com\/index.php\/2022\/11\/08\/meia-do-flamengo-everton-ribeiro-revela-o-que-facilitou-a-sua-convocacao-para-a-copa-do-mundo\/","title":{"rendered":"Meia do Flamengo, Everton Ribeiro revela o que facilitou a sua convoca\u00e7\u00e3o para a Copa do Mundo"},"content":{"rendered":"\n<p>Everton Ribeiro foi convocado nesta segunda-feira (7), pelo t\u00e9cnico Tite, para disputar a Copa do Mundo do Catar. O jogador vestir\u00e1 a camisa 26 da amarelinha e revelou que estava ansioso para lista, em entrevista para o SporTV.<\/p>\n\n\n\n<p>No ciclo atual, o \u201cMiteiro\u201d como \u00e9 chamado pela torcida do Flamengo, somou oito convoca\u00e7\u00f5es O meia atuou em 15 partidas, marcando tr\u00eas gols e contribuindo com uma assist\u00eancia. Mesmo assim, o meia revelou medo de n\u00e3o ir \u00e0 Copa do Mundo no in\u00edcio do ano.<\/p>\n\n\n\n<p><em>\u2014 Come\u00e7o do ano eu fui convocado, e depois fiquei duas convoca\u00e7\u00f5es fora. Me deu medo, sabia que seria dif\u00edcil voltar, cada vez todo mundo que estava ali na frente estava bem, e eu sabia que eu teria que melhorar, fazer o m\u00e1ximo no Flamengo pra poder voltar a ser convocado. Quando fui convocado na pen\u00faltima convoca\u00e7\u00e3o, eu estava muito confiante porque estava num grande momento, tinha duas finais pela frente, que dependia do que eu faria nessas finais para ter grandes chances de ser convocado. Fiz o meu melhor no Flamengo, fomos campe\u00f5es. A expectativa era boa, mas a ansiedade de n\u00e3o saber era grande tamb\u00e9m. Estou muito feliz<\/em> \u2013 disse Everton Ribeiro em entrevista ao Sele\u00e7\u00e3o SporTV.<\/p>\n\n\n\n<p>O capit\u00e3o do Meng\u00e3o revelou o que facilitou sua convoca\u00e7\u00e3o foi a sua mudan\u00e7a de posicionamento jogando pelo seu clube. De acordo com Everton Ribeiro, o auxiliar Cleber Xavier explicou para ele qual seria a fun\u00e7\u00e3o dele na Sele\u00e7\u00e3o.<\/p>\n\n\n\n<p><em>\u2014 Ele me explicou onde eu ia jogar, ele falou que eu ia fazer mais essa fun\u00e7\u00e3o como terceiro homem de meio de campo, depois fechando, muito pelo que eu estou fazendo no Flamengo, ele conversou com o Dorival antes, ent\u00e3o acho que essa mudan\u00e7a de proposta no Flamengo que a gente teve, me deu essa oportunidade de jogar por dentro, que onde eu mais gosto, e a equipe muito bem, fez crescer meu futebol e minha oportunidade de chegar na Sele\u00e7\u00e3o<\/em>, disse o jogador em entrevista.<\/p>\n\n\n\n<p>Na temporada 2022, o meia conquistou a Libertadores da Am\u00e9rica e Copa do Brasil pelo Flamengo. Al\u00e9m dele, Pedro tamb\u00e9m foi convocado para defender a Sele\u00e7\u00e3o. As crias do Ninho, Paquet\u00e1 e Vinicius Junior, tamb\u00e9m estar\u00e3o presentes no Catar.<\/p>\n\n\n\n<p>Retirado de: Torcedores<\/p>\n","protected":false},"excerpt":{"rendered":"<p>Everton Ribeiro foi convocado nesta segunda-feira (7), pelo t\u00e9cnico Tite, para disputar a Copa do Mundo do Catar. O jogador vestir\u00e1 a camisa 26 da amarelinha e revelou que estava ansioso para lista, em entrevista para o SporTV. No ciclo atual, o \u201cMiteiro\u201d como \u00e9 chamado pela torcida do Flamengo, somou oito convoca\u00e7\u00f5es O meia [&hellip;]<\/p>\n","protected":false},"author":1,"featured_media":87198,"comment_status":"open","ping_status":"closed","sticky":false,"template":"","format":"standard","meta":{"footnotes":""},"categories":[1],"tags":[],"class_list":["post-90309","post","type-post","status-publish","format-standard","has-post-thumbnail","hentry","category-flamengo"],"yoast_head":"<!-- This site is optimized with the Yoast SEO Premium plugin v24.2 (Yoast SEO v26.9) - https:\/\/yoast.com\/product\/yoast-seo-premium-wordpress\/ -->\n<title>Meia do Flamengo, Everton Ribeiro revela o que facilitou a sua convoca\u00e7\u00e3o para a Copa do Mundo<\/title>\n<meta name=\"robots\" content=\"index, follow, max-snippet:-1, max-image-preview:large, max-video-preview:-1\" \/>\n<link rel=\"canonical\" href=\"https:\/\/www.gaveanews.com\/index.php\/2022\/11\/08\/meia-do-flamengo-everton-ribeiro-revela-o-que-facilitou-a-sua-convocacao-para-a-copa-do-mundo\/\" \/>\n<meta property=\"og:locale\" content=\"pt_BR\" \/>\n<meta property=\"og:type\" content=\"article\" \/>\n<meta property=\"og:title\" content=\"Meia do Flamengo, Everton Ribeiro revela o que facilitou a sua convoca\u00e7\u00e3o para a Copa do Mundo\" \/>\n<meta property=\"og:description\" content=\"Everton Ribeiro foi convocado nesta segunda-feira (7), pelo t\u00e9cnico Tite, para disputar a Copa do Mundo do Catar. O jogador vestir\u00e1 a camisa 26 da amarelinha e revelou que estava ansioso para lista, em entrevista para o SporTV. No ciclo atual, o \u201cMiteiro\u201d como \u00e9 chamado pela torcida do Flamengo, somou oito convoca\u00e7\u00f5es O meia [&hellip;]\" \/>\n<meta property=\"og:url\" content=\"https:\/\/www.gaveanews.com\/index.php\/2022\/11\/08\/meia-do-flamengo-everton-ribeiro-revela-o-que-facilitou-a-sua-convocacao-para-a-copa-do-mundo\/\" \/>\n<meta property=\"og:site_name\" content=\"G\u00e1vea News\" \/>\n<meta property=\"article:publisher\" content=\"https:\/\/facebook.com\/gaveaNews\/\" \/>\n<meta property=\"article:published_time\" content=\"2022-11-08T04:36:52+00:00\" \/>\n<meta property=\"article:modified_time\" content=\"2022-11-08T05:01:33+00:00\" \/>\n<meta property=\"og:image\" content=\"https:\/\/www.gaveanews.com\/wp-content\/uploads\/Everton-Ribeiro-no-jogo-do-Flamengo-contra-o-Goias.webp\" \/>\n\t<meta property=\"og:image:width\" content=\"799\" \/>\n\t<meta property=\"og:image:height\" content=\"533\" \/>\n\t<meta property=\"og:image:type\" content=\"image\/jpeg\" \/>\n<meta name=\"author\" content=\"Equipe G\u00e1vea News\" \/>\n<meta name=\"twitter:card\" content=\"summary_large_image\" \/>\n<meta name=\"twitter:label1\" content=\"Escrito por\" \/>\n\t<meta name=\"twitter:data1\" content=\"Equipe G\u00e1vea News\" \/>\n\t<meta name=\"twitter:label2\" content=\"Est. tempo de leitura\" \/>\n\t<meta name=\"twitter:data2\" content=\"3 minutos\" \/>\n<script type=\"application\/ld+json\" class=\"yoast-schema-graph\">{\"@context\":\"https:\/\/schema.org\",\"@graph\":[{\"@type\":\"NewsArticle\",\"@id\":\"https:\/\/www.gaveanews.com\/index.php\/2022\/11\/08\/meia-do-flamengo-everton-ribeiro-revela-o-que-facilitou-a-sua-convocacao-para-a-copa-do-mundo\/#article\",\"isPartOf\":{\"@id\":\"https:\/\/www.gaveanews.com\/index.php\/2022\/11\/08\/meia-do-flamengo-everton-ribeiro-revela-o-que-facilitou-a-sua-convocacao-para-a-copa-do-mundo\/\"},\"author\":{\"name\":\"Equipe G\u00e1vea News\",\"@id\":\"https:\/\/www.gaveanews.com\/#\/schema\/person\/2ec14f73fb96be2caf28f91afb14749d\"},\"headline\":\"Meia do Flamengo, Everton Ribeiro revela o que facilitou a sua convoca\u00e7\u00e3o para a Copa do Mundo\",\"datePublished\":\"2022-11-08T04:36:52+00:00\",\"dateModified\":\"2022-11-08T05:01:33+00:00\",\"mainEntityOfPage\":{\"@id\":\"https:\/\/www.gaveanews.com\/index.php\/2022\/11\/08\/meia-do-flamengo-everton-ribeiro-revela-o-que-facilitou-a-sua-convocacao-para-a-copa-do-mundo\/\"},\"wordCount\":412,\"commentCount\":0,\"image\":{\"@id\":\"https:\/\/www.gaveanews.com\/index.php\/2022\/11\/08\/meia-do-flamengo-everton-ribeiro-revela-o-que-facilitou-a-sua-convocacao-para-a-copa-do-mundo\/#primaryimage\"},\"thumbnailUrl\":\"https:\/\/www.gaveanews.com\/wp-content\/uploads\/Everton-Ribeiro-no-jogo-do-Flamengo-contra-o-Goias.webp\",\"articleSection\":[\"Flamengo\"],\"inLanguage\":\"pt-BR\",\"potentialAction\":[{\"@type\":\"CommentAction\",\"name\":\"Comment\",\"target\":[\"https:\/\/www.gaveanews.com\/index.php\/2022\/11\/08\/meia-do-flamengo-everton-ribeiro-revela-o-que-facilitou-a-sua-convocacao-para-a-copa-do-mundo\/#respond\"]}],\"copyrightYear\":\"2022\",\"copyrightHolder\":{\"@id\":\"https:\/\/www.gaveanews.com\/#organization\"}},{\"@type\":\"WebPage\",\"@id\":\"https:\/\/www.gaveanews.com\/index.php\/2022\/11\/08\/meia-do-flamengo-everton-ribeiro-revela-o-que-facilitou-a-sua-convocacao-para-a-copa-do-mundo\/\",\"url\":\"https:\/\/www.gaveanews.com\/index.php\/2022\/11\/08\/meia-do-flamengo-everton-ribeiro-revela-o-que-facilitou-a-sua-convocacao-para-a-copa-do-mundo\/\",\"name\":\"Meia do Flamengo, Everton Ribeiro revela o que facilitou a sua convoca\u00e7\u00e3o para a Copa do Mundo\",\"isPartOf\":{\"@id\":\"https:\/\/www.gaveanews.com\/#website\"},\"primaryImageOfPage\":{\"@id\":\"https:\/\/www.gaveanews.com\/index.php\/2022\/11\/08\/meia-do-flamengo-everton-ribeiro-revela-o-que-facilitou-a-sua-convocacao-para-a-copa-do-mundo\/#primaryimage\"},\"image\":{\"@id\":\"https:\/\/www.gaveanews.com\/index.php\/2022\/11\/08\/meia-do-flamengo-everton-ribeiro-revela-o-que-facilitou-a-sua-convocacao-para-a-copa-do-mundo\/#primaryimage\"},\"thumbnailUrl\":\"https:\/\/www.gaveanews.com\/wp-content\/uploads\/Everton-Ribeiro-no-jogo-do-Flamengo-contra-o-Goias.webp\",\"datePublished\":\"2022-11-08T04:36:52+00:00\",\"dateModified\":\"2022-11-08T05:01:33+00:00\",\"author\":{\"@id\":\"https:\/\/www.gaveanews.com\/#\/schema\/person\/2ec14f73fb96be2caf28f91afb14749d\"},\"breadcrumb\":{\"@id\":\"https:\/\/www.gaveanews.com\/index.php\/2022\/11\/08\/meia-do-flamengo-everton-ribeiro-revela-o-que-facilitou-a-sua-convocacao-para-a-copa-do-mundo\/#breadcrumb\"},\"inLanguage\":\"pt-BR\",\"potentialAction\":[{\"@type\":\"ReadAction\",\"target\":[\"https:\/\/www.gaveanews.com\/index.php\/2022\/11\/08\/meia-do-flamengo-everton-ribeiro-revela-o-que-facilitou-a-sua-convocacao-para-a-copa-do-mundo\/\"]}]},{\"@type\":\"ImageObject\",\"inLanguage\":\"pt-BR\",\"@id\":\"https:\/\/www.gaveanews.com\/index.php\/2022\/11\/08\/meia-do-flamengo-everton-ribeiro-revela-o-que-facilitou-a-sua-convocacao-para-a-copa-do-mundo\/#primaryimage\",\"url\":\"https:\/\/www.gaveanews.com\/wp-content\/uploads\/Everton-Ribeiro-no-jogo-do-Flamengo-contra-o-Goias.webp\",\"contentUrl\":\"https:\/\/www.gaveanews.com\/wp-content\/uploads\/Everton-Ribeiro-no-jogo-do-Flamengo-contra-o-Goias.webp\",\"width\":799,\"height\":533},{\"@type\":\"BreadcrumbList\",\"@id\":\"https:\/\/www.gaveanews.com\/index.php\/2022\/11\/08\/meia-do-flamengo-everton-ribeiro-revela-o-que-facilitou-a-sua-convocacao-para-a-copa-do-mundo\/#breadcrumb\",\"itemListElement\":[{\"@type\":\"ListItem\",\"position\":1,\"name\":\"Home\",\"item\":\"https:\/\/www.gaveanews.com\/\"},{\"@type\":\"ListItem\",\"position\":2,\"name\":\"Meia do Flamengo, Everton Ribeiro revela o que facilitou a sua convoca\u00e7\u00e3o para a Copa do Mundo\"}]},{\"@type\":\"WebSite\",\"@id\":\"https:\/\/www.gaveanews.com\/#website\",\"url\":\"https:\/\/www.gaveanews.com\/\",\"name\":\"G\u00e1vea News\",\"description\":\"Veja todas as not\u00edcias sobre o Flamengo: Contrata\u00e7\u00f5es, categorias de base, resultados das partidas, tabela de classifica\u00e7\u00e3o, pr\u00f3ximos jogos!\",\"potentialAction\":[{\"@type\":\"SearchAction\",\"target\":{\"@type\":\"EntryPoint\",\"urlTemplate\":\"https:\/\/www.gaveanews.com\/?s={search_term_string}\"},\"query-input\":{\"@type\":\"PropertyValueSpecification\",\"valueRequired\":true,\"valueName\":\"search_term_string\"}}],\"inLanguage\":\"pt-BR\"},{\"@type\":\"Person\",\"@id\":\"https:\/\/www.gaveanews.com\/#\/schema\/person\/2ec14f73fb96be2caf28f91afb14749d\",\"name\":\"Equipe G\u00e1vea News\",\"image\":{\"@type\":\"ImageObject\",\"inLanguage\":\"pt-BR\",\"@id\":\"https:\/\/www.gaveanews.com\/#\/schema\/person\/image\/\",\"url\":\"https:\/\/secure.gravatar.com\/avatar\/1e1956f1facbffd3f8fa53a326721950116b3b9dc9bd44939c01180fd4a745a9?s=96&d=mm&r=g\",\"contentUrl\":\"https:\/\/secure.gravatar.com\/avatar\/1e1956f1facbffd3f8fa53a326721950116b3b9dc9bd44939c01180fd4a745a9?s=96&d=mm&r=g\",\"caption\":\"Equipe G\u00e1vea News\"}}]}<\/script>\n<!-- \/ Yoast SEO Premium plugin. -->","yoast_head_json":{"title":"Meia do Flamengo, Everton Ribeiro revela o que facilitou a sua convoca\u00e7\u00e3o para a Copa do Mundo","robots":{"index":"index","follow":"follow","max-snippet":"max-snippet:-1","max-image-preview":"max-image-preview:large","max-video-preview":"max-video-preview:-1"},"canonical":"https:\/\/www.gaveanews.com\/index.php\/2022\/11\/08\/meia-do-flamengo-everton-ribeiro-revela-o-que-facilitou-a-sua-convocacao-para-a-copa-do-mundo\/","og_locale":"pt_BR","og_type":"article","og_title":"Meia do Flamengo, Everton Ribeiro revela o que facilitou a sua convoca\u00e7\u00e3o para a Copa do Mundo","og_description":"Everton Ribeiro foi convocado nesta segunda-feira (7), pelo t\u00e9cnico Tite, para disputar a Copa do Mundo do Catar. O jogador vestir\u00e1 a camisa 26 da amarelinha e revelou que estava ansioso para lista, em entrevista para o SporTV. No ciclo atual, o \u201cMiteiro\u201d como \u00e9 chamado pela torcida do Flamengo, somou oito convoca\u00e7\u00f5es O meia [&hellip;]","og_url":"https:\/\/www.gaveanews.com\/index.php\/2022\/11\/08\/meia-do-flamengo-everton-ribeiro-revela-o-que-facilitou-a-sua-convocacao-para-a-copa-do-mundo\/","og_site_name":"G\u00e1vea News","article_publisher":"https:\/\/facebook.com\/gaveaNews\/","article_published_time":"2022-11-08T04:36:52+00:00","article_modified_time":"2022-11-08T05:01:33+00:00","og_image":[{"width":799,"height":533,"url":"https:\/\/www.gaveanews.com\/wp-content\/uploads\/Everton-Ribeiro-no-jogo-do-Flamengo-contra-o-Goias.webp","type":"image\/jpeg"}],"author":"Equipe G\u00e1vea News","twitter_card":"summary_large_image","twitter_misc":{"Escrito por":"Equipe G\u00e1vea News","Est. tempo de leitura":"3 minutos"},"schema":{"@context":"https:\/\/schema.org","@graph":[{"@type":"NewsArticle","@id":"https:\/\/www.gaveanews.com\/index.php\/2022\/11\/08\/meia-do-flamengo-everton-ribeiro-revela-o-que-facilitou-a-sua-convocacao-para-a-copa-do-mundo\/#article","isPartOf":{"@id":"https:\/\/www.gaveanews.com\/index.php\/2022\/11\/08\/meia-do-flamengo-everton-ribeiro-revela-o-que-facilitou-a-sua-convocacao-para-a-copa-do-mundo\/"},"author":{"name":"Equipe G\u00e1vea News","@id":"https:\/\/www.gaveanews.com\/#\/schema\/person\/2ec14f73fb96be2caf28f91afb14749d"},"headline":"Meia do Flamengo, Everton Ribeiro revela o que facilitou a sua convoca\u00e7\u00e3o para a Copa do Mundo","datePublished":"2022-11-08T04:36:52+00:00","dateModified":"2022-11-08T05:01:33+00:00","mainEntityOfPage":{"@id":"https:\/\/www.gaveanews.com\/index.php\/2022\/11\/08\/meia-do-flamengo-everton-ribeiro-revela-o-que-facilitou-a-sua-convocacao-para-a-copa-do-mundo\/"},"wordCount":412,"commentCount":0,"image":{"@id":"https:\/\/www.gaveanews.com\/index.php\/2022\/11\/08\/meia-do-flamengo-everton-ribeiro-revela-o-que-facilitou-a-sua-convocacao-para-a-copa-do-mundo\/#primaryimage"},"thumbnailUrl":"https:\/\/www.gaveanews.com\/wp-content\/uploads\/Everton-Ribeiro-no-jogo-do-Flamengo-contra-o-Goias.webp","articleSection":["Flamengo"],"inLanguage":"pt-BR","potentialAction":[{"@type":"CommentAction","name":"Comment","target":["https:\/\/www.gaveanews.com\/index.php\/2022\/11\/08\/meia-do-flamengo-everton-ribeiro-revela-o-que-facilitou-a-sua-convocacao-para-a-copa-do-mundo\/#respond"]}],"copyrightYear":"2022","copyrightHolder":{"@id":"https:\/\/www.gaveanews.com\/#organization"}},{"@type":"WebPage","@id":"https:\/\/www.gaveanews.com\/index.php\/2022\/11\/08\/meia-do-flamengo-everton-ribeiro-revela-o-que-facilitou-a-sua-convocacao-para-a-copa-do-mundo\/","url":"https:\/\/www.gaveanews.com\/index.php\/2022\/11\/08\/meia-do-flamengo-everton-ribeiro-revela-o-que-facilitou-a-sua-convocacao-para-a-copa-do-mundo\/","name":"Meia do Flamengo, Everton Ribeiro revela o que facilitou a sua convoca\u00e7\u00e3o para a Copa do Mundo","isPartOf":{"@id":"https:\/\/www.gaveanews.com\/#website"},"primaryImageOfPage":{"@id":"https:\/\/www.gaveanews.com\/index.php\/2022\/11\/08\/meia-do-flamengo-everton-ribeiro-revela-o-que-facilitou-a-sua-convocacao-para-a-copa-do-mundo\/#primaryimage"},"image":{"@id":"https:\/\/www.gaveanews.com\/index.php\/2022\/11\/08\/meia-do-flamengo-everton-ribeiro-revela-o-que-facilitou-a-sua-convocacao-para-a-copa-do-mundo\/#primaryimage"},"thumbnailUrl":"https:\/\/www.gaveanews.com\/wp-content\/uploads\/Everton-Ribeiro-no-jogo-do-Flamengo-contra-o-Goias.webp","datePublished":"2022-11-08T04:36:52+00:00","dateModified":"2022-11-08T05:01:33+00:00","author":{"@id":"https:\/\/www.gaveanews.com\/#\/schema\/person\/2ec14f73fb96be2caf28f91afb14749d"},"breadcrumb":{"@id":"https:\/\/www.gaveanews.com\/index.php\/2022\/11\/08\/meia-do-flamengo-everton-ribeiro-revela-o-que-facilitou-a-sua-convocacao-para-a-copa-do-mundo\/#breadcrumb"},"inLanguage":"pt-BR","potentialAction":[{"@type":"ReadAction","target":["https:\/\/www.gaveanews.com\/index.php\/2022\/11\/08\/meia-do-flamengo-everton-ribeiro-revela-o-que-facilitou-a-sua-convocacao-para-a-copa-do-mundo\/"]}]},{"@type":"ImageObject","inLanguage":"pt-BR","@id":"https:\/\/www.gaveanews.com\/index.php\/2022\/11\/08\/meia-do-flamengo-everton-ribeiro-revela-o-que-facilitou-a-sua-convocacao-para-a-copa-do-mundo\/#primaryimage","url":"https:\/\/www.gaveanews.com\/wp-content\/uploads\/Everton-Ribeiro-no-jogo-do-Flamengo-contra-o-Goias.webp","contentUrl":"https:\/\/www.gaveanews.com\/wp-content\/uploads\/Everton-Ribeiro-no-jogo-do-Flamengo-contra-o-Goias.webp","width":799,"height":533},{"@type":"BreadcrumbList","@id":"https:\/\/www.gaveanews.com\/index.php\/2022\/11\/08\/meia-do-flamengo-everton-ribeiro-revela-o-que-facilitou-a-sua-convocacao-para-a-copa-do-mundo\/#breadcrumb","itemListElement":[{"@type":"ListItem","position":1,"name":"Home","item":"https:\/\/www.gaveanews.com\/"},{"@type":"ListItem","position":2,"name":"Meia do Flamengo, Everton Ribeiro revela o que facilitou a sua convoca\u00e7\u00e3o para a Copa do Mundo"}]},{"@type":"WebSite","@id":"https:\/\/www.gaveanews.com\/#website","url":"https:\/\/www.gaveanews.com\/","name":"G\u00e1vea News","description":"Veja todas as not\u00edcias sobre o Flamengo: Contrata\u00e7\u00f5es, categorias de base, resultados das partidas, tabela de classifica\u00e7\u00e3o, pr\u00f3ximos jogos!","potentialAction":[{"@type":"SearchAction","target":{"@type":"EntryPoint","urlTemplate":"https:\/\/www.gaveanews.com\/?s={search_term_string}"},"query-input":{"@type":"PropertyValueSpecification","valueRequired":true,"valueName":"search_term_string"}}],"inLanguage":"pt-BR"},{"@type":"Person","@id":"https:\/\/www.gaveanews.com\/#\/schema\/person\/2ec14f73fb96be2caf28f91afb14749d","name":"Equipe G\u00e1vea News","image":{"@type":"ImageObject","inLanguage":"pt-BR","@id":"https:\/\/www.gaveanews.com\/#\/schema\/person\/image\/","url":"https:\/\/secure.gravatar.com\/avatar\/1e1956f1facbffd3f8fa53a326721950116b3b9dc9bd44939c01180fd4a745a9?s=96&d=mm&r=g","contentUrl":"https:\/\/secure.gravatar.com\/avatar\/1e1956f1facbffd3f8fa53a326721950116b3b9dc9bd44939c01180fd4a745a9?s=96&d=mm&r=g","caption":"Equipe G\u00e1vea News"}}]}},"_links":{"self":[{"href":"https:\/\/www.gaveanews.com\/index.php\/wp-json\/wp\/v2\/posts\/90309","targetHints":{"allow":["GET"]}}],"collection":[{"href":"https:\/\/www.gaveanews.com\/index.php\/wp-json\/wp\/v2\/posts"}],"about":[{"href":"https:\/\/www.gaveanews.com\/index.php\/wp-json\/wp\/v2\/types\/post"}],"author":[{"embeddable":true,"href":"https:\/\/www.gaveanews.com\/index.php\/wp-json\/wp\/v2\/users\/1"}],"replies":[{"embeddable":true,"href":"https:\/\/www.gaveanews.com\/index.php\/wp-json\/wp\/v2\/comments?post=90309"}],"version-history":[{"count":0,"href":"https:\/\/www.gaveanews.com\/index.php\/wp-json\/wp\/v2\/posts\/90309\/revisions"}],"wp:featuredmedia":[{"embeddable":true,"href":"https:\/\/www.gaveanews.com\/index.php\/wp-json\/wp\/v2\/media\/87198"}],"wp:attachment":[{"href":"https:\/\/www.gaveanews.com\/index.php\/wp-json\/wp\/v2\/media?parent=90309"}],"wp:term":[{"taxonomy":"category","embeddable":true,"href":"https:\/\/www.gaveanews.com\/index.php\/wp-json\/wp\/v2\/categories?post=90309"},{"taxonomy":"post_tag","embeddable":true,"href":"https:\/\/www.gaveanews.com\/index.php\/wp-json\/wp\/v2\/tags?post=90309"}],"curies":[{"name":"wp","href":"https:\/\/api.w.org\/{rel}","templated":true}]}}