{"id":90313,"date":"2022-11-08T07:22:46","date_gmt":"2022-11-08T10:22:46","guid":{"rendered":"https:\/\/www.gaveanews.com\/?p=90313"},"modified":"2022-11-08T07:22:49","modified_gmt":"2022-11-08T10:22:49","slug":"flamengo-soma-seis-jogadores-de-copa-do-mundo-no-elenco","status":"publish","type":"post","link":"https:\/\/www.gaveanews.com\/index.php\/2022\/11\/08\/flamengo-soma-seis-jogadores-de-copa-do-mundo-no-elenco\/","title":{"rendered":"Flamengo soma seis jogadores de Copa do Mundo no elenco"},"content":{"rendered":"\n<p>O Flamengo ser\u00e1 bem representado na Copa do Mundo do Qatar, que come\u00e7a a partir do dia 20 deste m\u00eas. O atacante Pedro e o meio-campo Everton Ribeiro foram dois dos 26 convocados de Tite para o grupo que disputa o Mundial, com final marcada para 18 de dezembro. A dupla se junta a outros quatro do elenco que j\u00e1 estiveram na competi\u00e7\u00e3o.<\/p>\n\n\n\n<p>Al\u00e9m de Everton e Pedro, David Luiz (2014), Filipe Lu\u00eds (2018), Vidal (2010 e 2014) e Arrascaeta (2018) j\u00e1 disputaram uma Copa no atual grupo rubro-negro. Vale lembrar que Varela est\u00e1 ainda machucado, mas integra a pr\u00e9-lista do Uruguai e tamb\u00e9m pode aparecer no Qatar.<\/p>\n\n\n\n<p>Ainda que n\u00e3o tenham participado de Copas, outros jogadores do grupo de 2022 do Flamengo tamb\u00e9m tiveram passagens por sele\u00e7\u00e3o, como Diego Alves, Santos, Rodrigo Caio, Diego Ribas, Erick Pulgar, Gabigol, Bruno Henrique e Everton Cebolinha, o que d\u00e1 a dimens\u00e3o do poderio do grupo campe\u00e3o da Copa do Brasil e da Libertadores.<\/p>\n\n\n\n<p>O Fla n\u00e3o tinha dois jogadores convocados para um Mundial desde 1998, quando J\u00fanior Baiano e Z\u00e9 Roberto foram chamados. Desde ent\u00e3o, Juninho Paulista, em 2002, e Kl\u00e9berson, em 2010, foram chamados enquanto eram atletas do Rubro-Negro. J\u00e1 em termos de gols, o \u00faltimo a marcar em Copas sendo atleta do Flamengo foi S\u00f3crates, em 1986. Ele anotou duas vezes naquela edi\u00e7\u00e3o.<\/p>\n\n\n\n<h2 class=\"wp-block-heading\" id=\"h-flamengo-empata-com-o-vasco\">Flamengo empata com o Vasco<\/h2>\n\n\n\n<p>Com os dois jogadores chamados, o Flamengo tamb\u00e9m atingiu uma marca importante: chegou a<a href=\"https:\/\/www.gaveanews.com\/index.php\/2022\/11\/08\/com-pedro-e-everton-ribeiro-flamengo-figura-dentre-os-clubes-que-mais-cederam-jogadores-para-o-brasil-disputar-a-copa-do-mundo-veja-o-ranking-completo\/\">\u00a035 convoca\u00e7\u00f5es<\/a>\u00a0pela Sele\u00e7\u00e3o para Copas do Mundo, empatando com o rival\u00a0Vasco. O Botafogo ainda lidera o ranking, com 47. Zico foi o \u00fanico a repetir o feito, ja que figurou em tr\u00eas edi\u00e7\u00f5es como rubro-negro.<\/p>\n\n\n\n<p>Das cinco copas conquistadas pelo Brasil at\u00e9 aqui, o Flamengo teve representantes em quatro. A \u00fanica sem algum nome foi a de 1962. Zagallo, Moacir, Joel e Dida venceram em 1958, Brito em 1970, Gilmar em 1994, e Juninho Paulista em 2002. O Fla \u00e9 o sexto clube brasileiro com mais campe\u00f5es mundiais.<\/p>\n\n\n\n<p>Zico \u00e9 o jogador do Flamengo que mais fez partidas em Copas, com quatorze jogos no total. Como Everton Ribeiro e Pedro s\u00e3o estreantes no torneio, n\u00e3o v\u00e3o chegar nem perto desse n\u00famero. Mas os dois podem aumentar o n\u00famero de gols cedidos por jogadores rubro-negros em um Mundial. Le\u00f4nidas da Silva fez sete, Zico marcou cinco, S\u00f3crates e Moderato anotaram dois cada, enquanto Junior e Zagallo tem um.<\/p>\n\n\n\n<p>Os mundialistas rubro-negros foram&nbsp;Benevenuto, Moderato, Domingos da Guia, Le\u00f4nidas da Silva, Walter, Bigode, Juvenal, Rubens, Dequinha, \u00cdndio, Dida, Joel, Moacir, Zagallo, Paulo Henrique, Silva, Brito, Paulo C\u00e9zar Caju, Renato, Toninho, Zico (3x), J\u00fanior, Leandro, S\u00f3crates, Renato Ga\u00facho, Z\u00e9 Carlos, Gilmar Rinaldi, J\u00fanior Baiano, Z\u00e9 Roberto, Juninho Paulista, Kl\u00e9berson, Pedro e Everton Ribeiro.<\/p>\n\n\n\n<h2 class=\"wp-block-heading\" id=\"h-o-brasil-na-copa-do-mundo\">O Brasil na Copa do Mundo<\/h2>\n\n\n\n<p>Na pr\u00f3xima segunda-feira (14), a sele\u00e7\u00e3o se apresenta em Turim, na It\u00e1lia, para iniciar os treinamentos antes de estrear na Copa. No dia 19, a delega\u00e7\u00e3o desembarca em Doha, j\u00e1 no Qatar, e faz os \u00faltimos treinamentos at\u00e9 o dia 23.<\/p>\n\n\n\n<p>A sele\u00e7\u00e3o estreia no grupo G contra a S\u00e9rvia no dia 24, \u00e0s 16h (de Bras\u00edlia), no Lusail Stadium. Os pr\u00f3ximos jogos da sele\u00e7\u00e3o na fase de grupos ser\u00e3o em 28 de novembro, \u00e0s 13h, contra a Su\u00ed\u00e7a, e em 2 de dezembro, \u00e0s 16h, contra Camar\u00f5es.<\/p>\n\n\n\n<p>Retirado de: UOL<\/p>\n","protected":false},"excerpt":{"rendered":"<p>O Flamengo ser\u00e1 bem representado na Copa do Mundo do Qatar, que come\u00e7a a partir do dia 20 deste m\u00eas. O atacante Pedro e o meio-campo Everton Ribeiro foram dois dos 26 convocados de Tite para o grupo que disputa o Mundial, com final marcada para 18 de dezembro. A dupla se junta a outros [&hellip;]<\/p>\n","protected":false},"author":1,"featured_media":67412,"comment_status":"open","ping_status":"closed","sticky":false,"template":"","format":"standard","meta":{"footnotes":""},"categories":[1],"tags":[],"class_list":["post-90313","post","type-post","status-publish","format-standard","has-post-thumbnail","hentry","category-flamengo"],"yoast_head":"<!-- This site is optimized with the Yoast SEO Premium plugin v24.2 (Yoast SEO v26.9) - https:\/\/yoast.com\/product\/yoast-seo-premium-wordpress\/ -->\n<title>Flamengo soma seis jogadores de Copa do Mundo no elenco<\/title>\n<meta name=\"robots\" content=\"index, follow, max-snippet:-1, max-image-preview:large, max-video-preview:-1\" \/>\n<link rel=\"canonical\" href=\"https:\/\/www.gaveanews.com\/index.php\/2022\/11\/08\/flamengo-soma-seis-jogadores-de-copa-do-mundo-no-elenco\/\" \/>\n<meta property=\"og:locale\" content=\"pt_BR\" \/>\n<meta property=\"og:type\" content=\"article\" \/>\n<meta property=\"og:title\" content=\"Flamengo soma seis jogadores de Copa do Mundo no elenco\" \/>\n<meta property=\"og:description\" content=\"O Flamengo ser\u00e1 bem representado na Copa do Mundo do Qatar, que come\u00e7a a partir do dia 20 deste m\u00eas. O atacante Pedro e o meio-campo Everton Ribeiro foram dois dos 26 convocados de Tite para o grupo que disputa o Mundial, com final marcada para 18 de dezembro. A dupla se junta a outros [&hellip;]\" \/>\n<meta property=\"og:url\" content=\"https:\/\/www.gaveanews.com\/index.php\/2022\/11\/08\/flamengo-soma-seis-jogadores-de-copa-do-mundo-no-elenco\/\" \/>\n<meta property=\"og:site_name\" content=\"G\u00e1vea News\" \/>\n<meta property=\"article:publisher\" content=\"https:\/\/facebook.com\/gaveaNews\/\" \/>\n<meta property=\"article:published_time\" content=\"2022-11-08T10:22:46+00:00\" \/>\n<meta property=\"article:modified_time\" content=\"2022-11-08T10:22:49+00:00\" \/>\n<meta property=\"og:image\" content=\"https:\/\/www.gaveanews.com\/wp-content\/uploads\/Everton-Ribeiro-comemora-gol-marcado-pela-Selecao-Brasileira-contra-o-Chile.webp\" \/>\n\t<meta property=\"og:image:width\" content=\"1008\" \/>\n\t<meta property=\"og:image:height\" content=\"672\" \/>\n\t<meta property=\"og:image:type\" content=\"image\/jpeg\" \/>\n<meta name=\"author\" content=\"Equipe G\u00e1vea News\" \/>\n<meta name=\"twitter:card\" content=\"summary_large_image\" \/>\n<meta name=\"twitter:label1\" content=\"Escrito por\" \/>\n\t<meta name=\"twitter:data1\" content=\"Equipe G\u00e1vea News\" \/>\n\t<meta name=\"twitter:label2\" content=\"Est. tempo de leitura\" \/>\n\t<meta name=\"twitter:data2\" content=\"4 minutos\" \/>\n<script type=\"application\/ld+json\" class=\"yoast-schema-graph\">{\"@context\":\"https:\/\/schema.org\",\"@graph\":[{\"@type\":\"NewsArticle\",\"@id\":\"https:\/\/www.gaveanews.com\/index.php\/2022\/11\/08\/flamengo-soma-seis-jogadores-de-copa-do-mundo-no-elenco\/#article\",\"isPartOf\":{\"@id\":\"https:\/\/www.gaveanews.com\/index.php\/2022\/11\/08\/flamengo-soma-seis-jogadores-de-copa-do-mundo-no-elenco\/\"},\"author\":{\"name\":\"Equipe G\u00e1vea News\",\"@id\":\"https:\/\/www.gaveanews.com\/#\/schema\/person\/2ec14f73fb96be2caf28f91afb14749d\"},\"headline\":\"Flamengo soma seis jogadores de Copa do Mundo no elenco\",\"datePublished\":\"2022-11-08T10:22:46+00:00\",\"dateModified\":\"2022-11-08T10:22:49+00:00\",\"mainEntityOfPage\":{\"@id\":\"https:\/\/www.gaveanews.com\/index.php\/2022\/11\/08\/flamengo-soma-seis-jogadores-de-copa-do-mundo-no-elenco\/\"},\"wordCount\":584,\"commentCount\":0,\"image\":{\"@id\":\"https:\/\/www.gaveanews.com\/index.php\/2022\/11\/08\/flamengo-soma-seis-jogadores-de-copa-do-mundo-no-elenco\/#primaryimage\"},\"thumbnailUrl\":\"https:\/\/www.gaveanews.com\/wp-content\/uploads\/Everton-Ribeiro-comemora-gol-marcado-pela-Selecao-Brasileira-contra-o-Chile.webp\",\"articleSection\":[\"Flamengo\"],\"inLanguage\":\"pt-BR\",\"potentialAction\":[{\"@type\":\"CommentAction\",\"name\":\"Comment\",\"target\":[\"https:\/\/www.gaveanews.com\/index.php\/2022\/11\/08\/flamengo-soma-seis-jogadores-de-copa-do-mundo-no-elenco\/#respond\"]}],\"copyrightYear\":\"2022\",\"copyrightHolder\":{\"@id\":\"https:\/\/www.gaveanews.com\/#organization\"}},{\"@type\":\"WebPage\",\"@id\":\"https:\/\/www.gaveanews.com\/index.php\/2022\/11\/08\/flamengo-soma-seis-jogadores-de-copa-do-mundo-no-elenco\/\",\"url\":\"https:\/\/www.gaveanews.com\/index.php\/2022\/11\/08\/flamengo-soma-seis-jogadores-de-copa-do-mundo-no-elenco\/\",\"name\":\"Flamengo soma seis jogadores de Copa do Mundo no elenco\",\"isPartOf\":{\"@id\":\"https:\/\/www.gaveanews.com\/#website\"},\"primaryImageOfPage\":{\"@id\":\"https:\/\/www.gaveanews.com\/index.php\/2022\/11\/08\/flamengo-soma-seis-jogadores-de-copa-do-mundo-no-elenco\/#primaryimage\"},\"image\":{\"@id\":\"https:\/\/www.gaveanews.com\/index.php\/2022\/11\/08\/flamengo-soma-seis-jogadores-de-copa-do-mundo-no-elenco\/#primaryimage\"},\"thumbnailUrl\":\"https:\/\/www.gaveanews.com\/wp-content\/uploads\/Everton-Ribeiro-comemora-gol-marcado-pela-Selecao-Brasileira-contra-o-Chile.webp\",\"datePublished\":\"2022-11-08T10:22:46+00:00\",\"dateModified\":\"2022-11-08T10:22:49+00:00\",\"author\":{\"@id\":\"https:\/\/www.gaveanews.com\/#\/schema\/person\/2ec14f73fb96be2caf28f91afb14749d\"},\"breadcrumb\":{\"@id\":\"https:\/\/www.gaveanews.com\/index.php\/2022\/11\/08\/flamengo-soma-seis-jogadores-de-copa-do-mundo-no-elenco\/#breadcrumb\"},\"inLanguage\":\"pt-BR\",\"potentialAction\":[{\"@type\":\"ReadAction\",\"target\":[\"https:\/\/www.gaveanews.com\/index.php\/2022\/11\/08\/flamengo-soma-seis-jogadores-de-copa-do-mundo-no-elenco\/\"]}]},{\"@type\":\"ImageObject\",\"inLanguage\":\"pt-BR\",\"@id\":\"https:\/\/www.gaveanews.com\/index.php\/2022\/11\/08\/flamengo-soma-seis-jogadores-de-copa-do-mundo-no-elenco\/#primaryimage\",\"url\":\"https:\/\/www.gaveanews.com\/wp-content\/uploads\/Everton-Ribeiro-comemora-gol-marcado-pela-Selecao-Brasileira-contra-o-Chile.webp\",\"contentUrl\":\"https:\/\/www.gaveanews.com\/wp-content\/uploads\/Everton-Ribeiro-comemora-gol-marcado-pela-Selecao-Brasileira-contra-o-Chile.webp\",\"width\":1008,\"height\":672,\"caption\":\"Everton Ribeiro comemora gol marcado pela Sele\u00e7\u00e3o Brasileira contra o Chile (Foto: Lucas Figueiredo\/CBF)\"},{\"@type\":\"BreadcrumbList\",\"@id\":\"https:\/\/www.gaveanews.com\/index.php\/2022\/11\/08\/flamengo-soma-seis-jogadores-de-copa-do-mundo-no-elenco\/#breadcrumb\",\"itemListElement\":[{\"@type\":\"ListItem\",\"position\":1,\"name\":\"Home\",\"item\":\"https:\/\/www.gaveanews.com\/\"},{\"@type\":\"ListItem\",\"position\":2,\"name\":\"Flamengo soma seis jogadores de Copa do Mundo no elenco\"}]},{\"@type\":\"WebSite\",\"@id\":\"https:\/\/www.gaveanews.com\/#website\",\"url\":\"https:\/\/www.gaveanews.com\/\",\"name\":\"G\u00e1vea News\",\"description\":\"Veja todas as not\u00edcias sobre o Flamengo: Contrata\u00e7\u00f5es, categorias de base, resultados das partidas, tabela de classifica\u00e7\u00e3o, pr\u00f3ximos jogos!\",\"potentialAction\":[{\"@type\":\"SearchAction\",\"target\":{\"@type\":\"EntryPoint\",\"urlTemplate\":\"https:\/\/www.gaveanews.com\/?s={search_term_string}\"},\"query-input\":{\"@type\":\"PropertyValueSpecification\",\"valueRequired\":true,\"valueName\":\"search_term_string\"}}],\"inLanguage\":\"pt-BR\"},{\"@type\":\"Person\",\"@id\":\"https:\/\/www.gaveanews.com\/#\/schema\/person\/2ec14f73fb96be2caf28f91afb14749d\",\"name\":\"Equipe G\u00e1vea News\",\"image\":{\"@type\":\"ImageObject\",\"inLanguage\":\"pt-BR\",\"@id\":\"https:\/\/www.gaveanews.com\/#\/schema\/person\/image\/\",\"url\":\"https:\/\/secure.gravatar.com\/avatar\/1e1956f1facbffd3f8fa53a326721950116b3b9dc9bd44939c01180fd4a745a9?s=96&d=mm&r=g\",\"contentUrl\":\"https:\/\/secure.gravatar.com\/avatar\/1e1956f1facbffd3f8fa53a326721950116b3b9dc9bd44939c01180fd4a745a9?s=96&d=mm&r=g\",\"caption\":\"Equipe G\u00e1vea News\"}}]}<\/script>\n<!-- \/ Yoast SEO Premium plugin. -->","yoast_head_json":{"title":"Flamengo soma seis jogadores de Copa do Mundo no elenco","robots":{"index":"index","follow":"follow","max-snippet":"max-snippet:-1","max-image-preview":"max-image-preview:large","max-video-preview":"max-video-preview:-1"},"canonical":"https:\/\/www.gaveanews.com\/index.php\/2022\/11\/08\/flamengo-soma-seis-jogadores-de-copa-do-mundo-no-elenco\/","og_locale":"pt_BR","og_type":"article","og_title":"Flamengo soma seis jogadores de Copa do Mundo no elenco","og_description":"O Flamengo ser\u00e1 bem representado na Copa do Mundo do Qatar, que come\u00e7a a partir do dia 20 deste m\u00eas. O atacante Pedro e o meio-campo Everton Ribeiro foram dois dos 26 convocados de Tite para o grupo que disputa o Mundial, com final marcada para 18 de dezembro. A dupla se junta a outros [&hellip;]","og_url":"https:\/\/www.gaveanews.com\/index.php\/2022\/11\/08\/flamengo-soma-seis-jogadores-de-copa-do-mundo-no-elenco\/","og_site_name":"G\u00e1vea News","article_publisher":"https:\/\/facebook.com\/gaveaNews\/","article_published_time":"2022-11-08T10:22:46+00:00","article_modified_time":"2022-11-08T10:22:49+00:00","og_image":[{"width":1008,"height":672,"url":"https:\/\/www.gaveanews.com\/wp-content\/uploads\/Everton-Ribeiro-comemora-gol-marcado-pela-Selecao-Brasileira-contra-o-Chile.webp","type":"image\/jpeg"}],"author":"Equipe G\u00e1vea News","twitter_card":"summary_large_image","twitter_misc":{"Escrito por":"Equipe G\u00e1vea News","Est. tempo de leitura":"4 minutos"},"schema":{"@context":"https:\/\/schema.org","@graph":[{"@type":"NewsArticle","@id":"https:\/\/www.gaveanews.com\/index.php\/2022\/11\/08\/flamengo-soma-seis-jogadores-de-copa-do-mundo-no-elenco\/#article","isPartOf":{"@id":"https:\/\/www.gaveanews.com\/index.php\/2022\/11\/08\/flamengo-soma-seis-jogadores-de-copa-do-mundo-no-elenco\/"},"author":{"name":"Equipe G\u00e1vea News","@id":"https:\/\/www.gaveanews.com\/#\/schema\/person\/2ec14f73fb96be2caf28f91afb14749d"},"headline":"Flamengo soma seis jogadores de Copa do Mundo no elenco","datePublished":"2022-11-08T10:22:46+00:00","dateModified":"2022-11-08T10:22:49+00:00","mainEntityOfPage":{"@id":"https:\/\/www.gaveanews.com\/index.php\/2022\/11\/08\/flamengo-soma-seis-jogadores-de-copa-do-mundo-no-elenco\/"},"wordCount":584,"commentCount":0,"image":{"@id":"https:\/\/www.gaveanews.com\/index.php\/2022\/11\/08\/flamengo-soma-seis-jogadores-de-copa-do-mundo-no-elenco\/#primaryimage"},"thumbnailUrl":"https:\/\/www.gaveanews.com\/wp-content\/uploads\/Everton-Ribeiro-comemora-gol-marcado-pela-Selecao-Brasileira-contra-o-Chile.webp","articleSection":["Flamengo"],"inLanguage":"pt-BR","potentialAction":[{"@type":"CommentAction","name":"Comment","target":["https:\/\/www.gaveanews.com\/index.php\/2022\/11\/08\/flamengo-soma-seis-jogadores-de-copa-do-mundo-no-elenco\/#respond"]}],"copyrightYear":"2022","copyrightHolder":{"@id":"https:\/\/www.gaveanews.com\/#organization"}},{"@type":"WebPage","@id":"https:\/\/www.gaveanews.com\/index.php\/2022\/11\/08\/flamengo-soma-seis-jogadores-de-copa-do-mundo-no-elenco\/","url":"https:\/\/www.gaveanews.com\/index.php\/2022\/11\/08\/flamengo-soma-seis-jogadores-de-copa-do-mundo-no-elenco\/","name":"Flamengo soma seis jogadores de Copa do Mundo no elenco","isPartOf":{"@id":"https:\/\/www.gaveanews.com\/#website"},"primaryImageOfPage":{"@id":"https:\/\/www.gaveanews.com\/index.php\/2022\/11\/08\/flamengo-soma-seis-jogadores-de-copa-do-mundo-no-elenco\/#primaryimage"},"image":{"@id":"https:\/\/www.gaveanews.com\/index.php\/2022\/11\/08\/flamengo-soma-seis-jogadores-de-copa-do-mundo-no-elenco\/#primaryimage"},"thumbnailUrl":"https:\/\/www.gaveanews.com\/wp-content\/uploads\/Everton-Ribeiro-comemora-gol-marcado-pela-Selecao-Brasileira-contra-o-Chile.webp","datePublished":"2022-11-08T10:22:46+00:00","dateModified":"2022-11-08T10:22:49+00:00","author":{"@id":"https:\/\/www.gaveanews.com\/#\/schema\/person\/2ec14f73fb96be2caf28f91afb14749d"},"breadcrumb":{"@id":"https:\/\/www.gaveanews.com\/index.php\/2022\/11\/08\/flamengo-soma-seis-jogadores-de-copa-do-mundo-no-elenco\/#breadcrumb"},"inLanguage":"pt-BR","potentialAction":[{"@type":"ReadAction","target":["https:\/\/www.gaveanews.com\/index.php\/2022\/11\/08\/flamengo-soma-seis-jogadores-de-copa-do-mundo-no-elenco\/"]}]},{"@type":"ImageObject","inLanguage":"pt-BR","@id":"https:\/\/www.gaveanews.com\/index.php\/2022\/11\/08\/flamengo-soma-seis-jogadores-de-copa-do-mundo-no-elenco\/#primaryimage","url":"https:\/\/www.gaveanews.com\/wp-content\/uploads\/Everton-Ribeiro-comemora-gol-marcado-pela-Selecao-Brasileira-contra-o-Chile.webp","contentUrl":"https:\/\/www.gaveanews.com\/wp-content\/uploads\/Everton-Ribeiro-comemora-gol-marcado-pela-Selecao-Brasileira-contra-o-Chile.webp","width":1008,"height":672,"caption":"Everton Ribeiro comemora gol marcado pela Sele\u00e7\u00e3o Brasileira contra o Chile (Foto: Lucas Figueiredo\/CBF)"},{"@type":"BreadcrumbList","@id":"https:\/\/www.gaveanews.com\/index.php\/2022\/11\/08\/flamengo-soma-seis-jogadores-de-copa-do-mundo-no-elenco\/#breadcrumb","itemListElement":[{"@type":"ListItem","position":1,"name":"Home","item":"https:\/\/www.gaveanews.com\/"},{"@type":"ListItem","position":2,"name":"Flamengo soma seis jogadores de Copa do Mundo no elenco"}]},{"@type":"WebSite","@id":"https:\/\/www.gaveanews.com\/#website","url":"https:\/\/www.gaveanews.com\/","name":"G\u00e1vea News","description":"Veja todas as not\u00edcias sobre o Flamengo: Contrata\u00e7\u00f5es, categorias de base, resultados das partidas, tabela de classifica\u00e7\u00e3o, pr\u00f3ximos jogos!","potentialAction":[{"@type":"SearchAction","target":{"@type":"EntryPoint","urlTemplate":"https:\/\/www.gaveanews.com\/?s={search_term_string}"},"query-input":{"@type":"PropertyValueSpecification","valueRequired":true,"valueName":"search_term_string"}}],"inLanguage":"pt-BR"},{"@type":"Person","@id":"https:\/\/www.gaveanews.com\/#\/schema\/person\/2ec14f73fb96be2caf28f91afb14749d","name":"Equipe G\u00e1vea News","image":{"@type":"ImageObject","inLanguage":"pt-BR","@id":"https:\/\/www.gaveanews.com\/#\/schema\/person\/image\/","url":"https:\/\/secure.gravatar.com\/avatar\/1e1956f1facbffd3f8fa53a326721950116b3b9dc9bd44939c01180fd4a745a9?s=96&d=mm&r=g","contentUrl":"https:\/\/secure.gravatar.com\/avatar\/1e1956f1facbffd3f8fa53a326721950116b3b9dc9bd44939c01180fd4a745a9?s=96&d=mm&r=g","caption":"Equipe G\u00e1vea News"}}]}},"_links":{"self":[{"href":"https:\/\/www.gaveanews.com\/index.php\/wp-json\/wp\/v2\/posts\/90313","targetHints":{"allow":["GET"]}}],"collection":[{"href":"https:\/\/www.gaveanews.com\/index.php\/wp-json\/wp\/v2\/posts"}],"about":[{"href":"https:\/\/www.gaveanews.com\/index.php\/wp-json\/wp\/v2\/types\/post"}],"author":[{"embeddable":true,"href":"https:\/\/www.gaveanews.com\/index.php\/wp-json\/wp\/v2\/users\/1"}],"replies":[{"embeddable":true,"href":"https:\/\/www.gaveanews.com\/index.php\/wp-json\/wp\/v2\/comments?post=90313"}],"version-history":[{"count":0,"href":"https:\/\/www.gaveanews.com\/index.php\/wp-json\/wp\/v2\/posts\/90313\/revisions"}],"wp:featuredmedia":[{"embeddable":true,"href":"https:\/\/www.gaveanews.com\/index.php\/wp-json\/wp\/v2\/media\/67412"}],"wp:attachment":[{"href":"https:\/\/www.gaveanews.com\/index.php\/wp-json\/wp\/v2\/media?parent=90313"}],"wp:term":[{"taxonomy":"category","embeddable":true,"href":"https:\/\/www.gaveanews.com\/index.php\/wp-json\/wp\/v2\/categories?post=90313"},{"taxonomy":"post_tag","embeddable":true,"href":"https:\/\/www.gaveanews.com\/index.php\/wp-json\/wp\/v2\/tags?post=90313"}],"curies":[{"name":"wp","href":"https:\/\/api.w.org\/{rel}","templated":true}]}}