{"id":90331,"date":"2022-11-08T11:15:14","date_gmt":"2022-11-08T14:15:14","guid":{"rendered":"https:\/\/www.gaveanews.com\/?p=90331"},"modified":"2022-11-08T11:15:17","modified_gmt":"2022-11-08T14:15:17","slug":"pedro-e-everton-ribeiro-nao-jogam-mais-pelo-flamengo-nesta-temporada","status":"publish","type":"post","link":"https:\/\/www.gaveanews.com\/index.php\/2022\/11\/08\/pedro-e-everton-ribeiro-nao-jogam-mais-pelo-flamengo-nesta-temporada\/","title":{"rendered":"Pedro e Everton Ribeiro n\u00e3o jogam mais pelo Flamengo nesta temporada"},"content":{"rendered":"\n<p>Convocados para a Copa do Mundo do Qatar, Pedro e Everton Ribeiro n\u00e3o entrar\u00e3o mais em campo pelo Flamengo nesta temporada. O atacante e o meia seguir\u00e3o a rotina de treinos, no Rio de Janeiro, at\u00e9 se apresentarem \u00e0 Sele\u00e7\u00e3o Brasileira, no dia 14, em Turim, na It\u00e1lia.<\/p>\n\n\n\n<p>Pedro e Everton Ribeiro s\u00e3o aguardados nesta ter\u00e7a, no Ninho do Urubu, para atividade junto aos demais companheiros de Flamengo. O t\u00e9cnico Dorival J\u00fanior, contudo, n\u00e3o os relacionar\u00e1 para os jogos contra Juventude, nesta quarta em Caxias do Sul, e Ava\u00ed, no fim de semana no Maracan\u00e3, que fecham a S\u00e9rie A do Brasileir\u00e3o de 2022.<\/p>\n\n\n\n<p>Al\u00e9m dos treinos no CT do Flamengo neste per\u00edodo, a dupla seguir\u00e1 as atividades com os profissionais particulares que os acompanham.<\/p>\n\n\n\n<p>Outro representante rubro-negro no Mundial do Qatar, que ter\u00e1 in\u00edcio em 20 de novembro, ser\u00e1 Giorgian De Arrascaeta, que j\u00e1 est\u00e1 em Montevid\u00e9u trabalhando com companheiros do Uruguai. Varela, lateral-direito, est\u00e1 no Rio de Janeiro e aguarda a convoca\u00e7\u00e3o final.<\/p>\n\n\n\n<p>Retirado de: Lance<\/p>\n","protected":false},"excerpt":{"rendered":"<p>Convocados para a Copa do Mundo do Qatar, Pedro e Everton Ribeiro n\u00e3o entrar\u00e3o mais em campo pelo Flamengo nesta temporada. O atacante e o meia seguir\u00e3o a rotina de treinos, no Rio de Janeiro, at\u00e9 se apresentarem \u00e0 Sele\u00e7\u00e3o Brasileira, no dia 14, em Turim, na It\u00e1lia. Pedro e Everton Ribeiro s\u00e3o aguardados nesta [&hellip;]<\/p>\n","protected":false},"author":1,"featured_media":81357,"comment_status":"open","ping_status":"closed","sticky":false,"template":"","format":"standard","meta":{"footnotes":""},"categories":[1],"tags":[],"class_list":["post-90331","post","type-post","status-publish","format-standard","has-post-thumbnail","hentry","category-flamengo"],"yoast_head":"<!-- This site is optimized with the Yoast SEO Premium plugin v24.2 (Yoast SEO v26.9) - https:\/\/yoast.com\/product\/yoast-seo-premium-wordpress\/ -->\n<title>Pedro e Everton Ribeiro n\u00e3o jogam mais pelo Flamengo nesta temporada<\/title>\n<meta name=\"robots\" content=\"index, follow, max-snippet:-1, max-image-preview:large, max-video-preview:-1\" \/>\n<link rel=\"canonical\" href=\"https:\/\/www.gaveanews.com\/index.php\/2022\/11\/08\/pedro-e-everton-ribeiro-nao-jogam-mais-pelo-flamengo-nesta-temporada\/\" \/>\n<meta property=\"og:locale\" content=\"pt_BR\" \/>\n<meta property=\"og:type\" content=\"article\" \/>\n<meta property=\"og:title\" content=\"Pedro e Everton Ribeiro n\u00e3o jogam mais pelo Flamengo nesta temporada\" \/>\n<meta property=\"og:description\" content=\"Convocados para a Copa do Mundo do Qatar, Pedro e Everton Ribeiro n\u00e3o entrar\u00e3o mais em campo pelo Flamengo nesta temporada. O atacante e o meia seguir\u00e3o a rotina de treinos, no Rio de Janeiro, at\u00e9 se apresentarem \u00e0 Sele\u00e7\u00e3o Brasileira, no dia 14, em Turim, na It\u00e1lia. Pedro e Everton Ribeiro s\u00e3o aguardados nesta [&hellip;]\" \/>\n<meta property=\"og:url\" content=\"https:\/\/www.gaveanews.com\/index.php\/2022\/11\/08\/pedro-e-everton-ribeiro-nao-jogam-mais-pelo-flamengo-nesta-temporada\/\" \/>\n<meta property=\"og:site_name\" content=\"G\u00e1vea News\" \/>\n<meta property=\"article:publisher\" content=\"https:\/\/facebook.com\/gaveaNews\/\" \/>\n<meta property=\"article:published_time\" content=\"2022-11-08T14:15:14+00:00\" \/>\n<meta property=\"article:modified_time\" content=\"2022-11-08T14:15:17+00:00\" \/>\n<meta property=\"og:image\" content=\"https:\/\/www.gaveanews.com\/wp-content\/uploads\/Everton-Ribeiro-em-classico-do-Flamengo-contra-o-Botafogo-pelo-Brasileirao.webp\" \/>\n\t<meta property=\"og:image:width\" content=\"800\" \/>\n\t<meta property=\"og:image:height\" content=\"533\" \/>\n\t<meta property=\"og:image:type\" content=\"image\/jpeg\" \/>\n<meta name=\"author\" content=\"Equipe G\u00e1vea News\" \/>\n<meta name=\"twitter:card\" content=\"summary_large_image\" \/>\n<meta name=\"twitter:label1\" content=\"Escrito por\" \/>\n\t<meta name=\"twitter:data1\" content=\"Equipe G\u00e1vea News\" \/>\n\t<meta name=\"twitter:label2\" content=\"Est. tempo de leitura\" \/>\n\t<meta name=\"twitter:data2\" content=\"1 minuto\" \/>\n<script type=\"application\/ld+json\" class=\"yoast-schema-graph\">{\"@context\":\"https:\/\/schema.org\",\"@graph\":[{\"@type\":\"NewsArticle\",\"@id\":\"https:\/\/www.gaveanews.com\/index.php\/2022\/11\/08\/pedro-e-everton-ribeiro-nao-jogam-mais-pelo-flamengo-nesta-temporada\/#article\",\"isPartOf\":{\"@id\":\"https:\/\/www.gaveanews.com\/index.php\/2022\/11\/08\/pedro-e-everton-ribeiro-nao-jogam-mais-pelo-flamengo-nesta-temporada\/\"},\"author\":{\"name\":\"Equipe G\u00e1vea News\",\"@id\":\"https:\/\/www.gaveanews.com\/#\/schema\/person\/2ec14f73fb96be2caf28f91afb14749d\"},\"headline\":\"Pedro e Everton Ribeiro n\u00e3o jogam mais pelo Flamengo nesta temporada\",\"datePublished\":\"2022-11-08T14:15:14+00:00\",\"dateModified\":\"2022-11-08T14:15:17+00:00\",\"mainEntityOfPage\":{\"@id\":\"https:\/\/www.gaveanews.com\/index.php\/2022\/11\/08\/pedro-e-everton-ribeiro-nao-jogam-mais-pelo-flamengo-nesta-temporada\/\"},\"wordCount\":193,\"commentCount\":0,\"image\":{\"@id\":\"https:\/\/www.gaveanews.com\/index.php\/2022\/11\/08\/pedro-e-everton-ribeiro-nao-jogam-mais-pelo-flamengo-nesta-temporada\/#primaryimage\"},\"thumbnailUrl\":\"https:\/\/www.gaveanews.com\/wp-content\/uploads\/Everton-Ribeiro-em-classico-do-Flamengo-contra-o-Botafogo-pelo-Brasileirao.webp\",\"articleSection\":[\"Flamengo\"],\"inLanguage\":\"pt-BR\",\"potentialAction\":[{\"@type\":\"CommentAction\",\"name\":\"Comment\",\"target\":[\"https:\/\/www.gaveanews.com\/index.php\/2022\/11\/08\/pedro-e-everton-ribeiro-nao-jogam-mais-pelo-flamengo-nesta-temporada\/#respond\"]}],\"copyrightYear\":\"2022\",\"copyrightHolder\":{\"@id\":\"https:\/\/www.gaveanews.com\/#organization\"}},{\"@type\":\"WebPage\",\"@id\":\"https:\/\/www.gaveanews.com\/index.php\/2022\/11\/08\/pedro-e-everton-ribeiro-nao-jogam-mais-pelo-flamengo-nesta-temporada\/\",\"url\":\"https:\/\/www.gaveanews.com\/index.php\/2022\/11\/08\/pedro-e-everton-ribeiro-nao-jogam-mais-pelo-flamengo-nesta-temporada\/\",\"name\":\"Pedro e Everton Ribeiro n\u00e3o jogam mais pelo Flamengo nesta temporada\",\"isPartOf\":{\"@id\":\"https:\/\/www.gaveanews.com\/#website\"},\"primaryImageOfPage\":{\"@id\":\"https:\/\/www.gaveanews.com\/index.php\/2022\/11\/08\/pedro-e-everton-ribeiro-nao-jogam-mais-pelo-flamengo-nesta-temporada\/#primaryimage\"},\"image\":{\"@id\":\"https:\/\/www.gaveanews.com\/index.php\/2022\/11\/08\/pedro-e-everton-ribeiro-nao-jogam-mais-pelo-flamengo-nesta-temporada\/#primaryimage\"},\"thumbnailUrl\":\"https:\/\/www.gaveanews.com\/wp-content\/uploads\/Everton-Ribeiro-em-classico-do-Flamengo-contra-o-Botafogo-pelo-Brasileirao.webp\",\"datePublished\":\"2022-11-08T14:15:14+00:00\",\"dateModified\":\"2022-11-08T14:15:17+00:00\",\"author\":{\"@id\":\"https:\/\/www.gaveanews.com\/#\/schema\/person\/2ec14f73fb96be2caf28f91afb14749d\"},\"breadcrumb\":{\"@id\":\"https:\/\/www.gaveanews.com\/index.php\/2022\/11\/08\/pedro-e-everton-ribeiro-nao-jogam-mais-pelo-flamengo-nesta-temporada\/#breadcrumb\"},\"inLanguage\":\"pt-BR\",\"potentialAction\":[{\"@type\":\"ReadAction\",\"target\":[\"https:\/\/www.gaveanews.com\/index.php\/2022\/11\/08\/pedro-e-everton-ribeiro-nao-jogam-mais-pelo-flamengo-nesta-temporada\/\"]}]},{\"@type\":\"ImageObject\",\"inLanguage\":\"pt-BR\",\"@id\":\"https:\/\/www.gaveanews.com\/index.php\/2022\/11\/08\/pedro-e-everton-ribeiro-nao-jogam-mais-pelo-flamengo-nesta-temporada\/#primaryimage\",\"url\":\"https:\/\/www.gaveanews.com\/wp-content\/uploads\/Everton-Ribeiro-em-classico-do-Flamengo-contra-o-Botafogo-pelo-Brasileirao.webp\",\"contentUrl\":\"https:\/\/www.gaveanews.com\/wp-content\/uploads\/Everton-Ribeiro-em-classico-do-Flamengo-contra-o-Botafogo-pelo-Brasileirao.webp\",\"width\":800,\"height\":533,\"caption\":\"Everton Ribeiro em cl\u00e1ssico do Flamengo contra o Botafogo pelo Brasileir\u00e3o (Foto: Marcelo Cortes\/Flamengo)\"},{\"@type\":\"BreadcrumbList\",\"@id\":\"https:\/\/www.gaveanews.com\/index.php\/2022\/11\/08\/pedro-e-everton-ribeiro-nao-jogam-mais-pelo-flamengo-nesta-temporada\/#breadcrumb\",\"itemListElement\":[{\"@type\":\"ListItem\",\"position\":1,\"name\":\"Home\",\"item\":\"https:\/\/www.gaveanews.com\/\"},{\"@type\":\"ListItem\",\"position\":2,\"name\":\"Pedro e Everton Ribeiro n\u00e3o jogam mais pelo Flamengo nesta temporada\"}]},{\"@type\":\"WebSite\",\"@id\":\"https:\/\/www.gaveanews.com\/#website\",\"url\":\"https:\/\/www.gaveanews.com\/\",\"name\":\"G\u00e1vea News\",\"description\":\"Veja todas as not\u00edcias sobre o Flamengo: Contrata\u00e7\u00f5es, categorias de base, resultados das partidas, tabela de classifica\u00e7\u00e3o, pr\u00f3ximos jogos!\",\"potentialAction\":[{\"@type\":\"SearchAction\",\"target\":{\"@type\":\"EntryPoint\",\"urlTemplate\":\"https:\/\/www.gaveanews.com\/?s={search_term_string}\"},\"query-input\":{\"@type\":\"PropertyValueSpecification\",\"valueRequired\":true,\"valueName\":\"search_term_string\"}}],\"inLanguage\":\"pt-BR\"},{\"@type\":\"Person\",\"@id\":\"https:\/\/www.gaveanews.com\/#\/schema\/person\/2ec14f73fb96be2caf28f91afb14749d\",\"name\":\"Equipe G\u00e1vea News\",\"image\":{\"@type\":\"ImageObject\",\"inLanguage\":\"pt-BR\",\"@id\":\"https:\/\/www.gaveanews.com\/#\/schema\/person\/image\/\",\"url\":\"https:\/\/secure.gravatar.com\/avatar\/1e1956f1facbffd3f8fa53a326721950116b3b9dc9bd44939c01180fd4a745a9?s=96&d=mm&r=g\",\"contentUrl\":\"https:\/\/secure.gravatar.com\/avatar\/1e1956f1facbffd3f8fa53a326721950116b3b9dc9bd44939c01180fd4a745a9?s=96&d=mm&r=g\",\"caption\":\"Equipe G\u00e1vea News\"}}]}<\/script>\n<!-- \/ Yoast SEO Premium plugin. -->","yoast_head_json":{"title":"Pedro e Everton Ribeiro n\u00e3o jogam mais pelo Flamengo nesta temporada","robots":{"index":"index","follow":"follow","max-snippet":"max-snippet:-1","max-image-preview":"max-image-preview:large","max-video-preview":"max-video-preview:-1"},"canonical":"https:\/\/www.gaveanews.com\/index.php\/2022\/11\/08\/pedro-e-everton-ribeiro-nao-jogam-mais-pelo-flamengo-nesta-temporada\/","og_locale":"pt_BR","og_type":"article","og_title":"Pedro e Everton Ribeiro n\u00e3o jogam mais pelo Flamengo nesta temporada","og_description":"Convocados para a Copa do Mundo do Qatar, Pedro e Everton Ribeiro n\u00e3o entrar\u00e3o mais em campo pelo Flamengo nesta temporada. O atacante e o meia seguir\u00e3o a rotina de treinos, no Rio de Janeiro, at\u00e9 se apresentarem \u00e0 Sele\u00e7\u00e3o Brasileira, no dia 14, em Turim, na It\u00e1lia. Pedro e Everton Ribeiro s\u00e3o aguardados nesta [&hellip;]","og_url":"https:\/\/www.gaveanews.com\/index.php\/2022\/11\/08\/pedro-e-everton-ribeiro-nao-jogam-mais-pelo-flamengo-nesta-temporada\/","og_site_name":"G\u00e1vea News","article_publisher":"https:\/\/facebook.com\/gaveaNews\/","article_published_time":"2022-11-08T14:15:14+00:00","article_modified_time":"2022-11-08T14:15:17+00:00","og_image":[{"width":800,"height":533,"url":"https:\/\/www.gaveanews.com\/wp-content\/uploads\/Everton-Ribeiro-em-classico-do-Flamengo-contra-o-Botafogo-pelo-Brasileirao.webp","type":"image\/jpeg"}],"author":"Equipe G\u00e1vea News","twitter_card":"summary_large_image","twitter_misc":{"Escrito por":"Equipe G\u00e1vea News","Est. tempo de leitura":"1 minuto"},"schema":{"@context":"https:\/\/schema.org","@graph":[{"@type":"NewsArticle","@id":"https:\/\/www.gaveanews.com\/index.php\/2022\/11\/08\/pedro-e-everton-ribeiro-nao-jogam-mais-pelo-flamengo-nesta-temporada\/#article","isPartOf":{"@id":"https:\/\/www.gaveanews.com\/index.php\/2022\/11\/08\/pedro-e-everton-ribeiro-nao-jogam-mais-pelo-flamengo-nesta-temporada\/"},"author":{"name":"Equipe G\u00e1vea News","@id":"https:\/\/www.gaveanews.com\/#\/schema\/person\/2ec14f73fb96be2caf28f91afb14749d"},"headline":"Pedro e Everton Ribeiro n\u00e3o jogam mais pelo Flamengo nesta temporada","datePublished":"2022-11-08T14:15:14+00:00","dateModified":"2022-11-08T14:15:17+00:00","mainEntityOfPage":{"@id":"https:\/\/www.gaveanews.com\/index.php\/2022\/11\/08\/pedro-e-everton-ribeiro-nao-jogam-mais-pelo-flamengo-nesta-temporada\/"},"wordCount":193,"commentCount":0,"image":{"@id":"https:\/\/www.gaveanews.com\/index.php\/2022\/11\/08\/pedro-e-everton-ribeiro-nao-jogam-mais-pelo-flamengo-nesta-temporada\/#primaryimage"},"thumbnailUrl":"https:\/\/www.gaveanews.com\/wp-content\/uploads\/Everton-Ribeiro-em-classico-do-Flamengo-contra-o-Botafogo-pelo-Brasileirao.webp","articleSection":["Flamengo"],"inLanguage":"pt-BR","potentialAction":[{"@type":"CommentAction","name":"Comment","target":["https:\/\/www.gaveanews.com\/index.php\/2022\/11\/08\/pedro-e-everton-ribeiro-nao-jogam-mais-pelo-flamengo-nesta-temporada\/#respond"]}],"copyrightYear":"2022","copyrightHolder":{"@id":"https:\/\/www.gaveanews.com\/#organization"}},{"@type":"WebPage","@id":"https:\/\/www.gaveanews.com\/index.php\/2022\/11\/08\/pedro-e-everton-ribeiro-nao-jogam-mais-pelo-flamengo-nesta-temporada\/","url":"https:\/\/www.gaveanews.com\/index.php\/2022\/11\/08\/pedro-e-everton-ribeiro-nao-jogam-mais-pelo-flamengo-nesta-temporada\/","name":"Pedro e Everton Ribeiro n\u00e3o jogam mais pelo Flamengo nesta temporada","isPartOf":{"@id":"https:\/\/www.gaveanews.com\/#website"},"primaryImageOfPage":{"@id":"https:\/\/www.gaveanews.com\/index.php\/2022\/11\/08\/pedro-e-everton-ribeiro-nao-jogam-mais-pelo-flamengo-nesta-temporada\/#primaryimage"},"image":{"@id":"https:\/\/www.gaveanews.com\/index.php\/2022\/11\/08\/pedro-e-everton-ribeiro-nao-jogam-mais-pelo-flamengo-nesta-temporada\/#primaryimage"},"thumbnailUrl":"https:\/\/www.gaveanews.com\/wp-content\/uploads\/Everton-Ribeiro-em-classico-do-Flamengo-contra-o-Botafogo-pelo-Brasileirao.webp","datePublished":"2022-11-08T14:15:14+00:00","dateModified":"2022-11-08T14:15:17+00:00","author":{"@id":"https:\/\/www.gaveanews.com\/#\/schema\/person\/2ec14f73fb96be2caf28f91afb14749d"},"breadcrumb":{"@id":"https:\/\/www.gaveanews.com\/index.php\/2022\/11\/08\/pedro-e-everton-ribeiro-nao-jogam-mais-pelo-flamengo-nesta-temporada\/#breadcrumb"},"inLanguage":"pt-BR","potentialAction":[{"@type":"ReadAction","target":["https:\/\/www.gaveanews.com\/index.php\/2022\/11\/08\/pedro-e-everton-ribeiro-nao-jogam-mais-pelo-flamengo-nesta-temporada\/"]}]},{"@type":"ImageObject","inLanguage":"pt-BR","@id":"https:\/\/www.gaveanews.com\/index.php\/2022\/11\/08\/pedro-e-everton-ribeiro-nao-jogam-mais-pelo-flamengo-nesta-temporada\/#primaryimage","url":"https:\/\/www.gaveanews.com\/wp-content\/uploads\/Everton-Ribeiro-em-classico-do-Flamengo-contra-o-Botafogo-pelo-Brasileirao.webp","contentUrl":"https:\/\/www.gaveanews.com\/wp-content\/uploads\/Everton-Ribeiro-em-classico-do-Flamengo-contra-o-Botafogo-pelo-Brasileirao.webp","width":800,"height":533,"caption":"Everton Ribeiro em cl\u00e1ssico do Flamengo contra o Botafogo pelo Brasileir\u00e3o (Foto: Marcelo Cortes\/Flamengo)"},{"@type":"BreadcrumbList","@id":"https:\/\/www.gaveanews.com\/index.php\/2022\/11\/08\/pedro-e-everton-ribeiro-nao-jogam-mais-pelo-flamengo-nesta-temporada\/#breadcrumb","itemListElement":[{"@type":"ListItem","position":1,"name":"Home","item":"https:\/\/www.gaveanews.com\/"},{"@type":"ListItem","position":2,"name":"Pedro e Everton Ribeiro n\u00e3o jogam mais pelo Flamengo nesta temporada"}]},{"@type":"WebSite","@id":"https:\/\/www.gaveanews.com\/#website","url":"https:\/\/www.gaveanews.com\/","name":"G\u00e1vea News","description":"Veja todas as not\u00edcias sobre o Flamengo: Contrata\u00e7\u00f5es, categorias de base, resultados das partidas, tabela de classifica\u00e7\u00e3o, pr\u00f3ximos jogos!","potentialAction":[{"@type":"SearchAction","target":{"@type":"EntryPoint","urlTemplate":"https:\/\/www.gaveanews.com\/?s={search_term_string}"},"query-input":{"@type":"PropertyValueSpecification","valueRequired":true,"valueName":"search_term_string"}}],"inLanguage":"pt-BR"},{"@type":"Person","@id":"https:\/\/www.gaveanews.com\/#\/schema\/person\/2ec14f73fb96be2caf28f91afb14749d","name":"Equipe G\u00e1vea News","image":{"@type":"ImageObject","inLanguage":"pt-BR","@id":"https:\/\/www.gaveanews.com\/#\/schema\/person\/image\/","url":"https:\/\/secure.gravatar.com\/avatar\/1e1956f1facbffd3f8fa53a326721950116b3b9dc9bd44939c01180fd4a745a9?s=96&d=mm&r=g","contentUrl":"https:\/\/secure.gravatar.com\/avatar\/1e1956f1facbffd3f8fa53a326721950116b3b9dc9bd44939c01180fd4a745a9?s=96&d=mm&r=g","caption":"Equipe G\u00e1vea News"}}]}},"_links":{"self":[{"href":"https:\/\/www.gaveanews.com\/index.php\/wp-json\/wp\/v2\/posts\/90331","targetHints":{"allow":["GET"]}}],"collection":[{"href":"https:\/\/www.gaveanews.com\/index.php\/wp-json\/wp\/v2\/posts"}],"about":[{"href":"https:\/\/www.gaveanews.com\/index.php\/wp-json\/wp\/v2\/types\/post"}],"author":[{"embeddable":true,"href":"https:\/\/www.gaveanews.com\/index.php\/wp-json\/wp\/v2\/users\/1"}],"replies":[{"embeddable":true,"href":"https:\/\/www.gaveanews.com\/index.php\/wp-json\/wp\/v2\/comments?post=90331"}],"version-history":[{"count":0,"href":"https:\/\/www.gaveanews.com\/index.php\/wp-json\/wp\/v2\/posts\/90331\/revisions"}],"wp:featuredmedia":[{"embeddable":true,"href":"https:\/\/www.gaveanews.com\/index.php\/wp-json\/wp\/v2\/media\/81357"}],"wp:attachment":[{"href":"https:\/\/www.gaveanews.com\/index.php\/wp-json\/wp\/v2\/media?parent=90331"}],"wp:term":[{"taxonomy":"category","embeddable":true,"href":"https:\/\/www.gaveanews.com\/index.php\/wp-json\/wp\/v2\/categories?post=90331"},{"taxonomy":"post_tag","embeddable":true,"href":"https:\/\/www.gaveanews.com\/index.php\/wp-json\/wp\/v2\/tags?post=90331"}],"curies":[{"name":"wp","href":"https:\/\/api.w.org\/{rel}","templated":true}]}}