{"id":90373,"date":"2022-11-08T21:31:11","date_gmt":"2022-11-09T00:31:11","guid":{"rendered":"https:\/\/www.gaveanews.com\/?p=90373"},"modified":"2022-11-09T07:29:41","modified_gmt":"2022-11-09T10:29:41","slug":"apos-chorar-duas-vezes-com-as-faltas-de-oportunidades-com-paulo-sousa-mae-de-pedro-do-flamengo-fala-sobre-dorival-junior","status":"publish","type":"post","link":"https:\/\/www.gaveanews.com\/index.php\/2022\/11\/08\/apos-chorar-duas-vezes-com-as-faltas-de-oportunidades-com-paulo-sousa-mae-de-pedro-do-flamengo-fala-sobre-dorival-junior\/","title":{"rendered":"Ap\u00f3s chorar duas vezes com a falta de oportunidades com Paulo Sousa, m\u00e3e de Pedro, do Flamengo, fala sobre Dorival J\u00fanior"},"content":{"rendered":"\n<p>A temporada de Pedro no Flamengo foi intensa, e o choro de Dona Maria Cristina, m\u00e3e do jogador, ficou marcado nos per\u00edodos de maior dificuldade. Em duas ocasi\u00f5es, a m\u00e3e do atacante da Sele\u00e7\u00e3o n\u00e3o conseguiu esconder a tristeza diante da falta de oportunidades do filho quando o Rubro-Negro ainda era comandado pelo t\u00e9cnico portugu\u00eas Paulo Sousa.<\/p>\n\n\n\n<p>Em Cuiab\u00e1, a situa\u00e7\u00e3o causou mais impacto e foi al\u00e9m do choro com um mal-estar causado pela n\u00e3o utiliza\u00e7\u00e3o de Pedro na final da Supercopa, contra o Atl\u00e9tico Mineiro, no fevereiro deste ano.<\/p>\n\n\n\n<p>Dois meses depois, no Maracan\u00e3, o choro foi flagrado por alguns torcedores e se tornou p\u00fablico ap\u00f3s Pedro novamente n\u00e3o ser utilizado em um 0 a 0 com o Palmeiras, pela 4\u00aa rodada do Brasileir\u00e3o S\u00e9rie A.<\/p>\n\n\n\n<p>Durante este per\u00edodo, o atacante chegou a pensar em deixar o clube carioca justamente pelo impacto psicol\u00f3gico que a situa\u00e7\u00e3o estava causando na fam\u00edlia, at\u00e9 que a troca de comando mudou o rumo da hist\u00f3ria. Inclusive, o pr\u00f3prio jogador falou sobre este momento:<\/p>\n\n\n\n<p><em>\u2014 Foram momentos dif\u00edceis, mas, gra\u00e7as a Deus, foi tudo superado. Hoje, meu choro \u00e9 s\u00f3 alegria. Agora, \u00e9 alegria e comemorar.<\/em><\/p>\n\n\n\n<p>No fim da entrevista de Pedro, que foi concedida ao Globo Esporte, a m\u00e3e do jogador agradeceu o atual t\u00e9cnico do Fla, Dorival J\u00fanior, e o chamou de \u201cAnjo Dorival\u201d. Afinal, foi a chegada do treinador que mudou o rumo n\u00e3o s\u00f3 do ano, mas da carreira do centroavante que termina a temporada com 29 gols e sete assist\u00eancias.<\/p>\n\n\n\n<p><em>\u2014 Foi fundamental todo apoio da minha m\u00e3e, do meu pai, dos meus irm\u00e3os, minha namorada\u2026 Eles me ajudaram bastante neste processo em um ano que altos e baixos. Foram momentos dif\u00edceis, mas gra\u00e7as a Deus conseguimos superar e recuperar. Creio que Deus faz tudo no tempo certo e hoje podemos comemorar e se alegrar pela realiza\u00e7\u00e3o de um sonho meu e da fam\u00edlia.<\/em><\/p>\n\n\n\n<p>Retirado de: Torcedores<\/p>\n","protected":false},"excerpt":{"rendered":"<p>A temporada de Pedro no Flamengo foi intensa, e o choro de Dona Maria Cristina, m\u00e3e do jogador, ficou marcado nos per\u00edodos de maior dificuldade. Em duas ocasi\u00f5es, a m\u00e3e do atacante da Sele\u00e7\u00e3o n\u00e3o conseguiu esconder a tristeza diante da falta de oportunidades do filho quando o Rubro-Negro ainda era comandado pelo t\u00e9cnico portugu\u00eas [&hellip;]<\/p>\n","protected":false},"author":1,"featured_media":88458,"comment_status":"open","ping_status":"closed","sticky":false,"template":"","format":"standard","meta":{"footnotes":""},"categories":[1],"tags":[],"class_list":["post-90373","post","type-post","status-publish","format-standard","has-post-thumbnail","hentry","category-flamengo"],"yoast_head":"<!-- This site is optimized with the Yoast SEO Premium plugin v24.2 (Yoast SEO v26.9) - https:\/\/yoast.com\/product\/yoast-seo-premium-wordpress\/ -->\n<title>Ap\u00f3s chorar duas vezes com a falta de oportunidades com Paulo Sousa, m\u00e3e de Pedro, do Flamengo, fala sobre Dorival J\u00fanior<\/title>\n<meta name=\"robots\" content=\"index, follow, max-snippet:-1, max-image-preview:large, max-video-preview:-1\" \/>\n<link rel=\"canonical\" href=\"https:\/\/www.gaveanews.com\/index.php\/2022\/11\/08\/apos-chorar-duas-vezes-com-as-faltas-de-oportunidades-com-paulo-sousa-mae-de-pedro-do-flamengo-fala-sobre-dorival-junior\/\" \/>\n<meta property=\"og:locale\" content=\"pt_BR\" \/>\n<meta property=\"og:type\" content=\"article\" \/>\n<meta property=\"og:title\" content=\"Ap\u00f3s chorar duas vezes com a falta de oportunidades com Paulo Sousa, m\u00e3e de Pedro, do Flamengo, fala sobre Dorival J\u00fanior\" \/>\n<meta property=\"og:description\" content=\"A temporada de Pedro no Flamengo foi intensa, e o choro de Dona Maria Cristina, m\u00e3e do jogador, ficou marcado nos per\u00edodos de maior dificuldade. Em duas ocasi\u00f5es, a m\u00e3e do atacante da Sele\u00e7\u00e3o n\u00e3o conseguiu esconder a tristeza diante da falta de oportunidades do filho quando o Rubro-Negro ainda era comandado pelo t\u00e9cnico portugu\u00eas [&hellip;]\" \/>\n<meta property=\"og:url\" content=\"https:\/\/www.gaveanews.com\/index.php\/2022\/11\/08\/apos-chorar-duas-vezes-com-as-faltas-de-oportunidades-com-paulo-sousa-mae-de-pedro-do-flamengo-fala-sobre-dorival-junior\/\" \/>\n<meta property=\"og:site_name\" content=\"G\u00e1vea News\" \/>\n<meta property=\"article:publisher\" content=\"https:\/\/facebook.com\/gaveaNews\/\" \/>\n<meta property=\"article:published_time\" content=\"2022-11-09T00:31:11+00:00\" \/>\n<meta property=\"article:modified_time\" content=\"2022-11-09T10:29:41+00:00\" \/>\n<meta property=\"og:image\" content=\"https:\/\/www.gaveanews.com\/wp-content\/uploads\/Pedro-e-Gabigol-1.webp\" \/>\n\t<meta property=\"og:image:width\" content=\"799\" \/>\n\t<meta property=\"og:image:height\" content=\"533\" \/>\n\t<meta property=\"og:image:type\" content=\"image\/jpeg\" \/>\n<meta name=\"author\" content=\"Equipe G\u00e1vea News\" \/>\n<meta name=\"twitter:card\" content=\"summary_large_image\" \/>\n<meta name=\"twitter:label1\" content=\"Escrito por\" \/>\n\t<meta name=\"twitter:data1\" content=\"Equipe G\u00e1vea News\" \/>\n\t<meta name=\"twitter:label2\" content=\"Est. tempo de leitura\" \/>\n\t<meta name=\"twitter:data2\" content=\"2 minutos\" \/>\n<script type=\"application\/ld+json\" class=\"yoast-schema-graph\">{\"@context\":\"https:\/\/schema.org\",\"@graph\":[{\"@type\":\"NewsArticle\",\"@id\":\"https:\/\/www.gaveanews.com\/index.php\/2022\/11\/08\/apos-chorar-duas-vezes-com-as-faltas-de-oportunidades-com-paulo-sousa-mae-de-pedro-do-flamengo-fala-sobre-dorival-junior\/#article\",\"isPartOf\":{\"@id\":\"https:\/\/www.gaveanews.com\/index.php\/2022\/11\/08\/apos-chorar-duas-vezes-com-as-faltas-de-oportunidades-com-paulo-sousa-mae-de-pedro-do-flamengo-fala-sobre-dorival-junior\/\"},\"author\":{\"name\":\"Equipe G\u00e1vea News\",\"@id\":\"https:\/\/www.gaveanews.com\/#\/schema\/person\/2ec14f73fb96be2caf28f91afb14749d\"},\"headline\":\"Ap\u00f3s chorar duas vezes com a falta de oportunidades com Paulo Sousa, m\u00e3e de Pedro, do Flamengo, fala sobre Dorival J\u00fanior\",\"datePublished\":\"2022-11-09T00:31:11+00:00\",\"dateModified\":\"2022-11-09T10:29:41+00:00\",\"mainEntityOfPage\":{\"@id\":\"https:\/\/www.gaveanews.com\/index.php\/2022\/11\/08\/apos-chorar-duas-vezes-com-as-faltas-de-oportunidades-com-paulo-sousa-mae-de-pedro-do-flamengo-fala-sobre-dorival-junior\/\"},\"wordCount\":371,\"commentCount\":0,\"image\":{\"@id\":\"https:\/\/www.gaveanews.com\/index.php\/2022\/11\/08\/apos-chorar-duas-vezes-com-as-faltas-de-oportunidades-com-paulo-sousa-mae-de-pedro-do-flamengo-fala-sobre-dorival-junior\/#primaryimage\"},\"thumbnailUrl\":\"https:\/\/www.gaveanews.com\/wp-content\/uploads\/Pedro-e-Gabigol-1.webp\",\"articleSection\":[\"Flamengo\"],\"inLanguage\":\"pt-BR\",\"potentialAction\":[{\"@type\":\"CommentAction\",\"name\":\"Comment\",\"target\":[\"https:\/\/www.gaveanews.com\/index.php\/2022\/11\/08\/apos-chorar-duas-vezes-com-as-faltas-de-oportunidades-com-paulo-sousa-mae-de-pedro-do-flamengo-fala-sobre-dorival-junior\/#respond\"]}],\"copyrightYear\":\"2022\",\"copyrightHolder\":{\"@id\":\"https:\/\/www.gaveanews.com\/#organization\"}},{\"@type\":\"WebPage\",\"@id\":\"https:\/\/www.gaveanews.com\/index.php\/2022\/11\/08\/apos-chorar-duas-vezes-com-as-faltas-de-oportunidades-com-paulo-sousa-mae-de-pedro-do-flamengo-fala-sobre-dorival-junior\/\",\"url\":\"https:\/\/www.gaveanews.com\/index.php\/2022\/11\/08\/apos-chorar-duas-vezes-com-as-faltas-de-oportunidades-com-paulo-sousa-mae-de-pedro-do-flamengo-fala-sobre-dorival-junior\/\",\"name\":\"Ap\u00f3s chorar duas vezes com a falta de oportunidades com Paulo Sousa, m\u00e3e de Pedro, do Flamengo, fala sobre Dorival J\u00fanior\",\"isPartOf\":{\"@id\":\"https:\/\/www.gaveanews.com\/#website\"},\"primaryImageOfPage\":{\"@id\":\"https:\/\/www.gaveanews.com\/index.php\/2022\/11\/08\/apos-chorar-duas-vezes-com-as-faltas-de-oportunidades-com-paulo-sousa-mae-de-pedro-do-flamengo-fala-sobre-dorival-junior\/#primaryimage\"},\"image\":{\"@id\":\"https:\/\/www.gaveanews.com\/index.php\/2022\/11\/08\/apos-chorar-duas-vezes-com-as-faltas-de-oportunidades-com-paulo-sousa-mae-de-pedro-do-flamengo-fala-sobre-dorival-junior\/#primaryimage\"},\"thumbnailUrl\":\"https:\/\/www.gaveanews.com\/wp-content\/uploads\/Pedro-e-Gabigol-1.webp\",\"datePublished\":\"2022-11-09T00:31:11+00:00\",\"dateModified\":\"2022-11-09T10:29:41+00:00\",\"author\":{\"@id\":\"https:\/\/www.gaveanews.com\/#\/schema\/person\/2ec14f73fb96be2caf28f91afb14749d\"},\"breadcrumb\":{\"@id\":\"https:\/\/www.gaveanews.com\/index.php\/2022\/11\/08\/apos-chorar-duas-vezes-com-as-faltas-de-oportunidades-com-paulo-sousa-mae-de-pedro-do-flamengo-fala-sobre-dorival-junior\/#breadcrumb\"},\"inLanguage\":\"pt-BR\",\"potentialAction\":[{\"@type\":\"ReadAction\",\"target\":[\"https:\/\/www.gaveanews.com\/index.php\/2022\/11\/08\/apos-chorar-duas-vezes-com-as-faltas-de-oportunidades-com-paulo-sousa-mae-de-pedro-do-flamengo-fala-sobre-dorival-junior\/\"]}]},{\"@type\":\"ImageObject\",\"inLanguage\":\"pt-BR\",\"@id\":\"https:\/\/www.gaveanews.com\/index.php\/2022\/11\/08\/apos-chorar-duas-vezes-com-as-faltas-de-oportunidades-com-paulo-sousa-mae-de-pedro-do-flamengo-fala-sobre-dorival-junior\/#primaryimage\",\"url\":\"https:\/\/www.gaveanews.com\/wp-content\/uploads\/Pedro-e-Gabigol-1.webp\",\"contentUrl\":\"https:\/\/www.gaveanews.com\/wp-content\/uploads\/Pedro-e-Gabigol-1.webp\",\"width\":799,\"height\":533,\"caption\":\"Pedro e Gabigol marcam pelo Flamengo contra o Bragantino (Foto: Gilvan de Souza\/Flamengo)\"},{\"@type\":\"BreadcrumbList\",\"@id\":\"https:\/\/www.gaveanews.com\/index.php\/2022\/11\/08\/apos-chorar-duas-vezes-com-as-faltas-de-oportunidades-com-paulo-sousa-mae-de-pedro-do-flamengo-fala-sobre-dorival-junior\/#breadcrumb\",\"itemListElement\":[{\"@type\":\"ListItem\",\"position\":1,\"name\":\"Home\",\"item\":\"https:\/\/www.gaveanews.com\/\"},{\"@type\":\"ListItem\",\"position\":2,\"name\":\"Ap\u00f3s chorar duas vezes com a falta de oportunidades com Paulo Sousa, m\u00e3e de Pedro, do Flamengo, fala sobre Dorival J\u00fanior\"}]},{\"@type\":\"WebSite\",\"@id\":\"https:\/\/www.gaveanews.com\/#website\",\"url\":\"https:\/\/www.gaveanews.com\/\",\"name\":\"G\u00e1vea News\",\"description\":\"Veja todas as not\u00edcias sobre o Flamengo: Contrata\u00e7\u00f5es, categorias de base, resultados das partidas, tabela de classifica\u00e7\u00e3o, pr\u00f3ximos jogos!\",\"potentialAction\":[{\"@type\":\"SearchAction\",\"target\":{\"@type\":\"EntryPoint\",\"urlTemplate\":\"https:\/\/www.gaveanews.com\/?s={search_term_string}\"},\"query-input\":{\"@type\":\"PropertyValueSpecification\",\"valueRequired\":true,\"valueName\":\"search_term_string\"}}],\"inLanguage\":\"pt-BR\"},{\"@type\":\"Person\",\"@id\":\"https:\/\/www.gaveanews.com\/#\/schema\/person\/2ec14f73fb96be2caf28f91afb14749d\",\"name\":\"Equipe G\u00e1vea News\",\"image\":{\"@type\":\"ImageObject\",\"inLanguage\":\"pt-BR\",\"@id\":\"https:\/\/www.gaveanews.com\/#\/schema\/person\/image\/\",\"url\":\"https:\/\/secure.gravatar.com\/avatar\/1e1956f1facbffd3f8fa53a326721950116b3b9dc9bd44939c01180fd4a745a9?s=96&d=mm&r=g\",\"contentUrl\":\"https:\/\/secure.gravatar.com\/avatar\/1e1956f1facbffd3f8fa53a326721950116b3b9dc9bd44939c01180fd4a745a9?s=96&d=mm&r=g\",\"caption\":\"Equipe G\u00e1vea News\"}}]}<\/script>\n<!-- \/ Yoast SEO Premium plugin. -->","yoast_head_json":{"title":"Ap\u00f3s chorar duas vezes com a falta de oportunidades com Paulo Sousa, m\u00e3e de Pedro, do Flamengo, fala sobre Dorival J\u00fanior","robots":{"index":"index","follow":"follow","max-snippet":"max-snippet:-1","max-image-preview":"max-image-preview:large","max-video-preview":"max-video-preview:-1"},"canonical":"https:\/\/www.gaveanews.com\/index.php\/2022\/11\/08\/apos-chorar-duas-vezes-com-as-faltas-de-oportunidades-com-paulo-sousa-mae-de-pedro-do-flamengo-fala-sobre-dorival-junior\/","og_locale":"pt_BR","og_type":"article","og_title":"Ap\u00f3s chorar duas vezes com a falta de oportunidades com Paulo Sousa, m\u00e3e de Pedro, do Flamengo, fala sobre Dorival J\u00fanior","og_description":"A temporada de Pedro no Flamengo foi intensa, e o choro de Dona Maria Cristina, m\u00e3e do jogador, ficou marcado nos per\u00edodos de maior dificuldade. Em duas ocasi\u00f5es, a m\u00e3e do atacante da Sele\u00e7\u00e3o n\u00e3o conseguiu esconder a tristeza diante da falta de oportunidades do filho quando o Rubro-Negro ainda era comandado pelo t\u00e9cnico portugu\u00eas [&hellip;]","og_url":"https:\/\/www.gaveanews.com\/index.php\/2022\/11\/08\/apos-chorar-duas-vezes-com-as-faltas-de-oportunidades-com-paulo-sousa-mae-de-pedro-do-flamengo-fala-sobre-dorival-junior\/","og_site_name":"G\u00e1vea News","article_publisher":"https:\/\/facebook.com\/gaveaNews\/","article_published_time":"2022-11-09T00:31:11+00:00","article_modified_time":"2022-11-09T10:29:41+00:00","og_image":[{"width":799,"height":533,"url":"https:\/\/www.gaveanews.com\/wp-content\/uploads\/Pedro-e-Gabigol-1.webp","type":"image\/jpeg"}],"author":"Equipe G\u00e1vea News","twitter_card":"summary_large_image","twitter_misc":{"Escrito por":"Equipe G\u00e1vea News","Est. tempo de leitura":"2 minutos"},"schema":{"@context":"https:\/\/schema.org","@graph":[{"@type":"NewsArticle","@id":"https:\/\/www.gaveanews.com\/index.php\/2022\/11\/08\/apos-chorar-duas-vezes-com-as-faltas-de-oportunidades-com-paulo-sousa-mae-de-pedro-do-flamengo-fala-sobre-dorival-junior\/#article","isPartOf":{"@id":"https:\/\/www.gaveanews.com\/index.php\/2022\/11\/08\/apos-chorar-duas-vezes-com-as-faltas-de-oportunidades-com-paulo-sousa-mae-de-pedro-do-flamengo-fala-sobre-dorival-junior\/"},"author":{"name":"Equipe G\u00e1vea News","@id":"https:\/\/www.gaveanews.com\/#\/schema\/person\/2ec14f73fb96be2caf28f91afb14749d"},"headline":"Ap\u00f3s chorar duas vezes com a falta de oportunidades com Paulo Sousa, m\u00e3e de Pedro, do Flamengo, fala sobre Dorival J\u00fanior","datePublished":"2022-11-09T00:31:11+00:00","dateModified":"2022-11-09T10:29:41+00:00","mainEntityOfPage":{"@id":"https:\/\/www.gaveanews.com\/index.php\/2022\/11\/08\/apos-chorar-duas-vezes-com-as-faltas-de-oportunidades-com-paulo-sousa-mae-de-pedro-do-flamengo-fala-sobre-dorival-junior\/"},"wordCount":371,"commentCount":0,"image":{"@id":"https:\/\/www.gaveanews.com\/index.php\/2022\/11\/08\/apos-chorar-duas-vezes-com-as-faltas-de-oportunidades-com-paulo-sousa-mae-de-pedro-do-flamengo-fala-sobre-dorival-junior\/#primaryimage"},"thumbnailUrl":"https:\/\/www.gaveanews.com\/wp-content\/uploads\/Pedro-e-Gabigol-1.webp","articleSection":["Flamengo"],"inLanguage":"pt-BR","potentialAction":[{"@type":"CommentAction","name":"Comment","target":["https:\/\/www.gaveanews.com\/index.php\/2022\/11\/08\/apos-chorar-duas-vezes-com-as-faltas-de-oportunidades-com-paulo-sousa-mae-de-pedro-do-flamengo-fala-sobre-dorival-junior\/#respond"]}],"copyrightYear":"2022","copyrightHolder":{"@id":"https:\/\/www.gaveanews.com\/#organization"}},{"@type":"WebPage","@id":"https:\/\/www.gaveanews.com\/index.php\/2022\/11\/08\/apos-chorar-duas-vezes-com-as-faltas-de-oportunidades-com-paulo-sousa-mae-de-pedro-do-flamengo-fala-sobre-dorival-junior\/","url":"https:\/\/www.gaveanews.com\/index.php\/2022\/11\/08\/apos-chorar-duas-vezes-com-as-faltas-de-oportunidades-com-paulo-sousa-mae-de-pedro-do-flamengo-fala-sobre-dorival-junior\/","name":"Ap\u00f3s chorar duas vezes com a falta de oportunidades com Paulo Sousa, m\u00e3e de Pedro, do Flamengo, fala sobre Dorival J\u00fanior","isPartOf":{"@id":"https:\/\/www.gaveanews.com\/#website"},"primaryImageOfPage":{"@id":"https:\/\/www.gaveanews.com\/index.php\/2022\/11\/08\/apos-chorar-duas-vezes-com-as-faltas-de-oportunidades-com-paulo-sousa-mae-de-pedro-do-flamengo-fala-sobre-dorival-junior\/#primaryimage"},"image":{"@id":"https:\/\/www.gaveanews.com\/index.php\/2022\/11\/08\/apos-chorar-duas-vezes-com-as-faltas-de-oportunidades-com-paulo-sousa-mae-de-pedro-do-flamengo-fala-sobre-dorival-junior\/#primaryimage"},"thumbnailUrl":"https:\/\/www.gaveanews.com\/wp-content\/uploads\/Pedro-e-Gabigol-1.webp","datePublished":"2022-11-09T00:31:11+00:00","dateModified":"2022-11-09T10:29:41+00:00","author":{"@id":"https:\/\/www.gaveanews.com\/#\/schema\/person\/2ec14f73fb96be2caf28f91afb14749d"},"breadcrumb":{"@id":"https:\/\/www.gaveanews.com\/index.php\/2022\/11\/08\/apos-chorar-duas-vezes-com-as-faltas-de-oportunidades-com-paulo-sousa-mae-de-pedro-do-flamengo-fala-sobre-dorival-junior\/#breadcrumb"},"inLanguage":"pt-BR","potentialAction":[{"@type":"ReadAction","target":["https:\/\/www.gaveanews.com\/index.php\/2022\/11\/08\/apos-chorar-duas-vezes-com-as-faltas-de-oportunidades-com-paulo-sousa-mae-de-pedro-do-flamengo-fala-sobre-dorival-junior\/"]}]},{"@type":"ImageObject","inLanguage":"pt-BR","@id":"https:\/\/www.gaveanews.com\/index.php\/2022\/11\/08\/apos-chorar-duas-vezes-com-as-faltas-de-oportunidades-com-paulo-sousa-mae-de-pedro-do-flamengo-fala-sobre-dorival-junior\/#primaryimage","url":"https:\/\/www.gaveanews.com\/wp-content\/uploads\/Pedro-e-Gabigol-1.webp","contentUrl":"https:\/\/www.gaveanews.com\/wp-content\/uploads\/Pedro-e-Gabigol-1.webp","width":799,"height":533,"caption":"Pedro e Gabigol marcam pelo Flamengo contra o Bragantino (Foto: Gilvan de Souza\/Flamengo)"},{"@type":"BreadcrumbList","@id":"https:\/\/www.gaveanews.com\/index.php\/2022\/11\/08\/apos-chorar-duas-vezes-com-as-faltas-de-oportunidades-com-paulo-sousa-mae-de-pedro-do-flamengo-fala-sobre-dorival-junior\/#breadcrumb","itemListElement":[{"@type":"ListItem","position":1,"name":"Home","item":"https:\/\/www.gaveanews.com\/"},{"@type":"ListItem","position":2,"name":"Ap\u00f3s chorar duas vezes com a falta de oportunidades com Paulo Sousa, m\u00e3e de Pedro, do Flamengo, fala sobre Dorival J\u00fanior"}]},{"@type":"WebSite","@id":"https:\/\/www.gaveanews.com\/#website","url":"https:\/\/www.gaveanews.com\/","name":"G\u00e1vea News","description":"Veja todas as not\u00edcias sobre o Flamengo: Contrata\u00e7\u00f5es, categorias de base, resultados das partidas, tabela de classifica\u00e7\u00e3o, pr\u00f3ximos jogos!","potentialAction":[{"@type":"SearchAction","target":{"@type":"EntryPoint","urlTemplate":"https:\/\/www.gaveanews.com\/?s={search_term_string}"},"query-input":{"@type":"PropertyValueSpecification","valueRequired":true,"valueName":"search_term_string"}}],"inLanguage":"pt-BR"},{"@type":"Person","@id":"https:\/\/www.gaveanews.com\/#\/schema\/person\/2ec14f73fb96be2caf28f91afb14749d","name":"Equipe G\u00e1vea News","image":{"@type":"ImageObject","inLanguage":"pt-BR","@id":"https:\/\/www.gaveanews.com\/#\/schema\/person\/image\/","url":"https:\/\/secure.gravatar.com\/avatar\/1e1956f1facbffd3f8fa53a326721950116b3b9dc9bd44939c01180fd4a745a9?s=96&d=mm&r=g","contentUrl":"https:\/\/secure.gravatar.com\/avatar\/1e1956f1facbffd3f8fa53a326721950116b3b9dc9bd44939c01180fd4a745a9?s=96&d=mm&r=g","caption":"Equipe G\u00e1vea News"}}]}},"_links":{"self":[{"href":"https:\/\/www.gaveanews.com\/index.php\/wp-json\/wp\/v2\/posts\/90373","targetHints":{"allow":["GET"]}}],"collection":[{"href":"https:\/\/www.gaveanews.com\/index.php\/wp-json\/wp\/v2\/posts"}],"about":[{"href":"https:\/\/www.gaveanews.com\/index.php\/wp-json\/wp\/v2\/types\/post"}],"author":[{"embeddable":true,"href":"https:\/\/www.gaveanews.com\/index.php\/wp-json\/wp\/v2\/users\/1"}],"replies":[{"embeddable":true,"href":"https:\/\/www.gaveanews.com\/index.php\/wp-json\/wp\/v2\/comments?post=90373"}],"version-history":[{"count":0,"href":"https:\/\/www.gaveanews.com\/index.php\/wp-json\/wp\/v2\/posts\/90373\/revisions"}],"wp:featuredmedia":[{"embeddable":true,"href":"https:\/\/www.gaveanews.com\/index.php\/wp-json\/wp\/v2\/media\/88458"}],"wp:attachment":[{"href":"https:\/\/www.gaveanews.com\/index.php\/wp-json\/wp\/v2\/media?parent=90373"}],"wp:term":[{"taxonomy":"category","embeddable":true,"href":"https:\/\/www.gaveanews.com\/index.php\/wp-json\/wp\/v2\/categories?post=90373"},{"taxonomy":"post_tag","embeddable":true,"href":"https:\/\/www.gaveanews.com\/index.php\/wp-json\/wp\/v2\/tags?post=90373"}],"curies":[{"name":"wp","href":"https:\/\/api.w.org\/{rel}","templated":true}]}}