{"id":90375,"date":"2022-11-08T21:33:44","date_gmt":"2022-11-09T00:33:44","guid":{"rendered":"https:\/\/www.gaveanews.com\/?p=90375"},"modified":"2022-11-08T21:33:46","modified_gmt":"2022-11-09T00:33:46","slug":"veja-a-provavel-escalacao-do-flamengo-para-o-jogo-contra-o-juventude","status":"publish","type":"post","link":"https:\/\/www.gaveanews.com\/index.php\/2022\/11\/08\/veja-a-provavel-escalacao-do-flamengo-para-o-jogo-contra-o-juventude\/","title":{"rendered":"Veja a prov\u00e1vel escala\u00e7\u00e3o do Flamengo para o jogo contra o Juventude"},"content":{"rendered":"\n<p>J\u00e1 sem qualquer objetivo no Brasileir\u00e3o, a n\u00e3o ser utilizar os \u00faltimos jogos para observar alguns jogadores e dar mais rodagem para alguns jovens destaques da base, o Flamengo volta a campo nesta quarta-feira (9) para enfrentar o Juventude, em jogo da 37\u00aa rodada do torneio nacional, \u00e0s 21h30 (de Bras\u00edlia), no est\u00e1dio Alfredo Jaconi.<\/p>\n\n\n\n<p>A grande novidade do Flamengo para a partida em Caxias do Sul ser\u00e1 o lateral-direito uruguaio Varela, que volta a ser relacionado ap\u00f3s se recuperar de les\u00e3o.<\/p>\n\n\n\n<p>O fato curioso da les\u00e3o \u00e9 que ela aconteceu no dia em que o Rubro-Negro conquistou a Copa do Brasil ao bater o Corinthians, na comemora\u00e7\u00e3o logo ap\u00f3s o \u00faltimo p\u00eanalti cobrado por Rodinei. Varela sofreu uma les\u00e3o muscular na coxa esquerda.<\/p>\n\n\n\n<p>O lateral, no entanto, deve come\u00e7ar a partida no banco de reservas e entrar no decorrer da partida.<\/p>\n\n\n\n<p>O time titular de Dorival J\u00fanior vai mudar tamb\u00e9m em rela\u00e7\u00e3o ao que foi derrotado pelo Coritiba na \u00faltima rodada do Brasileir\u00e3o. Diego Alves e Diego Ribas n\u00e3o viajaram para o Sul, enquanto Marinho vai desfalcar o time por causa de suspens\u00e3o.<\/p>\n\n\n\n<p>Por isso, Rodinei entra na lateral direita e Matheuzinho jogar\u00e1 adiantado na vaga de Marinho. Vidal, Thiago Maia e L\u00e9o Pereira tamb\u00e9m ficaram no Rio e n\u00e3o foram relacionados.<\/p>\n\n\n\n<p>Assim, a prov\u00e1vel escala\u00e7\u00e3o do Flamengo diante do Juventude deve ter: Hugo, Rodinei, Fabricio Bruno, Pablo, Ayrton Lucas, Erick Pulgar, Jo\u00e3o Gomes e Victor Hugo, Everton Cebolinha, Matheus Fran\u00e7a e Matheuzinho.<\/p>\n\n\n\n<p>Mais uma vez, o Fla n\u00e3o vai contar com alguns jogadores que j\u00e1 ganharam dispensa logo ap\u00f3s a final da Libertadores, em Guayaquil-EQU, casos dos meias Arrascaeta e Everton Ribeiro e ainda dos atacantes Pedro e Gabigol.<\/p>\n\n\n\n<p>Segundo Dorival, esses \u00faltimos jogos servem, al\u00e9m de dar ritmo e rodagem para jogadores menos utilizados na temporada, para dar uma bela despedida para Diego, que j\u00e1 anunciou que vai aposentar as chuteiras ap\u00f3s o fim do Brasileir\u00e3o \u2013 o meia deve voltar ao time diante Ava\u00ed na \u00faltima rodada.<\/p>\n\n\n\n<p><em>\u2014 A motiva\u00e7\u00e3o \u00e9 por darmos mais chances aos que n\u00e3o tiveram muitas oportunidades, a finaliza\u00e7\u00e3o da carreira do Diego. Que fa\u00e7amos esses dois jogos como fizemos os dois anteriores, com muita seguran\u00e7a daquilo que gostar\u00edamos e quer\u00edamos<\/em>, disse o t\u00e9cnico do Flamengo.<\/p>\n\n\n\n<p>Retirado de: Torcedores<\/p>\n","protected":false},"excerpt":{"rendered":"<p>J\u00e1 sem qualquer objetivo no Brasileir\u00e3o, a n\u00e3o ser utilizar os \u00faltimos jogos para observar alguns jogadores e dar mais rodagem para alguns jovens destaques da base, o Flamengo volta a campo nesta quarta-feira (9) para enfrentar o Juventude, em jogo da 37\u00aa rodada do torneio nacional, \u00e0s 21h30 (de Bras\u00edlia), no est\u00e1dio Alfredo Jaconi. [&hellip;]<\/p>\n","protected":false},"author":1,"featured_media":85020,"comment_status":"open","ping_status":"closed","sticky":false,"template":"","format":"standard","meta":{"footnotes":""},"categories":[1],"tags":[],"class_list":["post-90375","post","type-post","status-publish","format-standard","has-post-thumbnail","hentry","category-flamengo"],"yoast_head":"<!-- This site is optimized with the Yoast SEO Premium plugin v24.2 (Yoast SEO v26.9) - https:\/\/yoast.com\/product\/yoast-seo-premium-wordpress\/ -->\n<title>Veja a prov\u00e1vel escala\u00e7\u00e3o do Flamengo para o jogo contra o Juventude<\/title>\n<meta name=\"robots\" content=\"index, follow, max-snippet:-1, max-image-preview:large, max-video-preview:-1\" \/>\n<link rel=\"canonical\" href=\"https:\/\/www.gaveanews.com\/index.php\/2022\/11\/08\/veja-a-provavel-escalacao-do-flamengo-para-o-jogo-contra-o-juventude\/\" \/>\n<meta property=\"og:locale\" content=\"pt_BR\" \/>\n<meta property=\"og:type\" content=\"article\" \/>\n<meta property=\"og:title\" content=\"Veja a prov\u00e1vel escala\u00e7\u00e3o do Flamengo para o jogo contra o Juventude\" \/>\n<meta property=\"og:description\" content=\"J\u00e1 sem qualquer objetivo no Brasileir\u00e3o, a n\u00e3o ser utilizar os \u00faltimos jogos para observar alguns jogadores e dar mais rodagem para alguns jovens destaques da base, o Flamengo volta a campo nesta quarta-feira (9) para enfrentar o Juventude, em jogo da 37\u00aa rodada do torneio nacional, \u00e0s 21h30 (de Bras\u00edlia), no est\u00e1dio Alfredo Jaconi. [&hellip;]\" \/>\n<meta property=\"og:url\" content=\"https:\/\/www.gaveanews.com\/index.php\/2022\/11\/08\/veja-a-provavel-escalacao-do-flamengo-para-o-jogo-contra-o-juventude\/\" \/>\n<meta property=\"og:site_name\" content=\"G\u00e1vea News\" \/>\n<meta property=\"article:publisher\" content=\"https:\/\/facebook.com\/gaveaNews\/\" \/>\n<meta property=\"article:published_time\" content=\"2022-11-09T00:33:44+00:00\" \/>\n<meta property=\"article:modified_time\" content=\"2022-11-09T00:33:46+00:00\" \/>\n<meta property=\"og:image\" content=\"https:\/\/www.gaveanews.com\/wp-content\/uploads\/Everton-Cebolinha-estreia-pelo-Flamego-contra-o-Juventude.webp\" \/>\n\t<meta property=\"og:image:width\" content=\"799\" \/>\n\t<meta property=\"og:image:height\" content=\"533\" \/>\n\t<meta property=\"og:image:type\" content=\"image\/jpeg\" \/>\n<meta name=\"author\" content=\"Equipe G\u00e1vea News\" \/>\n<meta name=\"twitter:card\" content=\"summary_large_image\" \/>\n<meta name=\"twitter:label1\" content=\"Escrito por\" \/>\n\t<meta name=\"twitter:data1\" content=\"Equipe G\u00e1vea News\" \/>\n\t<meta name=\"twitter:label2\" content=\"Est. tempo de leitura\" \/>\n\t<meta name=\"twitter:data2\" content=\"3 minutos\" \/>\n<script type=\"application\/ld+json\" class=\"yoast-schema-graph\">{\"@context\":\"https:\/\/schema.org\",\"@graph\":[{\"@type\":\"NewsArticle\",\"@id\":\"https:\/\/www.gaveanews.com\/index.php\/2022\/11\/08\/veja-a-provavel-escalacao-do-flamengo-para-o-jogo-contra-o-juventude\/#article\",\"isPartOf\":{\"@id\":\"https:\/\/www.gaveanews.com\/index.php\/2022\/11\/08\/veja-a-provavel-escalacao-do-flamengo-para-o-jogo-contra-o-juventude\/\"},\"author\":{\"name\":\"Equipe G\u00e1vea News\",\"@id\":\"https:\/\/www.gaveanews.com\/#\/schema\/person\/2ec14f73fb96be2caf28f91afb14749d\"},\"headline\":\"Veja a prov\u00e1vel escala\u00e7\u00e3o do Flamengo para o jogo contra o Juventude\",\"datePublished\":\"2022-11-09T00:33:44+00:00\",\"dateModified\":\"2022-11-09T00:33:46+00:00\",\"mainEntityOfPage\":{\"@id\":\"https:\/\/www.gaveanews.com\/index.php\/2022\/11\/08\/veja-a-provavel-escalacao-do-flamengo-para-o-jogo-contra-o-juventude\/\"},\"wordCount\":423,\"commentCount\":0,\"image\":{\"@id\":\"https:\/\/www.gaveanews.com\/index.php\/2022\/11\/08\/veja-a-provavel-escalacao-do-flamengo-para-o-jogo-contra-o-juventude\/#primaryimage\"},\"thumbnailUrl\":\"https:\/\/www.gaveanews.com\/wp-content\/uploads\/Everton-Cebolinha-estreia-pelo-Flamego-contra-o-Juventude.webp\",\"articleSection\":[\"Flamengo\"],\"inLanguage\":\"pt-BR\",\"potentialAction\":[{\"@type\":\"CommentAction\",\"name\":\"Comment\",\"target\":[\"https:\/\/www.gaveanews.com\/index.php\/2022\/11\/08\/veja-a-provavel-escalacao-do-flamengo-para-o-jogo-contra-o-juventude\/#respond\"]}],\"copyrightYear\":\"2022\",\"copyrightHolder\":{\"@id\":\"https:\/\/www.gaveanews.com\/#organization\"}},{\"@type\":\"WebPage\",\"@id\":\"https:\/\/www.gaveanews.com\/index.php\/2022\/11\/08\/veja-a-provavel-escalacao-do-flamengo-para-o-jogo-contra-o-juventude\/\",\"url\":\"https:\/\/www.gaveanews.com\/index.php\/2022\/11\/08\/veja-a-provavel-escalacao-do-flamengo-para-o-jogo-contra-o-juventude\/\",\"name\":\"Veja a prov\u00e1vel escala\u00e7\u00e3o do Flamengo para o jogo contra o Juventude\",\"isPartOf\":{\"@id\":\"https:\/\/www.gaveanews.com\/#website\"},\"primaryImageOfPage\":{\"@id\":\"https:\/\/www.gaveanews.com\/index.php\/2022\/11\/08\/veja-a-provavel-escalacao-do-flamengo-para-o-jogo-contra-o-juventude\/#primaryimage\"},\"image\":{\"@id\":\"https:\/\/www.gaveanews.com\/index.php\/2022\/11\/08\/veja-a-provavel-escalacao-do-flamengo-para-o-jogo-contra-o-juventude\/#primaryimage\"},\"thumbnailUrl\":\"https:\/\/www.gaveanews.com\/wp-content\/uploads\/Everton-Cebolinha-estreia-pelo-Flamego-contra-o-Juventude.webp\",\"datePublished\":\"2022-11-09T00:33:44+00:00\",\"dateModified\":\"2022-11-09T00:33:46+00:00\",\"author\":{\"@id\":\"https:\/\/www.gaveanews.com\/#\/schema\/person\/2ec14f73fb96be2caf28f91afb14749d\"},\"breadcrumb\":{\"@id\":\"https:\/\/www.gaveanews.com\/index.php\/2022\/11\/08\/veja-a-provavel-escalacao-do-flamengo-para-o-jogo-contra-o-juventude\/#breadcrumb\"},\"inLanguage\":\"pt-BR\",\"potentialAction\":[{\"@type\":\"ReadAction\",\"target\":[\"https:\/\/www.gaveanews.com\/index.php\/2022\/11\/08\/veja-a-provavel-escalacao-do-flamengo-para-o-jogo-contra-o-juventude\/\"]}]},{\"@type\":\"ImageObject\",\"inLanguage\":\"pt-BR\",\"@id\":\"https:\/\/www.gaveanews.com\/index.php\/2022\/11\/08\/veja-a-provavel-escalacao-do-flamengo-para-o-jogo-contra-o-juventude\/#primaryimage\",\"url\":\"https:\/\/www.gaveanews.com\/wp-content\/uploads\/Everton-Cebolinha-estreia-pelo-Flamego-contra-o-Juventude.webp\",\"contentUrl\":\"https:\/\/www.gaveanews.com\/wp-content\/uploads\/Everton-Cebolinha-estreia-pelo-Flamego-contra-o-Juventude.webp\",\"width\":799,\"height\":533,\"caption\":\"Everton Cebolinha estreia pelo Flamengo contra o Juventude (Foto: Marcelo Cortes\/Flamengo)\"},{\"@type\":\"BreadcrumbList\",\"@id\":\"https:\/\/www.gaveanews.com\/index.php\/2022\/11\/08\/veja-a-provavel-escalacao-do-flamengo-para-o-jogo-contra-o-juventude\/#breadcrumb\",\"itemListElement\":[{\"@type\":\"ListItem\",\"position\":1,\"name\":\"Home\",\"item\":\"https:\/\/www.gaveanews.com\/\"},{\"@type\":\"ListItem\",\"position\":2,\"name\":\"Veja a prov\u00e1vel escala\u00e7\u00e3o do Flamengo para o jogo contra o Juventude\"}]},{\"@type\":\"WebSite\",\"@id\":\"https:\/\/www.gaveanews.com\/#website\",\"url\":\"https:\/\/www.gaveanews.com\/\",\"name\":\"G\u00e1vea News\",\"description\":\"Veja todas as not\u00edcias sobre o Flamengo: Contrata\u00e7\u00f5es, categorias de base, resultados das partidas, tabela de classifica\u00e7\u00e3o, pr\u00f3ximos jogos!\",\"potentialAction\":[{\"@type\":\"SearchAction\",\"target\":{\"@type\":\"EntryPoint\",\"urlTemplate\":\"https:\/\/www.gaveanews.com\/?s={search_term_string}\"},\"query-input\":{\"@type\":\"PropertyValueSpecification\",\"valueRequired\":true,\"valueName\":\"search_term_string\"}}],\"inLanguage\":\"pt-BR\"},{\"@type\":\"Person\",\"@id\":\"https:\/\/www.gaveanews.com\/#\/schema\/person\/2ec14f73fb96be2caf28f91afb14749d\",\"name\":\"Equipe G\u00e1vea News\",\"image\":{\"@type\":\"ImageObject\",\"inLanguage\":\"pt-BR\",\"@id\":\"https:\/\/www.gaveanews.com\/#\/schema\/person\/image\/\",\"url\":\"https:\/\/secure.gravatar.com\/avatar\/1e1956f1facbffd3f8fa53a326721950116b3b9dc9bd44939c01180fd4a745a9?s=96&d=mm&r=g\",\"contentUrl\":\"https:\/\/secure.gravatar.com\/avatar\/1e1956f1facbffd3f8fa53a326721950116b3b9dc9bd44939c01180fd4a745a9?s=96&d=mm&r=g\",\"caption\":\"Equipe G\u00e1vea News\"}}]}<\/script>\n<!-- \/ Yoast SEO Premium plugin. -->","yoast_head_json":{"title":"Veja a prov\u00e1vel escala\u00e7\u00e3o do Flamengo para o jogo contra o Juventude","robots":{"index":"index","follow":"follow","max-snippet":"max-snippet:-1","max-image-preview":"max-image-preview:large","max-video-preview":"max-video-preview:-1"},"canonical":"https:\/\/www.gaveanews.com\/index.php\/2022\/11\/08\/veja-a-provavel-escalacao-do-flamengo-para-o-jogo-contra-o-juventude\/","og_locale":"pt_BR","og_type":"article","og_title":"Veja a prov\u00e1vel escala\u00e7\u00e3o do Flamengo para o jogo contra o Juventude","og_description":"J\u00e1 sem qualquer objetivo no Brasileir\u00e3o, a n\u00e3o ser utilizar os \u00faltimos jogos para observar alguns jogadores e dar mais rodagem para alguns jovens destaques da base, o Flamengo volta a campo nesta quarta-feira (9) para enfrentar o Juventude, em jogo da 37\u00aa rodada do torneio nacional, \u00e0s 21h30 (de Bras\u00edlia), no est\u00e1dio Alfredo Jaconi. [&hellip;]","og_url":"https:\/\/www.gaveanews.com\/index.php\/2022\/11\/08\/veja-a-provavel-escalacao-do-flamengo-para-o-jogo-contra-o-juventude\/","og_site_name":"G\u00e1vea News","article_publisher":"https:\/\/facebook.com\/gaveaNews\/","article_published_time":"2022-11-09T00:33:44+00:00","article_modified_time":"2022-11-09T00:33:46+00:00","og_image":[{"width":799,"height":533,"url":"https:\/\/www.gaveanews.com\/wp-content\/uploads\/Everton-Cebolinha-estreia-pelo-Flamego-contra-o-Juventude.webp","type":"image\/jpeg"}],"author":"Equipe G\u00e1vea News","twitter_card":"summary_large_image","twitter_misc":{"Escrito por":"Equipe G\u00e1vea News","Est. tempo de leitura":"3 minutos"},"schema":{"@context":"https:\/\/schema.org","@graph":[{"@type":"NewsArticle","@id":"https:\/\/www.gaveanews.com\/index.php\/2022\/11\/08\/veja-a-provavel-escalacao-do-flamengo-para-o-jogo-contra-o-juventude\/#article","isPartOf":{"@id":"https:\/\/www.gaveanews.com\/index.php\/2022\/11\/08\/veja-a-provavel-escalacao-do-flamengo-para-o-jogo-contra-o-juventude\/"},"author":{"name":"Equipe G\u00e1vea News","@id":"https:\/\/www.gaveanews.com\/#\/schema\/person\/2ec14f73fb96be2caf28f91afb14749d"},"headline":"Veja a prov\u00e1vel escala\u00e7\u00e3o do Flamengo para o jogo contra o Juventude","datePublished":"2022-11-09T00:33:44+00:00","dateModified":"2022-11-09T00:33:46+00:00","mainEntityOfPage":{"@id":"https:\/\/www.gaveanews.com\/index.php\/2022\/11\/08\/veja-a-provavel-escalacao-do-flamengo-para-o-jogo-contra-o-juventude\/"},"wordCount":423,"commentCount":0,"image":{"@id":"https:\/\/www.gaveanews.com\/index.php\/2022\/11\/08\/veja-a-provavel-escalacao-do-flamengo-para-o-jogo-contra-o-juventude\/#primaryimage"},"thumbnailUrl":"https:\/\/www.gaveanews.com\/wp-content\/uploads\/Everton-Cebolinha-estreia-pelo-Flamego-contra-o-Juventude.webp","articleSection":["Flamengo"],"inLanguage":"pt-BR","potentialAction":[{"@type":"CommentAction","name":"Comment","target":["https:\/\/www.gaveanews.com\/index.php\/2022\/11\/08\/veja-a-provavel-escalacao-do-flamengo-para-o-jogo-contra-o-juventude\/#respond"]}],"copyrightYear":"2022","copyrightHolder":{"@id":"https:\/\/www.gaveanews.com\/#organization"}},{"@type":"WebPage","@id":"https:\/\/www.gaveanews.com\/index.php\/2022\/11\/08\/veja-a-provavel-escalacao-do-flamengo-para-o-jogo-contra-o-juventude\/","url":"https:\/\/www.gaveanews.com\/index.php\/2022\/11\/08\/veja-a-provavel-escalacao-do-flamengo-para-o-jogo-contra-o-juventude\/","name":"Veja a prov\u00e1vel escala\u00e7\u00e3o do Flamengo para o jogo contra o Juventude","isPartOf":{"@id":"https:\/\/www.gaveanews.com\/#website"},"primaryImageOfPage":{"@id":"https:\/\/www.gaveanews.com\/index.php\/2022\/11\/08\/veja-a-provavel-escalacao-do-flamengo-para-o-jogo-contra-o-juventude\/#primaryimage"},"image":{"@id":"https:\/\/www.gaveanews.com\/index.php\/2022\/11\/08\/veja-a-provavel-escalacao-do-flamengo-para-o-jogo-contra-o-juventude\/#primaryimage"},"thumbnailUrl":"https:\/\/www.gaveanews.com\/wp-content\/uploads\/Everton-Cebolinha-estreia-pelo-Flamego-contra-o-Juventude.webp","datePublished":"2022-11-09T00:33:44+00:00","dateModified":"2022-11-09T00:33:46+00:00","author":{"@id":"https:\/\/www.gaveanews.com\/#\/schema\/person\/2ec14f73fb96be2caf28f91afb14749d"},"breadcrumb":{"@id":"https:\/\/www.gaveanews.com\/index.php\/2022\/11\/08\/veja-a-provavel-escalacao-do-flamengo-para-o-jogo-contra-o-juventude\/#breadcrumb"},"inLanguage":"pt-BR","potentialAction":[{"@type":"ReadAction","target":["https:\/\/www.gaveanews.com\/index.php\/2022\/11\/08\/veja-a-provavel-escalacao-do-flamengo-para-o-jogo-contra-o-juventude\/"]}]},{"@type":"ImageObject","inLanguage":"pt-BR","@id":"https:\/\/www.gaveanews.com\/index.php\/2022\/11\/08\/veja-a-provavel-escalacao-do-flamengo-para-o-jogo-contra-o-juventude\/#primaryimage","url":"https:\/\/www.gaveanews.com\/wp-content\/uploads\/Everton-Cebolinha-estreia-pelo-Flamego-contra-o-Juventude.webp","contentUrl":"https:\/\/www.gaveanews.com\/wp-content\/uploads\/Everton-Cebolinha-estreia-pelo-Flamego-contra-o-Juventude.webp","width":799,"height":533,"caption":"Everton Cebolinha estreia pelo Flamengo contra o Juventude (Foto: Marcelo Cortes\/Flamengo)"},{"@type":"BreadcrumbList","@id":"https:\/\/www.gaveanews.com\/index.php\/2022\/11\/08\/veja-a-provavel-escalacao-do-flamengo-para-o-jogo-contra-o-juventude\/#breadcrumb","itemListElement":[{"@type":"ListItem","position":1,"name":"Home","item":"https:\/\/www.gaveanews.com\/"},{"@type":"ListItem","position":2,"name":"Veja a prov\u00e1vel escala\u00e7\u00e3o do Flamengo para o jogo contra o Juventude"}]},{"@type":"WebSite","@id":"https:\/\/www.gaveanews.com\/#website","url":"https:\/\/www.gaveanews.com\/","name":"G\u00e1vea News","description":"Veja todas as not\u00edcias sobre o Flamengo: Contrata\u00e7\u00f5es, categorias de base, resultados das partidas, tabela de classifica\u00e7\u00e3o, pr\u00f3ximos jogos!","potentialAction":[{"@type":"SearchAction","target":{"@type":"EntryPoint","urlTemplate":"https:\/\/www.gaveanews.com\/?s={search_term_string}"},"query-input":{"@type":"PropertyValueSpecification","valueRequired":true,"valueName":"search_term_string"}}],"inLanguage":"pt-BR"},{"@type":"Person","@id":"https:\/\/www.gaveanews.com\/#\/schema\/person\/2ec14f73fb96be2caf28f91afb14749d","name":"Equipe G\u00e1vea News","image":{"@type":"ImageObject","inLanguage":"pt-BR","@id":"https:\/\/www.gaveanews.com\/#\/schema\/person\/image\/","url":"https:\/\/secure.gravatar.com\/avatar\/1e1956f1facbffd3f8fa53a326721950116b3b9dc9bd44939c01180fd4a745a9?s=96&d=mm&r=g","contentUrl":"https:\/\/secure.gravatar.com\/avatar\/1e1956f1facbffd3f8fa53a326721950116b3b9dc9bd44939c01180fd4a745a9?s=96&d=mm&r=g","caption":"Equipe G\u00e1vea News"}}]}},"_links":{"self":[{"href":"https:\/\/www.gaveanews.com\/index.php\/wp-json\/wp\/v2\/posts\/90375","targetHints":{"allow":["GET"]}}],"collection":[{"href":"https:\/\/www.gaveanews.com\/index.php\/wp-json\/wp\/v2\/posts"}],"about":[{"href":"https:\/\/www.gaveanews.com\/index.php\/wp-json\/wp\/v2\/types\/post"}],"author":[{"embeddable":true,"href":"https:\/\/www.gaveanews.com\/index.php\/wp-json\/wp\/v2\/users\/1"}],"replies":[{"embeddable":true,"href":"https:\/\/www.gaveanews.com\/index.php\/wp-json\/wp\/v2\/comments?post=90375"}],"version-history":[{"count":0,"href":"https:\/\/www.gaveanews.com\/index.php\/wp-json\/wp\/v2\/posts\/90375\/revisions"}],"wp:featuredmedia":[{"embeddable":true,"href":"https:\/\/www.gaveanews.com\/index.php\/wp-json\/wp\/v2\/media\/85020"}],"wp:attachment":[{"href":"https:\/\/www.gaveanews.com\/index.php\/wp-json\/wp\/v2\/media?parent=90375"}],"wp:term":[{"taxonomy":"category","embeddable":true,"href":"https:\/\/www.gaveanews.com\/index.php\/wp-json\/wp\/v2\/categories?post=90375"},{"taxonomy":"post_tag","embeddable":true,"href":"https:\/\/www.gaveanews.com\/index.php\/wp-json\/wp\/v2\/tags?post=90375"}],"curies":[{"name":"wp","href":"https:\/\/api.w.org\/{rel}","templated":true}]}}