{"id":90387,"date":"2022-11-08T21:52:46","date_gmt":"2022-11-09T00:52:46","guid":{"rendered":"https:\/\/www.gaveanews.com\/?p=90387"},"modified":"2022-11-08T21:52:49","modified_gmt":"2022-11-09T00:52:49","slug":"reformulacao-diretoria-do-flamengo-se-movimenta-para-preencher-lacunas-apos-definicao-da-barca","status":"publish","type":"post","link":"https:\/\/www.gaveanews.com\/index.php\/2022\/11\/08\/reformulacao-diretoria-do-flamengo-se-movimenta-para-preencher-lacunas-apos-definicao-da-barca\/","title":{"rendered":"Reformula\u00e7\u00e3o: Diretoria do Flamengo se movimenta para preencher lacunas ap\u00f3s defini\u00e7\u00e3o da barca"},"content":{"rendered":"\n<p>Diego Alves e Diego Ribas, dois jogadores hist\u00f3ricos do Flamengo, vivem sua \u00faltima semana como atletas do clube. Os respectivos v\u00ednculos se encerram em dezembro, mas as despedidas ser\u00e3o no fim de semana, contra o Ava\u00ed no Maracan\u00e3, na \u00faltima rodada do Brasileir\u00e3o. Com a defini\u00e7\u00e3o dos primeiros nomes da barca, o time j\u00e1 tem lacunas a preencher no elenco em diferentes aspectos em 2023.<\/p>\n\n\n\n<p>Obviamente, a sa\u00edda de nomes abre espa\u00e7o no elenco para novos nomes. Em 2021, Diego Alves j\u00e1 havia perdido espa\u00e7o, mas, neste ano, &#8220;caiu&#8221; para terceiro reserva, com a titularidade pertencendo a Santos. Diego Ribas, apesar dos 35 jogos, fez apenas 15 como titular.<\/p>\n\n\n\n<p>Quem tamb\u00e9m deve ter a sa\u00edda selada do Flamengo \u00e9 Rodinei, lateral-direito titular. Desta forma, as tr\u00eas posi\u00e7\u00f5es citadas passam a ser observadas pela diretoria no mercado.<\/p>\n\n\n\n<h2 class=\"wp-block-heading\" id=\"h-bracadeira-de-capitao\">Bra\u00e7adeira de capit\u00e3o<\/h2>\n\n\n\n<p>Diego Alves e Diego Ribas dividiram com Everton Ribeiro a bra\u00e7adeira de capit\u00e3o do Flamengo nos \u00faltimos anos. Com as sa\u00eddas do goleiro e do meia, o Miteiro seguir\u00e1 com a faixa em 2023, com outros nomes &#8220;subindo&#8221; na hierarquia: Gabi, David Luiz e Filipe Lu\u00eds s\u00e3o os nomes.<\/p>\n\n\n\n<p>O atacante j\u00e1 vestiu a faixa em algumas oportunidades neste ano e tem contrato com o clube at\u00e9 dezembro de 2024. J\u00e1 Filipe Lu\u00eds tem negocia\u00e7\u00e3o avan\u00e7ada para renovar por mais um ano, e o clube quer o mesmo para David Luiz. Ambos s\u00e3o vozes de lideran\u00e7a no vesti\u00e1rio.<\/p>\n\n\n\n<h2 class=\"wp-block-heading\">Lado financeiro<\/h2>\n\n\n\n<p>As sa\u00eddas dos medalh\u00f5es tamb\u00e9m abrir\u00e3o espa\u00e7o na folha salarial do Flamengo. Contratados em 2016 e 2017, respectivamente, Diego Ribas e Diego Alves renovaram seus contratos neste per\u00edodo, com reajustes salariais. Ambos perderam espa\u00e7o no Flamengo em 2022.<\/p>\n\n\n\n<p>Retirado de: Lance<\/p>\n","protected":false},"excerpt":{"rendered":"<p>Diego Alves e Diego Ribas, dois jogadores hist\u00f3ricos do Flamengo, vivem sua \u00faltima semana como atletas do clube. Os respectivos v\u00ednculos se encerram em dezembro, mas as despedidas ser\u00e3o no fim de semana, contra o Ava\u00ed no Maracan\u00e3, na \u00faltima rodada do Brasileir\u00e3o. Com a defini\u00e7\u00e3o dos primeiros nomes da barca, o time j\u00e1 tem [&hellip;]<\/p>\n","protected":false},"author":1,"featured_media":73731,"comment_status":"open","ping_status":"closed","sticky":false,"template":"","format":"standard","meta":{"footnotes":""},"categories":[1],"tags":[],"class_list":["post-90387","post","type-post","status-publish","format-standard","has-post-thumbnail","hentry","category-flamengo"],"yoast_head":"<!-- This site is optimized with the Yoast SEO Premium plugin v24.2 (Yoast SEO v26.9) - https:\/\/yoast.com\/product\/yoast-seo-premium-wordpress\/ -->\n<title>Reformula\u00e7\u00e3o: Diretoria do Flamengo se movimenta para preencher lacunas ap\u00f3s defini\u00e7\u00e3o da barca<\/title>\n<meta name=\"robots\" content=\"index, follow, max-snippet:-1, max-image-preview:large, max-video-preview:-1\" \/>\n<link rel=\"canonical\" href=\"https:\/\/www.gaveanews.com\/index.php\/2022\/11\/08\/reformulacao-diretoria-do-flamengo-se-movimenta-para-preencher-lacunas-apos-definicao-da-barca\/\" \/>\n<meta property=\"og:locale\" content=\"pt_BR\" \/>\n<meta property=\"og:type\" content=\"article\" \/>\n<meta property=\"og:title\" content=\"Reformula\u00e7\u00e3o: Diretoria do Flamengo se movimenta para preencher lacunas ap\u00f3s defini\u00e7\u00e3o da barca\" \/>\n<meta property=\"og:description\" content=\"Diego Alves e Diego Ribas, dois jogadores hist\u00f3ricos do Flamengo, vivem sua \u00faltima semana como atletas do clube. Os respectivos v\u00ednculos se encerram em dezembro, mas as despedidas ser\u00e3o no fim de semana, contra o Ava\u00ed no Maracan\u00e3, na \u00faltima rodada do Brasileir\u00e3o. Com a defini\u00e7\u00e3o dos primeiros nomes da barca, o time j\u00e1 tem [&hellip;]\" \/>\n<meta property=\"og:url\" content=\"https:\/\/www.gaveanews.com\/index.php\/2022\/11\/08\/reformulacao-diretoria-do-flamengo-se-movimenta-para-preencher-lacunas-apos-definicao-da-barca\/\" \/>\n<meta property=\"og:site_name\" content=\"G\u00e1vea News\" \/>\n<meta property=\"article:publisher\" content=\"https:\/\/facebook.com\/gaveaNews\/\" \/>\n<meta property=\"article:published_time\" content=\"2022-11-09T00:52:46+00:00\" \/>\n<meta property=\"article:modified_time\" content=\"2022-11-09T00:52:49+00:00\" \/>\n<meta property=\"og:image\" content=\"https:\/\/www.gaveanews.com\/wp-content\/uploads\/Marcos-Braz-e-Bruno-Spindel.webp\" \/>\n\t<meta property=\"og:image:width\" content=\"640\" \/>\n\t<meta property=\"og:image:height\" content=\"426\" \/>\n\t<meta property=\"og:image:type\" content=\"image\/jpeg\" \/>\n<meta name=\"author\" content=\"Equipe G\u00e1vea News\" \/>\n<meta name=\"twitter:card\" content=\"summary_large_image\" \/>\n<meta name=\"twitter:label1\" content=\"Escrito por\" \/>\n\t<meta name=\"twitter:data1\" content=\"Equipe G\u00e1vea News\" \/>\n\t<meta name=\"twitter:label2\" content=\"Est. tempo de leitura\" \/>\n\t<meta name=\"twitter:data2\" content=\"2 minutos\" \/>\n<script type=\"application\/ld+json\" class=\"yoast-schema-graph\">{\"@context\":\"https:\/\/schema.org\",\"@graph\":[{\"@type\":\"NewsArticle\",\"@id\":\"https:\/\/www.gaveanews.com\/index.php\/2022\/11\/08\/reformulacao-diretoria-do-flamengo-se-movimenta-para-preencher-lacunas-apos-definicao-da-barca\/#article\",\"isPartOf\":{\"@id\":\"https:\/\/www.gaveanews.com\/index.php\/2022\/11\/08\/reformulacao-diretoria-do-flamengo-se-movimenta-para-preencher-lacunas-apos-definicao-da-barca\/\"},\"author\":{\"name\":\"Equipe G\u00e1vea News\",\"@id\":\"https:\/\/www.gaveanews.com\/#\/schema\/person\/2ec14f73fb96be2caf28f91afb14749d\"},\"headline\":\"Reformula\u00e7\u00e3o: Diretoria do Flamengo se movimenta para preencher lacunas ap\u00f3s defini\u00e7\u00e3o da barca\",\"datePublished\":\"2022-11-09T00:52:46+00:00\",\"dateModified\":\"2022-11-09T00:52:49+00:00\",\"mainEntityOfPage\":{\"@id\":\"https:\/\/www.gaveanews.com\/index.php\/2022\/11\/08\/reformulacao-diretoria-do-flamengo-se-movimenta-para-preencher-lacunas-apos-definicao-da-barca\/\"},\"wordCount\":318,\"commentCount\":0,\"image\":{\"@id\":\"https:\/\/www.gaveanews.com\/index.php\/2022\/11\/08\/reformulacao-diretoria-do-flamengo-se-movimenta-para-preencher-lacunas-apos-definicao-da-barca\/#primaryimage\"},\"thumbnailUrl\":\"https:\/\/www.gaveanews.com\/wp-content\/uploads\/Marcos-Braz-e-Bruno-Spindel.webp\",\"articleSection\":[\"Flamengo\"],\"inLanguage\":\"pt-BR\",\"potentialAction\":[{\"@type\":\"CommentAction\",\"name\":\"Comment\",\"target\":[\"https:\/\/www.gaveanews.com\/index.php\/2022\/11\/08\/reformulacao-diretoria-do-flamengo-se-movimenta-para-preencher-lacunas-apos-definicao-da-barca\/#respond\"]}],\"copyrightYear\":\"2022\",\"copyrightHolder\":{\"@id\":\"https:\/\/www.gaveanews.com\/#organization\"}},{\"@type\":\"WebPage\",\"@id\":\"https:\/\/www.gaveanews.com\/index.php\/2022\/11\/08\/reformulacao-diretoria-do-flamengo-se-movimenta-para-preencher-lacunas-apos-definicao-da-barca\/\",\"url\":\"https:\/\/www.gaveanews.com\/index.php\/2022\/11\/08\/reformulacao-diretoria-do-flamengo-se-movimenta-para-preencher-lacunas-apos-definicao-da-barca\/\",\"name\":\"Reformula\u00e7\u00e3o: Diretoria do Flamengo se movimenta para preencher lacunas ap\u00f3s defini\u00e7\u00e3o da barca\",\"isPartOf\":{\"@id\":\"https:\/\/www.gaveanews.com\/#website\"},\"primaryImageOfPage\":{\"@id\":\"https:\/\/www.gaveanews.com\/index.php\/2022\/11\/08\/reformulacao-diretoria-do-flamengo-se-movimenta-para-preencher-lacunas-apos-definicao-da-barca\/#primaryimage\"},\"image\":{\"@id\":\"https:\/\/www.gaveanews.com\/index.php\/2022\/11\/08\/reformulacao-diretoria-do-flamengo-se-movimenta-para-preencher-lacunas-apos-definicao-da-barca\/#primaryimage\"},\"thumbnailUrl\":\"https:\/\/www.gaveanews.com\/wp-content\/uploads\/Marcos-Braz-e-Bruno-Spindel.webp\",\"datePublished\":\"2022-11-09T00:52:46+00:00\",\"dateModified\":\"2022-11-09T00:52:49+00:00\",\"author\":{\"@id\":\"https:\/\/www.gaveanews.com\/#\/schema\/person\/2ec14f73fb96be2caf28f91afb14749d\"},\"breadcrumb\":{\"@id\":\"https:\/\/www.gaveanews.com\/index.php\/2022\/11\/08\/reformulacao-diretoria-do-flamengo-se-movimenta-para-preencher-lacunas-apos-definicao-da-barca\/#breadcrumb\"},\"inLanguage\":\"pt-BR\",\"potentialAction\":[{\"@type\":\"ReadAction\",\"target\":[\"https:\/\/www.gaveanews.com\/index.php\/2022\/11\/08\/reformulacao-diretoria-do-flamengo-se-movimenta-para-preencher-lacunas-apos-definicao-da-barca\/\"]}]},{\"@type\":\"ImageObject\",\"inLanguage\":\"pt-BR\",\"@id\":\"https:\/\/www.gaveanews.com\/index.php\/2022\/11\/08\/reformulacao-diretoria-do-flamengo-se-movimenta-para-preencher-lacunas-apos-definicao-da-barca\/#primaryimage\",\"url\":\"https:\/\/www.gaveanews.com\/wp-content\/uploads\/Marcos-Braz-e-Bruno-Spindel.webp\",\"contentUrl\":\"https:\/\/www.gaveanews.com\/wp-content\/uploads\/Marcos-Braz-e-Bruno-Spindel.webp\",\"width\":640,\"height\":426,\"caption\":\"Marcos Braz e Bruno Spindel (Foto: Alexandre Vidal\/Flamengo)\"},{\"@type\":\"BreadcrumbList\",\"@id\":\"https:\/\/www.gaveanews.com\/index.php\/2022\/11\/08\/reformulacao-diretoria-do-flamengo-se-movimenta-para-preencher-lacunas-apos-definicao-da-barca\/#breadcrumb\",\"itemListElement\":[{\"@type\":\"ListItem\",\"position\":1,\"name\":\"Home\",\"item\":\"https:\/\/www.gaveanews.com\/\"},{\"@type\":\"ListItem\",\"position\":2,\"name\":\"Reformula\u00e7\u00e3o: Diretoria do Flamengo se movimenta para preencher lacunas ap\u00f3s defini\u00e7\u00e3o da barca\"}]},{\"@type\":\"WebSite\",\"@id\":\"https:\/\/www.gaveanews.com\/#website\",\"url\":\"https:\/\/www.gaveanews.com\/\",\"name\":\"G\u00e1vea News\",\"description\":\"Veja todas as not\u00edcias sobre o Flamengo: Contrata\u00e7\u00f5es, categorias de base, resultados das partidas, tabela de classifica\u00e7\u00e3o, pr\u00f3ximos jogos!\",\"potentialAction\":[{\"@type\":\"SearchAction\",\"target\":{\"@type\":\"EntryPoint\",\"urlTemplate\":\"https:\/\/www.gaveanews.com\/?s={search_term_string}\"},\"query-input\":{\"@type\":\"PropertyValueSpecification\",\"valueRequired\":true,\"valueName\":\"search_term_string\"}}],\"inLanguage\":\"pt-BR\"},{\"@type\":\"Person\",\"@id\":\"https:\/\/www.gaveanews.com\/#\/schema\/person\/2ec14f73fb96be2caf28f91afb14749d\",\"name\":\"Equipe G\u00e1vea News\",\"image\":{\"@type\":\"ImageObject\",\"inLanguage\":\"pt-BR\",\"@id\":\"https:\/\/www.gaveanews.com\/#\/schema\/person\/image\/\",\"url\":\"https:\/\/secure.gravatar.com\/avatar\/1e1956f1facbffd3f8fa53a326721950116b3b9dc9bd44939c01180fd4a745a9?s=96&d=mm&r=g\",\"contentUrl\":\"https:\/\/secure.gravatar.com\/avatar\/1e1956f1facbffd3f8fa53a326721950116b3b9dc9bd44939c01180fd4a745a9?s=96&d=mm&r=g\",\"caption\":\"Equipe G\u00e1vea News\"}}]}<\/script>\n<!-- \/ Yoast SEO Premium plugin. -->","yoast_head_json":{"title":"Reformula\u00e7\u00e3o: Diretoria do Flamengo se movimenta para preencher lacunas ap\u00f3s defini\u00e7\u00e3o da barca","robots":{"index":"index","follow":"follow","max-snippet":"max-snippet:-1","max-image-preview":"max-image-preview:large","max-video-preview":"max-video-preview:-1"},"canonical":"https:\/\/www.gaveanews.com\/index.php\/2022\/11\/08\/reformulacao-diretoria-do-flamengo-se-movimenta-para-preencher-lacunas-apos-definicao-da-barca\/","og_locale":"pt_BR","og_type":"article","og_title":"Reformula\u00e7\u00e3o: Diretoria do Flamengo se movimenta para preencher lacunas ap\u00f3s defini\u00e7\u00e3o da barca","og_description":"Diego Alves e Diego Ribas, dois jogadores hist\u00f3ricos do Flamengo, vivem sua \u00faltima semana como atletas do clube. Os respectivos v\u00ednculos se encerram em dezembro, mas as despedidas ser\u00e3o no fim de semana, contra o Ava\u00ed no Maracan\u00e3, na \u00faltima rodada do Brasileir\u00e3o. Com a defini\u00e7\u00e3o dos primeiros nomes da barca, o time j\u00e1 tem [&hellip;]","og_url":"https:\/\/www.gaveanews.com\/index.php\/2022\/11\/08\/reformulacao-diretoria-do-flamengo-se-movimenta-para-preencher-lacunas-apos-definicao-da-barca\/","og_site_name":"G\u00e1vea News","article_publisher":"https:\/\/facebook.com\/gaveaNews\/","article_published_time":"2022-11-09T00:52:46+00:00","article_modified_time":"2022-11-09T00:52:49+00:00","og_image":[{"width":640,"height":426,"url":"https:\/\/www.gaveanews.com\/wp-content\/uploads\/Marcos-Braz-e-Bruno-Spindel.webp","type":"image\/jpeg"}],"author":"Equipe G\u00e1vea News","twitter_card":"summary_large_image","twitter_misc":{"Escrito por":"Equipe G\u00e1vea News","Est. tempo de leitura":"2 minutos"},"schema":{"@context":"https:\/\/schema.org","@graph":[{"@type":"NewsArticle","@id":"https:\/\/www.gaveanews.com\/index.php\/2022\/11\/08\/reformulacao-diretoria-do-flamengo-se-movimenta-para-preencher-lacunas-apos-definicao-da-barca\/#article","isPartOf":{"@id":"https:\/\/www.gaveanews.com\/index.php\/2022\/11\/08\/reformulacao-diretoria-do-flamengo-se-movimenta-para-preencher-lacunas-apos-definicao-da-barca\/"},"author":{"name":"Equipe G\u00e1vea News","@id":"https:\/\/www.gaveanews.com\/#\/schema\/person\/2ec14f73fb96be2caf28f91afb14749d"},"headline":"Reformula\u00e7\u00e3o: Diretoria do Flamengo se movimenta para preencher lacunas ap\u00f3s defini\u00e7\u00e3o da barca","datePublished":"2022-11-09T00:52:46+00:00","dateModified":"2022-11-09T00:52:49+00:00","mainEntityOfPage":{"@id":"https:\/\/www.gaveanews.com\/index.php\/2022\/11\/08\/reformulacao-diretoria-do-flamengo-se-movimenta-para-preencher-lacunas-apos-definicao-da-barca\/"},"wordCount":318,"commentCount":0,"image":{"@id":"https:\/\/www.gaveanews.com\/index.php\/2022\/11\/08\/reformulacao-diretoria-do-flamengo-se-movimenta-para-preencher-lacunas-apos-definicao-da-barca\/#primaryimage"},"thumbnailUrl":"https:\/\/www.gaveanews.com\/wp-content\/uploads\/Marcos-Braz-e-Bruno-Spindel.webp","articleSection":["Flamengo"],"inLanguage":"pt-BR","potentialAction":[{"@type":"CommentAction","name":"Comment","target":["https:\/\/www.gaveanews.com\/index.php\/2022\/11\/08\/reformulacao-diretoria-do-flamengo-se-movimenta-para-preencher-lacunas-apos-definicao-da-barca\/#respond"]}],"copyrightYear":"2022","copyrightHolder":{"@id":"https:\/\/www.gaveanews.com\/#organization"}},{"@type":"WebPage","@id":"https:\/\/www.gaveanews.com\/index.php\/2022\/11\/08\/reformulacao-diretoria-do-flamengo-se-movimenta-para-preencher-lacunas-apos-definicao-da-barca\/","url":"https:\/\/www.gaveanews.com\/index.php\/2022\/11\/08\/reformulacao-diretoria-do-flamengo-se-movimenta-para-preencher-lacunas-apos-definicao-da-barca\/","name":"Reformula\u00e7\u00e3o: Diretoria do Flamengo se movimenta para preencher lacunas ap\u00f3s defini\u00e7\u00e3o da barca","isPartOf":{"@id":"https:\/\/www.gaveanews.com\/#website"},"primaryImageOfPage":{"@id":"https:\/\/www.gaveanews.com\/index.php\/2022\/11\/08\/reformulacao-diretoria-do-flamengo-se-movimenta-para-preencher-lacunas-apos-definicao-da-barca\/#primaryimage"},"image":{"@id":"https:\/\/www.gaveanews.com\/index.php\/2022\/11\/08\/reformulacao-diretoria-do-flamengo-se-movimenta-para-preencher-lacunas-apos-definicao-da-barca\/#primaryimage"},"thumbnailUrl":"https:\/\/www.gaveanews.com\/wp-content\/uploads\/Marcos-Braz-e-Bruno-Spindel.webp","datePublished":"2022-11-09T00:52:46+00:00","dateModified":"2022-11-09T00:52:49+00:00","author":{"@id":"https:\/\/www.gaveanews.com\/#\/schema\/person\/2ec14f73fb96be2caf28f91afb14749d"},"breadcrumb":{"@id":"https:\/\/www.gaveanews.com\/index.php\/2022\/11\/08\/reformulacao-diretoria-do-flamengo-se-movimenta-para-preencher-lacunas-apos-definicao-da-barca\/#breadcrumb"},"inLanguage":"pt-BR","potentialAction":[{"@type":"ReadAction","target":["https:\/\/www.gaveanews.com\/index.php\/2022\/11\/08\/reformulacao-diretoria-do-flamengo-se-movimenta-para-preencher-lacunas-apos-definicao-da-barca\/"]}]},{"@type":"ImageObject","inLanguage":"pt-BR","@id":"https:\/\/www.gaveanews.com\/index.php\/2022\/11\/08\/reformulacao-diretoria-do-flamengo-se-movimenta-para-preencher-lacunas-apos-definicao-da-barca\/#primaryimage","url":"https:\/\/www.gaveanews.com\/wp-content\/uploads\/Marcos-Braz-e-Bruno-Spindel.webp","contentUrl":"https:\/\/www.gaveanews.com\/wp-content\/uploads\/Marcos-Braz-e-Bruno-Spindel.webp","width":640,"height":426,"caption":"Marcos Braz e Bruno Spindel (Foto: Alexandre Vidal\/Flamengo)"},{"@type":"BreadcrumbList","@id":"https:\/\/www.gaveanews.com\/index.php\/2022\/11\/08\/reformulacao-diretoria-do-flamengo-se-movimenta-para-preencher-lacunas-apos-definicao-da-barca\/#breadcrumb","itemListElement":[{"@type":"ListItem","position":1,"name":"Home","item":"https:\/\/www.gaveanews.com\/"},{"@type":"ListItem","position":2,"name":"Reformula\u00e7\u00e3o: Diretoria do Flamengo se movimenta para preencher lacunas ap\u00f3s defini\u00e7\u00e3o da barca"}]},{"@type":"WebSite","@id":"https:\/\/www.gaveanews.com\/#website","url":"https:\/\/www.gaveanews.com\/","name":"G\u00e1vea News","description":"Veja todas as not\u00edcias sobre o Flamengo: Contrata\u00e7\u00f5es, categorias de base, resultados das partidas, tabela de classifica\u00e7\u00e3o, pr\u00f3ximos jogos!","potentialAction":[{"@type":"SearchAction","target":{"@type":"EntryPoint","urlTemplate":"https:\/\/www.gaveanews.com\/?s={search_term_string}"},"query-input":{"@type":"PropertyValueSpecification","valueRequired":true,"valueName":"search_term_string"}}],"inLanguage":"pt-BR"},{"@type":"Person","@id":"https:\/\/www.gaveanews.com\/#\/schema\/person\/2ec14f73fb96be2caf28f91afb14749d","name":"Equipe G\u00e1vea News","image":{"@type":"ImageObject","inLanguage":"pt-BR","@id":"https:\/\/www.gaveanews.com\/#\/schema\/person\/image\/","url":"https:\/\/secure.gravatar.com\/avatar\/1e1956f1facbffd3f8fa53a326721950116b3b9dc9bd44939c01180fd4a745a9?s=96&d=mm&r=g","contentUrl":"https:\/\/secure.gravatar.com\/avatar\/1e1956f1facbffd3f8fa53a326721950116b3b9dc9bd44939c01180fd4a745a9?s=96&d=mm&r=g","caption":"Equipe G\u00e1vea News"}}]}},"_links":{"self":[{"href":"https:\/\/www.gaveanews.com\/index.php\/wp-json\/wp\/v2\/posts\/90387","targetHints":{"allow":["GET"]}}],"collection":[{"href":"https:\/\/www.gaveanews.com\/index.php\/wp-json\/wp\/v2\/posts"}],"about":[{"href":"https:\/\/www.gaveanews.com\/index.php\/wp-json\/wp\/v2\/types\/post"}],"author":[{"embeddable":true,"href":"https:\/\/www.gaveanews.com\/index.php\/wp-json\/wp\/v2\/users\/1"}],"replies":[{"embeddable":true,"href":"https:\/\/www.gaveanews.com\/index.php\/wp-json\/wp\/v2\/comments?post=90387"}],"version-history":[{"count":0,"href":"https:\/\/www.gaveanews.com\/index.php\/wp-json\/wp\/v2\/posts\/90387\/revisions"}],"wp:featuredmedia":[{"embeddable":true,"href":"https:\/\/www.gaveanews.com\/index.php\/wp-json\/wp\/v2\/media\/73731"}],"wp:attachment":[{"href":"https:\/\/www.gaveanews.com\/index.php\/wp-json\/wp\/v2\/media?parent=90387"}],"wp:term":[{"taxonomy":"category","embeddable":true,"href":"https:\/\/www.gaveanews.com\/index.php\/wp-json\/wp\/v2\/categories?post=90387"},{"taxonomy":"post_tag","embeddable":true,"href":"https:\/\/www.gaveanews.com\/index.php\/wp-json\/wp\/v2\/tags?post=90387"}],"curies":[{"name":"wp","href":"https:\/\/api.w.org\/{rel}","templated":true}]}}