{"id":90389,"date":"2022-11-09T07:17:07","date_gmt":"2022-11-09T10:17:07","guid":{"rendered":"https:\/\/www.gaveanews.com\/?p=90389"},"modified":"2022-11-09T07:17:09","modified_gmt":"2022-11-09T10:17:09","slug":"flamengo-ajusta-as-financas-para-o-retorno-de-gerson","status":"publish","type":"post","link":"https:\/\/www.gaveanews.com\/index.php\/2022\/11\/09\/flamengo-ajusta-as-financas-para-o-retorno-de-gerson\/","title":{"rendered":"Flamengo ajusta as finan\u00e7as para o retorno de Gerson"},"content":{"rendered":"\n<p>O Flamengo pode iniciar o planejamento de 2023 com um velho conhecido da torcida. Gerson tem negocia\u00e7\u00e3o bem avan\u00e7ada com o clube pelo qual foi campe\u00e3o de quase tudo entre 2019 e 2021. Sem espa\u00e7o no Olympique de Marselha, da Fran\u00e7a, desde a mudan\u00e7a de treinador, a volta do jogador \u00e9 encarada com otimismo internamente pelo departamento de futebol.<\/p>\n\n\n\n<p>Com o desejo m\u00fatuo de que um acordo seja selado, a tend\u00eancia \u00e9 que essa conversa avance ao longo dos pr\u00f3ximos dias. N\u00e3o h\u00e1, no momento, nada programado para concretizar o neg\u00f3cio, mas os dirigentes do Fla est\u00e3o em contato com o estafe de Gerson e com o Olympique. Com a pausa da temporada para a Copa do Mundo se aproximando, o volante deve vir ao Brasil para descansar e a tend\u00eancia \u00e9 que haja defini\u00e7\u00e3o durante esse per\u00edodo.<\/p>\n\n\n\n<p>Diferentes fontes ouvidas pela reportagem confirmam o andamento da negocia\u00e7\u00e3o entre Flamengo e Olympique Marseille. A diretoria trata o assunto diretamente, e a comiss\u00e3o t\u00e9cnica de Dorival J\u00fanior acompanha e aprova o nome de Gerson.<br>A volta do jogador \u00e9 bem recebida dentro do Fla. Al\u00e9m da boa rela\u00e7\u00e3o com os dirigentes e o elenco desde que saiu, Gerson tamb\u00e9m \u00e9 querido pelos funcion\u00e1rios. Ele \u00e9 conhecido por ajudar quem est\u00e1 no dia a dia do clube e mantinha um la\u00e7o de amizade com os funcion\u00e1rios que atuam nos bastidores.<\/p>\n\n\n\n<p>Fla e Olympique ainda conversam para acertar os valores dessa negocia\u00e7\u00e3o e tamb\u00e9m o modelo da transa\u00e7\u00e3o. Vale lembrar que os franceses ainda t\u00eam parcelas a pagar e, portanto, o modelo de neg\u00f3cio poderia abater o montante final desse dinheiro. Al\u00e9m disso, o clube brasileiro tamb\u00e9m discute detalhes contratuais com o pr\u00f3prio atleta e faz as contas para uma eventual compra.<\/p>\n\n\n\n<p>Em junho de 2021, o Flamengo vendeu Gerson aos franceses por cerca 25 milh\u00f5es de euros (R$ 160 milh\u00f5es \u00e0 \u00e9poca), mantendo 20% dos direitos econ\u00f4micos. Pelo rubro-negro, o volante foi campe\u00e3o do Brasileiro de 2019 e 2020, da Libertadores de 2019, da Supercopa do Brasil, do Carioca de 2020 e 2021 e da Recopa Sul-Americana de 2020.<\/p>\n\n\n\n<p>Gerson \u00e9 um dos primeiros refor\u00e7os que podem fechar com o Flamengo visando a temporada de 2023. O clube j\u00e1 tem encaminhadas as renova\u00e7\u00f5es de Dorival Jr, David Luiz e Filipe Lu\u00eds. O caso de Ayrton Lucas ainda est\u00e1 sendo debatido. Al\u00e9m disso, o Rubro-Negro vai ao mercado por posi\u00e7\u00f5es carentes, como a lateral-direita e a ponta.<\/p>\n\n\n\n<h2 class=\"wp-block-heading\" id=\"h-flamengo-visita-o-juventude\">Flamengo visita o Juventude<\/h2>\n\n\n\n<p>Mesmo tratando do planejamento para 2023, o Flamengo ainda tem compromissos a cumprir na atual temporada. Hoje (8), a equipe visita o Juventude no Alfredo Jaconi, \u00e0s 21h30, pela pen\u00faltima rodada do Campeonato Brasileiro. Dorival novamente vai com os reservas a campo.<\/p>\n\n\n\n<p>Nomes como Everton Ribeiro e Pedro, convocados para a sele\u00e7\u00e3o brasileira, al\u00e9m de Arrascaeta, Gabigol, David Luiz e outros titulares nem viajaram. S\u00f3 Rodinei e Jo\u00e3o Gomes foram para Caxias do Sul.<\/p>\n\n\n\n<p>Retirado de: UOL<\/p>\n","protected":false},"excerpt":{"rendered":"<p>O Flamengo pode iniciar o planejamento de 2023 com um velho conhecido da torcida. Gerson tem negocia\u00e7\u00e3o bem avan\u00e7ada com o clube pelo qual foi campe\u00e3o de quase tudo entre 2019 e 2021. Sem espa\u00e7o no Olympique de Marselha, da Fran\u00e7a, desde a mudan\u00e7a de treinador, a volta do jogador \u00e9 encarada com otimismo internamente [&hellip;]<\/p>\n","protected":false},"author":1,"featured_media":90341,"comment_status":"open","ping_status":"closed","sticky":false,"template":"","format":"standard","meta":{"footnotes":""},"categories":[1],"tags":[],"class_list":["post-90389","post","type-post","status-publish","format-standard","has-post-thumbnail","hentry","category-flamengo"],"yoast_head":"<!-- This site is optimized with the Yoast SEO Premium plugin v24.2 (Yoast SEO v26.9) - https:\/\/yoast.com\/product\/yoast-seo-premium-wordpress\/ -->\n<title>Flamengo ajusta as finan\u00e7as para o retorno de Gerson<\/title>\n<meta name=\"robots\" content=\"index, follow, max-snippet:-1, max-image-preview:large, max-video-preview:-1\" \/>\n<link rel=\"canonical\" href=\"https:\/\/www.gaveanews.com\/index.php\/2022\/11\/09\/flamengo-ajusta-as-financas-para-o-retorno-de-gerson\/\" \/>\n<meta property=\"og:locale\" content=\"pt_BR\" \/>\n<meta property=\"og:type\" content=\"article\" \/>\n<meta property=\"og:title\" content=\"Flamengo ajusta as finan\u00e7as para o retorno de Gerson\" \/>\n<meta property=\"og:description\" content=\"O Flamengo pode iniciar o planejamento de 2023 com um velho conhecido da torcida. Gerson tem negocia\u00e7\u00e3o bem avan\u00e7ada com o clube pelo qual foi campe\u00e3o de quase tudo entre 2019 e 2021. Sem espa\u00e7o no Olympique de Marselha, da Fran\u00e7a, desde a mudan\u00e7a de treinador, a volta do jogador \u00e9 encarada com otimismo internamente [&hellip;]\" \/>\n<meta property=\"og:url\" content=\"https:\/\/www.gaveanews.com\/index.php\/2022\/11\/09\/flamengo-ajusta-as-financas-para-o-retorno-de-gerson\/\" \/>\n<meta property=\"og:site_name\" content=\"G\u00e1vea News\" \/>\n<meta property=\"article:publisher\" content=\"https:\/\/facebook.com\/gaveaNews\/\" \/>\n<meta property=\"article:published_time\" content=\"2022-11-09T10:17:07+00:00\" \/>\n<meta property=\"article:modified_time\" content=\"2022-11-09T10:17:09+00:00\" \/>\n<meta property=\"og:image\" content=\"https:\/\/www.gaveanews.com\/wp-content\/uploads\/gerson-olympique-de-marseille.webp\" \/>\n\t<meta property=\"og:image:width\" content=\"984\" \/>\n\t<meta property=\"og:image:height\" content=\"695\" \/>\n\t<meta property=\"og:image:type\" content=\"image\/webp\" \/>\n<meta name=\"author\" content=\"Equipe G\u00e1vea News\" \/>\n<meta name=\"twitter:card\" content=\"summary_large_image\" \/>\n<meta name=\"twitter:label1\" content=\"Escrito por\" \/>\n\t<meta name=\"twitter:data1\" content=\"Equipe G\u00e1vea News\" \/>\n\t<meta name=\"twitter:label2\" content=\"Est. tempo de leitura\" \/>\n\t<meta name=\"twitter:data2\" content=\"3 minutos\" \/>\n<script type=\"application\/ld+json\" class=\"yoast-schema-graph\">{\"@context\":\"https:\/\/schema.org\",\"@graph\":[{\"@type\":\"NewsArticle\",\"@id\":\"https:\/\/www.gaveanews.com\/index.php\/2022\/11\/09\/flamengo-ajusta-as-financas-para-o-retorno-de-gerson\/#article\",\"isPartOf\":{\"@id\":\"https:\/\/www.gaveanews.com\/index.php\/2022\/11\/09\/flamengo-ajusta-as-financas-para-o-retorno-de-gerson\/\"},\"author\":{\"name\":\"Equipe G\u00e1vea News\",\"@id\":\"https:\/\/www.gaveanews.com\/#\/schema\/person\/2ec14f73fb96be2caf28f91afb14749d\"},\"headline\":\"Flamengo ajusta as finan\u00e7as para o retorno de Gerson\",\"datePublished\":\"2022-11-09T10:17:07+00:00\",\"dateModified\":\"2022-11-09T10:17:09+00:00\",\"mainEntityOfPage\":{\"@id\":\"https:\/\/www.gaveanews.com\/index.php\/2022\/11\/09\/flamengo-ajusta-as-financas-para-o-retorno-de-gerson\/\"},\"wordCount\":517,\"commentCount\":0,\"image\":{\"@id\":\"https:\/\/www.gaveanews.com\/index.php\/2022\/11\/09\/flamengo-ajusta-as-financas-para-o-retorno-de-gerson\/#primaryimage\"},\"thumbnailUrl\":\"https:\/\/www.gaveanews.com\/wp-content\/uploads\/gerson-olympique-de-marseille.webp\",\"articleSection\":[\"Flamengo\"],\"inLanguage\":\"pt-BR\",\"potentialAction\":[{\"@type\":\"CommentAction\",\"name\":\"Comment\",\"target\":[\"https:\/\/www.gaveanews.com\/index.php\/2022\/11\/09\/flamengo-ajusta-as-financas-para-o-retorno-de-gerson\/#respond\"]}],\"copyrightYear\":\"2022\",\"copyrightHolder\":{\"@id\":\"https:\/\/www.gaveanews.com\/#organization\"}},{\"@type\":\"WebPage\",\"@id\":\"https:\/\/www.gaveanews.com\/index.php\/2022\/11\/09\/flamengo-ajusta-as-financas-para-o-retorno-de-gerson\/\",\"url\":\"https:\/\/www.gaveanews.com\/index.php\/2022\/11\/09\/flamengo-ajusta-as-financas-para-o-retorno-de-gerson\/\",\"name\":\"Flamengo ajusta as finan\u00e7as para o retorno de Gerson\",\"isPartOf\":{\"@id\":\"https:\/\/www.gaveanews.com\/#website\"},\"primaryImageOfPage\":{\"@id\":\"https:\/\/www.gaveanews.com\/index.php\/2022\/11\/09\/flamengo-ajusta-as-financas-para-o-retorno-de-gerson\/#primaryimage\"},\"image\":{\"@id\":\"https:\/\/www.gaveanews.com\/index.php\/2022\/11\/09\/flamengo-ajusta-as-financas-para-o-retorno-de-gerson\/#primaryimage\"},\"thumbnailUrl\":\"https:\/\/www.gaveanews.com\/wp-content\/uploads\/gerson-olympique-de-marseille.webp\",\"datePublished\":\"2022-11-09T10:17:07+00:00\",\"dateModified\":\"2022-11-09T10:17:09+00:00\",\"author\":{\"@id\":\"https:\/\/www.gaveanews.com\/#\/schema\/person\/2ec14f73fb96be2caf28f91afb14749d\"},\"breadcrumb\":{\"@id\":\"https:\/\/www.gaveanews.com\/index.php\/2022\/11\/09\/flamengo-ajusta-as-financas-para-o-retorno-de-gerson\/#breadcrumb\"},\"inLanguage\":\"pt-BR\",\"potentialAction\":[{\"@type\":\"ReadAction\",\"target\":[\"https:\/\/www.gaveanews.com\/index.php\/2022\/11\/09\/flamengo-ajusta-as-financas-para-o-retorno-de-gerson\/\"]}]},{\"@type\":\"ImageObject\",\"inLanguage\":\"pt-BR\",\"@id\":\"https:\/\/www.gaveanews.com\/index.php\/2022\/11\/09\/flamengo-ajusta-as-financas-para-o-retorno-de-gerson\/#primaryimage\",\"url\":\"https:\/\/www.gaveanews.com\/wp-content\/uploads\/gerson-olympique-de-marseille.webp\",\"contentUrl\":\"https:\/\/www.gaveanews.com\/wp-content\/uploads\/gerson-olympique-de-marseille.webp\",\"width\":984,\"height\":695,\"caption\":\"Gerson em partida do Olympique de Marseille (Foto: Divulga\u00e7\u00e3o\/Olympique de Marseille)\"},{\"@type\":\"BreadcrumbList\",\"@id\":\"https:\/\/www.gaveanews.com\/index.php\/2022\/11\/09\/flamengo-ajusta-as-financas-para-o-retorno-de-gerson\/#breadcrumb\",\"itemListElement\":[{\"@type\":\"ListItem\",\"position\":1,\"name\":\"Home\",\"item\":\"https:\/\/www.gaveanews.com\/\"},{\"@type\":\"ListItem\",\"position\":2,\"name\":\"Flamengo ajusta as finan\u00e7as para o retorno de Gerson\"}]},{\"@type\":\"WebSite\",\"@id\":\"https:\/\/www.gaveanews.com\/#website\",\"url\":\"https:\/\/www.gaveanews.com\/\",\"name\":\"G\u00e1vea News\",\"description\":\"Veja todas as not\u00edcias sobre o Flamengo: Contrata\u00e7\u00f5es, categorias de base, resultados das partidas, tabela de classifica\u00e7\u00e3o, pr\u00f3ximos jogos!\",\"potentialAction\":[{\"@type\":\"SearchAction\",\"target\":{\"@type\":\"EntryPoint\",\"urlTemplate\":\"https:\/\/www.gaveanews.com\/?s={search_term_string}\"},\"query-input\":{\"@type\":\"PropertyValueSpecification\",\"valueRequired\":true,\"valueName\":\"search_term_string\"}}],\"inLanguage\":\"pt-BR\"},{\"@type\":\"Person\",\"@id\":\"https:\/\/www.gaveanews.com\/#\/schema\/person\/2ec14f73fb96be2caf28f91afb14749d\",\"name\":\"Equipe G\u00e1vea News\",\"image\":{\"@type\":\"ImageObject\",\"inLanguage\":\"pt-BR\",\"@id\":\"https:\/\/www.gaveanews.com\/#\/schema\/person\/image\/\",\"url\":\"https:\/\/secure.gravatar.com\/avatar\/1e1956f1facbffd3f8fa53a326721950116b3b9dc9bd44939c01180fd4a745a9?s=96&d=mm&r=g\",\"contentUrl\":\"https:\/\/secure.gravatar.com\/avatar\/1e1956f1facbffd3f8fa53a326721950116b3b9dc9bd44939c01180fd4a745a9?s=96&d=mm&r=g\",\"caption\":\"Equipe G\u00e1vea News\"}}]}<\/script>\n<!-- \/ Yoast SEO Premium plugin. -->","yoast_head_json":{"title":"Flamengo ajusta as finan\u00e7as para o retorno de Gerson","robots":{"index":"index","follow":"follow","max-snippet":"max-snippet:-1","max-image-preview":"max-image-preview:large","max-video-preview":"max-video-preview:-1"},"canonical":"https:\/\/www.gaveanews.com\/index.php\/2022\/11\/09\/flamengo-ajusta-as-financas-para-o-retorno-de-gerson\/","og_locale":"pt_BR","og_type":"article","og_title":"Flamengo ajusta as finan\u00e7as para o retorno de Gerson","og_description":"O Flamengo pode iniciar o planejamento de 2023 com um velho conhecido da torcida. Gerson tem negocia\u00e7\u00e3o bem avan\u00e7ada com o clube pelo qual foi campe\u00e3o de quase tudo entre 2019 e 2021. Sem espa\u00e7o no Olympique de Marselha, da Fran\u00e7a, desde a mudan\u00e7a de treinador, a volta do jogador \u00e9 encarada com otimismo internamente [&hellip;]","og_url":"https:\/\/www.gaveanews.com\/index.php\/2022\/11\/09\/flamengo-ajusta-as-financas-para-o-retorno-de-gerson\/","og_site_name":"G\u00e1vea News","article_publisher":"https:\/\/facebook.com\/gaveaNews\/","article_published_time":"2022-11-09T10:17:07+00:00","article_modified_time":"2022-11-09T10:17:09+00:00","og_image":[{"width":984,"height":695,"url":"https:\/\/www.gaveanews.com\/wp-content\/uploads\/gerson-olympique-de-marseille.webp","type":"image\/webp"}],"author":"Equipe G\u00e1vea News","twitter_card":"summary_large_image","twitter_misc":{"Escrito por":"Equipe G\u00e1vea News","Est. tempo de leitura":"3 minutos"},"schema":{"@context":"https:\/\/schema.org","@graph":[{"@type":"NewsArticle","@id":"https:\/\/www.gaveanews.com\/index.php\/2022\/11\/09\/flamengo-ajusta-as-financas-para-o-retorno-de-gerson\/#article","isPartOf":{"@id":"https:\/\/www.gaveanews.com\/index.php\/2022\/11\/09\/flamengo-ajusta-as-financas-para-o-retorno-de-gerson\/"},"author":{"name":"Equipe G\u00e1vea News","@id":"https:\/\/www.gaveanews.com\/#\/schema\/person\/2ec14f73fb96be2caf28f91afb14749d"},"headline":"Flamengo ajusta as finan\u00e7as para o retorno de Gerson","datePublished":"2022-11-09T10:17:07+00:00","dateModified":"2022-11-09T10:17:09+00:00","mainEntityOfPage":{"@id":"https:\/\/www.gaveanews.com\/index.php\/2022\/11\/09\/flamengo-ajusta-as-financas-para-o-retorno-de-gerson\/"},"wordCount":517,"commentCount":0,"image":{"@id":"https:\/\/www.gaveanews.com\/index.php\/2022\/11\/09\/flamengo-ajusta-as-financas-para-o-retorno-de-gerson\/#primaryimage"},"thumbnailUrl":"https:\/\/www.gaveanews.com\/wp-content\/uploads\/gerson-olympique-de-marseille.webp","articleSection":["Flamengo"],"inLanguage":"pt-BR","potentialAction":[{"@type":"CommentAction","name":"Comment","target":["https:\/\/www.gaveanews.com\/index.php\/2022\/11\/09\/flamengo-ajusta-as-financas-para-o-retorno-de-gerson\/#respond"]}],"copyrightYear":"2022","copyrightHolder":{"@id":"https:\/\/www.gaveanews.com\/#organization"}},{"@type":"WebPage","@id":"https:\/\/www.gaveanews.com\/index.php\/2022\/11\/09\/flamengo-ajusta-as-financas-para-o-retorno-de-gerson\/","url":"https:\/\/www.gaveanews.com\/index.php\/2022\/11\/09\/flamengo-ajusta-as-financas-para-o-retorno-de-gerson\/","name":"Flamengo ajusta as finan\u00e7as para o retorno de Gerson","isPartOf":{"@id":"https:\/\/www.gaveanews.com\/#website"},"primaryImageOfPage":{"@id":"https:\/\/www.gaveanews.com\/index.php\/2022\/11\/09\/flamengo-ajusta-as-financas-para-o-retorno-de-gerson\/#primaryimage"},"image":{"@id":"https:\/\/www.gaveanews.com\/index.php\/2022\/11\/09\/flamengo-ajusta-as-financas-para-o-retorno-de-gerson\/#primaryimage"},"thumbnailUrl":"https:\/\/www.gaveanews.com\/wp-content\/uploads\/gerson-olympique-de-marseille.webp","datePublished":"2022-11-09T10:17:07+00:00","dateModified":"2022-11-09T10:17:09+00:00","author":{"@id":"https:\/\/www.gaveanews.com\/#\/schema\/person\/2ec14f73fb96be2caf28f91afb14749d"},"breadcrumb":{"@id":"https:\/\/www.gaveanews.com\/index.php\/2022\/11\/09\/flamengo-ajusta-as-financas-para-o-retorno-de-gerson\/#breadcrumb"},"inLanguage":"pt-BR","potentialAction":[{"@type":"ReadAction","target":["https:\/\/www.gaveanews.com\/index.php\/2022\/11\/09\/flamengo-ajusta-as-financas-para-o-retorno-de-gerson\/"]}]},{"@type":"ImageObject","inLanguage":"pt-BR","@id":"https:\/\/www.gaveanews.com\/index.php\/2022\/11\/09\/flamengo-ajusta-as-financas-para-o-retorno-de-gerson\/#primaryimage","url":"https:\/\/www.gaveanews.com\/wp-content\/uploads\/gerson-olympique-de-marseille.webp","contentUrl":"https:\/\/www.gaveanews.com\/wp-content\/uploads\/gerson-olympique-de-marseille.webp","width":984,"height":695,"caption":"Gerson em partida do Olympique de Marseille (Foto: Divulga\u00e7\u00e3o\/Olympique de Marseille)"},{"@type":"BreadcrumbList","@id":"https:\/\/www.gaveanews.com\/index.php\/2022\/11\/09\/flamengo-ajusta-as-financas-para-o-retorno-de-gerson\/#breadcrumb","itemListElement":[{"@type":"ListItem","position":1,"name":"Home","item":"https:\/\/www.gaveanews.com\/"},{"@type":"ListItem","position":2,"name":"Flamengo ajusta as finan\u00e7as para o retorno de Gerson"}]},{"@type":"WebSite","@id":"https:\/\/www.gaveanews.com\/#website","url":"https:\/\/www.gaveanews.com\/","name":"G\u00e1vea News","description":"Veja todas as not\u00edcias sobre o Flamengo: Contrata\u00e7\u00f5es, categorias de base, resultados das partidas, tabela de classifica\u00e7\u00e3o, pr\u00f3ximos jogos!","potentialAction":[{"@type":"SearchAction","target":{"@type":"EntryPoint","urlTemplate":"https:\/\/www.gaveanews.com\/?s={search_term_string}"},"query-input":{"@type":"PropertyValueSpecification","valueRequired":true,"valueName":"search_term_string"}}],"inLanguage":"pt-BR"},{"@type":"Person","@id":"https:\/\/www.gaveanews.com\/#\/schema\/person\/2ec14f73fb96be2caf28f91afb14749d","name":"Equipe G\u00e1vea News","image":{"@type":"ImageObject","inLanguage":"pt-BR","@id":"https:\/\/www.gaveanews.com\/#\/schema\/person\/image\/","url":"https:\/\/secure.gravatar.com\/avatar\/1e1956f1facbffd3f8fa53a326721950116b3b9dc9bd44939c01180fd4a745a9?s=96&d=mm&r=g","contentUrl":"https:\/\/secure.gravatar.com\/avatar\/1e1956f1facbffd3f8fa53a326721950116b3b9dc9bd44939c01180fd4a745a9?s=96&d=mm&r=g","caption":"Equipe G\u00e1vea News"}}]}},"_links":{"self":[{"href":"https:\/\/www.gaveanews.com\/index.php\/wp-json\/wp\/v2\/posts\/90389","targetHints":{"allow":["GET"]}}],"collection":[{"href":"https:\/\/www.gaveanews.com\/index.php\/wp-json\/wp\/v2\/posts"}],"about":[{"href":"https:\/\/www.gaveanews.com\/index.php\/wp-json\/wp\/v2\/types\/post"}],"author":[{"embeddable":true,"href":"https:\/\/www.gaveanews.com\/index.php\/wp-json\/wp\/v2\/users\/1"}],"replies":[{"embeddable":true,"href":"https:\/\/www.gaveanews.com\/index.php\/wp-json\/wp\/v2\/comments?post=90389"}],"version-history":[{"count":0,"href":"https:\/\/www.gaveanews.com\/index.php\/wp-json\/wp\/v2\/posts\/90389\/revisions"}],"wp:featuredmedia":[{"embeddable":true,"href":"https:\/\/www.gaveanews.com\/index.php\/wp-json\/wp\/v2\/media\/90341"}],"wp:attachment":[{"href":"https:\/\/www.gaveanews.com\/index.php\/wp-json\/wp\/v2\/media?parent=90389"}],"wp:term":[{"taxonomy":"category","embeddable":true,"href":"https:\/\/www.gaveanews.com\/index.php\/wp-json\/wp\/v2\/categories?post=90389"},{"taxonomy":"post_tag","embeddable":true,"href":"https:\/\/www.gaveanews.com\/index.php\/wp-json\/wp\/v2\/tags?post=90389"}],"curies":[{"name":"wp","href":"https:\/\/api.w.org\/{rel}","templated":true}]}}