{"id":90391,"date":"2022-11-09T07:32:28","date_gmt":"2022-11-09T10:32:28","guid":{"rendered":"https:\/\/www.gaveanews.com\/?p=90391"},"modified":"2022-11-09T07:32:31","modified_gmt":"2022-11-09T10:32:31","slug":"flamengo-e-palmeiras-querem-contratar-lateral-esquerdo-do-atletico-de-madrid","status":"publish","type":"post","link":"https:\/\/www.gaveanews.com\/index.php\/2022\/11\/09\/flamengo-e-palmeiras-querem-contratar-lateral-esquerdo-do-atletico-de-madrid\/","title":{"rendered":"Flamengo e Palmeiras querem contratar lateral-esquerdo do Atl\u00e9tico de Madrid"},"content":{"rendered":"\n<p>Renan Lodi, atualmente na Premier League, pode estar voltando ao futebol brasileiro na temporada 2023. O lateral-esquerdo, de 24 anos \u00e9 cria do Athletico Paranaense, pertence ao Atl\u00e9tico de Madrid, e est\u00e1 emprestado do Nottingham Forest. Na Inglaterra, ele ainda n\u00e3o se adaptou e vem cogitando um retorno ao Brasil, onde poderia recuperar o futebol que sempre o destacou.<\/p>\n\n\n\n<p>Sem conseguir se destacar na Premier League, Lodi tem desejo de retornar ao futebol brasileiro. Al\u00e9m do desempenho em campo, a fam\u00edlia do jogador n\u00e3o adaptou a Inglaterra, e isso tamb\u00e9m pode pesar na decis\u00e3o de voltar a atuar no Brasil, um dos prov\u00e1veis destino pode ser o pr\u00f3prio Athletico, onde o atleta foi revelado, mas o Palmeiras e o Flamengo tamb\u00e9m s\u00e3o poss\u00edveis destinos.<\/p>\n\n\n\n<p>Por\u00e9m vale ressaltar que um retorno do lateral-esquerdo para o Athletico, \u00e9 uma possibilidade dif\u00edcil do ponto de vista financeiro. Por ser jovem, Lodi ainda \u00e9 bastante valorizado no mercado europeu, al\u00e9m do sal\u00e1rio mensal do jogador, acima do teto atual do clube paranaense, pesaria a favor o desejo do defensor de retornar ao Brasil, mas a parte financeira tamb\u00e9m dificulta um acerto com o Furac\u00e3o.<\/p>\n\n\n\n<p>Retirado de: Mercado da Bola<\/p>\n","protected":false},"excerpt":{"rendered":"<p>Renan Lodi, atualmente na Premier League, pode estar voltando ao futebol brasileiro na temporada 2023. O lateral-esquerdo, de 24 anos \u00e9 cria do Athletico Paranaense, pertence ao Atl\u00e9tico de Madrid, e est\u00e1 emprestado do Nottingham Forest. Na Inglaterra, ele ainda n\u00e3o se adaptou e vem cogitando um retorno ao Brasil, onde poderia recuperar o futebol [&hellip;]<\/p>\n","protected":false},"author":1,"featured_media":74518,"comment_status":"open","ping_status":"closed","sticky":false,"template":"","format":"standard","meta":{"footnotes":""},"categories":[48],"tags":[],"class_list":["post-90391","post","type-post","status-publish","format-standard","has-post-thumbnail","hentry","category-negociacoes"],"yoast_head":"<!-- This site is optimized with the Yoast SEO Premium plugin v24.2 (Yoast SEO v26.9) - https:\/\/yoast.com\/product\/yoast-seo-premium-wordpress\/ -->\n<title>Flamengo e Palmeiras querem contratar lateral-esquerdo do Atl\u00e9tico de Madrid<\/title>\n<meta name=\"description\" content=\"O Flamengo ainda tem dois jogos para disputar em 2022, mas a diretoria do Meng\u00e3o j\u00e1 virou a p\u00e1gina para a pr\u00f3xima temporada.\" \/>\n<meta name=\"robots\" content=\"index, follow, max-snippet:-1, max-image-preview:large, max-video-preview:-1\" \/>\n<link rel=\"canonical\" href=\"https:\/\/www.gaveanews.com\/index.php\/2022\/11\/09\/flamengo-e-palmeiras-querem-contratar-lateral-esquerdo-do-atletico-de-madrid\/\" \/>\n<meta property=\"og:locale\" content=\"pt_BR\" \/>\n<meta property=\"og:type\" content=\"article\" \/>\n<meta property=\"og:title\" content=\"Flamengo e Palmeiras querem contratar lateral-esquerdo do Atl\u00e9tico de Madrid\" \/>\n<meta property=\"og:description\" content=\"O Flamengo ainda tem dois jogos para disputar em 2022, mas a diretoria do Meng\u00e3o j\u00e1 virou a p\u00e1gina para a pr\u00f3xima temporada.\" \/>\n<meta property=\"og:url\" content=\"https:\/\/www.gaveanews.com\/index.php\/2022\/11\/09\/flamengo-e-palmeiras-querem-contratar-lateral-esquerdo-do-atletico-de-madrid\/\" \/>\n<meta property=\"og:site_name\" content=\"G\u00e1vea News\" \/>\n<meta property=\"article:publisher\" content=\"https:\/\/facebook.com\/gaveaNews\/\" \/>\n<meta property=\"article:published_time\" content=\"2022-11-09T10:32:28+00:00\" \/>\n<meta property=\"article:modified_time\" content=\"2022-11-09T10:32:31+00:00\" \/>\n<meta property=\"og:image\" content=\"https:\/\/www.gaveanews.com\/wp-content\/uploads\/Renan-Lodi-em-acao-pelo-Atletico-de-Madrid.webp\" \/>\n\t<meta property=\"og:image:width\" content=\"1024\" \/>\n\t<meta property=\"og:image:height\" content=\"683\" \/>\n\t<meta property=\"og:image:type\" content=\"image\/webp\" \/>\n<meta name=\"author\" content=\"Equipe G\u00e1vea News\" \/>\n<meta name=\"twitter:card\" content=\"summary_large_image\" \/>\n<meta name=\"twitter:label1\" content=\"Escrito por\" \/>\n\t<meta name=\"twitter:data1\" content=\"Equipe G\u00e1vea News\" \/>\n\t<meta name=\"twitter:label2\" content=\"Est. tempo de leitura\" \/>\n\t<meta name=\"twitter:data2\" content=\"2 minutos\" \/>\n<script type=\"application\/ld+json\" class=\"yoast-schema-graph\">{\"@context\":\"https:\/\/schema.org\",\"@graph\":[{\"@type\":\"NewsArticle\",\"@id\":\"https:\/\/www.gaveanews.com\/index.php\/2022\/11\/09\/flamengo-e-palmeiras-querem-contratar-lateral-esquerdo-do-atletico-de-madrid\/#article\",\"isPartOf\":{\"@id\":\"https:\/\/www.gaveanews.com\/index.php\/2022\/11\/09\/flamengo-e-palmeiras-querem-contratar-lateral-esquerdo-do-atletico-de-madrid\/\"},\"author\":{\"name\":\"Equipe G\u00e1vea News\",\"@id\":\"https:\/\/www.gaveanews.com\/#\/schema\/person\/2ec14f73fb96be2caf28f91afb14749d\"},\"headline\":\"Flamengo e Palmeiras querem contratar lateral-esquerdo do Atl\u00e9tico de Madrid\",\"datePublished\":\"2022-11-09T10:32:28+00:00\",\"dateModified\":\"2022-11-09T10:32:31+00:00\",\"mainEntityOfPage\":{\"@id\":\"https:\/\/www.gaveanews.com\/index.php\/2022\/11\/09\/flamengo-e-palmeiras-querem-contratar-lateral-esquerdo-do-atletico-de-madrid\/\"},\"wordCount\":219,\"commentCount\":0,\"image\":{\"@id\":\"https:\/\/www.gaveanews.com\/index.php\/2022\/11\/09\/flamengo-e-palmeiras-querem-contratar-lateral-esquerdo-do-atletico-de-madrid\/#primaryimage\"},\"thumbnailUrl\":\"https:\/\/www.gaveanews.com\/wp-content\/uploads\/Renan-Lodi-em-acao-pelo-Atletico-de-Madrid.webp\",\"articleSection\":[\"Negocia\u00e7\u00f5es\"],\"inLanguage\":\"pt-BR\",\"potentialAction\":[{\"@type\":\"CommentAction\",\"name\":\"Comment\",\"target\":[\"https:\/\/www.gaveanews.com\/index.php\/2022\/11\/09\/flamengo-e-palmeiras-querem-contratar-lateral-esquerdo-do-atletico-de-madrid\/#respond\"]}],\"copyrightYear\":\"2022\",\"copyrightHolder\":{\"@id\":\"https:\/\/www.gaveanews.com\/#organization\"}},{\"@type\":\"WebPage\",\"@id\":\"https:\/\/www.gaveanews.com\/index.php\/2022\/11\/09\/flamengo-e-palmeiras-querem-contratar-lateral-esquerdo-do-atletico-de-madrid\/\",\"url\":\"https:\/\/www.gaveanews.com\/index.php\/2022\/11\/09\/flamengo-e-palmeiras-querem-contratar-lateral-esquerdo-do-atletico-de-madrid\/\",\"name\":\"Flamengo e Palmeiras querem contratar lateral-esquerdo do Atl\u00e9tico de Madrid\",\"isPartOf\":{\"@id\":\"https:\/\/www.gaveanews.com\/#website\"},\"primaryImageOfPage\":{\"@id\":\"https:\/\/www.gaveanews.com\/index.php\/2022\/11\/09\/flamengo-e-palmeiras-querem-contratar-lateral-esquerdo-do-atletico-de-madrid\/#primaryimage\"},\"image\":{\"@id\":\"https:\/\/www.gaveanews.com\/index.php\/2022\/11\/09\/flamengo-e-palmeiras-querem-contratar-lateral-esquerdo-do-atletico-de-madrid\/#primaryimage\"},\"thumbnailUrl\":\"https:\/\/www.gaveanews.com\/wp-content\/uploads\/Renan-Lodi-em-acao-pelo-Atletico-de-Madrid.webp\",\"datePublished\":\"2022-11-09T10:32:28+00:00\",\"dateModified\":\"2022-11-09T10:32:31+00:00\",\"author\":{\"@id\":\"https:\/\/www.gaveanews.com\/#\/schema\/person\/2ec14f73fb96be2caf28f91afb14749d\"},\"description\":\"O Flamengo ainda tem dois jogos para disputar em 2022, mas a diretoria do Meng\u00e3o j\u00e1 virou a p\u00e1gina para a pr\u00f3xima temporada.\",\"breadcrumb\":{\"@id\":\"https:\/\/www.gaveanews.com\/index.php\/2022\/11\/09\/flamengo-e-palmeiras-querem-contratar-lateral-esquerdo-do-atletico-de-madrid\/#breadcrumb\"},\"inLanguage\":\"pt-BR\",\"potentialAction\":[{\"@type\":\"ReadAction\",\"target\":[\"https:\/\/www.gaveanews.com\/index.php\/2022\/11\/09\/flamengo-e-palmeiras-querem-contratar-lateral-esquerdo-do-atletico-de-madrid\/\"]}]},{\"@type\":\"ImageObject\",\"inLanguage\":\"pt-BR\",\"@id\":\"https:\/\/www.gaveanews.com\/index.php\/2022\/11\/09\/flamengo-e-palmeiras-querem-contratar-lateral-esquerdo-do-atletico-de-madrid\/#primaryimage\",\"url\":\"https:\/\/www.gaveanews.com\/wp-content\/uploads\/Renan-Lodi-em-acao-pelo-Atletico-de-Madrid.webp\",\"contentUrl\":\"https:\/\/www.gaveanews.com\/wp-content\/uploads\/Renan-Lodi-em-acao-pelo-Atletico-de-Madrid.webp\",\"width\":1024,\"height\":683,\"caption\":\"Renan Lodi em a\u00e7\u00e3o pelo Atletico de Madrid (Foto: Reprodu\u00e7\u00e3o)\"},{\"@type\":\"BreadcrumbList\",\"@id\":\"https:\/\/www.gaveanews.com\/index.php\/2022\/11\/09\/flamengo-e-palmeiras-querem-contratar-lateral-esquerdo-do-atletico-de-madrid\/#breadcrumb\",\"itemListElement\":[{\"@type\":\"ListItem\",\"position\":1,\"name\":\"Home\",\"item\":\"https:\/\/www.gaveanews.com\/\"},{\"@type\":\"ListItem\",\"position\":2,\"name\":\"Flamengo e Palmeiras querem contratar lateral-esquerdo do Atl\u00e9tico de Madrid\"}]},{\"@type\":\"WebSite\",\"@id\":\"https:\/\/www.gaveanews.com\/#website\",\"url\":\"https:\/\/www.gaveanews.com\/\",\"name\":\"G\u00e1vea News\",\"description\":\"Veja todas as not\u00edcias sobre o Flamengo: Contrata\u00e7\u00f5es, categorias de base, resultados das partidas, tabela de classifica\u00e7\u00e3o, pr\u00f3ximos jogos!\",\"potentialAction\":[{\"@type\":\"SearchAction\",\"target\":{\"@type\":\"EntryPoint\",\"urlTemplate\":\"https:\/\/www.gaveanews.com\/?s={search_term_string}\"},\"query-input\":{\"@type\":\"PropertyValueSpecification\",\"valueRequired\":true,\"valueName\":\"search_term_string\"}}],\"inLanguage\":\"pt-BR\"},{\"@type\":\"Person\",\"@id\":\"https:\/\/www.gaveanews.com\/#\/schema\/person\/2ec14f73fb96be2caf28f91afb14749d\",\"name\":\"Equipe G\u00e1vea News\",\"image\":{\"@type\":\"ImageObject\",\"inLanguage\":\"pt-BR\",\"@id\":\"https:\/\/www.gaveanews.com\/#\/schema\/person\/image\/\",\"url\":\"https:\/\/secure.gravatar.com\/avatar\/1e1956f1facbffd3f8fa53a326721950116b3b9dc9bd44939c01180fd4a745a9?s=96&d=mm&r=g\",\"contentUrl\":\"https:\/\/secure.gravatar.com\/avatar\/1e1956f1facbffd3f8fa53a326721950116b3b9dc9bd44939c01180fd4a745a9?s=96&d=mm&r=g\",\"caption\":\"Equipe G\u00e1vea News\"}}]}<\/script>\n<!-- \/ Yoast SEO Premium plugin. -->","yoast_head_json":{"title":"Flamengo e Palmeiras querem contratar lateral-esquerdo do Atl\u00e9tico de Madrid","description":"O Flamengo ainda tem dois jogos para disputar em 2022, mas a diretoria do Meng\u00e3o j\u00e1 virou a p\u00e1gina para a pr\u00f3xima temporada.","robots":{"index":"index","follow":"follow","max-snippet":"max-snippet:-1","max-image-preview":"max-image-preview:large","max-video-preview":"max-video-preview:-1"},"canonical":"https:\/\/www.gaveanews.com\/index.php\/2022\/11\/09\/flamengo-e-palmeiras-querem-contratar-lateral-esquerdo-do-atletico-de-madrid\/","og_locale":"pt_BR","og_type":"article","og_title":"Flamengo e Palmeiras querem contratar lateral-esquerdo do Atl\u00e9tico de Madrid","og_description":"O Flamengo ainda tem dois jogos para disputar em 2022, mas a diretoria do Meng\u00e3o j\u00e1 virou a p\u00e1gina para a pr\u00f3xima temporada.","og_url":"https:\/\/www.gaveanews.com\/index.php\/2022\/11\/09\/flamengo-e-palmeiras-querem-contratar-lateral-esquerdo-do-atletico-de-madrid\/","og_site_name":"G\u00e1vea News","article_publisher":"https:\/\/facebook.com\/gaveaNews\/","article_published_time":"2022-11-09T10:32:28+00:00","article_modified_time":"2022-11-09T10:32:31+00:00","og_image":[{"width":1024,"height":683,"url":"https:\/\/www.gaveanews.com\/wp-content\/uploads\/Renan-Lodi-em-acao-pelo-Atletico-de-Madrid.webp","type":"image\/webp"}],"author":"Equipe G\u00e1vea News","twitter_card":"summary_large_image","twitter_misc":{"Escrito por":"Equipe G\u00e1vea News","Est. tempo de leitura":"2 minutos"},"schema":{"@context":"https:\/\/schema.org","@graph":[{"@type":"NewsArticle","@id":"https:\/\/www.gaveanews.com\/index.php\/2022\/11\/09\/flamengo-e-palmeiras-querem-contratar-lateral-esquerdo-do-atletico-de-madrid\/#article","isPartOf":{"@id":"https:\/\/www.gaveanews.com\/index.php\/2022\/11\/09\/flamengo-e-palmeiras-querem-contratar-lateral-esquerdo-do-atletico-de-madrid\/"},"author":{"name":"Equipe G\u00e1vea News","@id":"https:\/\/www.gaveanews.com\/#\/schema\/person\/2ec14f73fb96be2caf28f91afb14749d"},"headline":"Flamengo e Palmeiras querem contratar lateral-esquerdo do Atl\u00e9tico de Madrid","datePublished":"2022-11-09T10:32:28+00:00","dateModified":"2022-11-09T10:32:31+00:00","mainEntityOfPage":{"@id":"https:\/\/www.gaveanews.com\/index.php\/2022\/11\/09\/flamengo-e-palmeiras-querem-contratar-lateral-esquerdo-do-atletico-de-madrid\/"},"wordCount":219,"commentCount":0,"image":{"@id":"https:\/\/www.gaveanews.com\/index.php\/2022\/11\/09\/flamengo-e-palmeiras-querem-contratar-lateral-esquerdo-do-atletico-de-madrid\/#primaryimage"},"thumbnailUrl":"https:\/\/www.gaveanews.com\/wp-content\/uploads\/Renan-Lodi-em-acao-pelo-Atletico-de-Madrid.webp","articleSection":["Negocia\u00e7\u00f5es"],"inLanguage":"pt-BR","potentialAction":[{"@type":"CommentAction","name":"Comment","target":["https:\/\/www.gaveanews.com\/index.php\/2022\/11\/09\/flamengo-e-palmeiras-querem-contratar-lateral-esquerdo-do-atletico-de-madrid\/#respond"]}],"copyrightYear":"2022","copyrightHolder":{"@id":"https:\/\/www.gaveanews.com\/#organization"}},{"@type":"WebPage","@id":"https:\/\/www.gaveanews.com\/index.php\/2022\/11\/09\/flamengo-e-palmeiras-querem-contratar-lateral-esquerdo-do-atletico-de-madrid\/","url":"https:\/\/www.gaveanews.com\/index.php\/2022\/11\/09\/flamengo-e-palmeiras-querem-contratar-lateral-esquerdo-do-atletico-de-madrid\/","name":"Flamengo e Palmeiras querem contratar lateral-esquerdo do Atl\u00e9tico de Madrid","isPartOf":{"@id":"https:\/\/www.gaveanews.com\/#website"},"primaryImageOfPage":{"@id":"https:\/\/www.gaveanews.com\/index.php\/2022\/11\/09\/flamengo-e-palmeiras-querem-contratar-lateral-esquerdo-do-atletico-de-madrid\/#primaryimage"},"image":{"@id":"https:\/\/www.gaveanews.com\/index.php\/2022\/11\/09\/flamengo-e-palmeiras-querem-contratar-lateral-esquerdo-do-atletico-de-madrid\/#primaryimage"},"thumbnailUrl":"https:\/\/www.gaveanews.com\/wp-content\/uploads\/Renan-Lodi-em-acao-pelo-Atletico-de-Madrid.webp","datePublished":"2022-11-09T10:32:28+00:00","dateModified":"2022-11-09T10:32:31+00:00","author":{"@id":"https:\/\/www.gaveanews.com\/#\/schema\/person\/2ec14f73fb96be2caf28f91afb14749d"},"description":"O Flamengo ainda tem dois jogos para disputar em 2022, mas a diretoria do Meng\u00e3o j\u00e1 virou a p\u00e1gina para a pr\u00f3xima temporada.","breadcrumb":{"@id":"https:\/\/www.gaveanews.com\/index.php\/2022\/11\/09\/flamengo-e-palmeiras-querem-contratar-lateral-esquerdo-do-atletico-de-madrid\/#breadcrumb"},"inLanguage":"pt-BR","potentialAction":[{"@type":"ReadAction","target":["https:\/\/www.gaveanews.com\/index.php\/2022\/11\/09\/flamengo-e-palmeiras-querem-contratar-lateral-esquerdo-do-atletico-de-madrid\/"]}]},{"@type":"ImageObject","inLanguage":"pt-BR","@id":"https:\/\/www.gaveanews.com\/index.php\/2022\/11\/09\/flamengo-e-palmeiras-querem-contratar-lateral-esquerdo-do-atletico-de-madrid\/#primaryimage","url":"https:\/\/www.gaveanews.com\/wp-content\/uploads\/Renan-Lodi-em-acao-pelo-Atletico-de-Madrid.webp","contentUrl":"https:\/\/www.gaveanews.com\/wp-content\/uploads\/Renan-Lodi-em-acao-pelo-Atletico-de-Madrid.webp","width":1024,"height":683,"caption":"Renan Lodi em a\u00e7\u00e3o pelo Atletico de Madrid (Foto: Reprodu\u00e7\u00e3o)"},{"@type":"BreadcrumbList","@id":"https:\/\/www.gaveanews.com\/index.php\/2022\/11\/09\/flamengo-e-palmeiras-querem-contratar-lateral-esquerdo-do-atletico-de-madrid\/#breadcrumb","itemListElement":[{"@type":"ListItem","position":1,"name":"Home","item":"https:\/\/www.gaveanews.com\/"},{"@type":"ListItem","position":2,"name":"Flamengo e Palmeiras querem contratar lateral-esquerdo do Atl\u00e9tico de Madrid"}]},{"@type":"WebSite","@id":"https:\/\/www.gaveanews.com\/#website","url":"https:\/\/www.gaveanews.com\/","name":"G\u00e1vea News","description":"Veja todas as not\u00edcias sobre o Flamengo: Contrata\u00e7\u00f5es, categorias de base, resultados das partidas, tabela de classifica\u00e7\u00e3o, pr\u00f3ximos jogos!","potentialAction":[{"@type":"SearchAction","target":{"@type":"EntryPoint","urlTemplate":"https:\/\/www.gaveanews.com\/?s={search_term_string}"},"query-input":{"@type":"PropertyValueSpecification","valueRequired":true,"valueName":"search_term_string"}}],"inLanguage":"pt-BR"},{"@type":"Person","@id":"https:\/\/www.gaveanews.com\/#\/schema\/person\/2ec14f73fb96be2caf28f91afb14749d","name":"Equipe G\u00e1vea News","image":{"@type":"ImageObject","inLanguage":"pt-BR","@id":"https:\/\/www.gaveanews.com\/#\/schema\/person\/image\/","url":"https:\/\/secure.gravatar.com\/avatar\/1e1956f1facbffd3f8fa53a326721950116b3b9dc9bd44939c01180fd4a745a9?s=96&d=mm&r=g","contentUrl":"https:\/\/secure.gravatar.com\/avatar\/1e1956f1facbffd3f8fa53a326721950116b3b9dc9bd44939c01180fd4a745a9?s=96&d=mm&r=g","caption":"Equipe G\u00e1vea News"}}]}},"_links":{"self":[{"href":"https:\/\/www.gaveanews.com\/index.php\/wp-json\/wp\/v2\/posts\/90391","targetHints":{"allow":["GET"]}}],"collection":[{"href":"https:\/\/www.gaveanews.com\/index.php\/wp-json\/wp\/v2\/posts"}],"about":[{"href":"https:\/\/www.gaveanews.com\/index.php\/wp-json\/wp\/v2\/types\/post"}],"author":[{"embeddable":true,"href":"https:\/\/www.gaveanews.com\/index.php\/wp-json\/wp\/v2\/users\/1"}],"replies":[{"embeddable":true,"href":"https:\/\/www.gaveanews.com\/index.php\/wp-json\/wp\/v2\/comments?post=90391"}],"version-history":[{"count":0,"href":"https:\/\/www.gaveanews.com\/index.php\/wp-json\/wp\/v2\/posts\/90391\/revisions"}],"wp:featuredmedia":[{"embeddable":true,"href":"https:\/\/www.gaveanews.com\/index.php\/wp-json\/wp\/v2\/media\/74518"}],"wp:attachment":[{"href":"https:\/\/www.gaveanews.com\/index.php\/wp-json\/wp\/v2\/media?parent=90391"}],"wp:term":[{"taxonomy":"category","embeddable":true,"href":"https:\/\/www.gaveanews.com\/index.php\/wp-json\/wp\/v2\/categories?post=90391"},{"taxonomy":"post_tag","embeddable":true,"href":"https:\/\/www.gaveanews.com\/index.php\/wp-json\/wp\/v2\/tags?post=90391"}],"curies":[{"name":"wp","href":"https:\/\/api.w.org\/{rel}","templated":true}]}}