{"id":90424,"date":"2022-11-09T16:08:56","date_gmt":"2022-11-09T19:08:56","guid":{"rendered":"https:\/\/www.gaveanews.com\/?p=90424"},"modified":"2022-11-09T16:08:59","modified_gmt":"2022-11-09T19:08:59","slug":"coringa-no-flamengo-duracao-do-contrato-de-gerson-ja-esta-definida","status":"publish","type":"post","link":"https:\/\/www.gaveanews.com\/index.php\/2022\/11\/09\/coringa-no-flamengo-duracao-do-contrato-de-gerson-ja-esta-definida\/","title":{"rendered":"Coringa no Flamengo: dura\u00e7\u00e3o do contrato de Gerson j\u00e1 est\u00e1 definida"},"content":{"rendered":"\n<p>O iminente retorno de Gerson ao Flamengo est\u00e1 deixando a torcida bastante entusiasmada. As informa\u00e7\u00f5es envolvendo negocia\u00e7\u00f5es entre o Mais Querido e o Olympique de Marseille est\u00e3o tomando conta dos notici\u00e1rios e aumentando a ansiedade do torcedor rubro-negro.<\/p>\n\n\n\n<p>A inten\u00e7\u00e3o \u00e9 de acertar a transa\u00e7\u00e3o em breve e contar com o atleta na disputa pelo Mundial de Clubes. <a href=\"https:\/\/www.gaveanews.com\/index.php\/2022\/11\/08\/gerson-sera-a-compra-mais-cara-da-historia-do-flamengo\/\">Esta deve ser a compra mais cara da hist\u00f3ria do Flamengo.<\/a><\/p>\n\n\n\n<p>O volante vem desembarca no Brasil em breve para a pausa na temporada europeia devido a Copa do Mundo. A tend\u00eancia \u00e9 de que o jogador n\u00e3o retorne mais \u00e0 Fran\u00e7a para se reapresentar ao Olympique de Marseille.<\/p>\n\n\n\n<p>O novo v\u00ednculo entre o Coringa e o Meng\u00e3o ter\u00e1 cinco anos de dura\u00e7\u00e3o. Aos 25 anos, Gerson retorna ao Flamengo pouco mais de um ano ap\u00f3s ser vendido ao Olympique de Marseille. <\/p>\n\n\n\n<p>O atleta refor\u00e7a o setor que ainda contar\u00e1 com Jo\u00e3o Gomes, Thiago Maia, Vidal e Erick Pulgar como op\u00e7\u00f5es em 2023. Vale lembrar que Diego Ribas se despede do clube neste final de semana. A \u00faltima partida do camisa 10 pelo Meng\u00e3o ser\u00e1 o <a href=\"https:\/\/www.gaveanews.com\/index.php\/2022\/11\/08\/cbf-atende-solicitacao-do-flamengo\/\">confronto contra o Ava\u00ed, marcado para este s\u00e1bado (12).<\/a><\/p>\n","protected":false},"excerpt":{"rendered":"<p>O iminente retorno de Gerson ao Flamengo est\u00e1 deixando a torcida bastante entusiasmada. As informa\u00e7\u00f5es envolvendo negocia\u00e7\u00f5es entre o Mais Querido e o Olympique de Marseille est\u00e3o tomando conta dos notici\u00e1rios e aumentando a ansiedade do torcedor rubro-negro. A inten\u00e7\u00e3o \u00e9 de acertar a transa\u00e7\u00e3o em breve e contar com o atleta na disputa pelo [&hellip;]<\/p>\n","protected":false},"author":4,"featured_media":73149,"comment_status":"open","ping_status":"closed","sticky":false,"template":"","format":"standard","meta":{"footnotes":""},"categories":[1],"tags":[],"class_list":["post-90424","post","type-post","status-publish","format-standard","has-post-thumbnail","hentry","category-flamengo"],"yoast_head":"<!-- This site is optimized with the Yoast SEO Premium plugin v24.2 (Yoast SEO v26.9) - https:\/\/yoast.com\/product\/yoast-seo-premium-wordpress\/ -->\n<title>Coringa no Flamengo: dura\u00e7\u00e3o do contrato de Gerson j\u00e1 est\u00e1 definida<\/title>\n<meta name=\"robots\" content=\"index, follow, max-snippet:-1, max-image-preview:large, max-video-preview:-1\" \/>\n<link rel=\"canonical\" href=\"https:\/\/www.gaveanews.com\/index.php\/2022\/11\/09\/coringa-no-flamengo-duracao-do-contrato-de-gerson-ja-esta-definida\/\" \/>\n<meta property=\"og:locale\" content=\"pt_BR\" \/>\n<meta property=\"og:type\" content=\"article\" \/>\n<meta property=\"og:title\" content=\"Coringa no Flamengo: dura\u00e7\u00e3o do contrato de Gerson j\u00e1 est\u00e1 definida\" \/>\n<meta property=\"og:description\" content=\"O iminente retorno de Gerson ao Flamengo est\u00e1 deixando a torcida bastante entusiasmada. As informa\u00e7\u00f5es envolvendo negocia\u00e7\u00f5es entre o Mais Querido e o Olympique de Marseille est\u00e3o tomando conta dos notici\u00e1rios e aumentando a ansiedade do torcedor rubro-negro. A inten\u00e7\u00e3o \u00e9 de acertar a transa\u00e7\u00e3o em breve e contar com o atleta na disputa pelo [&hellip;]\" \/>\n<meta property=\"og:url\" content=\"https:\/\/www.gaveanews.com\/index.php\/2022\/11\/09\/coringa-no-flamengo-duracao-do-contrato-de-gerson-ja-esta-definida\/\" \/>\n<meta property=\"og:site_name\" content=\"G\u00e1vea News\" \/>\n<meta property=\"article:publisher\" content=\"https:\/\/facebook.com\/gaveaNews\/\" \/>\n<meta property=\"article:published_time\" content=\"2022-11-09T19:08:56+00:00\" \/>\n<meta property=\"article:modified_time\" content=\"2022-11-09T19:08:59+00:00\" \/>\n<meta property=\"og:image\" content=\"https:\/\/www.gaveanews.com\/wp-content\/uploads\/Gerson-em-acao-pelo-Olympique-de-Marseille.webp\" \/>\n\t<meta property=\"og:image:width\" content=\"1920\" \/>\n\t<meta property=\"og:image:height\" content=\"1079\" \/>\n\t<meta property=\"og:image:type\" content=\"image\/jpeg\" \/>\n<meta name=\"author\" content=\"Let\u00edcia Gerheim\" \/>\n<meta name=\"twitter:card\" content=\"summary_large_image\" \/>\n<meta name=\"twitter:label1\" content=\"Escrito por\" \/>\n\t<meta name=\"twitter:data1\" content=\"Let\u00edcia Gerheim\" \/>\n\t<meta name=\"twitter:label2\" content=\"Est. tempo de leitura\" \/>\n\t<meta name=\"twitter:data2\" content=\"2 minutos\" \/>\n<script type=\"application\/ld+json\" class=\"yoast-schema-graph\">{\"@context\":\"https:\/\/schema.org\",\"@graph\":[{\"@type\":\"NewsArticle\",\"@id\":\"https:\/\/www.gaveanews.com\/index.php\/2022\/11\/09\/coringa-no-flamengo-duracao-do-contrato-de-gerson-ja-esta-definida\/#article\",\"isPartOf\":{\"@id\":\"https:\/\/www.gaveanews.com\/index.php\/2022\/11\/09\/coringa-no-flamengo-duracao-do-contrato-de-gerson-ja-esta-definida\/\"},\"author\":{\"name\":\"Let\u00edcia Gerheim\",\"@id\":\"https:\/\/www.gaveanews.com\/#\/schema\/person\/714c67050b836198af2450ba1c142a67\"},\"headline\":\"Coringa no Flamengo: dura\u00e7\u00e3o do contrato de Gerson j\u00e1 est\u00e1 definida\",\"datePublished\":\"2022-11-09T19:08:56+00:00\",\"dateModified\":\"2022-11-09T19:08:59+00:00\",\"mainEntityOfPage\":{\"@id\":\"https:\/\/www.gaveanews.com\/index.php\/2022\/11\/09\/coringa-no-flamengo-duracao-do-contrato-de-gerson-ja-esta-definida\/\"},\"wordCount\":217,\"commentCount\":0,\"image\":{\"@id\":\"https:\/\/www.gaveanews.com\/index.php\/2022\/11\/09\/coringa-no-flamengo-duracao-do-contrato-de-gerson-ja-esta-definida\/#primaryimage\"},\"thumbnailUrl\":\"https:\/\/www.gaveanews.com\/wp-content\/uploads\/Gerson-em-acao-pelo-Olympique-de-Marseille.webp\",\"articleSection\":[\"Flamengo\"],\"inLanguage\":\"pt-BR\",\"potentialAction\":[{\"@type\":\"CommentAction\",\"name\":\"Comment\",\"target\":[\"https:\/\/www.gaveanews.com\/index.php\/2022\/11\/09\/coringa-no-flamengo-duracao-do-contrato-de-gerson-ja-esta-definida\/#respond\"]}],\"copyrightYear\":\"2022\",\"copyrightHolder\":{\"@id\":\"https:\/\/www.gaveanews.com\/#organization\"}},{\"@type\":\"WebPage\",\"@id\":\"https:\/\/www.gaveanews.com\/index.php\/2022\/11\/09\/coringa-no-flamengo-duracao-do-contrato-de-gerson-ja-esta-definida\/\",\"url\":\"https:\/\/www.gaveanews.com\/index.php\/2022\/11\/09\/coringa-no-flamengo-duracao-do-contrato-de-gerson-ja-esta-definida\/\",\"name\":\"Coringa no Flamengo: dura\u00e7\u00e3o do contrato de Gerson j\u00e1 est\u00e1 definida\",\"isPartOf\":{\"@id\":\"https:\/\/www.gaveanews.com\/#website\"},\"primaryImageOfPage\":{\"@id\":\"https:\/\/www.gaveanews.com\/index.php\/2022\/11\/09\/coringa-no-flamengo-duracao-do-contrato-de-gerson-ja-esta-definida\/#primaryimage\"},\"image\":{\"@id\":\"https:\/\/www.gaveanews.com\/index.php\/2022\/11\/09\/coringa-no-flamengo-duracao-do-contrato-de-gerson-ja-esta-definida\/#primaryimage\"},\"thumbnailUrl\":\"https:\/\/www.gaveanews.com\/wp-content\/uploads\/Gerson-em-acao-pelo-Olympique-de-Marseille.webp\",\"datePublished\":\"2022-11-09T19:08:56+00:00\",\"dateModified\":\"2022-11-09T19:08:59+00:00\",\"author\":{\"@id\":\"https:\/\/www.gaveanews.com\/#\/schema\/person\/714c67050b836198af2450ba1c142a67\"},\"breadcrumb\":{\"@id\":\"https:\/\/www.gaveanews.com\/index.php\/2022\/11\/09\/coringa-no-flamengo-duracao-do-contrato-de-gerson-ja-esta-definida\/#breadcrumb\"},\"inLanguage\":\"pt-BR\",\"potentialAction\":[{\"@type\":\"ReadAction\",\"target\":[\"https:\/\/www.gaveanews.com\/index.php\/2022\/11\/09\/coringa-no-flamengo-duracao-do-contrato-de-gerson-ja-esta-definida\/\"]}]},{\"@type\":\"ImageObject\",\"inLanguage\":\"pt-BR\",\"@id\":\"https:\/\/www.gaveanews.com\/index.php\/2022\/11\/09\/coringa-no-flamengo-duracao-do-contrato-de-gerson-ja-esta-definida\/#primaryimage\",\"url\":\"https:\/\/www.gaveanews.com\/wp-content\/uploads\/Gerson-em-acao-pelo-Olympique-de-Marseille.webp\",\"contentUrl\":\"https:\/\/www.gaveanews.com\/wp-content\/uploads\/Gerson-em-acao-pelo-Olympique-de-Marseille.webp\",\"width\":1920,\"height\":1079,\"caption\":\"Gerson em a\u00e7\u00e3o pelo Olympique de Marseille (Foto: Divulga\u00e7\u00e3o\/Olympique de Marseille)\"},{\"@type\":\"BreadcrumbList\",\"@id\":\"https:\/\/www.gaveanews.com\/index.php\/2022\/11\/09\/coringa-no-flamengo-duracao-do-contrato-de-gerson-ja-esta-definida\/#breadcrumb\",\"itemListElement\":[{\"@type\":\"ListItem\",\"position\":1,\"name\":\"Home\",\"item\":\"https:\/\/www.gaveanews.com\/\"},{\"@type\":\"ListItem\",\"position\":2,\"name\":\"Coringa no Flamengo: dura\u00e7\u00e3o do contrato de Gerson j\u00e1 est\u00e1 definida\"}]},{\"@type\":\"WebSite\",\"@id\":\"https:\/\/www.gaveanews.com\/#website\",\"url\":\"https:\/\/www.gaveanews.com\/\",\"name\":\"G\u00e1vea News\",\"description\":\"Veja todas as not\u00edcias sobre o Flamengo: Contrata\u00e7\u00f5es, categorias de base, resultados das partidas, tabela de classifica\u00e7\u00e3o, pr\u00f3ximos jogos!\",\"potentialAction\":[{\"@type\":\"SearchAction\",\"target\":{\"@type\":\"EntryPoint\",\"urlTemplate\":\"https:\/\/www.gaveanews.com\/?s={search_term_string}\"},\"query-input\":{\"@type\":\"PropertyValueSpecification\",\"valueRequired\":true,\"valueName\":\"search_term_string\"}}],\"inLanguage\":\"pt-BR\"},{\"@type\":\"Person\",\"@id\":\"https:\/\/www.gaveanews.com\/#\/schema\/person\/714c67050b836198af2450ba1c142a67\",\"name\":\"Let\u00edcia Gerheim\",\"image\":{\"@type\":\"ImageObject\",\"inLanguage\":\"pt-BR\",\"@id\":\"https:\/\/www.gaveanews.com\/#\/schema\/person\/image\/\",\"url\":\"https:\/\/secure.gravatar.com\/avatar\/60734739c50fcebfbac509e2a826ccd0ff405c019bc73aab9354f19ecad1dcb4?s=96&d=mm&r=g\",\"contentUrl\":\"https:\/\/secure.gravatar.com\/avatar\/60734739c50fcebfbac509e2a826ccd0ff405c019bc73aab9354f19ecad1dcb4?s=96&d=mm&r=g\",\"caption\":\"Let\u00edcia Gerheim\"}}]}<\/script>\n<!-- \/ Yoast SEO Premium plugin. -->","yoast_head_json":{"title":"Coringa no Flamengo: dura\u00e7\u00e3o do contrato de Gerson j\u00e1 est\u00e1 definida","robots":{"index":"index","follow":"follow","max-snippet":"max-snippet:-1","max-image-preview":"max-image-preview:large","max-video-preview":"max-video-preview:-1"},"canonical":"https:\/\/www.gaveanews.com\/index.php\/2022\/11\/09\/coringa-no-flamengo-duracao-do-contrato-de-gerson-ja-esta-definida\/","og_locale":"pt_BR","og_type":"article","og_title":"Coringa no Flamengo: dura\u00e7\u00e3o do contrato de Gerson j\u00e1 est\u00e1 definida","og_description":"O iminente retorno de Gerson ao Flamengo est\u00e1 deixando a torcida bastante entusiasmada. As informa\u00e7\u00f5es envolvendo negocia\u00e7\u00f5es entre o Mais Querido e o Olympique de Marseille est\u00e3o tomando conta dos notici\u00e1rios e aumentando a ansiedade do torcedor rubro-negro. A inten\u00e7\u00e3o \u00e9 de acertar a transa\u00e7\u00e3o em breve e contar com o atleta na disputa pelo [&hellip;]","og_url":"https:\/\/www.gaveanews.com\/index.php\/2022\/11\/09\/coringa-no-flamengo-duracao-do-contrato-de-gerson-ja-esta-definida\/","og_site_name":"G\u00e1vea News","article_publisher":"https:\/\/facebook.com\/gaveaNews\/","article_published_time":"2022-11-09T19:08:56+00:00","article_modified_time":"2022-11-09T19:08:59+00:00","og_image":[{"width":1920,"height":1079,"url":"https:\/\/www.gaveanews.com\/wp-content\/uploads\/Gerson-em-acao-pelo-Olympique-de-Marseille.webp","type":"image\/jpeg"}],"author":"Let\u00edcia Gerheim","twitter_card":"summary_large_image","twitter_misc":{"Escrito por":"Let\u00edcia Gerheim","Est. tempo de leitura":"2 minutos"},"schema":{"@context":"https:\/\/schema.org","@graph":[{"@type":"NewsArticle","@id":"https:\/\/www.gaveanews.com\/index.php\/2022\/11\/09\/coringa-no-flamengo-duracao-do-contrato-de-gerson-ja-esta-definida\/#article","isPartOf":{"@id":"https:\/\/www.gaveanews.com\/index.php\/2022\/11\/09\/coringa-no-flamengo-duracao-do-contrato-de-gerson-ja-esta-definida\/"},"author":{"name":"Let\u00edcia Gerheim","@id":"https:\/\/www.gaveanews.com\/#\/schema\/person\/714c67050b836198af2450ba1c142a67"},"headline":"Coringa no Flamengo: dura\u00e7\u00e3o do contrato de Gerson j\u00e1 est\u00e1 definida","datePublished":"2022-11-09T19:08:56+00:00","dateModified":"2022-11-09T19:08:59+00:00","mainEntityOfPage":{"@id":"https:\/\/www.gaveanews.com\/index.php\/2022\/11\/09\/coringa-no-flamengo-duracao-do-contrato-de-gerson-ja-esta-definida\/"},"wordCount":217,"commentCount":0,"image":{"@id":"https:\/\/www.gaveanews.com\/index.php\/2022\/11\/09\/coringa-no-flamengo-duracao-do-contrato-de-gerson-ja-esta-definida\/#primaryimage"},"thumbnailUrl":"https:\/\/www.gaveanews.com\/wp-content\/uploads\/Gerson-em-acao-pelo-Olympique-de-Marseille.webp","articleSection":["Flamengo"],"inLanguage":"pt-BR","potentialAction":[{"@type":"CommentAction","name":"Comment","target":["https:\/\/www.gaveanews.com\/index.php\/2022\/11\/09\/coringa-no-flamengo-duracao-do-contrato-de-gerson-ja-esta-definida\/#respond"]}],"copyrightYear":"2022","copyrightHolder":{"@id":"https:\/\/www.gaveanews.com\/#organization"}},{"@type":"WebPage","@id":"https:\/\/www.gaveanews.com\/index.php\/2022\/11\/09\/coringa-no-flamengo-duracao-do-contrato-de-gerson-ja-esta-definida\/","url":"https:\/\/www.gaveanews.com\/index.php\/2022\/11\/09\/coringa-no-flamengo-duracao-do-contrato-de-gerson-ja-esta-definida\/","name":"Coringa no Flamengo: dura\u00e7\u00e3o do contrato de Gerson j\u00e1 est\u00e1 definida","isPartOf":{"@id":"https:\/\/www.gaveanews.com\/#website"},"primaryImageOfPage":{"@id":"https:\/\/www.gaveanews.com\/index.php\/2022\/11\/09\/coringa-no-flamengo-duracao-do-contrato-de-gerson-ja-esta-definida\/#primaryimage"},"image":{"@id":"https:\/\/www.gaveanews.com\/index.php\/2022\/11\/09\/coringa-no-flamengo-duracao-do-contrato-de-gerson-ja-esta-definida\/#primaryimage"},"thumbnailUrl":"https:\/\/www.gaveanews.com\/wp-content\/uploads\/Gerson-em-acao-pelo-Olympique-de-Marseille.webp","datePublished":"2022-11-09T19:08:56+00:00","dateModified":"2022-11-09T19:08:59+00:00","author":{"@id":"https:\/\/www.gaveanews.com\/#\/schema\/person\/714c67050b836198af2450ba1c142a67"},"breadcrumb":{"@id":"https:\/\/www.gaveanews.com\/index.php\/2022\/11\/09\/coringa-no-flamengo-duracao-do-contrato-de-gerson-ja-esta-definida\/#breadcrumb"},"inLanguage":"pt-BR","potentialAction":[{"@type":"ReadAction","target":["https:\/\/www.gaveanews.com\/index.php\/2022\/11\/09\/coringa-no-flamengo-duracao-do-contrato-de-gerson-ja-esta-definida\/"]}]},{"@type":"ImageObject","inLanguage":"pt-BR","@id":"https:\/\/www.gaveanews.com\/index.php\/2022\/11\/09\/coringa-no-flamengo-duracao-do-contrato-de-gerson-ja-esta-definida\/#primaryimage","url":"https:\/\/www.gaveanews.com\/wp-content\/uploads\/Gerson-em-acao-pelo-Olympique-de-Marseille.webp","contentUrl":"https:\/\/www.gaveanews.com\/wp-content\/uploads\/Gerson-em-acao-pelo-Olympique-de-Marseille.webp","width":1920,"height":1079,"caption":"Gerson em a\u00e7\u00e3o pelo Olympique de Marseille (Foto: Divulga\u00e7\u00e3o\/Olympique de Marseille)"},{"@type":"BreadcrumbList","@id":"https:\/\/www.gaveanews.com\/index.php\/2022\/11\/09\/coringa-no-flamengo-duracao-do-contrato-de-gerson-ja-esta-definida\/#breadcrumb","itemListElement":[{"@type":"ListItem","position":1,"name":"Home","item":"https:\/\/www.gaveanews.com\/"},{"@type":"ListItem","position":2,"name":"Coringa no Flamengo: dura\u00e7\u00e3o do contrato de Gerson j\u00e1 est\u00e1 definida"}]},{"@type":"WebSite","@id":"https:\/\/www.gaveanews.com\/#website","url":"https:\/\/www.gaveanews.com\/","name":"G\u00e1vea News","description":"Veja todas as not\u00edcias sobre o Flamengo: Contrata\u00e7\u00f5es, categorias de base, resultados das partidas, tabela de classifica\u00e7\u00e3o, pr\u00f3ximos jogos!","potentialAction":[{"@type":"SearchAction","target":{"@type":"EntryPoint","urlTemplate":"https:\/\/www.gaveanews.com\/?s={search_term_string}"},"query-input":{"@type":"PropertyValueSpecification","valueRequired":true,"valueName":"search_term_string"}}],"inLanguage":"pt-BR"},{"@type":"Person","@id":"https:\/\/www.gaveanews.com\/#\/schema\/person\/714c67050b836198af2450ba1c142a67","name":"Let\u00edcia Gerheim","image":{"@type":"ImageObject","inLanguage":"pt-BR","@id":"https:\/\/www.gaveanews.com\/#\/schema\/person\/image\/","url":"https:\/\/secure.gravatar.com\/avatar\/60734739c50fcebfbac509e2a826ccd0ff405c019bc73aab9354f19ecad1dcb4?s=96&d=mm&r=g","contentUrl":"https:\/\/secure.gravatar.com\/avatar\/60734739c50fcebfbac509e2a826ccd0ff405c019bc73aab9354f19ecad1dcb4?s=96&d=mm&r=g","caption":"Let\u00edcia Gerheim"}}]}},"_links":{"self":[{"href":"https:\/\/www.gaveanews.com\/index.php\/wp-json\/wp\/v2\/posts\/90424","targetHints":{"allow":["GET"]}}],"collection":[{"href":"https:\/\/www.gaveanews.com\/index.php\/wp-json\/wp\/v2\/posts"}],"about":[{"href":"https:\/\/www.gaveanews.com\/index.php\/wp-json\/wp\/v2\/types\/post"}],"author":[{"embeddable":true,"href":"https:\/\/www.gaveanews.com\/index.php\/wp-json\/wp\/v2\/users\/4"}],"replies":[{"embeddable":true,"href":"https:\/\/www.gaveanews.com\/index.php\/wp-json\/wp\/v2\/comments?post=90424"}],"version-history":[{"count":0,"href":"https:\/\/www.gaveanews.com\/index.php\/wp-json\/wp\/v2\/posts\/90424\/revisions"}],"wp:featuredmedia":[{"embeddable":true,"href":"https:\/\/www.gaveanews.com\/index.php\/wp-json\/wp\/v2\/media\/73149"}],"wp:attachment":[{"href":"https:\/\/www.gaveanews.com\/index.php\/wp-json\/wp\/v2\/media?parent=90424"}],"wp:term":[{"taxonomy":"category","embeddable":true,"href":"https:\/\/www.gaveanews.com\/index.php\/wp-json\/wp\/v2\/categories?post=90424"},{"taxonomy":"post_tag","embeddable":true,"href":"https:\/\/www.gaveanews.com\/index.php\/wp-json\/wp\/v2\/tags?post=90424"}],"curies":[{"name":"wp","href":"https:\/\/api.w.org\/{rel}","templated":true}]}}