{"id":90429,"date":"2022-11-09T19:00:23","date_gmt":"2022-11-09T22:00:23","guid":{"rendered":"https:\/\/www.gaveanews.com\/?p=90429"},"modified":"2024-04-06T23:04:40","modified_gmt":"2024-04-07T02:04:40","slug":"mauro-cezar-pereira-ironiza-declaracao-do-lateral-rodinei-do-flamengo","status":"publish","type":"post","link":"https:\/\/www.gaveanews.com\/index.php\/2022\/11\/09\/mauro-cezar-pereira-ironiza-declaracao-do-lateral-rodinei-do-flamengo\/","title":{"rendered":"Mauro Cezar Pereira ironiza declara\u00e7\u00e3o do lateral Rodinei, do Flamengo"},"content":{"rendered":"\n<p>Campe\u00e3o da Copa do Brasil e Libertadores neste ano com o Flamengo, Rodinei deu entrevista ao Globo Esporte, onde assumiu ter problemas na marca\u00e7\u00e3o. O jogador afirmou que, se fosse melhor defensivamente, jogaria no Bayern de Munique ou Real Madrid. O jornalista Mauro Cezar ironizou a declara\u00e7\u00e3o do atleta, durante programa da &#8216;Jovem Pan&#8217;.<\/p>\n\n\n\n<p><em>\u2014 Todos sabem que n\u00e3o sou um grande marcador, n\u00e3o precisam ficar me falando isso toda hora. Eu sei das minhas limita\u00e7\u00f5es. Se eu fosse um grande marcador, um cara que ataca muito bem e faz gols todos os jogos eu estaria no Bayern de Munique, no Real Madrid, e n\u00e3o no Brasil, com todo o respeito<\/em> &#8211; disse Rodinei.<\/p>\n\n\n\n<p><em>\u2014 N\u00e3o, ele n\u00e3o estaria (no Bayern ou Real). Mesmo com o que produz ofensivamente, o Rodinei n\u00e3o tem n\u00edvel pra jogar nesses times. Se ele fosse um bom marcador, ele seria o lateral do Flamengo at\u00e9 o final da carreira. E ele tamb\u00e9m n\u00e3o \u00e9 essa Coca-Cola toda do meio pra frente tamb\u00e9m. Ele t\u00e1 pensando que \u00e9 o Leandro? <\/em>&#8211; ironizou Mauro.<\/p>\n\n\n\n<p>Rodinei chegou ao Flamengo em 2016, e somou temporadas de altos e baixos. Entre 2020 e 2021, chegou a ser emprestado o Internacional. Em 2022, o lateral fez o melhor ano pelo clube, sendo importante nas recentes conquistas do Rubro-Negro. Aos 30 anos, o atleta ainda tem futuro indefinido no clube para 2023.<\/p>\n\n\n\n<p>Citado por Mauro Cezar, Leandro \u00e9 um dos maiores \u00eddolos da hist\u00f3ria do Flamengo, com quase 500 jogos pelo clube. De 1978 a 1990, o ex-lateral direito somou quatro Brasileiros, uma Libertadores, um Mundial e cinco Cariocas pelo Rubro-Negro.<\/p>\n\n\n\n<p>Retirado de: Lance<\/p>\n","protected":false},"excerpt":{"rendered":"<p>Campe\u00e3o da Copa do Brasil e Libertadores neste ano com o Flamengo, Rodinei deu entrevista ao Globo Esporte, onde assumiu ter problemas na marca\u00e7\u00e3o. O jogador afirmou que, se fosse melhor defensivamente, jogaria no Bayern de Munique ou Real Madrid. O jornalista Mauro Cezar ironizou a declara\u00e7\u00e3o do atleta, durante programa da &#8216;Jovem Pan&#8217;. \u2014 [&hellip;]<\/p>\n","protected":false},"author":1,"featured_media":87389,"comment_status":"open","ping_status":"closed","sticky":false,"template":"","format":"standard","meta":{"footnotes":""},"categories":[1],"tags":[170],"class_list":["post-90429","post","type-post","status-publish","format-standard","has-post-thumbnail","hentry","category-flamengo","tag-mauro-cezar-pereira"],"yoast_head":"<!-- This site is optimized with the Yoast SEO Premium plugin v24.2 (Yoast SEO v26.9) - https:\/\/yoast.com\/product\/yoast-seo-premium-wordpress\/ -->\n<title>Mauro Cezar Pereira ironiza declara\u00e7\u00e3o do lateral Rodinei, do Flamengo<\/title>\n<meta name=\"robots\" content=\"index, follow, max-snippet:-1, max-image-preview:large, max-video-preview:-1\" \/>\n<link rel=\"canonical\" href=\"https:\/\/www.gaveanews.com\/index.php\/2022\/11\/09\/mauro-cezar-pereira-ironiza-declaracao-do-lateral-rodinei-do-flamengo\/\" \/>\n<meta property=\"og:locale\" content=\"pt_BR\" \/>\n<meta property=\"og:type\" content=\"article\" \/>\n<meta property=\"og:title\" content=\"Mauro Cezar Pereira ironiza declara\u00e7\u00e3o do lateral Rodinei, do Flamengo\" \/>\n<meta property=\"og:description\" content=\"Campe\u00e3o da Copa do Brasil e Libertadores neste ano com o Flamengo, Rodinei deu entrevista ao Globo Esporte, onde assumiu ter problemas na marca\u00e7\u00e3o. O jogador afirmou que, se fosse melhor defensivamente, jogaria no Bayern de Munique ou Real Madrid. O jornalista Mauro Cezar ironizou a declara\u00e7\u00e3o do atleta, durante programa da &#8216;Jovem Pan&#8217;. \u2014 [&hellip;]\" \/>\n<meta property=\"og:url\" content=\"https:\/\/www.gaveanews.com\/index.php\/2022\/11\/09\/mauro-cezar-pereira-ironiza-declaracao-do-lateral-rodinei-do-flamengo\/\" \/>\n<meta property=\"og:site_name\" content=\"G\u00e1vea News\" \/>\n<meta property=\"article:publisher\" content=\"https:\/\/facebook.com\/gaveaNews\/\" \/>\n<meta property=\"article:published_time\" content=\"2022-11-09T22:00:23+00:00\" \/>\n<meta property=\"article:modified_time\" content=\"2024-04-07T02:04:40+00:00\" \/>\n<meta property=\"og:image\" content=\"https:\/\/www.gaveanews.com\/wp-content\/uploads\/Rodinei-em-acao-pelo-Flamengo-durante-o-jogo-contra-o-Sao-Paulo-pela-Copa-do-Brasil-de-2022.webp\" \/>\n\t<meta property=\"og:image:width\" content=\"799\" \/>\n\t<meta property=\"og:image:height\" content=\"533\" \/>\n\t<meta property=\"og:image:type\" content=\"image\/jpeg\" \/>\n<meta name=\"author\" content=\"Equipe G\u00e1vea News\" \/>\n<meta name=\"twitter:card\" content=\"summary_large_image\" \/>\n<meta name=\"twitter:label1\" content=\"Escrito por\" \/>\n\t<meta name=\"twitter:data1\" content=\"Equipe G\u00e1vea News\" \/>\n\t<meta name=\"twitter:label2\" content=\"Est. tempo de leitura\" \/>\n\t<meta name=\"twitter:data2\" content=\"2 minutos\" \/>\n<script type=\"application\/ld+json\" class=\"yoast-schema-graph\">{\"@context\":\"https:\/\/schema.org\",\"@graph\":[{\"@type\":\"NewsArticle\",\"@id\":\"https:\/\/www.gaveanews.com\/index.php\/2022\/11\/09\/mauro-cezar-pereira-ironiza-declaracao-do-lateral-rodinei-do-flamengo\/#article\",\"isPartOf\":{\"@id\":\"https:\/\/www.gaveanews.com\/index.php\/2022\/11\/09\/mauro-cezar-pereira-ironiza-declaracao-do-lateral-rodinei-do-flamengo\/\"},\"author\":{\"name\":\"Equipe G\u00e1vea News\",\"@id\":\"https:\/\/www.gaveanews.com\/#\/schema\/person\/2ec14f73fb96be2caf28f91afb14749d\"},\"headline\":\"Mauro Cezar Pereira ironiza declara\u00e7\u00e3o do lateral Rodinei, do Flamengo\",\"datePublished\":\"2022-11-09T22:00:23+00:00\",\"dateModified\":\"2024-04-07T02:04:40+00:00\",\"mainEntityOfPage\":{\"@id\":\"https:\/\/www.gaveanews.com\/index.php\/2022\/11\/09\/mauro-cezar-pereira-ironiza-declaracao-do-lateral-rodinei-do-flamengo\/\"},\"wordCount\":285,\"commentCount\":0,\"image\":{\"@id\":\"https:\/\/www.gaveanews.com\/index.php\/2022\/11\/09\/mauro-cezar-pereira-ironiza-declaracao-do-lateral-rodinei-do-flamengo\/#primaryimage\"},\"thumbnailUrl\":\"https:\/\/www.gaveanews.com\/wp-content\/uploads\/Rodinei-em-acao-pelo-Flamengo-durante-o-jogo-contra-o-Sao-Paulo-pela-Copa-do-Brasil-de-2022.webp\",\"keywords\":[\"Mauro Cezar Pereira\"],\"articleSection\":[\"Flamengo\"],\"inLanguage\":\"pt-BR\",\"potentialAction\":[{\"@type\":\"CommentAction\",\"name\":\"Comment\",\"target\":[\"https:\/\/www.gaveanews.com\/index.php\/2022\/11\/09\/mauro-cezar-pereira-ironiza-declaracao-do-lateral-rodinei-do-flamengo\/#respond\"]}],\"copyrightYear\":\"2022\",\"copyrightHolder\":{\"@id\":\"https:\/\/www.gaveanews.com\/#organization\"}},{\"@type\":\"WebPage\",\"@id\":\"https:\/\/www.gaveanews.com\/index.php\/2022\/11\/09\/mauro-cezar-pereira-ironiza-declaracao-do-lateral-rodinei-do-flamengo\/\",\"url\":\"https:\/\/www.gaveanews.com\/index.php\/2022\/11\/09\/mauro-cezar-pereira-ironiza-declaracao-do-lateral-rodinei-do-flamengo\/\",\"name\":\"Mauro Cezar Pereira ironiza declara\u00e7\u00e3o do lateral Rodinei, do Flamengo\",\"isPartOf\":{\"@id\":\"https:\/\/www.gaveanews.com\/#website\"},\"primaryImageOfPage\":{\"@id\":\"https:\/\/www.gaveanews.com\/index.php\/2022\/11\/09\/mauro-cezar-pereira-ironiza-declaracao-do-lateral-rodinei-do-flamengo\/#primaryimage\"},\"image\":{\"@id\":\"https:\/\/www.gaveanews.com\/index.php\/2022\/11\/09\/mauro-cezar-pereira-ironiza-declaracao-do-lateral-rodinei-do-flamengo\/#primaryimage\"},\"thumbnailUrl\":\"https:\/\/www.gaveanews.com\/wp-content\/uploads\/Rodinei-em-acao-pelo-Flamengo-durante-o-jogo-contra-o-Sao-Paulo-pela-Copa-do-Brasil-de-2022.webp\",\"datePublished\":\"2022-11-09T22:00:23+00:00\",\"dateModified\":\"2024-04-07T02:04:40+00:00\",\"author\":{\"@id\":\"https:\/\/www.gaveanews.com\/#\/schema\/person\/2ec14f73fb96be2caf28f91afb14749d\"},\"breadcrumb\":{\"@id\":\"https:\/\/www.gaveanews.com\/index.php\/2022\/11\/09\/mauro-cezar-pereira-ironiza-declaracao-do-lateral-rodinei-do-flamengo\/#breadcrumb\"},\"inLanguage\":\"pt-BR\",\"potentialAction\":[{\"@type\":\"ReadAction\",\"target\":[\"https:\/\/www.gaveanews.com\/index.php\/2022\/11\/09\/mauro-cezar-pereira-ironiza-declaracao-do-lateral-rodinei-do-flamengo\/\"]}]},{\"@type\":\"ImageObject\",\"inLanguage\":\"pt-BR\",\"@id\":\"https:\/\/www.gaveanews.com\/index.php\/2022\/11\/09\/mauro-cezar-pereira-ironiza-declaracao-do-lateral-rodinei-do-flamengo\/#primaryimage\",\"url\":\"https:\/\/www.gaveanews.com\/wp-content\/uploads\/Rodinei-em-acao-pelo-Flamengo-durante-o-jogo-contra-o-Sao-Paulo-pela-Copa-do-Brasil-de-2022.webp\",\"contentUrl\":\"https:\/\/www.gaveanews.com\/wp-content\/uploads\/Rodinei-em-acao-pelo-Flamengo-durante-o-jogo-contra-o-Sao-Paulo-pela-Copa-do-Brasil-de-2022.webp\",\"width\":799,\"height\":533,\"caption\":\"Rodinei em a\u00e7\u00e3o pelo Flamengo durante o jogo contra o S\u00e3o Paulo pela Copa do Brasil de 2022 (Foto: Reprodu\u00e7\u00e3o\/Flamengo)\"},{\"@type\":\"BreadcrumbList\",\"@id\":\"https:\/\/www.gaveanews.com\/index.php\/2022\/11\/09\/mauro-cezar-pereira-ironiza-declaracao-do-lateral-rodinei-do-flamengo\/#breadcrumb\",\"itemListElement\":[{\"@type\":\"ListItem\",\"position\":1,\"name\":\"Home\",\"item\":\"https:\/\/www.gaveanews.com\/\"},{\"@type\":\"ListItem\",\"position\":2,\"name\":\"Mauro Cezar Pereira ironiza declara\u00e7\u00e3o do lateral Rodinei, do Flamengo\"}]},{\"@type\":\"WebSite\",\"@id\":\"https:\/\/www.gaveanews.com\/#website\",\"url\":\"https:\/\/www.gaveanews.com\/\",\"name\":\"G\u00e1vea News\",\"description\":\"Veja todas as not\u00edcias sobre o Flamengo: Contrata\u00e7\u00f5es, categorias de base, resultados das partidas, tabela de classifica\u00e7\u00e3o, pr\u00f3ximos jogos!\",\"potentialAction\":[{\"@type\":\"SearchAction\",\"target\":{\"@type\":\"EntryPoint\",\"urlTemplate\":\"https:\/\/www.gaveanews.com\/?s={search_term_string}\"},\"query-input\":{\"@type\":\"PropertyValueSpecification\",\"valueRequired\":true,\"valueName\":\"search_term_string\"}}],\"inLanguage\":\"pt-BR\"},{\"@type\":\"Person\",\"@id\":\"https:\/\/www.gaveanews.com\/#\/schema\/person\/2ec14f73fb96be2caf28f91afb14749d\",\"name\":\"Equipe G\u00e1vea News\",\"image\":{\"@type\":\"ImageObject\",\"inLanguage\":\"pt-BR\",\"@id\":\"https:\/\/www.gaveanews.com\/#\/schema\/person\/image\/\",\"url\":\"https:\/\/secure.gravatar.com\/avatar\/1e1956f1facbffd3f8fa53a326721950116b3b9dc9bd44939c01180fd4a745a9?s=96&d=mm&r=g\",\"contentUrl\":\"https:\/\/secure.gravatar.com\/avatar\/1e1956f1facbffd3f8fa53a326721950116b3b9dc9bd44939c01180fd4a745a9?s=96&d=mm&r=g\",\"caption\":\"Equipe G\u00e1vea News\"}}]}<\/script>\n<!-- \/ Yoast SEO Premium plugin. -->","yoast_head_json":{"title":"Mauro Cezar Pereira ironiza declara\u00e7\u00e3o do lateral Rodinei, do Flamengo","robots":{"index":"index","follow":"follow","max-snippet":"max-snippet:-1","max-image-preview":"max-image-preview:large","max-video-preview":"max-video-preview:-1"},"canonical":"https:\/\/www.gaveanews.com\/index.php\/2022\/11\/09\/mauro-cezar-pereira-ironiza-declaracao-do-lateral-rodinei-do-flamengo\/","og_locale":"pt_BR","og_type":"article","og_title":"Mauro Cezar Pereira ironiza declara\u00e7\u00e3o do lateral Rodinei, do Flamengo","og_description":"Campe\u00e3o da Copa do Brasil e Libertadores neste ano com o Flamengo, Rodinei deu entrevista ao Globo Esporte, onde assumiu ter problemas na marca\u00e7\u00e3o. O jogador afirmou que, se fosse melhor defensivamente, jogaria no Bayern de Munique ou Real Madrid. O jornalista Mauro Cezar ironizou a declara\u00e7\u00e3o do atleta, durante programa da &#8216;Jovem Pan&#8217;. \u2014 [&hellip;]","og_url":"https:\/\/www.gaveanews.com\/index.php\/2022\/11\/09\/mauro-cezar-pereira-ironiza-declaracao-do-lateral-rodinei-do-flamengo\/","og_site_name":"G\u00e1vea News","article_publisher":"https:\/\/facebook.com\/gaveaNews\/","article_published_time":"2022-11-09T22:00:23+00:00","article_modified_time":"2024-04-07T02:04:40+00:00","og_image":[{"width":799,"height":533,"url":"https:\/\/www.gaveanews.com\/wp-content\/uploads\/Rodinei-em-acao-pelo-Flamengo-durante-o-jogo-contra-o-Sao-Paulo-pela-Copa-do-Brasil-de-2022.webp","type":"image\/jpeg"}],"author":"Equipe G\u00e1vea News","twitter_card":"summary_large_image","twitter_misc":{"Escrito por":"Equipe G\u00e1vea News","Est. tempo de leitura":"2 minutos"},"schema":{"@context":"https:\/\/schema.org","@graph":[{"@type":"NewsArticle","@id":"https:\/\/www.gaveanews.com\/index.php\/2022\/11\/09\/mauro-cezar-pereira-ironiza-declaracao-do-lateral-rodinei-do-flamengo\/#article","isPartOf":{"@id":"https:\/\/www.gaveanews.com\/index.php\/2022\/11\/09\/mauro-cezar-pereira-ironiza-declaracao-do-lateral-rodinei-do-flamengo\/"},"author":{"name":"Equipe G\u00e1vea News","@id":"https:\/\/www.gaveanews.com\/#\/schema\/person\/2ec14f73fb96be2caf28f91afb14749d"},"headline":"Mauro Cezar Pereira ironiza declara\u00e7\u00e3o do lateral Rodinei, do Flamengo","datePublished":"2022-11-09T22:00:23+00:00","dateModified":"2024-04-07T02:04:40+00:00","mainEntityOfPage":{"@id":"https:\/\/www.gaveanews.com\/index.php\/2022\/11\/09\/mauro-cezar-pereira-ironiza-declaracao-do-lateral-rodinei-do-flamengo\/"},"wordCount":285,"commentCount":0,"image":{"@id":"https:\/\/www.gaveanews.com\/index.php\/2022\/11\/09\/mauro-cezar-pereira-ironiza-declaracao-do-lateral-rodinei-do-flamengo\/#primaryimage"},"thumbnailUrl":"https:\/\/www.gaveanews.com\/wp-content\/uploads\/Rodinei-em-acao-pelo-Flamengo-durante-o-jogo-contra-o-Sao-Paulo-pela-Copa-do-Brasil-de-2022.webp","keywords":["Mauro Cezar Pereira"],"articleSection":["Flamengo"],"inLanguage":"pt-BR","potentialAction":[{"@type":"CommentAction","name":"Comment","target":["https:\/\/www.gaveanews.com\/index.php\/2022\/11\/09\/mauro-cezar-pereira-ironiza-declaracao-do-lateral-rodinei-do-flamengo\/#respond"]}],"copyrightYear":"2022","copyrightHolder":{"@id":"https:\/\/www.gaveanews.com\/#organization"}},{"@type":"WebPage","@id":"https:\/\/www.gaveanews.com\/index.php\/2022\/11\/09\/mauro-cezar-pereira-ironiza-declaracao-do-lateral-rodinei-do-flamengo\/","url":"https:\/\/www.gaveanews.com\/index.php\/2022\/11\/09\/mauro-cezar-pereira-ironiza-declaracao-do-lateral-rodinei-do-flamengo\/","name":"Mauro Cezar Pereira ironiza declara\u00e7\u00e3o do lateral Rodinei, do Flamengo","isPartOf":{"@id":"https:\/\/www.gaveanews.com\/#website"},"primaryImageOfPage":{"@id":"https:\/\/www.gaveanews.com\/index.php\/2022\/11\/09\/mauro-cezar-pereira-ironiza-declaracao-do-lateral-rodinei-do-flamengo\/#primaryimage"},"image":{"@id":"https:\/\/www.gaveanews.com\/index.php\/2022\/11\/09\/mauro-cezar-pereira-ironiza-declaracao-do-lateral-rodinei-do-flamengo\/#primaryimage"},"thumbnailUrl":"https:\/\/www.gaveanews.com\/wp-content\/uploads\/Rodinei-em-acao-pelo-Flamengo-durante-o-jogo-contra-o-Sao-Paulo-pela-Copa-do-Brasil-de-2022.webp","datePublished":"2022-11-09T22:00:23+00:00","dateModified":"2024-04-07T02:04:40+00:00","author":{"@id":"https:\/\/www.gaveanews.com\/#\/schema\/person\/2ec14f73fb96be2caf28f91afb14749d"},"breadcrumb":{"@id":"https:\/\/www.gaveanews.com\/index.php\/2022\/11\/09\/mauro-cezar-pereira-ironiza-declaracao-do-lateral-rodinei-do-flamengo\/#breadcrumb"},"inLanguage":"pt-BR","potentialAction":[{"@type":"ReadAction","target":["https:\/\/www.gaveanews.com\/index.php\/2022\/11\/09\/mauro-cezar-pereira-ironiza-declaracao-do-lateral-rodinei-do-flamengo\/"]}]},{"@type":"ImageObject","inLanguage":"pt-BR","@id":"https:\/\/www.gaveanews.com\/index.php\/2022\/11\/09\/mauro-cezar-pereira-ironiza-declaracao-do-lateral-rodinei-do-flamengo\/#primaryimage","url":"https:\/\/www.gaveanews.com\/wp-content\/uploads\/Rodinei-em-acao-pelo-Flamengo-durante-o-jogo-contra-o-Sao-Paulo-pela-Copa-do-Brasil-de-2022.webp","contentUrl":"https:\/\/www.gaveanews.com\/wp-content\/uploads\/Rodinei-em-acao-pelo-Flamengo-durante-o-jogo-contra-o-Sao-Paulo-pela-Copa-do-Brasil-de-2022.webp","width":799,"height":533,"caption":"Rodinei em a\u00e7\u00e3o pelo Flamengo durante o jogo contra o S\u00e3o Paulo pela Copa do Brasil de 2022 (Foto: Reprodu\u00e7\u00e3o\/Flamengo)"},{"@type":"BreadcrumbList","@id":"https:\/\/www.gaveanews.com\/index.php\/2022\/11\/09\/mauro-cezar-pereira-ironiza-declaracao-do-lateral-rodinei-do-flamengo\/#breadcrumb","itemListElement":[{"@type":"ListItem","position":1,"name":"Home","item":"https:\/\/www.gaveanews.com\/"},{"@type":"ListItem","position":2,"name":"Mauro Cezar Pereira ironiza declara\u00e7\u00e3o do lateral Rodinei, do Flamengo"}]},{"@type":"WebSite","@id":"https:\/\/www.gaveanews.com\/#website","url":"https:\/\/www.gaveanews.com\/","name":"G\u00e1vea News","description":"Veja todas as not\u00edcias sobre o Flamengo: Contrata\u00e7\u00f5es, categorias de base, resultados das partidas, tabela de classifica\u00e7\u00e3o, pr\u00f3ximos jogos!","potentialAction":[{"@type":"SearchAction","target":{"@type":"EntryPoint","urlTemplate":"https:\/\/www.gaveanews.com\/?s={search_term_string}"},"query-input":{"@type":"PropertyValueSpecification","valueRequired":true,"valueName":"search_term_string"}}],"inLanguage":"pt-BR"},{"@type":"Person","@id":"https:\/\/www.gaveanews.com\/#\/schema\/person\/2ec14f73fb96be2caf28f91afb14749d","name":"Equipe G\u00e1vea News","image":{"@type":"ImageObject","inLanguage":"pt-BR","@id":"https:\/\/www.gaveanews.com\/#\/schema\/person\/image\/","url":"https:\/\/secure.gravatar.com\/avatar\/1e1956f1facbffd3f8fa53a326721950116b3b9dc9bd44939c01180fd4a745a9?s=96&d=mm&r=g","contentUrl":"https:\/\/secure.gravatar.com\/avatar\/1e1956f1facbffd3f8fa53a326721950116b3b9dc9bd44939c01180fd4a745a9?s=96&d=mm&r=g","caption":"Equipe G\u00e1vea News"}}]}},"_links":{"self":[{"href":"https:\/\/www.gaveanews.com\/index.php\/wp-json\/wp\/v2\/posts\/90429","targetHints":{"allow":["GET"]}}],"collection":[{"href":"https:\/\/www.gaveanews.com\/index.php\/wp-json\/wp\/v2\/posts"}],"about":[{"href":"https:\/\/www.gaveanews.com\/index.php\/wp-json\/wp\/v2\/types\/post"}],"author":[{"embeddable":true,"href":"https:\/\/www.gaveanews.com\/index.php\/wp-json\/wp\/v2\/users\/1"}],"replies":[{"embeddable":true,"href":"https:\/\/www.gaveanews.com\/index.php\/wp-json\/wp\/v2\/comments?post=90429"}],"version-history":[{"count":1,"href":"https:\/\/www.gaveanews.com\/index.php\/wp-json\/wp\/v2\/posts\/90429\/revisions"}],"predecessor-version":[{"id":134562,"href":"https:\/\/www.gaveanews.com\/index.php\/wp-json\/wp\/v2\/posts\/90429\/revisions\/134562"}],"wp:featuredmedia":[{"embeddable":true,"href":"https:\/\/www.gaveanews.com\/index.php\/wp-json\/wp\/v2\/media\/87389"}],"wp:attachment":[{"href":"https:\/\/www.gaveanews.com\/index.php\/wp-json\/wp\/v2\/media?parent=90429"}],"wp:term":[{"taxonomy":"category","embeddable":true,"href":"https:\/\/www.gaveanews.com\/index.php\/wp-json\/wp\/v2\/categories?post=90429"},{"taxonomy":"post_tag","embeddable":true,"href":"https:\/\/www.gaveanews.com\/index.php\/wp-json\/wp\/v2\/tags?post=90429"}],"curies":[{"name":"wp","href":"https:\/\/api.w.org\/{rel}","templated":true}]}}