{"id":90463,"date":"2022-11-10T05:52:23","date_gmt":"2022-11-10T08:52:23","guid":{"rendered":"https:\/\/www.gaveanews.com\/?p=90463"},"modified":"2022-11-10T05:52:27","modified_gmt":"2022-11-10T08:52:27","slug":"negociacao-trava-e-flamengo-pode-ter-que-alterar-seu-planejamento","status":"publish","type":"post","link":"https:\/\/www.gaveanews.com\/index.php\/2022\/11\/10\/negociacao-trava-e-flamengo-pode-ter-que-alterar-seu-planejamento\/","title":{"rendered":"Negocia\u00e7\u00e3o trava e Flamengo pode ter que alterar seu planejamento"},"content":{"rendered":"\n<p>O Flamengo quer ficar com Ayrton Lucas e o lateral-esquerdo deseja permanecer, mas a negocia\u00e7\u00e3o \u00e9 considerada dif\u00edcil. Seu contrato de empr\u00e9stimo se encerra ao fim desta temporada e o Spartak Moscou (RUS), detentor de seus direitos, faz jogo duro para vend\u00ea-lo ao Rubro-Negro.<\/p>\n\n\n\n<p>O pre\u00e7o estipulado \u00e9 de 9 milh\u00f5es de euros (cerca de R$ 46,5 milh\u00f5es) e os russos recha\u00e7am um novo empr\u00e9stimo. A diretoria do Fla considera o valor alto e negocia a forma de pagamento, tentando reduzir esta quantia. Ela tamb\u00e9m conta com a vontade do jogador para sensibilizar os dirigentes do Spartak.<\/p>\n\n\n\n<p>No v\u00ednculo atual do lateral havia um dispositivo de compra autom\u00e1tica caso ele atuasse por 45 minutos em pelo menos 65% dos jogos na temporada, mas esta meta n\u00e3o ser\u00e1 cumprida mesmo que atue durante toda a partida contra o Ava\u00ed neste s\u00e1bado (12).<\/p>\n\n\n\n<figure class=\"wp-block-image size-full\"><img loading=\"lazy\" decoding=\"async\" width=\"799\" height=\"533\" src=\"https:\/\/www.gaveanews.com\/wp-content\/uploads\/Ayrton-Lucas-estreia-pelo-Flamengo-em-jogo-contra-o-Altos-pela-Copa-do-Brasil.webp\" alt=\"\" class=\"wp-image-80980\" srcset=\"https:\/\/www.gaveanews.com\/wp-content\/uploads\/Ayrton-Lucas-estreia-pelo-Flamengo-em-jogo-contra-o-Altos-pela-Copa-do-Brasil.webp 799w, https:\/\/www.gaveanews.com\/wp-content\/uploads\/Ayrton-Lucas-estreia-pelo-Flamengo-em-jogo-contra-o-Altos-pela-Copa-do-Brasil-300x200.webp 300w, https:\/\/www.gaveanews.com\/wp-content\/uploads\/Ayrton-Lucas-estreia-pelo-Flamengo-em-jogo-contra-o-Altos-pela-Copa-do-Brasil-768x512.webp 768w, https:\/\/www.gaveanews.com\/wp-content\/uploads\/Ayrton-Lucas-estreia-pelo-Flamengo-em-jogo-contra-o-Altos-pela-Copa-do-Brasil-630x420.webp 630w, https:\/\/www.gaveanews.com\/wp-content\/uploads\/Ayrton-Lucas-estreia-pelo-Flamengo-em-jogo-contra-o-Altos-pela-Copa-do-Brasil-640x427.webp 640w, https:\/\/www.gaveanews.com\/wp-content\/uploads\/Ayrton-Lucas-estreia-pelo-Flamengo-em-jogo-contra-o-Altos-pela-Copa-do-Brasil-681x454.webp 681w, https:\/\/www.gaveanews.com\/wp-content\/uploads\/Ayrton-Lucas-estreia-pelo-Flamengo-em-jogo-contra-o-Altos-pela-Copa-do-Brasil-100x67.webp 100w\" sizes=\"auto, (max-width: 799px) 100vw, 799px\" \/><figcaption class=\"wp-element-caption\">Ayrton Lucas estreia pelo Flamengo em jogo contra o Altos pela Copa do Brasil (Foto: Gilvan de Souza\/Flamengo)<\/figcaption><\/figure>\n\n\n\n<p>Apesar de ser mais t\u00edmido, Ayrton Lucas \u00e9 querido pelo elenco, que j\u00e1 manifestou em algumas oportunidades o desejo de que o jogador fique para o ano que vem. Ap\u00f3s o t\u00edtulo da Libertadores, por exemplo, ainda na zona mista do est\u00e1dio Monumental Isidro Romero Carbo, em Guayaquil (EQU), o volante Jo\u00e3o Gomes, um de seus melhores amigos no grupo, passou pelos jornalistas e deu seu recado:<\/p>\n\n\n\n<p>&#8220;Fica, Beijinho, em 2023! Eu apoio!&#8221;.<\/p>\n\n\n\n<p>&#8220;Beijinho&#8221; \u00e9 o apelido carinhoso que os companheiros de Flamengo deram a Ayrton Lucas se referindo \u00e0 tatuagem que o lateral esquerdo possui no pesco\u00e7o em formato de beijo.<\/p>\n\n\n\n<h2 class=\"wp-block-heading\" id=\"h-ayrton-lucas-cresce-na-reta-final-e-e-destaque-na-final-da-libertadores\">Ayrton Lucas cresce na reta final e \u00e9 destaque na final da Libertadores<\/h2>\n\n\n\n<p>Ayrton Lucas, de 25 anos, evoluiu ao longo da temporada e terminar\u00e1 o ano em alta. Seu \u00e1pice aconteceu na final da Libertadores, contra o Athletico-PR, quando entrou ainda no primeiro tempo substituindo o lesionado Filipe Lu\u00eds e foi um dos principais destaques da vit\u00f3ria por 1 a 0 que deu o tricampeonato ao Flamengo, inclusive sofrendo a falta que resultou na expuls\u00e3o do zagueiro athleticano Pedro Henrique.<\/p>\n\n\n\n<p>&#8220;Eu fico feliz de conquistar o t\u00edtulo e de estar dando conta do recado, mais ainda pelo coletivo e por poder ajudar os companheiros. S\u00f3 agradecer a Deus&#8221;, disse logo ap\u00f3s a partida em Guayaquil.<\/p>\n\n\n\n<h2 class=\"wp-block-heading\">Fla encaminha renova\u00e7\u00e3o com Filipe Lu\u00eds<\/h2>\n\n\n\n<p>Filipe Luis est\u00e1 em negocia\u00e7\u00e3o avan\u00e7ada para renovar seu contrato com o Flamengo<br>Ainda sem ter a garantia de que ter\u00e1 Ayrton Lucas na pr\u00f3xima temporada, o Flamengo avan\u00e7ou paralelamente na negocia\u00e7\u00e3o mais f\u00e1cil para o setor: a renova\u00e7\u00e3o com Filipe Lu\u00eds, que ter\u00e1 seu atual contrato encerrado ao fim do ano.<\/p>\n\n\n\n<p>O jogador manifestou o interesse em continuar e aceitou reduzir seu sal\u00e1rio para permanecer. A negocia\u00e7\u00e3o est\u00e1 em est\u00e1gio adiantado e a tend\u00eancia \u00e9 a de que um novo v\u00ednculo aconte\u00e7a e seja anunciado em breve.<\/p>\n\n\n\n<p>Com um vasto curr\u00edculo, Filipe Lu\u00eds foi uma esp\u00e9cie de mentor de Ayrton Lucas no Flamengo e lhe deu muitos conselhos, segundo o jovem.<\/p>\n\n\n\n<p>&#8220;\u00c9 uma rela\u00e7\u00e3o muito boa que procuro aprender todos os dias. Lembro muito bem do meu come\u00e7o no Flamengo. Teve um dia que falei pra ele o que precisava fazer para melhorar, e ele falou pra eu pensar mais em mim, ir para cima e ter mais confian\u00e7a. \u00c9 um cara que tenho uma amizade muito forte, procuro aprender muito com ele, pois s\u00f3 tenho a crescer com isso&#8221;, disse Ayrton depois do t\u00edtulo da Libertadores.<\/p>\n\n\n\n<p>Caso o Flamengo n\u00e3o consiga comprar Ayrton Lucas, a diretoria ir\u00e1 ao mercado se refor\u00e7ar para a posi\u00e7\u00e3o.<\/p>\n\n\n\n<p>Retirado de: UOL<\/p>\n","protected":false},"excerpt":{"rendered":"<p>O Flamengo quer ficar com Ayrton Lucas e o lateral-esquerdo deseja permanecer, mas a negocia\u00e7\u00e3o \u00e9 considerada dif\u00edcil. Seu contrato de empr\u00e9stimo se encerra ao fim desta temporada e o Spartak Moscou (RUS), detentor de seus direitos, faz jogo duro para vend\u00ea-lo ao Rubro-Negro. O pre\u00e7o estipulado \u00e9 de 9 milh\u00f5es de euros (cerca de [&hellip;]<\/p>\n","protected":false},"author":1,"featured_media":46957,"comment_status":"open","ping_status":"closed","sticky":false,"template":"","format":"standard","meta":{"footnotes":""},"categories":[48],"tags":[],"class_list":["post-90463","post","type-post","status-publish","format-standard","has-post-thumbnail","hentry","category-negociacoes"],"yoast_head":"<!-- This site is optimized with the Yoast SEO Premium plugin v24.2 (Yoast SEO v26.9) - https:\/\/yoast.com\/product\/yoast-seo-premium-wordpress\/ -->\n<title>Negocia\u00e7\u00e3o trava e Flamengo pode ter que alterar seu planejamento<\/title>\n<meta name=\"description\" content=\"O Flamengo ainda tem mais um jogo para disputar pelo Brasileir\u00e3o, mas a diretoria j\u00e1 virou a p\u00e1gina para a pr\u00f3xima temporada.\" \/>\n<meta name=\"robots\" content=\"index, follow, max-snippet:-1, max-image-preview:large, max-video-preview:-1\" \/>\n<link rel=\"canonical\" href=\"https:\/\/www.gaveanews.com\/index.php\/2022\/11\/10\/negociacao-trava-e-flamengo-pode-ter-que-alterar-seu-planejamento\/\" \/>\n<meta property=\"og:locale\" content=\"pt_BR\" \/>\n<meta property=\"og:type\" content=\"article\" \/>\n<meta property=\"og:title\" content=\"Negocia\u00e7\u00e3o trava e Flamengo pode ter que alterar seu planejamento\" \/>\n<meta property=\"og:description\" content=\"O Flamengo ainda tem mais um jogo para disputar pelo Brasileir\u00e3o, mas a diretoria j\u00e1 virou a p\u00e1gina para a pr\u00f3xima temporada.\" \/>\n<meta property=\"og:url\" content=\"https:\/\/www.gaveanews.com\/index.php\/2022\/11\/10\/negociacao-trava-e-flamengo-pode-ter-que-alterar-seu-planejamento\/\" \/>\n<meta property=\"og:site_name\" content=\"G\u00e1vea News\" \/>\n<meta property=\"article:publisher\" content=\"https:\/\/facebook.com\/gaveaNews\/\" \/>\n<meta property=\"article:published_time\" content=\"2022-11-10T08:52:23+00:00\" \/>\n<meta property=\"article:modified_time\" content=\"2022-11-10T08:52:27+00:00\" \/>\n<meta property=\"og:image\" content=\"https:\/\/www.gaveanews.com\/wp-content\/uploads\/Marcos-Braz-no-gramado-do-Maracana.webp\" \/>\n\t<meta property=\"og:image:width\" content=\"799\" \/>\n\t<meta property=\"og:image:height\" content=\"532\" \/>\n\t<meta property=\"og:image:type\" content=\"image\/jpeg\" \/>\n<meta name=\"author\" content=\"Equipe G\u00e1vea News\" \/>\n<meta name=\"twitter:card\" content=\"summary_large_image\" \/>\n<meta name=\"twitter:label1\" content=\"Escrito por\" \/>\n\t<meta name=\"twitter:data1\" content=\"Equipe G\u00e1vea News\" \/>\n\t<meta name=\"twitter:label2\" content=\"Est. tempo de leitura\" \/>\n\t<meta name=\"twitter:data2\" content=\"4 minutos\" \/>\n<script type=\"application\/ld+json\" class=\"yoast-schema-graph\">{\"@context\":\"https:\/\/schema.org\",\"@graph\":[{\"@type\":\"NewsArticle\",\"@id\":\"https:\/\/www.gaveanews.com\/index.php\/2022\/11\/10\/negociacao-trava-e-flamengo-pode-ter-que-alterar-seu-planejamento\/#article\",\"isPartOf\":{\"@id\":\"https:\/\/www.gaveanews.com\/index.php\/2022\/11\/10\/negociacao-trava-e-flamengo-pode-ter-que-alterar-seu-planejamento\/\"},\"author\":{\"name\":\"Equipe G\u00e1vea News\",\"@id\":\"https:\/\/www.gaveanews.com\/#\/schema\/person\/2ec14f73fb96be2caf28f91afb14749d\"},\"headline\":\"Negocia\u00e7\u00e3o trava e Flamengo pode ter que alterar seu planejamento\",\"datePublished\":\"2022-11-10T08:52:23+00:00\",\"dateModified\":\"2022-11-10T08:52:27+00:00\",\"mainEntityOfPage\":{\"@id\":\"https:\/\/www.gaveanews.com\/index.php\/2022\/11\/10\/negociacao-trava-e-flamengo-pode-ter-que-alterar-seu-planejamento\/\"},\"wordCount\":636,\"commentCount\":0,\"image\":{\"@id\":\"https:\/\/www.gaveanews.com\/index.php\/2022\/11\/10\/negociacao-trava-e-flamengo-pode-ter-que-alterar-seu-planejamento\/#primaryimage\"},\"thumbnailUrl\":\"https:\/\/www.gaveanews.com\/wp-content\/uploads\/Marcos-Braz-no-gramado-do-Maracana.webp\",\"articleSection\":[\"Negocia\u00e7\u00f5es\"],\"inLanguage\":\"pt-BR\",\"potentialAction\":[{\"@type\":\"CommentAction\",\"name\":\"Comment\",\"target\":[\"https:\/\/www.gaveanews.com\/index.php\/2022\/11\/10\/negociacao-trava-e-flamengo-pode-ter-que-alterar-seu-planejamento\/#respond\"]}],\"copyrightYear\":\"2022\",\"copyrightHolder\":{\"@id\":\"https:\/\/www.gaveanews.com\/#organization\"}},{\"@type\":\"WebPage\",\"@id\":\"https:\/\/www.gaveanews.com\/index.php\/2022\/11\/10\/negociacao-trava-e-flamengo-pode-ter-que-alterar-seu-planejamento\/\",\"url\":\"https:\/\/www.gaveanews.com\/index.php\/2022\/11\/10\/negociacao-trava-e-flamengo-pode-ter-que-alterar-seu-planejamento\/\",\"name\":\"Negocia\u00e7\u00e3o trava e Flamengo pode ter que alterar seu planejamento\",\"isPartOf\":{\"@id\":\"https:\/\/www.gaveanews.com\/#website\"},\"primaryImageOfPage\":{\"@id\":\"https:\/\/www.gaveanews.com\/index.php\/2022\/11\/10\/negociacao-trava-e-flamengo-pode-ter-que-alterar-seu-planejamento\/#primaryimage\"},\"image\":{\"@id\":\"https:\/\/www.gaveanews.com\/index.php\/2022\/11\/10\/negociacao-trava-e-flamengo-pode-ter-que-alterar-seu-planejamento\/#primaryimage\"},\"thumbnailUrl\":\"https:\/\/www.gaveanews.com\/wp-content\/uploads\/Marcos-Braz-no-gramado-do-Maracana.webp\",\"datePublished\":\"2022-11-10T08:52:23+00:00\",\"dateModified\":\"2022-11-10T08:52:27+00:00\",\"author\":{\"@id\":\"https:\/\/www.gaveanews.com\/#\/schema\/person\/2ec14f73fb96be2caf28f91afb14749d\"},\"description\":\"O Flamengo ainda tem mais um jogo para disputar pelo Brasileir\u00e3o, mas a diretoria j\u00e1 virou a p\u00e1gina para a pr\u00f3xima temporada.\",\"breadcrumb\":{\"@id\":\"https:\/\/www.gaveanews.com\/index.php\/2022\/11\/10\/negociacao-trava-e-flamengo-pode-ter-que-alterar-seu-planejamento\/#breadcrumb\"},\"inLanguage\":\"pt-BR\",\"potentialAction\":[{\"@type\":\"ReadAction\",\"target\":[\"https:\/\/www.gaveanews.com\/index.php\/2022\/11\/10\/negociacao-trava-e-flamengo-pode-ter-que-alterar-seu-planejamento\/\"]}]},{\"@type\":\"ImageObject\",\"inLanguage\":\"pt-BR\",\"@id\":\"https:\/\/www.gaveanews.com\/index.php\/2022\/11\/10\/negociacao-trava-e-flamengo-pode-ter-que-alterar-seu-planejamento\/#primaryimage\",\"url\":\"https:\/\/www.gaveanews.com\/wp-content\/uploads\/Marcos-Braz-no-gramado-do-Maracana.webp\",\"contentUrl\":\"https:\/\/www.gaveanews.com\/wp-content\/uploads\/Marcos-Braz-no-gramado-do-Maracana.webp\",\"width\":799,\"height\":532,\"caption\":\"Marcos Braz no gramado do Maracan\u00e3 (Foto: Alexandre Vidal\/Flamengo)\"},{\"@type\":\"BreadcrumbList\",\"@id\":\"https:\/\/www.gaveanews.com\/index.php\/2022\/11\/10\/negociacao-trava-e-flamengo-pode-ter-que-alterar-seu-planejamento\/#breadcrumb\",\"itemListElement\":[{\"@type\":\"ListItem\",\"position\":1,\"name\":\"Home\",\"item\":\"https:\/\/www.gaveanews.com\/\"},{\"@type\":\"ListItem\",\"position\":2,\"name\":\"Negocia\u00e7\u00e3o trava e Flamengo pode ter que alterar seu planejamento\"}]},{\"@type\":\"WebSite\",\"@id\":\"https:\/\/www.gaveanews.com\/#website\",\"url\":\"https:\/\/www.gaveanews.com\/\",\"name\":\"G\u00e1vea News\",\"description\":\"Veja todas as not\u00edcias sobre o Flamengo: Contrata\u00e7\u00f5es, categorias de base, resultados das partidas, tabela de classifica\u00e7\u00e3o, pr\u00f3ximos jogos!\",\"potentialAction\":[{\"@type\":\"SearchAction\",\"target\":{\"@type\":\"EntryPoint\",\"urlTemplate\":\"https:\/\/www.gaveanews.com\/?s={search_term_string}\"},\"query-input\":{\"@type\":\"PropertyValueSpecification\",\"valueRequired\":true,\"valueName\":\"search_term_string\"}}],\"inLanguage\":\"pt-BR\"},{\"@type\":\"Person\",\"@id\":\"https:\/\/www.gaveanews.com\/#\/schema\/person\/2ec14f73fb96be2caf28f91afb14749d\",\"name\":\"Equipe G\u00e1vea News\",\"image\":{\"@type\":\"ImageObject\",\"inLanguage\":\"pt-BR\",\"@id\":\"https:\/\/www.gaveanews.com\/#\/schema\/person\/image\/\",\"url\":\"https:\/\/secure.gravatar.com\/avatar\/1e1956f1facbffd3f8fa53a326721950116b3b9dc9bd44939c01180fd4a745a9?s=96&d=mm&r=g\",\"contentUrl\":\"https:\/\/secure.gravatar.com\/avatar\/1e1956f1facbffd3f8fa53a326721950116b3b9dc9bd44939c01180fd4a745a9?s=96&d=mm&r=g\",\"caption\":\"Equipe G\u00e1vea News\"}}]}<\/script>\n<!-- \/ Yoast SEO Premium plugin. -->","yoast_head_json":{"title":"Negocia\u00e7\u00e3o trava e Flamengo pode ter que alterar seu planejamento","description":"O Flamengo ainda tem mais um jogo para disputar pelo Brasileir\u00e3o, mas a diretoria j\u00e1 virou a p\u00e1gina para a pr\u00f3xima temporada.","robots":{"index":"index","follow":"follow","max-snippet":"max-snippet:-1","max-image-preview":"max-image-preview:large","max-video-preview":"max-video-preview:-1"},"canonical":"https:\/\/www.gaveanews.com\/index.php\/2022\/11\/10\/negociacao-trava-e-flamengo-pode-ter-que-alterar-seu-planejamento\/","og_locale":"pt_BR","og_type":"article","og_title":"Negocia\u00e7\u00e3o trava e Flamengo pode ter que alterar seu planejamento","og_description":"O Flamengo ainda tem mais um jogo para disputar pelo Brasileir\u00e3o, mas a diretoria j\u00e1 virou a p\u00e1gina para a pr\u00f3xima temporada.","og_url":"https:\/\/www.gaveanews.com\/index.php\/2022\/11\/10\/negociacao-trava-e-flamengo-pode-ter-que-alterar-seu-planejamento\/","og_site_name":"G\u00e1vea News","article_publisher":"https:\/\/facebook.com\/gaveaNews\/","article_published_time":"2022-11-10T08:52:23+00:00","article_modified_time":"2022-11-10T08:52:27+00:00","og_image":[{"width":799,"height":532,"url":"https:\/\/www.gaveanews.com\/wp-content\/uploads\/Marcos-Braz-no-gramado-do-Maracana.webp","type":"image\/jpeg"}],"author":"Equipe G\u00e1vea News","twitter_card":"summary_large_image","twitter_misc":{"Escrito por":"Equipe G\u00e1vea News","Est. tempo de leitura":"4 minutos"},"schema":{"@context":"https:\/\/schema.org","@graph":[{"@type":"NewsArticle","@id":"https:\/\/www.gaveanews.com\/index.php\/2022\/11\/10\/negociacao-trava-e-flamengo-pode-ter-que-alterar-seu-planejamento\/#article","isPartOf":{"@id":"https:\/\/www.gaveanews.com\/index.php\/2022\/11\/10\/negociacao-trava-e-flamengo-pode-ter-que-alterar-seu-planejamento\/"},"author":{"name":"Equipe G\u00e1vea News","@id":"https:\/\/www.gaveanews.com\/#\/schema\/person\/2ec14f73fb96be2caf28f91afb14749d"},"headline":"Negocia\u00e7\u00e3o trava e Flamengo pode ter que alterar seu planejamento","datePublished":"2022-11-10T08:52:23+00:00","dateModified":"2022-11-10T08:52:27+00:00","mainEntityOfPage":{"@id":"https:\/\/www.gaveanews.com\/index.php\/2022\/11\/10\/negociacao-trava-e-flamengo-pode-ter-que-alterar-seu-planejamento\/"},"wordCount":636,"commentCount":0,"image":{"@id":"https:\/\/www.gaveanews.com\/index.php\/2022\/11\/10\/negociacao-trava-e-flamengo-pode-ter-que-alterar-seu-planejamento\/#primaryimage"},"thumbnailUrl":"https:\/\/www.gaveanews.com\/wp-content\/uploads\/Marcos-Braz-no-gramado-do-Maracana.webp","articleSection":["Negocia\u00e7\u00f5es"],"inLanguage":"pt-BR","potentialAction":[{"@type":"CommentAction","name":"Comment","target":["https:\/\/www.gaveanews.com\/index.php\/2022\/11\/10\/negociacao-trava-e-flamengo-pode-ter-que-alterar-seu-planejamento\/#respond"]}],"copyrightYear":"2022","copyrightHolder":{"@id":"https:\/\/www.gaveanews.com\/#organization"}},{"@type":"WebPage","@id":"https:\/\/www.gaveanews.com\/index.php\/2022\/11\/10\/negociacao-trava-e-flamengo-pode-ter-que-alterar-seu-planejamento\/","url":"https:\/\/www.gaveanews.com\/index.php\/2022\/11\/10\/negociacao-trava-e-flamengo-pode-ter-que-alterar-seu-planejamento\/","name":"Negocia\u00e7\u00e3o trava e Flamengo pode ter que alterar seu planejamento","isPartOf":{"@id":"https:\/\/www.gaveanews.com\/#website"},"primaryImageOfPage":{"@id":"https:\/\/www.gaveanews.com\/index.php\/2022\/11\/10\/negociacao-trava-e-flamengo-pode-ter-que-alterar-seu-planejamento\/#primaryimage"},"image":{"@id":"https:\/\/www.gaveanews.com\/index.php\/2022\/11\/10\/negociacao-trava-e-flamengo-pode-ter-que-alterar-seu-planejamento\/#primaryimage"},"thumbnailUrl":"https:\/\/www.gaveanews.com\/wp-content\/uploads\/Marcos-Braz-no-gramado-do-Maracana.webp","datePublished":"2022-11-10T08:52:23+00:00","dateModified":"2022-11-10T08:52:27+00:00","author":{"@id":"https:\/\/www.gaveanews.com\/#\/schema\/person\/2ec14f73fb96be2caf28f91afb14749d"},"description":"O Flamengo ainda tem mais um jogo para disputar pelo Brasileir\u00e3o, mas a diretoria j\u00e1 virou a p\u00e1gina para a pr\u00f3xima temporada.","breadcrumb":{"@id":"https:\/\/www.gaveanews.com\/index.php\/2022\/11\/10\/negociacao-trava-e-flamengo-pode-ter-que-alterar-seu-planejamento\/#breadcrumb"},"inLanguage":"pt-BR","potentialAction":[{"@type":"ReadAction","target":["https:\/\/www.gaveanews.com\/index.php\/2022\/11\/10\/negociacao-trava-e-flamengo-pode-ter-que-alterar-seu-planejamento\/"]}]},{"@type":"ImageObject","inLanguage":"pt-BR","@id":"https:\/\/www.gaveanews.com\/index.php\/2022\/11\/10\/negociacao-trava-e-flamengo-pode-ter-que-alterar-seu-planejamento\/#primaryimage","url":"https:\/\/www.gaveanews.com\/wp-content\/uploads\/Marcos-Braz-no-gramado-do-Maracana.webp","contentUrl":"https:\/\/www.gaveanews.com\/wp-content\/uploads\/Marcos-Braz-no-gramado-do-Maracana.webp","width":799,"height":532,"caption":"Marcos Braz no gramado do Maracan\u00e3 (Foto: Alexandre Vidal\/Flamengo)"},{"@type":"BreadcrumbList","@id":"https:\/\/www.gaveanews.com\/index.php\/2022\/11\/10\/negociacao-trava-e-flamengo-pode-ter-que-alterar-seu-planejamento\/#breadcrumb","itemListElement":[{"@type":"ListItem","position":1,"name":"Home","item":"https:\/\/www.gaveanews.com\/"},{"@type":"ListItem","position":2,"name":"Negocia\u00e7\u00e3o trava e Flamengo pode ter que alterar seu planejamento"}]},{"@type":"WebSite","@id":"https:\/\/www.gaveanews.com\/#website","url":"https:\/\/www.gaveanews.com\/","name":"G\u00e1vea News","description":"Veja todas as not\u00edcias sobre o Flamengo: Contrata\u00e7\u00f5es, categorias de base, resultados das partidas, tabela de classifica\u00e7\u00e3o, pr\u00f3ximos jogos!","potentialAction":[{"@type":"SearchAction","target":{"@type":"EntryPoint","urlTemplate":"https:\/\/www.gaveanews.com\/?s={search_term_string}"},"query-input":{"@type":"PropertyValueSpecification","valueRequired":true,"valueName":"search_term_string"}}],"inLanguage":"pt-BR"},{"@type":"Person","@id":"https:\/\/www.gaveanews.com\/#\/schema\/person\/2ec14f73fb96be2caf28f91afb14749d","name":"Equipe G\u00e1vea News","image":{"@type":"ImageObject","inLanguage":"pt-BR","@id":"https:\/\/www.gaveanews.com\/#\/schema\/person\/image\/","url":"https:\/\/secure.gravatar.com\/avatar\/1e1956f1facbffd3f8fa53a326721950116b3b9dc9bd44939c01180fd4a745a9?s=96&d=mm&r=g","contentUrl":"https:\/\/secure.gravatar.com\/avatar\/1e1956f1facbffd3f8fa53a326721950116b3b9dc9bd44939c01180fd4a745a9?s=96&d=mm&r=g","caption":"Equipe G\u00e1vea News"}}]}},"_links":{"self":[{"href":"https:\/\/www.gaveanews.com\/index.php\/wp-json\/wp\/v2\/posts\/90463","targetHints":{"allow":["GET"]}}],"collection":[{"href":"https:\/\/www.gaveanews.com\/index.php\/wp-json\/wp\/v2\/posts"}],"about":[{"href":"https:\/\/www.gaveanews.com\/index.php\/wp-json\/wp\/v2\/types\/post"}],"author":[{"embeddable":true,"href":"https:\/\/www.gaveanews.com\/index.php\/wp-json\/wp\/v2\/users\/1"}],"replies":[{"embeddable":true,"href":"https:\/\/www.gaveanews.com\/index.php\/wp-json\/wp\/v2\/comments?post=90463"}],"version-history":[{"count":0,"href":"https:\/\/www.gaveanews.com\/index.php\/wp-json\/wp\/v2\/posts\/90463\/revisions"}],"wp:featuredmedia":[{"embeddable":true,"href":"https:\/\/www.gaveanews.com\/index.php\/wp-json\/wp\/v2\/media\/46957"}],"wp:attachment":[{"href":"https:\/\/www.gaveanews.com\/index.php\/wp-json\/wp\/v2\/media?parent=90463"}],"wp:term":[{"taxonomy":"category","embeddable":true,"href":"https:\/\/www.gaveanews.com\/index.php\/wp-json\/wp\/v2\/categories?post=90463"},{"taxonomy":"post_tag","embeddable":true,"href":"https:\/\/www.gaveanews.com\/index.php\/wp-json\/wp\/v2\/tags?post=90463"}],"curies":[{"name":"wp","href":"https:\/\/api.w.org\/{rel}","templated":true}]}}