{"id":90465,"date":"2022-11-10T08:02:56","date_gmt":"2022-11-10T11:02:56","guid":{"rendered":"https:\/\/www.gaveanews.com\/?p=90465"},"modified":"2022-11-10T08:03:00","modified_gmt":"2022-11-10T11:03:00","slug":"apesar-dos-titulos-flamengo-precisa-rever-conceito-de-profissionalismo","status":"publish","type":"post","link":"https:\/\/www.gaveanews.com\/index.php\/2022\/11\/10\/apesar-dos-titulos-flamengo-precisa-rever-conceito-de-profissionalismo\/","title":{"rendered":"Apesar dos t\u00edtulos, Flamengo precisa rever conceito de profissionalismo"},"content":{"rendered":"\n<p>O empate por 2 a 2 com o lanterna Juventude no Alfredo Jaconi n\u00e3o \u00e9 um resultado absurdo, pelo contexto das duas equipes. At\u00e9 porque o time ga\u00facho contratou Celso Roth j\u00e1 pensando na pr\u00f3xima temporada. O &#8220;luto&#8221; do rebaixamento j\u00e1 passou e o clima \u00e9 de recome\u00e7o.<\/p>\n\n\n\n<p>A quest\u00e3o que o Flamengo traz, ou deveria trazer de Caxias, \u00e9 sobre comportamento dentro de um ambiente profissional.<\/p>\n\n\n\n<p>Atletas bem remunerados e com \u00f3tima estrutura dispon\u00edvel foram divididos em dois times para reduzir o desgaste na temporada. Individualmente jogaram bem menos do que poderiam, o que n\u00e3o pode ser considerado um erro dentro do universo de 77 partidas em 2022.<br>Mas da\u00ed a muitos simplesmente anteciparem as f\u00e9rias, ou algo muito pr\u00f3ximo disso, ainda faltando rodadas a disputar pelo Brasileiro, em que a posi\u00e7\u00e3o final na tabela influencia na premia\u00e7\u00e3o pelo principal campeonato no Brasil, vai uma diferen\u00e7a grande.<\/p>\n\n\n\n<p>De cima para baixo, qual a motiva\u00e7\u00e3o dos atletas que viajaram e entraram em campo, dentro desse ambiente permissivo e pouco competitivo? De privilegiados e subalternos? Dos que jogam quando querem e aqueles que precisam se submeter?<\/p>\n\n\n\n<p>O resultado \u00e9 um time com alguma intensidade por alguns minutos do primeiro tempo, abrindo o placar com Matheuzinho, ainda antes do primeiro minuto, e depois uma acomoda\u00e7\u00e3o que permitiu a virada do pior time do campeonato.<\/p>\n\n\n\n<p>Segunda etapa nada inspirada, que mudou com as substitui\u00e7\u00f5es que colocaram a garotada em campo para lutar e conseguir o empate no final.<\/p>\n\n\n\n<p>Com o jovem Werton, que protagonizou o lapso do Flamengo guerreiro no Jaconi. Disputando, marcando o gol, vibrando e se emocionando na comemora\u00e7\u00e3o e na entrevista p\u00f3s-jogo.<\/p>\n\n\n\n<p>\u00c9 claro que um atleta mais rodado, sem esse v\u00ednculo com o clube, n\u00e3o precisa ter a mesma rea\u00e7\u00e3o juvenil. Mas da\u00ed a bater ponto com a camisa campe\u00e3 da Libertadores e da Copa do Brasil em um jogo oficial \u00e9 uma dist\u00e2ncia grande.<\/p>\n\n\n\n<p>Restar\u00e1 a quinta coloca\u00e7\u00e3o em uma campanha inconstante, desde Paulo Souza at\u00e9 esse final que gera cr\u00edticas com as quais Dorival J\u00fanior n\u00e3o precisava nem merecia conviver. Afinal, \u00e9 especialmente pelo seu trabalho que o Flamengo pode celebrar a terceira temporada mais vencedora de sua hist\u00f3ria.<\/p>\n\n\n\n<p>Mas fica a marca do paternalismo que n\u00e3o pode ocorrer em 2023. As ta\u00e7as n\u00e3o s\u00e3o aval para a pregui\u00e7a, para escolher os jogos em que v\u00e3o se dedicar de fato. Sempre ser\u00e1 o Flamengo em campo. \u00c9 conceito, n\u00e3o tem a ver com o resultado final.<\/p>\n\n\n\n<p>Por isso \u00e9 melhor rechear o elenco. Com Gerson, caso seja mesmo negociado com o Olympique, e outros que cheguem com &#8220;fome&#8221;. Para compensar a barriga cheia que pode pesar no ano que vem.<\/p>\n\n\n\n<p>Retirado de: UOL<\/p>\n","protected":false},"excerpt":{"rendered":"<p>O empate por 2 a 2 com o lanterna Juventude no Alfredo Jaconi n\u00e3o \u00e9 um resultado absurdo, pelo contexto das duas equipes. At\u00e9 porque o time ga\u00facho contratou Celso Roth j\u00e1 pensando na pr\u00f3xima temporada. O &#8220;luto&#8221; do rebaixamento j\u00e1 passou e o clima \u00e9 de recome\u00e7o. A quest\u00e3o que o Flamengo traz, ou [&hellip;]<\/p>\n","protected":false},"author":1,"featured_media":64406,"comment_status":"open","ping_status":"closed","sticky":false,"template":"","format":"standard","meta":{"footnotes":""},"categories":[1],"tags":[],"class_list":["post-90465","post","type-post","status-publish","format-standard","has-post-thumbnail","hentry","category-flamengo"],"yoast_head":"<!-- This site is optimized with the Yoast SEO Premium plugin v24.2 (Yoast SEO v26.9) - https:\/\/yoast.com\/product\/yoast-seo-premium-wordpress\/ -->\n<title>Apesar dos t\u00edtulos, Flamengo precisa rever conceito de profissionalismo<\/title>\n<meta name=\"robots\" content=\"index, follow, max-snippet:-1, max-image-preview:large, max-video-preview:-1\" \/>\n<link rel=\"canonical\" href=\"https:\/\/www.gaveanews.com\/index.php\/2022\/11\/10\/apesar-dos-titulos-flamengo-precisa-rever-conceito-de-profissionalismo\/\" \/>\n<meta property=\"og:locale\" content=\"pt_BR\" \/>\n<meta property=\"og:type\" content=\"article\" \/>\n<meta property=\"og:title\" content=\"Apesar dos t\u00edtulos, Flamengo precisa rever conceito de profissionalismo\" \/>\n<meta property=\"og:description\" content=\"O empate por 2 a 2 com o lanterna Juventude no Alfredo Jaconi n\u00e3o \u00e9 um resultado absurdo, pelo contexto das duas equipes. At\u00e9 porque o time ga\u00facho contratou Celso Roth j\u00e1 pensando na pr\u00f3xima temporada. O &#8220;luto&#8221; do rebaixamento j\u00e1 passou e o clima \u00e9 de recome\u00e7o. A quest\u00e3o que o Flamengo traz, ou [&hellip;]\" \/>\n<meta property=\"og:url\" content=\"https:\/\/www.gaveanews.com\/index.php\/2022\/11\/10\/apesar-dos-titulos-flamengo-precisa-rever-conceito-de-profissionalismo\/\" \/>\n<meta property=\"og:site_name\" content=\"G\u00e1vea News\" \/>\n<meta property=\"article:publisher\" content=\"https:\/\/facebook.com\/gaveaNews\/\" \/>\n<meta property=\"article:published_time\" content=\"2022-11-10T11:02:56+00:00\" \/>\n<meta property=\"article:modified_time\" content=\"2022-11-10T11:03:00+00:00\" \/>\n<meta property=\"og:image\" content=\"https:\/\/www.gaveanews.com\/wp-content\/uploads\/Rodolfo-Landim-em-entrevista-coletiva-no-Ninho-do-Urubu.webp\" \/>\n\t<meta property=\"og:image:width\" content=\"799\" \/>\n\t<meta property=\"og:image:height\" content=\"532\" \/>\n\t<meta property=\"og:image:type\" content=\"image\/jpeg\" \/>\n<meta name=\"author\" content=\"Equipe G\u00e1vea News\" \/>\n<meta name=\"twitter:card\" content=\"summary_large_image\" \/>\n<meta name=\"twitter:label1\" content=\"Escrito por\" \/>\n\t<meta name=\"twitter:data1\" content=\"Equipe G\u00e1vea News\" \/>\n\t<meta name=\"twitter:label2\" content=\"Est. tempo de leitura\" \/>\n\t<meta name=\"twitter:data2\" content=\"3 minutos\" \/>\n<script type=\"application\/ld+json\" class=\"yoast-schema-graph\">{\"@context\":\"https:\/\/schema.org\",\"@graph\":[{\"@type\":\"NewsArticle\",\"@id\":\"https:\/\/www.gaveanews.com\/index.php\/2022\/11\/10\/apesar-dos-titulos-flamengo-precisa-rever-conceito-de-profissionalismo\/#article\",\"isPartOf\":{\"@id\":\"https:\/\/www.gaveanews.com\/index.php\/2022\/11\/10\/apesar-dos-titulos-flamengo-precisa-rever-conceito-de-profissionalismo\/\"},\"author\":{\"name\":\"Equipe G\u00e1vea News\",\"@id\":\"https:\/\/www.gaveanews.com\/#\/schema\/person\/2ec14f73fb96be2caf28f91afb14749d\"},\"headline\":\"Apesar dos t\u00edtulos, Flamengo precisa rever conceito de profissionalismo\",\"datePublished\":\"2022-11-10T11:02:56+00:00\",\"dateModified\":\"2022-11-10T11:03:00+00:00\",\"mainEntityOfPage\":{\"@id\":\"https:\/\/www.gaveanews.com\/index.php\/2022\/11\/10\/apesar-dos-titulos-flamengo-precisa-rever-conceito-de-profissionalismo\/\"},\"wordCount\":475,\"commentCount\":0,\"image\":{\"@id\":\"https:\/\/www.gaveanews.com\/index.php\/2022\/11\/10\/apesar-dos-titulos-flamengo-precisa-rever-conceito-de-profissionalismo\/#primaryimage\"},\"thumbnailUrl\":\"https:\/\/www.gaveanews.com\/wp-content\/uploads\/Rodolfo-Landim-em-entrevista-coletiva-no-Ninho-do-Urubu.webp\",\"articleSection\":[\"Flamengo\"],\"inLanguage\":\"pt-BR\",\"potentialAction\":[{\"@type\":\"CommentAction\",\"name\":\"Comment\",\"target\":[\"https:\/\/www.gaveanews.com\/index.php\/2022\/11\/10\/apesar-dos-titulos-flamengo-precisa-rever-conceito-de-profissionalismo\/#respond\"]}],\"copyrightYear\":\"2022\",\"copyrightHolder\":{\"@id\":\"https:\/\/www.gaveanews.com\/#organization\"}},{\"@type\":\"WebPage\",\"@id\":\"https:\/\/www.gaveanews.com\/index.php\/2022\/11\/10\/apesar-dos-titulos-flamengo-precisa-rever-conceito-de-profissionalismo\/\",\"url\":\"https:\/\/www.gaveanews.com\/index.php\/2022\/11\/10\/apesar-dos-titulos-flamengo-precisa-rever-conceito-de-profissionalismo\/\",\"name\":\"Apesar dos t\u00edtulos, Flamengo precisa rever conceito de profissionalismo\",\"isPartOf\":{\"@id\":\"https:\/\/www.gaveanews.com\/#website\"},\"primaryImageOfPage\":{\"@id\":\"https:\/\/www.gaveanews.com\/index.php\/2022\/11\/10\/apesar-dos-titulos-flamengo-precisa-rever-conceito-de-profissionalismo\/#primaryimage\"},\"image\":{\"@id\":\"https:\/\/www.gaveanews.com\/index.php\/2022\/11\/10\/apesar-dos-titulos-flamengo-precisa-rever-conceito-de-profissionalismo\/#primaryimage\"},\"thumbnailUrl\":\"https:\/\/www.gaveanews.com\/wp-content\/uploads\/Rodolfo-Landim-em-entrevista-coletiva-no-Ninho-do-Urubu.webp\",\"datePublished\":\"2022-11-10T11:02:56+00:00\",\"dateModified\":\"2022-11-10T11:03:00+00:00\",\"author\":{\"@id\":\"https:\/\/www.gaveanews.com\/#\/schema\/person\/2ec14f73fb96be2caf28f91afb14749d\"},\"breadcrumb\":{\"@id\":\"https:\/\/www.gaveanews.com\/index.php\/2022\/11\/10\/apesar-dos-titulos-flamengo-precisa-rever-conceito-de-profissionalismo\/#breadcrumb\"},\"inLanguage\":\"pt-BR\",\"potentialAction\":[{\"@type\":\"ReadAction\",\"target\":[\"https:\/\/www.gaveanews.com\/index.php\/2022\/11\/10\/apesar-dos-titulos-flamengo-precisa-rever-conceito-de-profissionalismo\/\"]}]},{\"@type\":\"ImageObject\",\"inLanguage\":\"pt-BR\",\"@id\":\"https:\/\/www.gaveanews.com\/index.php\/2022\/11\/10\/apesar-dos-titulos-flamengo-precisa-rever-conceito-de-profissionalismo\/#primaryimage\",\"url\":\"https:\/\/www.gaveanews.com\/wp-content\/uploads\/Rodolfo-Landim-em-entrevista-coletiva-no-Ninho-do-Urubu.webp\",\"contentUrl\":\"https:\/\/www.gaveanews.com\/wp-content\/uploads\/Rodolfo-Landim-em-entrevista-coletiva-no-Ninho-do-Urubu.webp\",\"width\":799,\"height\":532,\"caption\":\"Rodolfo Landim em entrevista coletiva no Ninho do Urubu (Foto: Alexandre Vidal\/Flamengo)\"},{\"@type\":\"BreadcrumbList\",\"@id\":\"https:\/\/www.gaveanews.com\/index.php\/2022\/11\/10\/apesar-dos-titulos-flamengo-precisa-rever-conceito-de-profissionalismo\/#breadcrumb\",\"itemListElement\":[{\"@type\":\"ListItem\",\"position\":1,\"name\":\"Home\",\"item\":\"https:\/\/www.gaveanews.com\/\"},{\"@type\":\"ListItem\",\"position\":2,\"name\":\"Apesar dos t\u00edtulos, Flamengo precisa rever conceito de profissionalismo\"}]},{\"@type\":\"WebSite\",\"@id\":\"https:\/\/www.gaveanews.com\/#website\",\"url\":\"https:\/\/www.gaveanews.com\/\",\"name\":\"G\u00e1vea News\",\"description\":\"Veja todas as not\u00edcias sobre o Flamengo: Contrata\u00e7\u00f5es, categorias de base, resultados das partidas, tabela de classifica\u00e7\u00e3o, pr\u00f3ximos jogos!\",\"potentialAction\":[{\"@type\":\"SearchAction\",\"target\":{\"@type\":\"EntryPoint\",\"urlTemplate\":\"https:\/\/www.gaveanews.com\/?s={search_term_string}\"},\"query-input\":{\"@type\":\"PropertyValueSpecification\",\"valueRequired\":true,\"valueName\":\"search_term_string\"}}],\"inLanguage\":\"pt-BR\"},{\"@type\":\"Person\",\"@id\":\"https:\/\/www.gaveanews.com\/#\/schema\/person\/2ec14f73fb96be2caf28f91afb14749d\",\"name\":\"Equipe G\u00e1vea News\",\"image\":{\"@type\":\"ImageObject\",\"inLanguage\":\"pt-BR\",\"@id\":\"https:\/\/www.gaveanews.com\/#\/schema\/person\/image\/\",\"url\":\"https:\/\/secure.gravatar.com\/avatar\/1e1956f1facbffd3f8fa53a326721950116b3b9dc9bd44939c01180fd4a745a9?s=96&d=mm&r=g\",\"contentUrl\":\"https:\/\/secure.gravatar.com\/avatar\/1e1956f1facbffd3f8fa53a326721950116b3b9dc9bd44939c01180fd4a745a9?s=96&d=mm&r=g\",\"caption\":\"Equipe G\u00e1vea News\"}}]}<\/script>\n<!-- \/ Yoast SEO Premium plugin. -->","yoast_head_json":{"title":"Apesar dos t\u00edtulos, Flamengo precisa rever conceito de profissionalismo","robots":{"index":"index","follow":"follow","max-snippet":"max-snippet:-1","max-image-preview":"max-image-preview:large","max-video-preview":"max-video-preview:-1"},"canonical":"https:\/\/www.gaveanews.com\/index.php\/2022\/11\/10\/apesar-dos-titulos-flamengo-precisa-rever-conceito-de-profissionalismo\/","og_locale":"pt_BR","og_type":"article","og_title":"Apesar dos t\u00edtulos, Flamengo precisa rever conceito de profissionalismo","og_description":"O empate por 2 a 2 com o lanterna Juventude no Alfredo Jaconi n\u00e3o \u00e9 um resultado absurdo, pelo contexto das duas equipes. At\u00e9 porque o time ga\u00facho contratou Celso Roth j\u00e1 pensando na pr\u00f3xima temporada. O &#8220;luto&#8221; do rebaixamento j\u00e1 passou e o clima \u00e9 de recome\u00e7o. A quest\u00e3o que o Flamengo traz, ou [&hellip;]","og_url":"https:\/\/www.gaveanews.com\/index.php\/2022\/11\/10\/apesar-dos-titulos-flamengo-precisa-rever-conceito-de-profissionalismo\/","og_site_name":"G\u00e1vea News","article_publisher":"https:\/\/facebook.com\/gaveaNews\/","article_published_time":"2022-11-10T11:02:56+00:00","article_modified_time":"2022-11-10T11:03:00+00:00","og_image":[{"width":799,"height":532,"url":"https:\/\/www.gaveanews.com\/wp-content\/uploads\/Rodolfo-Landim-em-entrevista-coletiva-no-Ninho-do-Urubu.webp","type":"image\/jpeg"}],"author":"Equipe G\u00e1vea News","twitter_card":"summary_large_image","twitter_misc":{"Escrito por":"Equipe G\u00e1vea News","Est. tempo de leitura":"3 minutos"},"schema":{"@context":"https:\/\/schema.org","@graph":[{"@type":"NewsArticle","@id":"https:\/\/www.gaveanews.com\/index.php\/2022\/11\/10\/apesar-dos-titulos-flamengo-precisa-rever-conceito-de-profissionalismo\/#article","isPartOf":{"@id":"https:\/\/www.gaveanews.com\/index.php\/2022\/11\/10\/apesar-dos-titulos-flamengo-precisa-rever-conceito-de-profissionalismo\/"},"author":{"name":"Equipe G\u00e1vea News","@id":"https:\/\/www.gaveanews.com\/#\/schema\/person\/2ec14f73fb96be2caf28f91afb14749d"},"headline":"Apesar dos t\u00edtulos, Flamengo precisa rever conceito de profissionalismo","datePublished":"2022-11-10T11:02:56+00:00","dateModified":"2022-11-10T11:03:00+00:00","mainEntityOfPage":{"@id":"https:\/\/www.gaveanews.com\/index.php\/2022\/11\/10\/apesar-dos-titulos-flamengo-precisa-rever-conceito-de-profissionalismo\/"},"wordCount":475,"commentCount":0,"image":{"@id":"https:\/\/www.gaveanews.com\/index.php\/2022\/11\/10\/apesar-dos-titulos-flamengo-precisa-rever-conceito-de-profissionalismo\/#primaryimage"},"thumbnailUrl":"https:\/\/www.gaveanews.com\/wp-content\/uploads\/Rodolfo-Landim-em-entrevista-coletiva-no-Ninho-do-Urubu.webp","articleSection":["Flamengo"],"inLanguage":"pt-BR","potentialAction":[{"@type":"CommentAction","name":"Comment","target":["https:\/\/www.gaveanews.com\/index.php\/2022\/11\/10\/apesar-dos-titulos-flamengo-precisa-rever-conceito-de-profissionalismo\/#respond"]}],"copyrightYear":"2022","copyrightHolder":{"@id":"https:\/\/www.gaveanews.com\/#organization"}},{"@type":"WebPage","@id":"https:\/\/www.gaveanews.com\/index.php\/2022\/11\/10\/apesar-dos-titulos-flamengo-precisa-rever-conceito-de-profissionalismo\/","url":"https:\/\/www.gaveanews.com\/index.php\/2022\/11\/10\/apesar-dos-titulos-flamengo-precisa-rever-conceito-de-profissionalismo\/","name":"Apesar dos t\u00edtulos, Flamengo precisa rever conceito de profissionalismo","isPartOf":{"@id":"https:\/\/www.gaveanews.com\/#website"},"primaryImageOfPage":{"@id":"https:\/\/www.gaveanews.com\/index.php\/2022\/11\/10\/apesar-dos-titulos-flamengo-precisa-rever-conceito-de-profissionalismo\/#primaryimage"},"image":{"@id":"https:\/\/www.gaveanews.com\/index.php\/2022\/11\/10\/apesar-dos-titulos-flamengo-precisa-rever-conceito-de-profissionalismo\/#primaryimage"},"thumbnailUrl":"https:\/\/www.gaveanews.com\/wp-content\/uploads\/Rodolfo-Landim-em-entrevista-coletiva-no-Ninho-do-Urubu.webp","datePublished":"2022-11-10T11:02:56+00:00","dateModified":"2022-11-10T11:03:00+00:00","author":{"@id":"https:\/\/www.gaveanews.com\/#\/schema\/person\/2ec14f73fb96be2caf28f91afb14749d"},"breadcrumb":{"@id":"https:\/\/www.gaveanews.com\/index.php\/2022\/11\/10\/apesar-dos-titulos-flamengo-precisa-rever-conceito-de-profissionalismo\/#breadcrumb"},"inLanguage":"pt-BR","potentialAction":[{"@type":"ReadAction","target":["https:\/\/www.gaveanews.com\/index.php\/2022\/11\/10\/apesar-dos-titulos-flamengo-precisa-rever-conceito-de-profissionalismo\/"]}]},{"@type":"ImageObject","inLanguage":"pt-BR","@id":"https:\/\/www.gaveanews.com\/index.php\/2022\/11\/10\/apesar-dos-titulos-flamengo-precisa-rever-conceito-de-profissionalismo\/#primaryimage","url":"https:\/\/www.gaveanews.com\/wp-content\/uploads\/Rodolfo-Landim-em-entrevista-coletiva-no-Ninho-do-Urubu.webp","contentUrl":"https:\/\/www.gaveanews.com\/wp-content\/uploads\/Rodolfo-Landim-em-entrevista-coletiva-no-Ninho-do-Urubu.webp","width":799,"height":532,"caption":"Rodolfo Landim em entrevista coletiva no Ninho do Urubu (Foto: Alexandre Vidal\/Flamengo)"},{"@type":"BreadcrumbList","@id":"https:\/\/www.gaveanews.com\/index.php\/2022\/11\/10\/apesar-dos-titulos-flamengo-precisa-rever-conceito-de-profissionalismo\/#breadcrumb","itemListElement":[{"@type":"ListItem","position":1,"name":"Home","item":"https:\/\/www.gaveanews.com\/"},{"@type":"ListItem","position":2,"name":"Apesar dos t\u00edtulos, Flamengo precisa rever conceito de profissionalismo"}]},{"@type":"WebSite","@id":"https:\/\/www.gaveanews.com\/#website","url":"https:\/\/www.gaveanews.com\/","name":"G\u00e1vea News","description":"Veja todas as not\u00edcias sobre o Flamengo: Contrata\u00e7\u00f5es, categorias de base, resultados das partidas, tabela de classifica\u00e7\u00e3o, pr\u00f3ximos jogos!","potentialAction":[{"@type":"SearchAction","target":{"@type":"EntryPoint","urlTemplate":"https:\/\/www.gaveanews.com\/?s={search_term_string}"},"query-input":{"@type":"PropertyValueSpecification","valueRequired":true,"valueName":"search_term_string"}}],"inLanguage":"pt-BR"},{"@type":"Person","@id":"https:\/\/www.gaveanews.com\/#\/schema\/person\/2ec14f73fb96be2caf28f91afb14749d","name":"Equipe G\u00e1vea News","image":{"@type":"ImageObject","inLanguage":"pt-BR","@id":"https:\/\/www.gaveanews.com\/#\/schema\/person\/image\/","url":"https:\/\/secure.gravatar.com\/avatar\/1e1956f1facbffd3f8fa53a326721950116b3b9dc9bd44939c01180fd4a745a9?s=96&d=mm&r=g","contentUrl":"https:\/\/secure.gravatar.com\/avatar\/1e1956f1facbffd3f8fa53a326721950116b3b9dc9bd44939c01180fd4a745a9?s=96&d=mm&r=g","caption":"Equipe G\u00e1vea News"}}]}},"_links":{"self":[{"href":"https:\/\/www.gaveanews.com\/index.php\/wp-json\/wp\/v2\/posts\/90465","targetHints":{"allow":["GET"]}}],"collection":[{"href":"https:\/\/www.gaveanews.com\/index.php\/wp-json\/wp\/v2\/posts"}],"about":[{"href":"https:\/\/www.gaveanews.com\/index.php\/wp-json\/wp\/v2\/types\/post"}],"author":[{"embeddable":true,"href":"https:\/\/www.gaveanews.com\/index.php\/wp-json\/wp\/v2\/users\/1"}],"replies":[{"embeddable":true,"href":"https:\/\/www.gaveanews.com\/index.php\/wp-json\/wp\/v2\/comments?post=90465"}],"version-history":[{"count":0,"href":"https:\/\/www.gaveanews.com\/index.php\/wp-json\/wp\/v2\/posts\/90465\/revisions"}],"wp:featuredmedia":[{"embeddable":true,"href":"https:\/\/www.gaveanews.com\/index.php\/wp-json\/wp\/v2\/media\/64406"}],"wp:attachment":[{"href":"https:\/\/www.gaveanews.com\/index.php\/wp-json\/wp\/v2\/media?parent=90465"}],"wp:term":[{"taxonomy":"category","embeddable":true,"href":"https:\/\/www.gaveanews.com\/index.php\/wp-json\/wp\/v2\/categories?post=90465"},{"taxonomy":"post_tag","embeddable":true,"href":"https:\/\/www.gaveanews.com\/index.php\/wp-json\/wp\/v2\/tags?post=90465"}],"curies":[{"name":"wp","href":"https:\/\/api.w.org\/{rel}","templated":true}]}}