{"id":90478,"date":"2022-11-10T10:49:46","date_gmt":"2022-11-10T13:49:46","guid":{"rendered":"https:\/\/www.gaveanews.com\/?p=90478"},"modified":"2022-11-10T10:49:48","modified_gmt":"2022-11-10T13:49:48","slug":"dorival-junior-explica-sobre-os-tropecos-recentes-do-flamengo","status":"publish","type":"post","link":"https:\/\/www.gaveanews.com\/index.php\/2022\/11\/10\/dorival-junior-explica-sobre-os-tropecos-recentes-do-flamengo\/","title":{"rendered":"Dorival J\u00fanior explica sobre os trope\u00e7os recentes do Flamengo"},"content":{"rendered":"\n<p>O elenco rubro-negro tem uma evidente queda de produ\u00e7\u00e3o ap\u00f3s as conquistas das copas. <a href=\"https:\/\/www.gaveanews.com\/index.php\/2022\/10\/31\/flamengo-disputara-sete-competicoes-em-2023\/\">Com presen\u00e7a garantida em sete competi\u00e7\u00f5es no ano que vem, <\/a>o grupo vive agora um momento de recupera\u00e7\u00e3o do desgaste sofrido.<\/p>\n\n\n\n<p>A situa\u00e7\u00e3o foi explicada por Dorival J\u00fanior na coletiva p\u00f3s-jogo do empate com o Juventude. O t\u00e9cnico afirmou que a falta de concentra\u00e7\u00e3o e precis\u00e3o nos passes \u00e9 natural ap\u00f3s o alto n\u00edvel de concentra\u00e7\u00e3o e press\u00e3o que o elenco viveu nos \u00faltimos meses.<\/p>\n\n\n\n<p><em>\u2014 Eles t\u00eam raz\u00e3o em rela\u00e7\u00e3o aos resultados, agora \u00e9 imposs\u00edvel uma mobiliza\u00e7\u00e3o depois do n\u00edvel de exig\u00eancia principalmente emocional que tivemos no fim dessa temporada. Foram decis\u00f5es em cima de decis\u00f5es. Quem n\u00e3o entender isso, infelizmente eu n\u00e3o posso fazer nada. \u00c9 um fato muito claro e natural. Tanto \u00e9 que h\u00e1 jogadores buscando a recupera\u00e7\u00e3o f\u00edsica e emocional.<\/em><\/p>\n\n\n\n<p><em>\u2014 Quando acontecem momentos que vimos na partida de hoje, da falta de concentra\u00e7\u00e3o num lance ou outro, nesse sentido que falamos. Foi muito pesado para todo mundo. As decis\u00f5es n\u00e3o foram somente os tr\u00eas jogos finais. V\u00ednhamos decidindo fases a todo momento e nos recuperando no Campeonato Brasileiro.<\/em><\/p>\n\n\n\n<p>Dorival tamb\u00e9m falou sobre o desgaste f\u00edsico e mental sofrido pelos jogadores na campanha de recupera\u00e7\u00e3o no Brasileir\u00e3o e nas copas. N\u00e3o tentando sacrificar ainda mais seu elenco, o t\u00e9cnico afirmou que est\u00e1 extraindo o m\u00e1ximo poss\u00edvel nas atuais condi\u00e7\u00f5es.<\/p>\n\n\n\n<p><em>\u2014 N\u00e3o foram momentos naturais de uma equipe. O n\u00edvel de exig\u00eancia, as dificuldades que tivemos e principalmente o desgaste que o grupo teve n\u00e3o foram pouca coisa. Para aqueles que quiserem entender, \u00f3timo. Para aqueles que se sintam desgostosos, eu sinto muito. Continuamos fazendo o nosso melhor e tentando tirar o melhor dos atletas. E eles est\u00e3o tentando entregar o m\u00e1ximo que podem.<\/em><\/p>\n","protected":false},"excerpt":{"rendered":"<p>O elenco rubro-negro tem uma evidente queda de produ\u00e7\u00e3o ap\u00f3s as conquistas das copas. Com presen\u00e7a garantida em sete competi\u00e7\u00f5es no ano que vem, o grupo vive agora um momento de recupera\u00e7\u00e3o do desgaste sofrido. A situa\u00e7\u00e3o foi explicada por Dorival J\u00fanior na coletiva p\u00f3s-jogo do empate com o Juventude. O t\u00e9cnico afirmou que a [&hellip;]<\/p>\n","protected":false},"author":4,"featured_media":88908,"comment_status":"open","ping_status":"closed","sticky":false,"template":"","format":"standard","meta":{"footnotes":""},"categories":[1],"tags":[],"class_list":["post-90478","post","type-post","status-publish","format-standard","has-post-thumbnail","hentry","category-flamengo"],"yoast_head":"<!-- This site is optimized with the Yoast SEO Premium plugin v24.2 (Yoast SEO v26.9) - https:\/\/yoast.com\/product\/yoast-seo-premium-wordpress\/ -->\n<title>Dorival J\u00fanior explica sobre os trope\u00e7os recentes do Flamengo<\/title>\n<meta name=\"robots\" content=\"index, follow, max-snippet:-1, max-image-preview:large, max-video-preview:-1\" \/>\n<link rel=\"canonical\" href=\"https:\/\/www.gaveanews.com\/index.php\/2022\/11\/10\/dorival-junior-explica-sobre-os-tropecos-recentes-do-flamengo\/\" \/>\n<meta property=\"og:locale\" content=\"pt_BR\" \/>\n<meta property=\"og:type\" content=\"article\" \/>\n<meta property=\"og:title\" content=\"Dorival J\u00fanior explica sobre os trope\u00e7os recentes do Flamengo\" \/>\n<meta property=\"og:description\" content=\"O elenco rubro-negro tem uma evidente queda de produ\u00e7\u00e3o ap\u00f3s as conquistas das copas. Com presen\u00e7a garantida em sete competi\u00e7\u00f5es no ano que vem, o grupo vive agora um momento de recupera\u00e7\u00e3o do desgaste sofrido. A situa\u00e7\u00e3o foi explicada por Dorival J\u00fanior na coletiva p\u00f3s-jogo do empate com o Juventude. O t\u00e9cnico afirmou que a [&hellip;]\" \/>\n<meta property=\"og:url\" content=\"https:\/\/www.gaveanews.com\/index.php\/2022\/11\/10\/dorival-junior-explica-sobre-os-tropecos-recentes-do-flamengo\/\" \/>\n<meta property=\"og:site_name\" content=\"G\u00e1vea News\" \/>\n<meta property=\"article:publisher\" content=\"https:\/\/facebook.com\/gaveaNews\/\" \/>\n<meta property=\"article:published_time\" content=\"2022-11-10T13:49:46+00:00\" \/>\n<meta property=\"article:modified_time\" content=\"2022-11-10T13:49:48+00:00\" \/>\n<meta property=\"og:image\" content=\"https:\/\/www.gaveanews.com\/wp-content\/uploads\/Dorival-Junior-na-final-da-Copa-do-Brasil-entre-Flamengo-e-Corinthians.webp\" \/>\n\t<meta property=\"og:image:width\" content=\"800\" \/>\n\t<meta property=\"og:image:height\" content=\"533\" \/>\n\t<meta property=\"og:image:type\" content=\"image\/jpeg\" \/>\n<meta name=\"author\" content=\"Let\u00edcia Gerheim\" \/>\n<meta name=\"twitter:card\" content=\"summary_large_image\" \/>\n<meta name=\"twitter:label1\" content=\"Escrito por\" \/>\n\t<meta name=\"twitter:data1\" content=\"Let\u00edcia Gerheim\" \/>\n\t<meta name=\"twitter:label2\" content=\"Est. tempo de leitura\" \/>\n\t<meta name=\"twitter:data2\" content=\"2 minutos\" \/>\n<script type=\"application\/ld+json\" class=\"yoast-schema-graph\">{\"@context\":\"https:\/\/schema.org\",\"@graph\":[{\"@type\":\"NewsArticle\",\"@id\":\"https:\/\/www.gaveanews.com\/index.php\/2022\/11\/10\/dorival-junior-explica-sobre-os-tropecos-recentes-do-flamengo\/#article\",\"isPartOf\":{\"@id\":\"https:\/\/www.gaveanews.com\/index.php\/2022\/11\/10\/dorival-junior-explica-sobre-os-tropecos-recentes-do-flamengo\/\"},\"author\":{\"name\":\"Let\u00edcia Gerheim\",\"@id\":\"https:\/\/www.gaveanews.com\/#\/schema\/person\/714c67050b836198af2450ba1c142a67\"},\"headline\":\"Dorival J\u00fanior explica sobre os trope\u00e7os recentes do Flamengo\",\"datePublished\":\"2022-11-10T13:49:46+00:00\",\"dateModified\":\"2022-11-10T13:49:48+00:00\",\"mainEntityOfPage\":{\"@id\":\"https:\/\/www.gaveanews.com\/index.php\/2022\/11\/10\/dorival-junior-explica-sobre-os-tropecos-recentes-do-flamengo\/\"},\"wordCount\":344,\"commentCount\":0,\"image\":{\"@id\":\"https:\/\/www.gaveanews.com\/index.php\/2022\/11\/10\/dorival-junior-explica-sobre-os-tropecos-recentes-do-flamengo\/#primaryimage\"},\"thumbnailUrl\":\"https:\/\/www.gaveanews.com\/wp-content\/uploads\/Dorival-Junior-na-final-da-Copa-do-Brasil-entre-Flamengo-e-Corinthians.webp\",\"articleSection\":[\"Flamengo\"],\"inLanguage\":\"pt-BR\",\"potentialAction\":[{\"@type\":\"CommentAction\",\"name\":\"Comment\",\"target\":[\"https:\/\/www.gaveanews.com\/index.php\/2022\/11\/10\/dorival-junior-explica-sobre-os-tropecos-recentes-do-flamengo\/#respond\"]}],\"copyrightYear\":\"2022\",\"copyrightHolder\":{\"@id\":\"https:\/\/www.gaveanews.com\/#organization\"}},{\"@type\":\"WebPage\",\"@id\":\"https:\/\/www.gaveanews.com\/index.php\/2022\/11\/10\/dorival-junior-explica-sobre-os-tropecos-recentes-do-flamengo\/\",\"url\":\"https:\/\/www.gaveanews.com\/index.php\/2022\/11\/10\/dorival-junior-explica-sobre-os-tropecos-recentes-do-flamengo\/\",\"name\":\"Dorival J\u00fanior explica sobre os trope\u00e7os recentes do Flamengo\",\"isPartOf\":{\"@id\":\"https:\/\/www.gaveanews.com\/#website\"},\"primaryImageOfPage\":{\"@id\":\"https:\/\/www.gaveanews.com\/index.php\/2022\/11\/10\/dorival-junior-explica-sobre-os-tropecos-recentes-do-flamengo\/#primaryimage\"},\"image\":{\"@id\":\"https:\/\/www.gaveanews.com\/index.php\/2022\/11\/10\/dorival-junior-explica-sobre-os-tropecos-recentes-do-flamengo\/#primaryimage\"},\"thumbnailUrl\":\"https:\/\/www.gaveanews.com\/wp-content\/uploads\/Dorival-Junior-na-final-da-Copa-do-Brasil-entre-Flamengo-e-Corinthians.webp\",\"datePublished\":\"2022-11-10T13:49:46+00:00\",\"dateModified\":\"2022-11-10T13:49:48+00:00\",\"author\":{\"@id\":\"https:\/\/www.gaveanews.com\/#\/schema\/person\/714c67050b836198af2450ba1c142a67\"},\"breadcrumb\":{\"@id\":\"https:\/\/www.gaveanews.com\/index.php\/2022\/11\/10\/dorival-junior-explica-sobre-os-tropecos-recentes-do-flamengo\/#breadcrumb\"},\"inLanguage\":\"pt-BR\",\"potentialAction\":[{\"@type\":\"ReadAction\",\"target\":[\"https:\/\/www.gaveanews.com\/index.php\/2022\/11\/10\/dorival-junior-explica-sobre-os-tropecos-recentes-do-flamengo\/\"]}]},{\"@type\":\"ImageObject\",\"inLanguage\":\"pt-BR\",\"@id\":\"https:\/\/www.gaveanews.com\/index.php\/2022\/11\/10\/dorival-junior-explica-sobre-os-tropecos-recentes-do-flamengo\/#primaryimage\",\"url\":\"https:\/\/www.gaveanews.com\/wp-content\/uploads\/Dorival-Junior-na-final-da-Copa-do-Brasil-entre-Flamengo-e-Corinthians.webp\",\"contentUrl\":\"https:\/\/www.gaveanews.com\/wp-content\/uploads\/Dorival-Junior-na-final-da-Copa-do-Brasil-entre-Flamengo-e-Corinthians.webp\",\"width\":800,\"height\":533,\"caption\":\"Dorival J\u00fanior na final da Copa do Brasil entre Flamengo e Corinthians (Foto: Marcelo Cortes\/Flamengo)\"},{\"@type\":\"BreadcrumbList\",\"@id\":\"https:\/\/www.gaveanews.com\/index.php\/2022\/11\/10\/dorival-junior-explica-sobre-os-tropecos-recentes-do-flamengo\/#breadcrumb\",\"itemListElement\":[{\"@type\":\"ListItem\",\"position\":1,\"name\":\"Home\",\"item\":\"https:\/\/www.gaveanews.com\/\"},{\"@type\":\"ListItem\",\"position\":2,\"name\":\"Dorival J\u00fanior explica sobre os trope\u00e7os recentes do Flamengo\"}]},{\"@type\":\"WebSite\",\"@id\":\"https:\/\/www.gaveanews.com\/#website\",\"url\":\"https:\/\/www.gaveanews.com\/\",\"name\":\"G\u00e1vea News\",\"description\":\"Veja todas as not\u00edcias sobre o Flamengo: Contrata\u00e7\u00f5es, categorias de base, resultados das partidas, tabela de classifica\u00e7\u00e3o, pr\u00f3ximos jogos!\",\"potentialAction\":[{\"@type\":\"SearchAction\",\"target\":{\"@type\":\"EntryPoint\",\"urlTemplate\":\"https:\/\/www.gaveanews.com\/?s={search_term_string}\"},\"query-input\":{\"@type\":\"PropertyValueSpecification\",\"valueRequired\":true,\"valueName\":\"search_term_string\"}}],\"inLanguage\":\"pt-BR\"},{\"@type\":\"Person\",\"@id\":\"https:\/\/www.gaveanews.com\/#\/schema\/person\/714c67050b836198af2450ba1c142a67\",\"name\":\"Let\u00edcia Gerheim\",\"image\":{\"@type\":\"ImageObject\",\"inLanguage\":\"pt-BR\",\"@id\":\"https:\/\/www.gaveanews.com\/#\/schema\/person\/image\/\",\"url\":\"https:\/\/secure.gravatar.com\/avatar\/60734739c50fcebfbac509e2a826ccd0ff405c019bc73aab9354f19ecad1dcb4?s=96&d=mm&r=g\",\"contentUrl\":\"https:\/\/secure.gravatar.com\/avatar\/60734739c50fcebfbac509e2a826ccd0ff405c019bc73aab9354f19ecad1dcb4?s=96&d=mm&r=g\",\"caption\":\"Let\u00edcia Gerheim\"}}]}<\/script>\n<!-- \/ Yoast SEO Premium plugin. -->","yoast_head_json":{"title":"Dorival J\u00fanior explica sobre os trope\u00e7os recentes do Flamengo","robots":{"index":"index","follow":"follow","max-snippet":"max-snippet:-1","max-image-preview":"max-image-preview:large","max-video-preview":"max-video-preview:-1"},"canonical":"https:\/\/www.gaveanews.com\/index.php\/2022\/11\/10\/dorival-junior-explica-sobre-os-tropecos-recentes-do-flamengo\/","og_locale":"pt_BR","og_type":"article","og_title":"Dorival J\u00fanior explica sobre os trope\u00e7os recentes do Flamengo","og_description":"O elenco rubro-negro tem uma evidente queda de produ\u00e7\u00e3o ap\u00f3s as conquistas das copas. Com presen\u00e7a garantida em sete competi\u00e7\u00f5es no ano que vem, o grupo vive agora um momento de recupera\u00e7\u00e3o do desgaste sofrido. A situa\u00e7\u00e3o foi explicada por Dorival J\u00fanior na coletiva p\u00f3s-jogo do empate com o Juventude. O t\u00e9cnico afirmou que a [&hellip;]","og_url":"https:\/\/www.gaveanews.com\/index.php\/2022\/11\/10\/dorival-junior-explica-sobre-os-tropecos-recentes-do-flamengo\/","og_site_name":"G\u00e1vea News","article_publisher":"https:\/\/facebook.com\/gaveaNews\/","article_published_time":"2022-11-10T13:49:46+00:00","article_modified_time":"2022-11-10T13:49:48+00:00","og_image":[{"width":800,"height":533,"url":"https:\/\/www.gaveanews.com\/wp-content\/uploads\/Dorival-Junior-na-final-da-Copa-do-Brasil-entre-Flamengo-e-Corinthians.webp","type":"image\/jpeg"}],"author":"Let\u00edcia Gerheim","twitter_card":"summary_large_image","twitter_misc":{"Escrito por":"Let\u00edcia Gerheim","Est. tempo de leitura":"2 minutos"},"schema":{"@context":"https:\/\/schema.org","@graph":[{"@type":"NewsArticle","@id":"https:\/\/www.gaveanews.com\/index.php\/2022\/11\/10\/dorival-junior-explica-sobre-os-tropecos-recentes-do-flamengo\/#article","isPartOf":{"@id":"https:\/\/www.gaveanews.com\/index.php\/2022\/11\/10\/dorival-junior-explica-sobre-os-tropecos-recentes-do-flamengo\/"},"author":{"name":"Let\u00edcia Gerheim","@id":"https:\/\/www.gaveanews.com\/#\/schema\/person\/714c67050b836198af2450ba1c142a67"},"headline":"Dorival J\u00fanior explica sobre os trope\u00e7os recentes do Flamengo","datePublished":"2022-11-10T13:49:46+00:00","dateModified":"2022-11-10T13:49:48+00:00","mainEntityOfPage":{"@id":"https:\/\/www.gaveanews.com\/index.php\/2022\/11\/10\/dorival-junior-explica-sobre-os-tropecos-recentes-do-flamengo\/"},"wordCount":344,"commentCount":0,"image":{"@id":"https:\/\/www.gaveanews.com\/index.php\/2022\/11\/10\/dorival-junior-explica-sobre-os-tropecos-recentes-do-flamengo\/#primaryimage"},"thumbnailUrl":"https:\/\/www.gaveanews.com\/wp-content\/uploads\/Dorival-Junior-na-final-da-Copa-do-Brasil-entre-Flamengo-e-Corinthians.webp","articleSection":["Flamengo"],"inLanguage":"pt-BR","potentialAction":[{"@type":"CommentAction","name":"Comment","target":["https:\/\/www.gaveanews.com\/index.php\/2022\/11\/10\/dorival-junior-explica-sobre-os-tropecos-recentes-do-flamengo\/#respond"]}],"copyrightYear":"2022","copyrightHolder":{"@id":"https:\/\/www.gaveanews.com\/#organization"}},{"@type":"WebPage","@id":"https:\/\/www.gaveanews.com\/index.php\/2022\/11\/10\/dorival-junior-explica-sobre-os-tropecos-recentes-do-flamengo\/","url":"https:\/\/www.gaveanews.com\/index.php\/2022\/11\/10\/dorival-junior-explica-sobre-os-tropecos-recentes-do-flamengo\/","name":"Dorival J\u00fanior explica sobre os trope\u00e7os recentes do Flamengo","isPartOf":{"@id":"https:\/\/www.gaveanews.com\/#website"},"primaryImageOfPage":{"@id":"https:\/\/www.gaveanews.com\/index.php\/2022\/11\/10\/dorival-junior-explica-sobre-os-tropecos-recentes-do-flamengo\/#primaryimage"},"image":{"@id":"https:\/\/www.gaveanews.com\/index.php\/2022\/11\/10\/dorival-junior-explica-sobre-os-tropecos-recentes-do-flamengo\/#primaryimage"},"thumbnailUrl":"https:\/\/www.gaveanews.com\/wp-content\/uploads\/Dorival-Junior-na-final-da-Copa-do-Brasil-entre-Flamengo-e-Corinthians.webp","datePublished":"2022-11-10T13:49:46+00:00","dateModified":"2022-11-10T13:49:48+00:00","author":{"@id":"https:\/\/www.gaveanews.com\/#\/schema\/person\/714c67050b836198af2450ba1c142a67"},"breadcrumb":{"@id":"https:\/\/www.gaveanews.com\/index.php\/2022\/11\/10\/dorival-junior-explica-sobre-os-tropecos-recentes-do-flamengo\/#breadcrumb"},"inLanguage":"pt-BR","potentialAction":[{"@type":"ReadAction","target":["https:\/\/www.gaveanews.com\/index.php\/2022\/11\/10\/dorival-junior-explica-sobre-os-tropecos-recentes-do-flamengo\/"]}]},{"@type":"ImageObject","inLanguage":"pt-BR","@id":"https:\/\/www.gaveanews.com\/index.php\/2022\/11\/10\/dorival-junior-explica-sobre-os-tropecos-recentes-do-flamengo\/#primaryimage","url":"https:\/\/www.gaveanews.com\/wp-content\/uploads\/Dorival-Junior-na-final-da-Copa-do-Brasil-entre-Flamengo-e-Corinthians.webp","contentUrl":"https:\/\/www.gaveanews.com\/wp-content\/uploads\/Dorival-Junior-na-final-da-Copa-do-Brasil-entre-Flamengo-e-Corinthians.webp","width":800,"height":533,"caption":"Dorival J\u00fanior na final da Copa do Brasil entre Flamengo e Corinthians (Foto: Marcelo Cortes\/Flamengo)"},{"@type":"BreadcrumbList","@id":"https:\/\/www.gaveanews.com\/index.php\/2022\/11\/10\/dorival-junior-explica-sobre-os-tropecos-recentes-do-flamengo\/#breadcrumb","itemListElement":[{"@type":"ListItem","position":1,"name":"Home","item":"https:\/\/www.gaveanews.com\/"},{"@type":"ListItem","position":2,"name":"Dorival J\u00fanior explica sobre os trope\u00e7os recentes do Flamengo"}]},{"@type":"WebSite","@id":"https:\/\/www.gaveanews.com\/#website","url":"https:\/\/www.gaveanews.com\/","name":"G\u00e1vea News","description":"Veja todas as not\u00edcias sobre o Flamengo: Contrata\u00e7\u00f5es, categorias de base, resultados das partidas, tabela de classifica\u00e7\u00e3o, pr\u00f3ximos jogos!","potentialAction":[{"@type":"SearchAction","target":{"@type":"EntryPoint","urlTemplate":"https:\/\/www.gaveanews.com\/?s={search_term_string}"},"query-input":{"@type":"PropertyValueSpecification","valueRequired":true,"valueName":"search_term_string"}}],"inLanguage":"pt-BR"},{"@type":"Person","@id":"https:\/\/www.gaveanews.com\/#\/schema\/person\/714c67050b836198af2450ba1c142a67","name":"Let\u00edcia Gerheim","image":{"@type":"ImageObject","inLanguage":"pt-BR","@id":"https:\/\/www.gaveanews.com\/#\/schema\/person\/image\/","url":"https:\/\/secure.gravatar.com\/avatar\/60734739c50fcebfbac509e2a826ccd0ff405c019bc73aab9354f19ecad1dcb4?s=96&d=mm&r=g","contentUrl":"https:\/\/secure.gravatar.com\/avatar\/60734739c50fcebfbac509e2a826ccd0ff405c019bc73aab9354f19ecad1dcb4?s=96&d=mm&r=g","caption":"Let\u00edcia Gerheim"}}]}},"_links":{"self":[{"href":"https:\/\/www.gaveanews.com\/index.php\/wp-json\/wp\/v2\/posts\/90478","targetHints":{"allow":["GET"]}}],"collection":[{"href":"https:\/\/www.gaveanews.com\/index.php\/wp-json\/wp\/v2\/posts"}],"about":[{"href":"https:\/\/www.gaveanews.com\/index.php\/wp-json\/wp\/v2\/types\/post"}],"author":[{"embeddable":true,"href":"https:\/\/www.gaveanews.com\/index.php\/wp-json\/wp\/v2\/users\/4"}],"replies":[{"embeddable":true,"href":"https:\/\/www.gaveanews.com\/index.php\/wp-json\/wp\/v2\/comments?post=90478"}],"version-history":[{"count":0,"href":"https:\/\/www.gaveanews.com\/index.php\/wp-json\/wp\/v2\/posts\/90478\/revisions"}],"wp:featuredmedia":[{"embeddable":true,"href":"https:\/\/www.gaveanews.com\/index.php\/wp-json\/wp\/v2\/media\/88908"}],"wp:attachment":[{"href":"https:\/\/www.gaveanews.com\/index.php\/wp-json\/wp\/v2\/media?parent=90478"}],"wp:term":[{"taxonomy":"category","embeddable":true,"href":"https:\/\/www.gaveanews.com\/index.php\/wp-json\/wp\/v2\/categories?post=90478"},{"taxonomy":"post_tag","embeddable":true,"href":"https:\/\/www.gaveanews.com\/index.php\/wp-json\/wp\/v2\/tags?post=90478"}],"curies":[{"name":"wp","href":"https:\/\/api.w.org\/{rel}","templated":true}]}}