{"id":90486,"date":"2022-11-10T14:16:01","date_gmt":"2022-11-10T17:16:01","guid":{"rendered":"https:\/\/www.gaveanews.com\/?p=90486"},"modified":"2024-04-07T09:39:59","modified_gmt":"2024-04-07T12:39:59","slug":"gabigol-sera-titular-contra-o-avai-david-luiz-leo-pereira-thiago-maia-vidal-e-joao-gomes-tambem-devem-jogar","status":"publish","type":"post","link":"https:\/\/www.gaveanews.com\/index.php\/2022\/11\/10\/gabigol-sera-titular-contra-o-avai-david-luiz-leo-pereira-thiago-maia-vidal-e-joao-gomes-tambem-devem-jogar\/","title":{"rendered":"Gabigol ser\u00e1 titular contra o Ava\u00ed; David Luiz, L\u00e9o Pereira, Thiago Maia, Vidal e Jo\u00e3o Gomes tamb\u00e9m devem jogar"},"content":{"rendered":"\n<p>O Flamengo ter\u00e1 a volta de alguns titulares para a despedida dos Diegos Ribas e Alves no s\u00e1bado, contra o Ava\u00ed, \u00e0s 16h. Um deles \u00e9 Gabigol, que vem treinando normalmente e quer participar do \u00faltimo jogo que os amigos far\u00e3o com a camisa do clube. O 9 rubro-negro s\u00f3 n\u00e3o jogar\u00e1 se acontecer algo de diferente no apronto final, na sexta-feira.<\/p>\n\n\n\n<p>H\u00e1 a expectativa tamb\u00e9m de que David Luiz, L\u00e9o Pereira, Thiago Maia, Vidal e Jo\u00e3o Gomes participem. Filipe Lu\u00eds, que n\u00e3o vem treinando ainda por conta do problema na coxa direita que o fez ser substitu\u00eddo no primeiro tempo da final da Libertadores, n\u00e3o jogar\u00e1. L\u00e9o Pereira vem se queixando de um inc\u00f4modo no ded\u00e3o, mas \u00e9 nome praticamente certo na rela\u00e7\u00e3o.<\/p>\n\n\n\n<p>Pedro e Everton Ribeiro, convocados por Tite para a Copa do Mundo, e Arrascaeta, que j\u00e1 treina com a sele\u00e7\u00e3o uruguaia, est\u00e3o fora.<\/p>\n\n\n\n<p>Outros desfalques certos s\u00e3o Matheus Fran\u00e7a, Victor Hugo e Mateus\u00e3o, que foram puxados para o sub-20 para a disputa da final da Copa do Brasil da categoria. O trio enfrentar\u00e1 o Palmeiras no s\u00e1bado, \u00e0s 11h, em Barueri, em partida \u00fanica. Caso termine em empate no tempo normal, o t\u00edtulo ser\u00e1 decidido nos p\u00eanaltis.<\/p>\n\n\n\n<p>Fran\u00e7a, Victor e Mateus\u00e3o teriam folga nesta quinta, mas durante a noite de quarta o departamento de futebol planejou a utiliza\u00e7\u00e3o do trio na decis\u00e3o da Copa do Brasil-20, e o martelo foi batido durante a manh\u00e3.<\/p>\n\n\n\n<p>Al\u00e9m dos tr\u00eas, Werton, Matheus Gon\u00e7alves, o goleiro Kau\u00e3 e outros jovens que v\u00eam sendo relacionados por Dorival J\u00fanior viajam para S\u00e3o Paulo ainda nesta quinta-feira, \u00e0s 14h. O comando do futebol ainda decide quais dos atletas do sub-20 que ficar\u00e3o no Rio para refor\u00e7ar a lista de relacionados para o jogo contra o Ava\u00ed.<\/p>\n\n\n\n<p>Retirado de: Globo Esporte<\/p>\n","protected":false},"excerpt":{"rendered":"<p>O Flamengo ter\u00e1 a volta de alguns titulares para a despedida dos Diegos Ribas e Alves no s\u00e1bado, contra o Ava\u00ed, \u00e0s 16h. Um deles \u00e9 Gabigol, que vem treinando normalmente e quer participar do \u00faltimo jogo que os amigos far\u00e3o com a camisa do clube. O 9 rubro-negro s\u00f3 n\u00e3o jogar\u00e1 se acontecer algo [&hellip;]<\/p>\n","protected":false},"author":1,"featured_media":89329,"comment_status":"open","ping_status":"closed","sticky":false,"template":"","format":"standard","meta":{"footnotes":""},"categories":[1],"tags":[175],"class_list":["post-90486","post","type-post","status-publish","format-standard","has-post-thumbnail","hentry","category-flamengo","tag-leonardo-leo-pereira"],"yoast_head":"<!-- This site is optimized with the Yoast SEO Premium plugin v24.2 (Yoast SEO v26.9) - https:\/\/yoast.com\/product\/yoast-seo-premium-wordpress\/ -->\n<title>Gabigol ser\u00e1 titular contra o Ava\u00ed; David Luiz, L\u00e9o Pereira, Thiago Maia, Vidal e Jo\u00e3o Gomes tamb\u00e9m devem jogar<\/title>\n<meta name=\"robots\" content=\"index, follow, max-snippet:-1, max-image-preview:large, max-video-preview:-1\" \/>\n<link rel=\"canonical\" href=\"https:\/\/www.gaveanews.com\/index.php\/2022\/11\/10\/gabigol-sera-titular-contra-o-avai-david-luiz-leo-pereira-thiago-maia-vidal-e-joao-gomes-tambem-devem-jogar\/\" \/>\n<meta property=\"og:locale\" content=\"pt_BR\" \/>\n<meta property=\"og:type\" content=\"article\" \/>\n<meta property=\"og:title\" content=\"Gabigol ser\u00e1 titular contra o Ava\u00ed; David Luiz, L\u00e9o Pereira, Thiago Maia, Vidal e Jo\u00e3o Gomes tamb\u00e9m devem jogar\" \/>\n<meta property=\"og:description\" content=\"O Flamengo ter\u00e1 a volta de alguns titulares para a despedida dos Diegos Ribas e Alves no s\u00e1bado, contra o Ava\u00ed, \u00e0s 16h. Um deles \u00e9 Gabigol, que vem treinando normalmente e quer participar do \u00faltimo jogo que os amigos far\u00e3o com a camisa do clube. O 9 rubro-negro s\u00f3 n\u00e3o jogar\u00e1 se acontecer algo [&hellip;]\" \/>\n<meta property=\"og:url\" content=\"https:\/\/www.gaveanews.com\/index.php\/2022\/11\/10\/gabigol-sera-titular-contra-o-avai-david-luiz-leo-pereira-thiago-maia-vidal-e-joao-gomes-tambem-devem-jogar\/\" \/>\n<meta property=\"og:site_name\" content=\"G\u00e1vea News\" \/>\n<meta property=\"article:publisher\" content=\"https:\/\/facebook.com\/gaveaNews\/\" \/>\n<meta property=\"article:published_time\" content=\"2022-11-10T17:16:01+00:00\" \/>\n<meta property=\"article:modified_time\" content=\"2024-04-07T12:39:59+00:00\" \/>\n<meta property=\"og:image\" content=\"https:\/\/www.gaveanews.com\/wp-content\/uploads\/Gabigol-pelo-Flamengo-na-final-da-Copa-do-Brasil.webp\" \/>\n\t<meta property=\"og:image:width\" content=\"800\" \/>\n\t<meta property=\"og:image:height\" content=\"532\" \/>\n\t<meta property=\"og:image:type\" content=\"image\/jpeg\" \/>\n<meta name=\"author\" content=\"Equipe G\u00e1vea News\" \/>\n<meta name=\"twitter:card\" content=\"summary_large_image\" \/>\n<meta name=\"twitter:label1\" content=\"Escrito por\" \/>\n\t<meta name=\"twitter:data1\" content=\"Equipe G\u00e1vea News\" \/>\n\t<meta name=\"twitter:label2\" content=\"Est. tempo de leitura\" \/>\n\t<meta name=\"twitter:data2\" content=\"2 minutos\" \/>\n<script type=\"application\/ld+json\" class=\"yoast-schema-graph\">{\"@context\":\"https:\/\/schema.org\",\"@graph\":[{\"@type\":\"NewsArticle\",\"@id\":\"https:\/\/www.gaveanews.com\/index.php\/2022\/11\/10\/gabigol-sera-titular-contra-o-avai-david-luiz-leo-pereira-thiago-maia-vidal-e-joao-gomes-tambem-devem-jogar\/#article\",\"isPartOf\":{\"@id\":\"https:\/\/www.gaveanews.com\/index.php\/2022\/11\/10\/gabigol-sera-titular-contra-o-avai-david-luiz-leo-pereira-thiago-maia-vidal-e-joao-gomes-tambem-devem-jogar\/\"},\"author\":{\"name\":\"Equipe G\u00e1vea News\",\"@id\":\"https:\/\/www.gaveanews.com\/#\/schema\/person\/2ec14f73fb96be2caf28f91afb14749d\"},\"headline\":\"Gabigol ser\u00e1 titular contra o Ava\u00ed; David Luiz, L\u00e9o Pereira, Thiago Maia, Vidal e Jo\u00e3o Gomes tamb\u00e9m devem jogar\",\"datePublished\":\"2022-11-10T17:16:01+00:00\",\"dateModified\":\"2024-04-07T12:39:59+00:00\",\"mainEntityOfPage\":{\"@id\":\"https:\/\/www.gaveanews.com\/index.php\/2022\/11\/10\/gabigol-sera-titular-contra-o-avai-david-luiz-leo-pereira-thiago-maia-vidal-e-joao-gomes-tambem-devem-jogar\/\"},\"wordCount\":350,\"commentCount\":0,\"image\":{\"@id\":\"https:\/\/www.gaveanews.com\/index.php\/2022\/11\/10\/gabigol-sera-titular-contra-o-avai-david-luiz-leo-pereira-thiago-maia-vidal-e-joao-gomes-tambem-devem-jogar\/#primaryimage\"},\"thumbnailUrl\":\"https:\/\/www.gaveanews.com\/wp-content\/uploads\/Gabigol-pelo-Flamengo-na-final-da-Copa-do-Brasil.webp\",\"keywords\":[\"Leonardo Pereira\"],\"articleSection\":[\"Flamengo\"],\"inLanguage\":\"pt-BR\",\"potentialAction\":[{\"@type\":\"CommentAction\",\"name\":\"Comment\",\"target\":[\"https:\/\/www.gaveanews.com\/index.php\/2022\/11\/10\/gabigol-sera-titular-contra-o-avai-david-luiz-leo-pereira-thiago-maia-vidal-e-joao-gomes-tambem-devem-jogar\/#respond\"]}],\"copyrightYear\":\"2022\",\"copyrightHolder\":{\"@id\":\"https:\/\/www.gaveanews.com\/#organization\"}},{\"@type\":\"WebPage\",\"@id\":\"https:\/\/www.gaveanews.com\/index.php\/2022\/11\/10\/gabigol-sera-titular-contra-o-avai-david-luiz-leo-pereira-thiago-maia-vidal-e-joao-gomes-tambem-devem-jogar\/\",\"url\":\"https:\/\/www.gaveanews.com\/index.php\/2022\/11\/10\/gabigol-sera-titular-contra-o-avai-david-luiz-leo-pereira-thiago-maia-vidal-e-joao-gomes-tambem-devem-jogar\/\",\"name\":\"Gabigol ser\u00e1 titular contra o Ava\u00ed; David Luiz, L\u00e9o Pereira, Thiago Maia, Vidal e Jo\u00e3o Gomes tamb\u00e9m devem jogar\",\"isPartOf\":{\"@id\":\"https:\/\/www.gaveanews.com\/#website\"},\"primaryImageOfPage\":{\"@id\":\"https:\/\/www.gaveanews.com\/index.php\/2022\/11\/10\/gabigol-sera-titular-contra-o-avai-david-luiz-leo-pereira-thiago-maia-vidal-e-joao-gomes-tambem-devem-jogar\/#primaryimage\"},\"image\":{\"@id\":\"https:\/\/www.gaveanews.com\/index.php\/2022\/11\/10\/gabigol-sera-titular-contra-o-avai-david-luiz-leo-pereira-thiago-maia-vidal-e-joao-gomes-tambem-devem-jogar\/#primaryimage\"},\"thumbnailUrl\":\"https:\/\/www.gaveanews.com\/wp-content\/uploads\/Gabigol-pelo-Flamengo-na-final-da-Copa-do-Brasil.webp\",\"datePublished\":\"2022-11-10T17:16:01+00:00\",\"dateModified\":\"2024-04-07T12:39:59+00:00\",\"author\":{\"@id\":\"https:\/\/www.gaveanews.com\/#\/schema\/person\/2ec14f73fb96be2caf28f91afb14749d\"},\"breadcrumb\":{\"@id\":\"https:\/\/www.gaveanews.com\/index.php\/2022\/11\/10\/gabigol-sera-titular-contra-o-avai-david-luiz-leo-pereira-thiago-maia-vidal-e-joao-gomes-tambem-devem-jogar\/#breadcrumb\"},\"inLanguage\":\"pt-BR\",\"potentialAction\":[{\"@type\":\"ReadAction\",\"target\":[\"https:\/\/www.gaveanews.com\/index.php\/2022\/11\/10\/gabigol-sera-titular-contra-o-avai-david-luiz-leo-pereira-thiago-maia-vidal-e-joao-gomes-tambem-devem-jogar\/\"]}]},{\"@type\":\"ImageObject\",\"inLanguage\":\"pt-BR\",\"@id\":\"https:\/\/www.gaveanews.com\/index.php\/2022\/11\/10\/gabigol-sera-titular-contra-o-avai-david-luiz-leo-pereira-thiago-maia-vidal-e-joao-gomes-tambem-devem-jogar\/#primaryimage\",\"url\":\"https:\/\/www.gaveanews.com\/wp-content\/uploads\/Gabigol-pelo-Flamengo-na-final-da-Copa-do-Brasil.webp\",\"contentUrl\":\"https:\/\/www.gaveanews.com\/wp-content\/uploads\/Gabigol-pelo-Flamengo-na-final-da-Copa-do-Brasil.webp\",\"width\":800,\"height\":532,\"caption\":\"Gabigol na disputa de p\u00eanaltis pela final da Copa do Brasil (Foto: Marcelo Cortes\/Flamengo)\"},{\"@type\":\"BreadcrumbList\",\"@id\":\"https:\/\/www.gaveanews.com\/index.php\/2022\/11\/10\/gabigol-sera-titular-contra-o-avai-david-luiz-leo-pereira-thiago-maia-vidal-e-joao-gomes-tambem-devem-jogar\/#breadcrumb\",\"itemListElement\":[{\"@type\":\"ListItem\",\"position\":1,\"name\":\"Home\",\"item\":\"https:\/\/www.gaveanews.com\/\"},{\"@type\":\"ListItem\",\"position\":2,\"name\":\"Gabigol ser\u00e1 titular contra o Ava\u00ed; David Luiz, L\u00e9o Pereira, Thiago Maia, Vidal e Jo\u00e3o Gomes tamb\u00e9m devem jogar\"}]},{\"@type\":\"WebSite\",\"@id\":\"https:\/\/www.gaveanews.com\/#website\",\"url\":\"https:\/\/www.gaveanews.com\/\",\"name\":\"G\u00e1vea News\",\"description\":\"Veja todas as not\u00edcias sobre o Flamengo: Contrata\u00e7\u00f5es, categorias de base, resultados das partidas, tabela de classifica\u00e7\u00e3o, pr\u00f3ximos jogos!\",\"potentialAction\":[{\"@type\":\"SearchAction\",\"target\":{\"@type\":\"EntryPoint\",\"urlTemplate\":\"https:\/\/www.gaveanews.com\/?s={search_term_string}\"},\"query-input\":{\"@type\":\"PropertyValueSpecification\",\"valueRequired\":true,\"valueName\":\"search_term_string\"}}],\"inLanguage\":\"pt-BR\"},{\"@type\":\"Person\",\"@id\":\"https:\/\/www.gaveanews.com\/#\/schema\/person\/2ec14f73fb96be2caf28f91afb14749d\",\"name\":\"Equipe G\u00e1vea News\",\"image\":{\"@type\":\"ImageObject\",\"inLanguage\":\"pt-BR\",\"@id\":\"https:\/\/www.gaveanews.com\/#\/schema\/person\/image\/\",\"url\":\"https:\/\/secure.gravatar.com\/avatar\/1e1956f1facbffd3f8fa53a326721950116b3b9dc9bd44939c01180fd4a745a9?s=96&d=mm&r=g\",\"contentUrl\":\"https:\/\/secure.gravatar.com\/avatar\/1e1956f1facbffd3f8fa53a326721950116b3b9dc9bd44939c01180fd4a745a9?s=96&d=mm&r=g\",\"caption\":\"Equipe G\u00e1vea News\"}}]}<\/script>\n<!-- \/ Yoast SEO Premium plugin. -->","yoast_head_json":{"title":"Gabigol ser\u00e1 titular contra o Ava\u00ed; David Luiz, L\u00e9o Pereira, Thiago Maia, Vidal e Jo\u00e3o Gomes tamb\u00e9m devem jogar","robots":{"index":"index","follow":"follow","max-snippet":"max-snippet:-1","max-image-preview":"max-image-preview:large","max-video-preview":"max-video-preview:-1"},"canonical":"https:\/\/www.gaveanews.com\/index.php\/2022\/11\/10\/gabigol-sera-titular-contra-o-avai-david-luiz-leo-pereira-thiago-maia-vidal-e-joao-gomes-tambem-devem-jogar\/","og_locale":"pt_BR","og_type":"article","og_title":"Gabigol ser\u00e1 titular contra o Ava\u00ed; David Luiz, L\u00e9o Pereira, Thiago Maia, Vidal e Jo\u00e3o Gomes tamb\u00e9m devem jogar","og_description":"O Flamengo ter\u00e1 a volta de alguns titulares para a despedida dos Diegos Ribas e Alves no s\u00e1bado, contra o Ava\u00ed, \u00e0s 16h. Um deles \u00e9 Gabigol, que vem treinando normalmente e quer participar do \u00faltimo jogo que os amigos far\u00e3o com a camisa do clube. O 9 rubro-negro s\u00f3 n\u00e3o jogar\u00e1 se acontecer algo [&hellip;]","og_url":"https:\/\/www.gaveanews.com\/index.php\/2022\/11\/10\/gabigol-sera-titular-contra-o-avai-david-luiz-leo-pereira-thiago-maia-vidal-e-joao-gomes-tambem-devem-jogar\/","og_site_name":"G\u00e1vea News","article_publisher":"https:\/\/facebook.com\/gaveaNews\/","article_published_time":"2022-11-10T17:16:01+00:00","article_modified_time":"2024-04-07T12:39:59+00:00","og_image":[{"width":800,"height":532,"url":"https:\/\/www.gaveanews.com\/wp-content\/uploads\/Gabigol-pelo-Flamengo-na-final-da-Copa-do-Brasil.webp","type":"image\/jpeg"}],"author":"Equipe G\u00e1vea News","twitter_card":"summary_large_image","twitter_misc":{"Escrito por":"Equipe G\u00e1vea News","Est. tempo de leitura":"2 minutos"},"schema":{"@context":"https:\/\/schema.org","@graph":[{"@type":"NewsArticle","@id":"https:\/\/www.gaveanews.com\/index.php\/2022\/11\/10\/gabigol-sera-titular-contra-o-avai-david-luiz-leo-pereira-thiago-maia-vidal-e-joao-gomes-tambem-devem-jogar\/#article","isPartOf":{"@id":"https:\/\/www.gaveanews.com\/index.php\/2022\/11\/10\/gabigol-sera-titular-contra-o-avai-david-luiz-leo-pereira-thiago-maia-vidal-e-joao-gomes-tambem-devem-jogar\/"},"author":{"name":"Equipe G\u00e1vea News","@id":"https:\/\/www.gaveanews.com\/#\/schema\/person\/2ec14f73fb96be2caf28f91afb14749d"},"headline":"Gabigol ser\u00e1 titular contra o Ava\u00ed; David Luiz, L\u00e9o Pereira, Thiago Maia, Vidal e Jo\u00e3o Gomes tamb\u00e9m devem jogar","datePublished":"2022-11-10T17:16:01+00:00","dateModified":"2024-04-07T12:39:59+00:00","mainEntityOfPage":{"@id":"https:\/\/www.gaveanews.com\/index.php\/2022\/11\/10\/gabigol-sera-titular-contra-o-avai-david-luiz-leo-pereira-thiago-maia-vidal-e-joao-gomes-tambem-devem-jogar\/"},"wordCount":350,"commentCount":0,"image":{"@id":"https:\/\/www.gaveanews.com\/index.php\/2022\/11\/10\/gabigol-sera-titular-contra-o-avai-david-luiz-leo-pereira-thiago-maia-vidal-e-joao-gomes-tambem-devem-jogar\/#primaryimage"},"thumbnailUrl":"https:\/\/www.gaveanews.com\/wp-content\/uploads\/Gabigol-pelo-Flamengo-na-final-da-Copa-do-Brasil.webp","keywords":["Leonardo Pereira"],"articleSection":["Flamengo"],"inLanguage":"pt-BR","potentialAction":[{"@type":"CommentAction","name":"Comment","target":["https:\/\/www.gaveanews.com\/index.php\/2022\/11\/10\/gabigol-sera-titular-contra-o-avai-david-luiz-leo-pereira-thiago-maia-vidal-e-joao-gomes-tambem-devem-jogar\/#respond"]}],"copyrightYear":"2022","copyrightHolder":{"@id":"https:\/\/www.gaveanews.com\/#organization"}},{"@type":"WebPage","@id":"https:\/\/www.gaveanews.com\/index.php\/2022\/11\/10\/gabigol-sera-titular-contra-o-avai-david-luiz-leo-pereira-thiago-maia-vidal-e-joao-gomes-tambem-devem-jogar\/","url":"https:\/\/www.gaveanews.com\/index.php\/2022\/11\/10\/gabigol-sera-titular-contra-o-avai-david-luiz-leo-pereira-thiago-maia-vidal-e-joao-gomes-tambem-devem-jogar\/","name":"Gabigol ser\u00e1 titular contra o Ava\u00ed; David Luiz, L\u00e9o Pereira, Thiago Maia, Vidal e Jo\u00e3o Gomes tamb\u00e9m devem jogar","isPartOf":{"@id":"https:\/\/www.gaveanews.com\/#website"},"primaryImageOfPage":{"@id":"https:\/\/www.gaveanews.com\/index.php\/2022\/11\/10\/gabigol-sera-titular-contra-o-avai-david-luiz-leo-pereira-thiago-maia-vidal-e-joao-gomes-tambem-devem-jogar\/#primaryimage"},"image":{"@id":"https:\/\/www.gaveanews.com\/index.php\/2022\/11\/10\/gabigol-sera-titular-contra-o-avai-david-luiz-leo-pereira-thiago-maia-vidal-e-joao-gomes-tambem-devem-jogar\/#primaryimage"},"thumbnailUrl":"https:\/\/www.gaveanews.com\/wp-content\/uploads\/Gabigol-pelo-Flamengo-na-final-da-Copa-do-Brasil.webp","datePublished":"2022-11-10T17:16:01+00:00","dateModified":"2024-04-07T12:39:59+00:00","author":{"@id":"https:\/\/www.gaveanews.com\/#\/schema\/person\/2ec14f73fb96be2caf28f91afb14749d"},"breadcrumb":{"@id":"https:\/\/www.gaveanews.com\/index.php\/2022\/11\/10\/gabigol-sera-titular-contra-o-avai-david-luiz-leo-pereira-thiago-maia-vidal-e-joao-gomes-tambem-devem-jogar\/#breadcrumb"},"inLanguage":"pt-BR","potentialAction":[{"@type":"ReadAction","target":["https:\/\/www.gaveanews.com\/index.php\/2022\/11\/10\/gabigol-sera-titular-contra-o-avai-david-luiz-leo-pereira-thiago-maia-vidal-e-joao-gomes-tambem-devem-jogar\/"]}]},{"@type":"ImageObject","inLanguage":"pt-BR","@id":"https:\/\/www.gaveanews.com\/index.php\/2022\/11\/10\/gabigol-sera-titular-contra-o-avai-david-luiz-leo-pereira-thiago-maia-vidal-e-joao-gomes-tambem-devem-jogar\/#primaryimage","url":"https:\/\/www.gaveanews.com\/wp-content\/uploads\/Gabigol-pelo-Flamengo-na-final-da-Copa-do-Brasil.webp","contentUrl":"https:\/\/www.gaveanews.com\/wp-content\/uploads\/Gabigol-pelo-Flamengo-na-final-da-Copa-do-Brasil.webp","width":800,"height":532,"caption":"Gabigol na disputa de p\u00eanaltis pela final da Copa do Brasil (Foto: Marcelo Cortes\/Flamengo)"},{"@type":"BreadcrumbList","@id":"https:\/\/www.gaveanews.com\/index.php\/2022\/11\/10\/gabigol-sera-titular-contra-o-avai-david-luiz-leo-pereira-thiago-maia-vidal-e-joao-gomes-tambem-devem-jogar\/#breadcrumb","itemListElement":[{"@type":"ListItem","position":1,"name":"Home","item":"https:\/\/www.gaveanews.com\/"},{"@type":"ListItem","position":2,"name":"Gabigol ser\u00e1 titular contra o Ava\u00ed; David Luiz, L\u00e9o Pereira, Thiago Maia, Vidal e Jo\u00e3o Gomes tamb\u00e9m devem jogar"}]},{"@type":"WebSite","@id":"https:\/\/www.gaveanews.com\/#website","url":"https:\/\/www.gaveanews.com\/","name":"G\u00e1vea News","description":"Veja todas as not\u00edcias sobre o Flamengo: Contrata\u00e7\u00f5es, categorias de base, resultados das partidas, tabela de classifica\u00e7\u00e3o, pr\u00f3ximos jogos!","potentialAction":[{"@type":"SearchAction","target":{"@type":"EntryPoint","urlTemplate":"https:\/\/www.gaveanews.com\/?s={search_term_string}"},"query-input":{"@type":"PropertyValueSpecification","valueRequired":true,"valueName":"search_term_string"}}],"inLanguage":"pt-BR"},{"@type":"Person","@id":"https:\/\/www.gaveanews.com\/#\/schema\/person\/2ec14f73fb96be2caf28f91afb14749d","name":"Equipe G\u00e1vea News","image":{"@type":"ImageObject","inLanguage":"pt-BR","@id":"https:\/\/www.gaveanews.com\/#\/schema\/person\/image\/","url":"https:\/\/secure.gravatar.com\/avatar\/1e1956f1facbffd3f8fa53a326721950116b3b9dc9bd44939c01180fd4a745a9?s=96&d=mm&r=g","contentUrl":"https:\/\/secure.gravatar.com\/avatar\/1e1956f1facbffd3f8fa53a326721950116b3b9dc9bd44939c01180fd4a745a9?s=96&d=mm&r=g","caption":"Equipe G\u00e1vea News"}}]}},"_links":{"self":[{"href":"https:\/\/www.gaveanews.com\/index.php\/wp-json\/wp\/v2\/posts\/90486","targetHints":{"allow":["GET"]}}],"collection":[{"href":"https:\/\/www.gaveanews.com\/index.php\/wp-json\/wp\/v2\/posts"}],"about":[{"href":"https:\/\/www.gaveanews.com\/index.php\/wp-json\/wp\/v2\/types\/post"}],"author":[{"embeddable":true,"href":"https:\/\/www.gaveanews.com\/index.php\/wp-json\/wp\/v2\/users\/1"}],"replies":[{"embeddable":true,"href":"https:\/\/www.gaveanews.com\/index.php\/wp-json\/wp\/v2\/comments?post=90486"}],"version-history":[{"count":1,"href":"https:\/\/www.gaveanews.com\/index.php\/wp-json\/wp\/v2\/posts\/90486\/revisions"}],"predecessor-version":[{"id":137119,"href":"https:\/\/www.gaveanews.com\/index.php\/wp-json\/wp\/v2\/posts\/90486\/revisions\/137119"}],"wp:featuredmedia":[{"embeddable":true,"href":"https:\/\/www.gaveanews.com\/index.php\/wp-json\/wp\/v2\/media\/89329"}],"wp:attachment":[{"href":"https:\/\/www.gaveanews.com\/index.php\/wp-json\/wp\/v2\/media?parent=90486"}],"wp:term":[{"taxonomy":"category","embeddable":true,"href":"https:\/\/www.gaveanews.com\/index.php\/wp-json\/wp\/v2\/categories?post=90486"},{"taxonomy":"post_tag","embeddable":true,"href":"https:\/\/www.gaveanews.com\/index.php\/wp-json\/wp\/v2\/tags?post=90486"}],"curies":[{"name":"wp","href":"https:\/\/api.w.org\/{rel}","templated":true}]}}