{"id":90501,"date":"2022-11-10T18:53:45","date_gmt":"2022-11-10T21:53:45","guid":{"rendered":"https:\/\/www.gaveanews.com\/?p=90501"},"modified":"2022-11-10T18:53:48","modified_gmt":"2022-11-10T21:53:48","slug":"flamengo-mira-atacante-do-red-bull-bragantino-para-substituir-marinho","status":"publish","type":"post","link":"https:\/\/www.gaveanews.com\/index.php\/2022\/11\/10\/flamengo-mira-atacante-do-red-bull-bragantino-para-substituir-marinho\/","title":{"rendered":"Flamengo mira atacante do Red Bull Bragantino para substituir Marinho"},"content":{"rendered":"\n<p>Um dos nomes preferidos do Flamengo para 2023 se encontra no Brasil. Trata-se do atacante Artur, de 24 anos, do Red Bull Bragantino. O Rubro-Negro, por\u00e9m, esbarra nos planos do clube paulista, que prioriza uma negocia\u00e7\u00e3o do jogador para o exterior, como \u00e9 do perfil da agremia\u00e7\u00e3o em se tratando de seus jovens ativos.<\/p>\n\n\n\n<p>Na avalia\u00e7\u00e3o da diretoria flamenguista \u2014 que tem na figura do vice de futebol, Marcos Braz, um grande entusiasta \u2014 Artur se encaixa perfeitamente no setor hoje ocupado por Marinho, que chegou este ano, mas n\u00e3o rendeu o esperado, o que deve fazer com que os dirigentes n\u00e3o se oponham a um poss\u00edvel acordo pelo ex-santista, que tem recebido sondagens de clubes da S\u00e9rie A.<\/p>\n\n\n\n<p>A ideia inicial do grupo Red Bull, por\u00e9m, \u00e9 mant\u00ea-lo no projeto global da companhia, o que incluiria uma transfer\u00eancia para o Leipzig, da Alemanha. Outras equipes, no entanto, j\u00e1 sondaram o atleta, incluindo europeias, o Corinthians e uma do Qatar, que ofereceu cerca de 10 milh\u00f5es de euros (algo em torno de R$ 54 milh\u00f5es), o que \u00e9 pr\u00f3ximo do pre\u00e7o estipulado para sua multa rescis\u00f3ria. Seu contrato \u00e9 at\u00e9 o fim de 2024.<br>Em 2020, Artur se tornou a segunda contrata\u00e7\u00e3o mais cara da hist\u00f3ria do Bragantino, que pagou R$ 25 milh\u00f5es por ele ao Palmeiras, ficando atr\u00e1s apenas de Bruno Praxedes, que foi comprado junto ao Internacional por cerca de R$ 36 milh\u00f5es.<\/p>\n\n\n\n<p>Paralelamente, o Flamengo tem negocia\u00e7\u00f5es avan\u00e7adas para o retorno do meia G\u00e9rson, do Olympique de Marseille, da Fran\u00e7a. O jogador n\u00e3o foi relacionado para o jogo contra o M\u00f4naco neste fim de semana e \u00e9 aguardado amanh\u00e3 (11) no Rio de Janeiro. Entre o Rubro-Negro e o atleta j\u00e1 h\u00e1 um acordo verbal, e a diretoria do Fla busca agora um acerto com o clube franc\u00eas em rela\u00e7\u00e3o aos termos de pagamento.<\/p>\n\n\n\n<p>Os dirigentes da G\u00e1vea tentam tamb\u00e9m articular um acordo com o Spartak Moscow, da R\u00fassia, pela compra do lateral esquerdo Ayrton Lucas, que ter\u00e1 seu contrato de empr\u00e9stimo encerrado neste fim de ano. Os valores atuais estipulados para a compra s\u00e3o considerados altos.<\/p>\n\n\n\n<p>Em outro est\u00e1gio de neg\u00f3cios est\u00e3o as renova\u00e7\u00f5es de David Luiz, Filipe Lu\u00eds e do t\u00e9cnico Dorival J\u00fanior, que est\u00e3o muito bem encaminhadas. O empres\u00e1rio do treinador, inclusive, \u00e9 aguardado neste fim de semana no Rio de Janeiro para tratar do assunto.<\/p>\n\n\n\n<p>Retirado de: UOL<\/p>\n","protected":false},"excerpt":{"rendered":"<p>Um dos nomes preferidos do Flamengo para 2023 se encontra no Brasil. Trata-se do atacante Artur, de 24 anos, do Red Bull Bragantino. O Rubro-Negro, por\u00e9m, esbarra nos planos do clube paulista, que prioriza uma negocia\u00e7\u00e3o do jogador para o exterior, como \u00e9 do perfil da agremia\u00e7\u00e3o em se tratando de seus jovens ativos. Na [&hellip;]<\/p>\n","protected":false},"author":1,"featured_media":90329,"comment_status":"open","ping_status":"closed","sticky":false,"template":"","format":"standard","meta":{"footnotes":""},"categories":[48],"tags":[],"class_list":["post-90501","post","type-post","status-publish","format-standard","has-post-thumbnail","hentry","category-negociacoes"],"yoast_head":"<!-- This site is optimized with the Yoast SEO Premium plugin v24.2 (Yoast SEO v26.9) - https:\/\/yoast.com\/product\/yoast-seo-premium-wordpress\/ -->\n<title>Flamengo mira atacante do Red Bull Bragantino para substituir Marinho<\/title>\n<meta name=\"robots\" content=\"index, follow, max-snippet:-1, max-image-preview:large, max-video-preview:-1\" \/>\n<link rel=\"canonical\" href=\"https:\/\/www.gaveanews.com\/index.php\/2022\/11\/10\/flamengo-mira-atacante-do-red-bull-bragantino-para-substituir-marinho\/\" \/>\n<meta property=\"og:locale\" content=\"pt_BR\" \/>\n<meta property=\"og:type\" content=\"article\" \/>\n<meta property=\"og:title\" content=\"Flamengo mira atacante do Red Bull Bragantino para substituir Marinho\" \/>\n<meta property=\"og:description\" content=\"Um dos nomes preferidos do Flamengo para 2023 se encontra no Brasil. Trata-se do atacante Artur, de 24 anos, do Red Bull Bragantino. O Rubro-Negro, por\u00e9m, esbarra nos planos do clube paulista, que prioriza uma negocia\u00e7\u00e3o do jogador para o exterior, como \u00e9 do perfil da agremia\u00e7\u00e3o em se tratando de seus jovens ativos. Na [&hellip;]\" \/>\n<meta property=\"og:url\" content=\"https:\/\/www.gaveanews.com\/index.php\/2022\/11\/10\/flamengo-mira-atacante-do-red-bull-bragantino-para-substituir-marinho\/\" \/>\n<meta property=\"og:site_name\" content=\"G\u00e1vea News\" \/>\n<meta property=\"article:publisher\" content=\"https:\/\/facebook.com\/gaveaNews\/\" \/>\n<meta property=\"article:published_time\" content=\"2022-11-10T21:53:45+00:00\" \/>\n<meta property=\"article:modified_time\" content=\"2022-11-10T21:53:48+00:00\" \/>\n<meta property=\"og:image\" content=\"https:\/\/www.gaveanews.com\/wp-content\/uploads\/marinho-flamengo.webp\" \/>\n\t<meta property=\"og:image:width\" content=\"533\" \/>\n\t<meta property=\"og:image:height\" content=\"799\" \/>\n\t<meta property=\"og:image:type\" content=\"image\/jpeg\" \/>\n<meta name=\"author\" content=\"Equipe G\u00e1vea News\" \/>\n<meta name=\"twitter:card\" content=\"summary_large_image\" \/>\n<meta name=\"twitter:label1\" content=\"Escrito por\" \/>\n\t<meta name=\"twitter:data1\" content=\"Equipe G\u00e1vea News\" \/>\n\t<meta name=\"twitter:label2\" content=\"Est. tempo de leitura\" \/>\n\t<meta name=\"twitter:data2\" content=\"3 minutos\" \/>\n<script type=\"application\/ld+json\" class=\"yoast-schema-graph\">{\"@context\":\"https:\/\/schema.org\",\"@graph\":[{\"@type\":\"NewsArticle\",\"@id\":\"https:\/\/www.gaveanews.com\/index.php\/2022\/11\/10\/flamengo-mira-atacante-do-red-bull-bragantino-para-substituir-marinho\/#article\",\"isPartOf\":{\"@id\":\"https:\/\/www.gaveanews.com\/index.php\/2022\/11\/10\/flamengo-mira-atacante-do-red-bull-bragantino-para-substituir-marinho\/\"},\"author\":{\"name\":\"Equipe G\u00e1vea News\",\"@id\":\"https:\/\/www.gaveanews.com\/#\/schema\/person\/2ec14f73fb96be2caf28f91afb14749d\"},\"headline\":\"Flamengo mira atacante do Red Bull Bragantino para substituir Marinho\",\"datePublished\":\"2022-11-10T21:53:45+00:00\",\"dateModified\":\"2022-11-10T21:53:48+00:00\",\"mainEntityOfPage\":{\"@id\":\"https:\/\/www.gaveanews.com\/index.php\/2022\/11\/10\/flamengo-mira-atacante-do-red-bull-bragantino-para-substituir-marinho\/\"},\"wordCount\":431,\"commentCount\":0,\"image\":{\"@id\":\"https:\/\/www.gaveanews.com\/index.php\/2022\/11\/10\/flamengo-mira-atacante-do-red-bull-bragantino-para-substituir-marinho\/#primaryimage\"},\"thumbnailUrl\":\"https:\/\/www.gaveanews.com\/wp-content\/uploads\/marinho-flamengo.webp\",\"articleSection\":[\"Negocia\u00e7\u00f5es\"],\"inLanguage\":\"pt-BR\",\"potentialAction\":[{\"@type\":\"CommentAction\",\"name\":\"Comment\",\"target\":[\"https:\/\/www.gaveanews.com\/index.php\/2022\/11\/10\/flamengo-mira-atacante-do-red-bull-bragantino-para-substituir-marinho\/#respond\"]}],\"copyrightYear\":\"2022\",\"copyrightHolder\":{\"@id\":\"https:\/\/www.gaveanews.com\/#organization\"}},{\"@type\":\"WebPage\",\"@id\":\"https:\/\/www.gaveanews.com\/index.php\/2022\/11\/10\/flamengo-mira-atacante-do-red-bull-bragantino-para-substituir-marinho\/\",\"url\":\"https:\/\/www.gaveanews.com\/index.php\/2022\/11\/10\/flamengo-mira-atacante-do-red-bull-bragantino-para-substituir-marinho\/\",\"name\":\"Flamengo mira atacante do Red Bull Bragantino para substituir Marinho\",\"isPartOf\":{\"@id\":\"https:\/\/www.gaveanews.com\/#website\"},\"primaryImageOfPage\":{\"@id\":\"https:\/\/www.gaveanews.com\/index.php\/2022\/11\/10\/flamengo-mira-atacante-do-red-bull-bragantino-para-substituir-marinho\/#primaryimage\"},\"image\":{\"@id\":\"https:\/\/www.gaveanews.com\/index.php\/2022\/11\/10\/flamengo-mira-atacante-do-red-bull-bragantino-para-substituir-marinho\/#primaryimage\"},\"thumbnailUrl\":\"https:\/\/www.gaveanews.com\/wp-content\/uploads\/marinho-flamengo.webp\",\"datePublished\":\"2022-11-10T21:53:45+00:00\",\"dateModified\":\"2022-11-10T21:53:48+00:00\",\"author\":{\"@id\":\"https:\/\/www.gaveanews.com\/#\/schema\/person\/2ec14f73fb96be2caf28f91afb14749d\"},\"breadcrumb\":{\"@id\":\"https:\/\/www.gaveanews.com\/index.php\/2022\/11\/10\/flamengo-mira-atacante-do-red-bull-bragantino-para-substituir-marinho\/#breadcrumb\"},\"inLanguage\":\"pt-BR\",\"potentialAction\":[{\"@type\":\"ReadAction\",\"target\":[\"https:\/\/www.gaveanews.com\/index.php\/2022\/11\/10\/flamengo-mira-atacante-do-red-bull-bragantino-para-substituir-marinho\/\"]}]},{\"@type\":\"ImageObject\",\"inLanguage\":\"pt-BR\",\"@id\":\"https:\/\/www.gaveanews.com\/index.php\/2022\/11\/10\/flamengo-mira-atacante-do-red-bull-bragantino-para-substituir-marinho\/#primaryimage\",\"url\":\"https:\/\/www.gaveanews.com\/wp-content\/uploads\/marinho-flamengo.webp\",\"contentUrl\":\"https:\/\/www.gaveanews.com\/wp-content\/uploads\/marinho-flamengo.webp\",\"width\":533,\"height\":799,\"caption\":\"Marinho em a\u00e7\u00e3o pelo Flamengo contra o Coritiba (Foto: Gilvan de Souza\/Flamengo)\"},{\"@type\":\"BreadcrumbList\",\"@id\":\"https:\/\/www.gaveanews.com\/index.php\/2022\/11\/10\/flamengo-mira-atacante-do-red-bull-bragantino-para-substituir-marinho\/#breadcrumb\",\"itemListElement\":[{\"@type\":\"ListItem\",\"position\":1,\"name\":\"Home\",\"item\":\"https:\/\/www.gaveanews.com\/\"},{\"@type\":\"ListItem\",\"position\":2,\"name\":\"Flamengo mira atacante do Red Bull Bragantino para substituir Marinho\"}]},{\"@type\":\"WebSite\",\"@id\":\"https:\/\/www.gaveanews.com\/#website\",\"url\":\"https:\/\/www.gaveanews.com\/\",\"name\":\"G\u00e1vea News\",\"description\":\"Veja todas as not\u00edcias sobre o Flamengo: Contrata\u00e7\u00f5es, categorias de base, resultados das partidas, tabela de classifica\u00e7\u00e3o, pr\u00f3ximos jogos!\",\"potentialAction\":[{\"@type\":\"SearchAction\",\"target\":{\"@type\":\"EntryPoint\",\"urlTemplate\":\"https:\/\/www.gaveanews.com\/?s={search_term_string}\"},\"query-input\":{\"@type\":\"PropertyValueSpecification\",\"valueRequired\":true,\"valueName\":\"search_term_string\"}}],\"inLanguage\":\"pt-BR\"},{\"@type\":\"Person\",\"@id\":\"https:\/\/www.gaveanews.com\/#\/schema\/person\/2ec14f73fb96be2caf28f91afb14749d\",\"name\":\"Equipe G\u00e1vea News\",\"image\":{\"@type\":\"ImageObject\",\"inLanguage\":\"pt-BR\",\"@id\":\"https:\/\/www.gaveanews.com\/#\/schema\/person\/image\/\",\"url\":\"https:\/\/secure.gravatar.com\/avatar\/1e1956f1facbffd3f8fa53a326721950116b3b9dc9bd44939c01180fd4a745a9?s=96&d=mm&r=g\",\"contentUrl\":\"https:\/\/secure.gravatar.com\/avatar\/1e1956f1facbffd3f8fa53a326721950116b3b9dc9bd44939c01180fd4a745a9?s=96&d=mm&r=g\",\"caption\":\"Equipe G\u00e1vea News\"}}]}<\/script>\n<!-- \/ Yoast SEO Premium plugin. -->","yoast_head_json":{"title":"Flamengo mira atacante do Red Bull Bragantino para substituir Marinho","robots":{"index":"index","follow":"follow","max-snippet":"max-snippet:-1","max-image-preview":"max-image-preview:large","max-video-preview":"max-video-preview:-1"},"canonical":"https:\/\/www.gaveanews.com\/index.php\/2022\/11\/10\/flamengo-mira-atacante-do-red-bull-bragantino-para-substituir-marinho\/","og_locale":"pt_BR","og_type":"article","og_title":"Flamengo mira atacante do Red Bull Bragantino para substituir Marinho","og_description":"Um dos nomes preferidos do Flamengo para 2023 se encontra no Brasil. Trata-se do atacante Artur, de 24 anos, do Red Bull Bragantino. O Rubro-Negro, por\u00e9m, esbarra nos planos do clube paulista, que prioriza uma negocia\u00e7\u00e3o do jogador para o exterior, como \u00e9 do perfil da agremia\u00e7\u00e3o em se tratando de seus jovens ativos. Na [&hellip;]","og_url":"https:\/\/www.gaveanews.com\/index.php\/2022\/11\/10\/flamengo-mira-atacante-do-red-bull-bragantino-para-substituir-marinho\/","og_site_name":"G\u00e1vea News","article_publisher":"https:\/\/facebook.com\/gaveaNews\/","article_published_time":"2022-11-10T21:53:45+00:00","article_modified_time":"2022-11-10T21:53:48+00:00","og_image":[{"width":533,"height":799,"url":"https:\/\/www.gaveanews.com\/wp-content\/uploads\/marinho-flamengo.webp","type":"image\/jpeg"}],"author":"Equipe G\u00e1vea News","twitter_card":"summary_large_image","twitter_misc":{"Escrito por":"Equipe G\u00e1vea News","Est. tempo de leitura":"3 minutos"},"schema":{"@context":"https:\/\/schema.org","@graph":[{"@type":"NewsArticle","@id":"https:\/\/www.gaveanews.com\/index.php\/2022\/11\/10\/flamengo-mira-atacante-do-red-bull-bragantino-para-substituir-marinho\/#article","isPartOf":{"@id":"https:\/\/www.gaveanews.com\/index.php\/2022\/11\/10\/flamengo-mira-atacante-do-red-bull-bragantino-para-substituir-marinho\/"},"author":{"name":"Equipe G\u00e1vea News","@id":"https:\/\/www.gaveanews.com\/#\/schema\/person\/2ec14f73fb96be2caf28f91afb14749d"},"headline":"Flamengo mira atacante do Red Bull Bragantino para substituir Marinho","datePublished":"2022-11-10T21:53:45+00:00","dateModified":"2022-11-10T21:53:48+00:00","mainEntityOfPage":{"@id":"https:\/\/www.gaveanews.com\/index.php\/2022\/11\/10\/flamengo-mira-atacante-do-red-bull-bragantino-para-substituir-marinho\/"},"wordCount":431,"commentCount":0,"image":{"@id":"https:\/\/www.gaveanews.com\/index.php\/2022\/11\/10\/flamengo-mira-atacante-do-red-bull-bragantino-para-substituir-marinho\/#primaryimage"},"thumbnailUrl":"https:\/\/www.gaveanews.com\/wp-content\/uploads\/marinho-flamengo.webp","articleSection":["Negocia\u00e7\u00f5es"],"inLanguage":"pt-BR","potentialAction":[{"@type":"CommentAction","name":"Comment","target":["https:\/\/www.gaveanews.com\/index.php\/2022\/11\/10\/flamengo-mira-atacante-do-red-bull-bragantino-para-substituir-marinho\/#respond"]}],"copyrightYear":"2022","copyrightHolder":{"@id":"https:\/\/www.gaveanews.com\/#organization"}},{"@type":"WebPage","@id":"https:\/\/www.gaveanews.com\/index.php\/2022\/11\/10\/flamengo-mira-atacante-do-red-bull-bragantino-para-substituir-marinho\/","url":"https:\/\/www.gaveanews.com\/index.php\/2022\/11\/10\/flamengo-mira-atacante-do-red-bull-bragantino-para-substituir-marinho\/","name":"Flamengo mira atacante do Red Bull Bragantino para substituir Marinho","isPartOf":{"@id":"https:\/\/www.gaveanews.com\/#website"},"primaryImageOfPage":{"@id":"https:\/\/www.gaveanews.com\/index.php\/2022\/11\/10\/flamengo-mira-atacante-do-red-bull-bragantino-para-substituir-marinho\/#primaryimage"},"image":{"@id":"https:\/\/www.gaveanews.com\/index.php\/2022\/11\/10\/flamengo-mira-atacante-do-red-bull-bragantino-para-substituir-marinho\/#primaryimage"},"thumbnailUrl":"https:\/\/www.gaveanews.com\/wp-content\/uploads\/marinho-flamengo.webp","datePublished":"2022-11-10T21:53:45+00:00","dateModified":"2022-11-10T21:53:48+00:00","author":{"@id":"https:\/\/www.gaveanews.com\/#\/schema\/person\/2ec14f73fb96be2caf28f91afb14749d"},"breadcrumb":{"@id":"https:\/\/www.gaveanews.com\/index.php\/2022\/11\/10\/flamengo-mira-atacante-do-red-bull-bragantino-para-substituir-marinho\/#breadcrumb"},"inLanguage":"pt-BR","potentialAction":[{"@type":"ReadAction","target":["https:\/\/www.gaveanews.com\/index.php\/2022\/11\/10\/flamengo-mira-atacante-do-red-bull-bragantino-para-substituir-marinho\/"]}]},{"@type":"ImageObject","inLanguage":"pt-BR","@id":"https:\/\/www.gaveanews.com\/index.php\/2022\/11\/10\/flamengo-mira-atacante-do-red-bull-bragantino-para-substituir-marinho\/#primaryimage","url":"https:\/\/www.gaveanews.com\/wp-content\/uploads\/marinho-flamengo.webp","contentUrl":"https:\/\/www.gaveanews.com\/wp-content\/uploads\/marinho-flamengo.webp","width":533,"height":799,"caption":"Marinho em a\u00e7\u00e3o pelo Flamengo contra o Coritiba (Foto: Gilvan de Souza\/Flamengo)"},{"@type":"BreadcrumbList","@id":"https:\/\/www.gaveanews.com\/index.php\/2022\/11\/10\/flamengo-mira-atacante-do-red-bull-bragantino-para-substituir-marinho\/#breadcrumb","itemListElement":[{"@type":"ListItem","position":1,"name":"Home","item":"https:\/\/www.gaveanews.com\/"},{"@type":"ListItem","position":2,"name":"Flamengo mira atacante do Red Bull Bragantino para substituir Marinho"}]},{"@type":"WebSite","@id":"https:\/\/www.gaveanews.com\/#website","url":"https:\/\/www.gaveanews.com\/","name":"G\u00e1vea News","description":"Veja todas as not\u00edcias sobre o Flamengo: Contrata\u00e7\u00f5es, categorias de base, resultados das partidas, tabela de classifica\u00e7\u00e3o, pr\u00f3ximos jogos!","potentialAction":[{"@type":"SearchAction","target":{"@type":"EntryPoint","urlTemplate":"https:\/\/www.gaveanews.com\/?s={search_term_string}"},"query-input":{"@type":"PropertyValueSpecification","valueRequired":true,"valueName":"search_term_string"}}],"inLanguage":"pt-BR"},{"@type":"Person","@id":"https:\/\/www.gaveanews.com\/#\/schema\/person\/2ec14f73fb96be2caf28f91afb14749d","name":"Equipe G\u00e1vea News","image":{"@type":"ImageObject","inLanguage":"pt-BR","@id":"https:\/\/www.gaveanews.com\/#\/schema\/person\/image\/","url":"https:\/\/secure.gravatar.com\/avatar\/1e1956f1facbffd3f8fa53a326721950116b3b9dc9bd44939c01180fd4a745a9?s=96&d=mm&r=g","contentUrl":"https:\/\/secure.gravatar.com\/avatar\/1e1956f1facbffd3f8fa53a326721950116b3b9dc9bd44939c01180fd4a745a9?s=96&d=mm&r=g","caption":"Equipe G\u00e1vea News"}}]}},"_links":{"self":[{"href":"https:\/\/www.gaveanews.com\/index.php\/wp-json\/wp\/v2\/posts\/90501","targetHints":{"allow":["GET"]}}],"collection":[{"href":"https:\/\/www.gaveanews.com\/index.php\/wp-json\/wp\/v2\/posts"}],"about":[{"href":"https:\/\/www.gaveanews.com\/index.php\/wp-json\/wp\/v2\/types\/post"}],"author":[{"embeddable":true,"href":"https:\/\/www.gaveanews.com\/index.php\/wp-json\/wp\/v2\/users\/1"}],"replies":[{"embeddable":true,"href":"https:\/\/www.gaveanews.com\/index.php\/wp-json\/wp\/v2\/comments?post=90501"}],"version-history":[{"count":0,"href":"https:\/\/www.gaveanews.com\/index.php\/wp-json\/wp\/v2\/posts\/90501\/revisions"}],"wp:featuredmedia":[{"embeddable":true,"href":"https:\/\/www.gaveanews.com\/index.php\/wp-json\/wp\/v2\/media\/90329"}],"wp:attachment":[{"href":"https:\/\/www.gaveanews.com\/index.php\/wp-json\/wp\/v2\/media?parent=90501"}],"wp:term":[{"taxonomy":"category","embeddable":true,"href":"https:\/\/www.gaveanews.com\/index.php\/wp-json\/wp\/v2\/categories?post=90501"},{"taxonomy":"post_tag","embeddable":true,"href":"https:\/\/www.gaveanews.com\/index.php\/wp-json\/wp\/v2\/tags?post=90501"}],"curies":[{"name":"wp","href":"https:\/\/api.w.org\/{rel}","templated":true}]}}