{"id":90702,"date":"2022-11-15T18:18:57","date_gmt":"2022-11-15T21:18:57","guid":{"rendered":"https:\/\/www.gaveanews.com\/?p=90702"},"modified":"2022-11-15T18:18:59","modified_gmt":"2022-11-15T21:18:59","slug":"gerson-publica-mensagem-direcionada-ao-flamengo","status":"publish","type":"post","link":"https:\/\/www.gaveanews.com\/index.php\/2022\/11\/15\/gerson-publica-mensagem-direcionada-ao-flamengo\/","title":{"rendered":"Gerson publica mensagem direcionada ao Flamengo"},"content":{"rendered":"\n<p>Gerson nunca escondeu seu amor pelo Flamengo e provou isso mais uma vez. Inclusive, o meia fez quest\u00e3o de parabenizar a institui\u00e7\u00e3o pelo anivers\u00e1rio de 127 anos.<\/p>\n\n\n\n<p><em>\u2014 Parab\u00e9ns pelos 127 anos de hist\u00f3ria, Flamengo! Uma honra e orgulho poder ter participado de p\u00e1ginas t\u00e3o vencedoras dessa trajet\u00f3ria<\/em> &#8211; publicou Gerson nas redes sociais.<\/p>\n\n\n\n<figure class=\"wp-block-embed is-type-rich is-provider-twitter wp-block-embed-twitter\"><div class=\"wp-block-embed__wrapper\">\n<blockquote class=\"twitter-tweet\" data-width=\"550\" data-dnt=\"true\"><p lang=\"pt\" dir=\"ltr\">Parab\u00e9ns pelos 127 anos de hist\u00f3ria, <a href=\"https:\/\/twitter.com\/Flamengo?ref_src=twsrc%5Etfw\">@Flamengo<\/a>.<br><br>Uma honra e orgulho poder ter participado de p\u00e1ginas t\u00e3o vencedoras dessa trajet\u00f3ria.<a href=\"https:\/\/twitter.com\/hashtag\/FLA127?src=hash&amp;ref_src=twsrc%5Etfw\">#FLA127<\/a> <a href=\"https:\/\/t.co\/0c7EeeEyaC\">pic.twitter.com\/0c7EeeEyaC<\/a><\/p>&mdash; Gerson Santos (@GersonSantos08) <a href=\"https:\/\/twitter.com\/GersonSantos08\/status\/1592599936691949568?ref_src=twsrc%5Etfw\">November 15, 2022<\/a><\/blockquote><script async src=\"https:\/\/platform.twitter.com\/widgets.js\" charset=\"utf-8\"><\/script>\n<\/div><\/figure>\n\n\n\n<p>Retirado de: Lance<\/p>\n","protected":false},"excerpt":{"rendered":"<p>Gerson nunca escondeu seu amor pelo Flamengo e provou isso mais uma vez. Inclusive, o meia fez quest\u00e3o de parabenizar a institui\u00e7\u00e3o pelo anivers\u00e1rio de 127 anos. \u2014 Parab\u00e9ns pelos 127 anos de hist\u00f3ria, Flamengo! Uma honra e orgulho poder ter participado de p\u00e1ginas t\u00e3o vencedoras dessa trajet\u00f3ria &#8211; publicou Gerson nas redes sociais. Retirado [&hellip;]<\/p>\n","protected":false},"author":1,"featured_media":62912,"comment_status":"open","ping_status":"closed","sticky":false,"template":"","format":"standard","meta":{"footnotes":""},"categories":[1],"tags":[],"class_list":["post-90702","post","type-post","status-publish","format-standard","has-post-thumbnail","hentry","category-flamengo"],"yoast_head":"<!-- This site is optimized with the Yoast SEO Premium plugin v24.2 (Yoast SEO v26.9) - https:\/\/yoast.com\/product\/yoast-seo-premium-wordpress\/ -->\n<title>Gerson publica mensagem direcionada ao Flamengo<\/title>\n<meta name=\"robots\" content=\"index, follow, max-snippet:-1, max-image-preview:large, max-video-preview:-1\" \/>\n<link rel=\"canonical\" href=\"https:\/\/www.gaveanews.com\/index.php\/2022\/11\/15\/gerson-publica-mensagem-direcionada-ao-flamengo\/\" \/>\n<meta property=\"og:locale\" content=\"pt_BR\" \/>\n<meta property=\"og:type\" content=\"article\" \/>\n<meta property=\"og:title\" content=\"Gerson publica mensagem direcionada ao Flamengo\" \/>\n<meta property=\"og:description\" content=\"Gerson nunca escondeu seu amor pelo Flamengo e provou isso mais uma vez. Inclusive, o meia fez quest\u00e3o de parabenizar a institui\u00e7\u00e3o pelo anivers\u00e1rio de 127 anos. \u2014 Parab\u00e9ns pelos 127 anos de hist\u00f3ria, Flamengo! Uma honra e orgulho poder ter participado de p\u00e1ginas t\u00e3o vencedoras dessa trajet\u00f3ria &#8211; publicou Gerson nas redes sociais. Retirado [&hellip;]\" \/>\n<meta property=\"og:url\" content=\"https:\/\/www.gaveanews.com\/index.php\/2022\/11\/15\/gerson-publica-mensagem-direcionada-ao-flamengo\/\" \/>\n<meta property=\"og:site_name\" content=\"G\u00e1vea News\" \/>\n<meta property=\"article:publisher\" content=\"https:\/\/facebook.com\/gaveaNews\/\" \/>\n<meta property=\"article:published_time\" content=\"2022-11-15T21:18:57+00:00\" \/>\n<meta property=\"article:modified_time\" content=\"2022-11-15T21:18:59+00:00\" \/>\n<meta property=\"og:image\" content=\"https:\/\/www.gaveanews.com\/wp-content\/uploads\/Gerson-do-Flamengo-durante-o-duelo-com-o-America-MG-pelo-Campeonato-Brasileiro-de-2021.webp\" \/>\n\t<meta property=\"og:image:width\" content=\"799\" \/>\n\t<meta property=\"og:image:height\" content=\"533\" \/>\n\t<meta property=\"og:image:type\" content=\"image\/jpeg\" \/>\n<meta name=\"author\" content=\"Equipe G\u00e1vea News\" \/>\n<meta name=\"twitter:card\" content=\"summary_large_image\" \/>\n<meta name=\"twitter:label1\" content=\"Escrito por\" \/>\n\t<meta name=\"twitter:data1\" content=\"Equipe G\u00e1vea News\" \/>\n\t<meta name=\"twitter:label2\" content=\"Est. tempo de leitura\" \/>\n\t<meta name=\"twitter:data2\" content=\"1 minuto\" \/>\n<script type=\"application\/ld+json\" class=\"yoast-schema-graph\">{\"@context\":\"https:\/\/schema.org\",\"@graph\":[{\"@type\":\"NewsArticle\",\"@id\":\"https:\/\/www.gaveanews.com\/index.php\/2022\/11\/15\/gerson-publica-mensagem-direcionada-ao-flamengo\/#article\",\"isPartOf\":{\"@id\":\"https:\/\/www.gaveanews.com\/index.php\/2022\/11\/15\/gerson-publica-mensagem-direcionada-ao-flamengo\/\"},\"author\":{\"name\":\"Equipe G\u00e1vea News\",\"@id\":\"https:\/\/www.gaveanews.com\/#\/schema\/person\/2ec14f73fb96be2caf28f91afb14749d\"},\"headline\":\"Gerson publica mensagem direcionada ao Flamengo\",\"datePublished\":\"2022-11-15T21:18:57+00:00\",\"dateModified\":\"2022-11-15T21:18:59+00:00\",\"mainEntityOfPage\":{\"@id\":\"https:\/\/www.gaveanews.com\/index.php\/2022\/11\/15\/gerson-publica-mensagem-direcionada-ao-flamengo\/\"},\"wordCount\":73,\"commentCount\":0,\"image\":{\"@id\":\"https:\/\/www.gaveanews.com\/index.php\/2022\/11\/15\/gerson-publica-mensagem-direcionada-ao-flamengo\/#primaryimage\"},\"thumbnailUrl\":\"https:\/\/www.gaveanews.com\/wp-content\/uploads\/Gerson-do-Flamengo-durante-o-duelo-com-o-America-MG-pelo-Campeonato-Brasileiro-de-2021.webp\",\"articleSection\":[\"Flamengo\"],\"inLanguage\":\"pt-BR\",\"potentialAction\":[{\"@type\":\"CommentAction\",\"name\":\"Comment\",\"target\":[\"https:\/\/www.gaveanews.com\/index.php\/2022\/11\/15\/gerson-publica-mensagem-direcionada-ao-flamengo\/#respond\"]}],\"copyrightYear\":\"2022\",\"copyrightHolder\":{\"@id\":\"https:\/\/www.gaveanews.com\/#organization\"}},{\"@type\":\"WebPage\",\"@id\":\"https:\/\/www.gaveanews.com\/index.php\/2022\/11\/15\/gerson-publica-mensagem-direcionada-ao-flamengo\/\",\"url\":\"https:\/\/www.gaveanews.com\/index.php\/2022\/11\/15\/gerson-publica-mensagem-direcionada-ao-flamengo\/\",\"name\":\"Gerson publica mensagem direcionada ao Flamengo\",\"isPartOf\":{\"@id\":\"https:\/\/www.gaveanews.com\/#website\"},\"primaryImageOfPage\":{\"@id\":\"https:\/\/www.gaveanews.com\/index.php\/2022\/11\/15\/gerson-publica-mensagem-direcionada-ao-flamengo\/#primaryimage\"},\"image\":{\"@id\":\"https:\/\/www.gaveanews.com\/index.php\/2022\/11\/15\/gerson-publica-mensagem-direcionada-ao-flamengo\/#primaryimage\"},\"thumbnailUrl\":\"https:\/\/www.gaveanews.com\/wp-content\/uploads\/Gerson-do-Flamengo-durante-o-duelo-com-o-America-MG-pelo-Campeonato-Brasileiro-de-2021.webp\",\"datePublished\":\"2022-11-15T21:18:57+00:00\",\"dateModified\":\"2022-11-15T21:18:59+00:00\",\"author\":{\"@id\":\"https:\/\/www.gaveanews.com\/#\/schema\/person\/2ec14f73fb96be2caf28f91afb14749d\"},\"breadcrumb\":{\"@id\":\"https:\/\/www.gaveanews.com\/index.php\/2022\/11\/15\/gerson-publica-mensagem-direcionada-ao-flamengo\/#breadcrumb\"},\"inLanguage\":\"pt-BR\",\"potentialAction\":[{\"@type\":\"ReadAction\",\"target\":[\"https:\/\/www.gaveanews.com\/index.php\/2022\/11\/15\/gerson-publica-mensagem-direcionada-ao-flamengo\/\"]}]},{\"@type\":\"ImageObject\",\"inLanguage\":\"pt-BR\",\"@id\":\"https:\/\/www.gaveanews.com\/index.php\/2022\/11\/15\/gerson-publica-mensagem-direcionada-ao-flamengo\/#primaryimage\",\"url\":\"https:\/\/www.gaveanews.com\/wp-content\/uploads\/Gerson-do-Flamengo-durante-o-duelo-com-o-America-MG-pelo-Campeonato-Brasileiro-de-2021.webp\",\"contentUrl\":\"https:\/\/www.gaveanews.com\/wp-content\/uploads\/Gerson-do-Flamengo-durante-o-duelo-com-o-America-MG-pelo-Campeonato-Brasileiro-de-2021.webp\",\"width\":799,\"height\":533,\"caption\":\"Gerson, do Flamengo, durante o duelo com o Am\u00e9rica-MG, pelo Campeonato Brasileiro de 2021 (Foto: Alexandre Vidal\/Flamengo)\"},{\"@type\":\"BreadcrumbList\",\"@id\":\"https:\/\/www.gaveanews.com\/index.php\/2022\/11\/15\/gerson-publica-mensagem-direcionada-ao-flamengo\/#breadcrumb\",\"itemListElement\":[{\"@type\":\"ListItem\",\"position\":1,\"name\":\"Home\",\"item\":\"https:\/\/www.gaveanews.com\/\"},{\"@type\":\"ListItem\",\"position\":2,\"name\":\"Gerson publica mensagem direcionada ao Flamengo\"}]},{\"@type\":\"WebSite\",\"@id\":\"https:\/\/www.gaveanews.com\/#website\",\"url\":\"https:\/\/www.gaveanews.com\/\",\"name\":\"G\u00e1vea News\",\"description\":\"Veja todas as not\u00edcias sobre o Flamengo: Contrata\u00e7\u00f5es, categorias de base, resultados das partidas, tabela de classifica\u00e7\u00e3o, pr\u00f3ximos jogos!\",\"potentialAction\":[{\"@type\":\"SearchAction\",\"target\":{\"@type\":\"EntryPoint\",\"urlTemplate\":\"https:\/\/www.gaveanews.com\/?s={search_term_string}\"},\"query-input\":{\"@type\":\"PropertyValueSpecification\",\"valueRequired\":true,\"valueName\":\"search_term_string\"}}],\"inLanguage\":\"pt-BR\"},{\"@type\":\"Person\",\"@id\":\"https:\/\/www.gaveanews.com\/#\/schema\/person\/2ec14f73fb96be2caf28f91afb14749d\",\"name\":\"Equipe G\u00e1vea News\",\"image\":{\"@type\":\"ImageObject\",\"inLanguage\":\"pt-BR\",\"@id\":\"https:\/\/www.gaveanews.com\/#\/schema\/person\/image\/\",\"url\":\"https:\/\/secure.gravatar.com\/avatar\/1e1956f1facbffd3f8fa53a326721950116b3b9dc9bd44939c01180fd4a745a9?s=96&d=mm&r=g\",\"contentUrl\":\"https:\/\/secure.gravatar.com\/avatar\/1e1956f1facbffd3f8fa53a326721950116b3b9dc9bd44939c01180fd4a745a9?s=96&d=mm&r=g\",\"caption\":\"Equipe G\u00e1vea News\"}}]}<\/script>\n<!-- \/ Yoast SEO Premium plugin. -->","yoast_head_json":{"title":"Gerson publica mensagem direcionada ao Flamengo","robots":{"index":"index","follow":"follow","max-snippet":"max-snippet:-1","max-image-preview":"max-image-preview:large","max-video-preview":"max-video-preview:-1"},"canonical":"https:\/\/www.gaveanews.com\/index.php\/2022\/11\/15\/gerson-publica-mensagem-direcionada-ao-flamengo\/","og_locale":"pt_BR","og_type":"article","og_title":"Gerson publica mensagem direcionada ao Flamengo","og_description":"Gerson nunca escondeu seu amor pelo Flamengo e provou isso mais uma vez. Inclusive, o meia fez quest\u00e3o de parabenizar a institui\u00e7\u00e3o pelo anivers\u00e1rio de 127 anos. \u2014 Parab\u00e9ns pelos 127 anos de hist\u00f3ria, Flamengo! Uma honra e orgulho poder ter participado de p\u00e1ginas t\u00e3o vencedoras dessa trajet\u00f3ria &#8211; publicou Gerson nas redes sociais. Retirado [&hellip;]","og_url":"https:\/\/www.gaveanews.com\/index.php\/2022\/11\/15\/gerson-publica-mensagem-direcionada-ao-flamengo\/","og_site_name":"G\u00e1vea News","article_publisher":"https:\/\/facebook.com\/gaveaNews\/","article_published_time":"2022-11-15T21:18:57+00:00","article_modified_time":"2022-11-15T21:18:59+00:00","og_image":[{"width":799,"height":533,"url":"https:\/\/www.gaveanews.com\/wp-content\/uploads\/Gerson-do-Flamengo-durante-o-duelo-com-o-America-MG-pelo-Campeonato-Brasileiro-de-2021.webp","type":"image\/jpeg"}],"author":"Equipe G\u00e1vea News","twitter_card":"summary_large_image","twitter_misc":{"Escrito por":"Equipe G\u00e1vea News","Est. tempo de leitura":"1 minuto"},"schema":{"@context":"https:\/\/schema.org","@graph":[{"@type":"NewsArticle","@id":"https:\/\/www.gaveanews.com\/index.php\/2022\/11\/15\/gerson-publica-mensagem-direcionada-ao-flamengo\/#article","isPartOf":{"@id":"https:\/\/www.gaveanews.com\/index.php\/2022\/11\/15\/gerson-publica-mensagem-direcionada-ao-flamengo\/"},"author":{"name":"Equipe G\u00e1vea News","@id":"https:\/\/www.gaveanews.com\/#\/schema\/person\/2ec14f73fb96be2caf28f91afb14749d"},"headline":"Gerson publica mensagem direcionada ao Flamengo","datePublished":"2022-11-15T21:18:57+00:00","dateModified":"2022-11-15T21:18:59+00:00","mainEntityOfPage":{"@id":"https:\/\/www.gaveanews.com\/index.php\/2022\/11\/15\/gerson-publica-mensagem-direcionada-ao-flamengo\/"},"wordCount":73,"commentCount":0,"image":{"@id":"https:\/\/www.gaveanews.com\/index.php\/2022\/11\/15\/gerson-publica-mensagem-direcionada-ao-flamengo\/#primaryimage"},"thumbnailUrl":"https:\/\/www.gaveanews.com\/wp-content\/uploads\/Gerson-do-Flamengo-durante-o-duelo-com-o-America-MG-pelo-Campeonato-Brasileiro-de-2021.webp","articleSection":["Flamengo"],"inLanguage":"pt-BR","potentialAction":[{"@type":"CommentAction","name":"Comment","target":["https:\/\/www.gaveanews.com\/index.php\/2022\/11\/15\/gerson-publica-mensagem-direcionada-ao-flamengo\/#respond"]}],"copyrightYear":"2022","copyrightHolder":{"@id":"https:\/\/www.gaveanews.com\/#organization"}},{"@type":"WebPage","@id":"https:\/\/www.gaveanews.com\/index.php\/2022\/11\/15\/gerson-publica-mensagem-direcionada-ao-flamengo\/","url":"https:\/\/www.gaveanews.com\/index.php\/2022\/11\/15\/gerson-publica-mensagem-direcionada-ao-flamengo\/","name":"Gerson publica mensagem direcionada ao Flamengo","isPartOf":{"@id":"https:\/\/www.gaveanews.com\/#website"},"primaryImageOfPage":{"@id":"https:\/\/www.gaveanews.com\/index.php\/2022\/11\/15\/gerson-publica-mensagem-direcionada-ao-flamengo\/#primaryimage"},"image":{"@id":"https:\/\/www.gaveanews.com\/index.php\/2022\/11\/15\/gerson-publica-mensagem-direcionada-ao-flamengo\/#primaryimage"},"thumbnailUrl":"https:\/\/www.gaveanews.com\/wp-content\/uploads\/Gerson-do-Flamengo-durante-o-duelo-com-o-America-MG-pelo-Campeonato-Brasileiro-de-2021.webp","datePublished":"2022-11-15T21:18:57+00:00","dateModified":"2022-11-15T21:18:59+00:00","author":{"@id":"https:\/\/www.gaveanews.com\/#\/schema\/person\/2ec14f73fb96be2caf28f91afb14749d"},"breadcrumb":{"@id":"https:\/\/www.gaveanews.com\/index.php\/2022\/11\/15\/gerson-publica-mensagem-direcionada-ao-flamengo\/#breadcrumb"},"inLanguage":"pt-BR","potentialAction":[{"@type":"ReadAction","target":["https:\/\/www.gaveanews.com\/index.php\/2022\/11\/15\/gerson-publica-mensagem-direcionada-ao-flamengo\/"]}]},{"@type":"ImageObject","inLanguage":"pt-BR","@id":"https:\/\/www.gaveanews.com\/index.php\/2022\/11\/15\/gerson-publica-mensagem-direcionada-ao-flamengo\/#primaryimage","url":"https:\/\/www.gaveanews.com\/wp-content\/uploads\/Gerson-do-Flamengo-durante-o-duelo-com-o-America-MG-pelo-Campeonato-Brasileiro-de-2021.webp","contentUrl":"https:\/\/www.gaveanews.com\/wp-content\/uploads\/Gerson-do-Flamengo-durante-o-duelo-com-o-America-MG-pelo-Campeonato-Brasileiro-de-2021.webp","width":799,"height":533,"caption":"Gerson, do Flamengo, durante o duelo com o Am\u00e9rica-MG, pelo Campeonato Brasileiro de 2021 (Foto: Alexandre Vidal\/Flamengo)"},{"@type":"BreadcrumbList","@id":"https:\/\/www.gaveanews.com\/index.php\/2022\/11\/15\/gerson-publica-mensagem-direcionada-ao-flamengo\/#breadcrumb","itemListElement":[{"@type":"ListItem","position":1,"name":"Home","item":"https:\/\/www.gaveanews.com\/"},{"@type":"ListItem","position":2,"name":"Gerson publica mensagem direcionada ao Flamengo"}]},{"@type":"WebSite","@id":"https:\/\/www.gaveanews.com\/#website","url":"https:\/\/www.gaveanews.com\/","name":"G\u00e1vea News","description":"Veja todas as not\u00edcias sobre o Flamengo: Contrata\u00e7\u00f5es, categorias de base, resultados das partidas, tabela de classifica\u00e7\u00e3o, pr\u00f3ximos jogos!","potentialAction":[{"@type":"SearchAction","target":{"@type":"EntryPoint","urlTemplate":"https:\/\/www.gaveanews.com\/?s={search_term_string}"},"query-input":{"@type":"PropertyValueSpecification","valueRequired":true,"valueName":"search_term_string"}}],"inLanguage":"pt-BR"},{"@type":"Person","@id":"https:\/\/www.gaveanews.com\/#\/schema\/person\/2ec14f73fb96be2caf28f91afb14749d","name":"Equipe G\u00e1vea News","image":{"@type":"ImageObject","inLanguage":"pt-BR","@id":"https:\/\/www.gaveanews.com\/#\/schema\/person\/image\/","url":"https:\/\/secure.gravatar.com\/avatar\/1e1956f1facbffd3f8fa53a326721950116b3b9dc9bd44939c01180fd4a745a9?s=96&d=mm&r=g","contentUrl":"https:\/\/secure.gravatar.com\/avatar\/1e1956f1facbffd3f8fa53a326721950116b3b9dc9bd44939c01180fd4a745a9?s=96&d=mm&r=g","caption":"Equipe G\u00e1vea News"}}]}},"_links":{"self":[{"href":"https:\/\/www.gaveanews.com\/index.php\/wp-json\/wp\/v2\/posts\/90702","targetHints":{"allow":["GET"]}}],"collection":[{"href":"https:\/\/www.gaveanews.com\/index.php\/wp-json\/wp\/v2\/posts"}],"about":[{"href":"https:\/\/www.gaveanews.com\/index.php\/wp-json\/wp\/v2\/types\/post"}],"author":[{"embeddable":true,"href":"https:\/\/www.gaveanews.com\/index.php\/wp-json\/wp\/v2\/users\/1"}],"replies":[{"embeddable":true,"href":"https:\/\/www.gaveanews.com\/index.php\/wp-json\/wp\/v2\/comments?post=90702"}],"version-history":[{"count":0,"href":"https:\/\/www.gaveanews.com\/index.php\/wp-json\/wp\/v2\/posts\/90702\/revisions"}],"wp:featuredmedia":[{"embeddable":true,"href":"https:\/\/www.gaveanews.com\/index.php\/wp-json\/wp\/v2\/media\/62912"}],"wp:attachment":[{"href":"https:\/\/www.gaveanews.com\/index.php\/wp-json\/wp\/v2\/media?parent=90702"}],"wp:term":[{"taxonomy":"category","embeddable":true,"href":"https:\/\/www.gaveanews.com\/index.php\/wp-json\/wp\/v2\/categories?post=90702"},{"taxonomy":"post_tag","embeddable":true,"href":"https:\/\/www.gaveanews.com\/index.php\/wp-json\/wp\/v2\/tags?post=90702"}],"curies":[{"name":"wp","href":"https:\/\/api.w.org\/{rel}","templated":true}]}}