{"id":90706,"date":"2022-11-15T19:22:55","date_gmt":"2022-11-15T22:22:55","guid":{"rendered":"https:\/\/www.gaveanews.com\/?p=90706"},"modified":"2022-11-15T19:22:59","modified_gmt":"2022-11-15T22:22:59","slug":"rodinei-fala-sobre-furada-criada-por-dorival-junior-no-flamengo","status":"publish","type":"post","link":"https:\/\/www.gaveanews.com\/index.php\/2022\/11\/15\/rodinei-fala-sobre-furada-criada-por-dorival-junior-no-flamengo\/","title":{"rendered":"Rodinei fala sobre &#8216;furada&#8217; criada por Dorival J\u00fanior no Flamengo"},"content":{"rendered":"\n<p>O ano de Rodinei come\u00e7ou com incertezas. O Flamengo tinha em Maur\u00edcio Isla sua principal op\u00e7\u00e3o para a lateral direita. E depois da sa\u00edda do chileno, o rubro-negro foi buscar o uruguaio Varela para a posi\u00e7\u00e3o. Mas depois da chegada de Dorival J\u00fanior ao clube carioca, Rodinei, antes esquecido, voltou a se destacar. A mudan\u00e7a foi t\u00e3o grande que coube a Rodinei fazer o gol que deu o t\u00edtulo da Copa do Brasil ao Flamengo, sobre o Corinthians, nos p\u00eanaltis.<\/p>\n\n\n\n<p><em>\u2014 O professor [Dorival J\u00fanior] me p\u00f4s na furada de deixar para bater o \u00faltimo p\u00eanalti. Mas gra\u00e7as a Deus eu estava concentrado. E o &#8216;papai do c\u00e9u&#8217; estava no comando e pude fazer o gol para dar alegria para a na\u00e7\u00e3o rubro-negra<\/em>, contou Rodinei ao receber o pr\u00eamio do Trof\u00e9u Mesa Redonda.<\/p>\n\n\n\n<p>O crescimento de Rodinei no ano foi tanto que ele deixou de ser criticado para ter seu nome ovacionado pela torcida rubro-negra, que agora pede que o Flamengo renove o contrato do lateral direito. Na festa pelos t\u00edtulos da Copa do Brasil e da Libertadores, nas ruas do Rio de Janeiro, no \u00faltimo final de semana, os presentes gritavam &#8220;fica, Rodinei&#8221;.<\/p>\n\n\n\n<p>A situa\u00e7\u00e3o, por\u00e9m, n\u00e3o est\u00e1 f\u00e1cil. Com contrato se encerrando, ele j\u00e1 pode assinar um pr\u00e9-contrato com qualquer outra equipe.<\/p>\n\n\n\n<p><em>\u2014 O Dorival montou um esquema que me favorece, me deu muita confian\u00e7a e eu pude fazer uma temporada brilhante. Esse carinho que a torcida tem por mim \u00e9 muito gratificante, gritando &#8216;fica Rodinei&#8217;, \u00e9 uma coisa muito gratificante, todo jogador quer viver isso<\/em>, afirmou o lateral.<\/p>\n\n\n\n<p>Rodinei chegou ao Flamengo em dezembro de 2015. Deixou o clube por empr\u00e9stimo para o Internacional entre 2020 e 2021. Pelo Flamengo, o lateral conquistou duas Libertadores, dois Cariocas, um Brasileiro e uma Copa do Brasil.<\/p>\n\n\n\n<p>Retirado de: UOL<\/p>\n","protected":false},"excerpt":{"rendered":"<p>O ano de Rodinei come\u00e7ou com incertezas. O Flamengo tinha em Maur\u00edcio Isla sua principal op\u00e7\u00e3o para a lateral direita. E depois da sa\u00edda do chileno, o rubro-negro foi buscar o uruguaio Varela para a posi\u00e7\u00e3o. Mas depois da chegada de Dorival J\u00fanior ao clube carioca, Rodinei, antes esquecido, voltou a se destacar. A mudan\u00e7a [&hellip;]<\/p>\n","protected":false},"author":1,"featured_media":84409,"comment_status":"open","ping_status":"closed","sticky":false,"template":"","format":"standard","meta":{"footnotes":""},"categories":[1],"tags":[],"class_list":["post-90706","post","type-post","status-publish","format-standard","has-post-thumbnail","hentry","category-flamengo"],"yoast_head":"<!-- This site is optimized with the Yoast SEO Premium plugin v24.2 (Yoast SEO v26.9) - https:\/\/yoast.com\/product\/yoast-seo-premium-wordpress\/ -->\n<title>Rodinei fala sobre &#039;furada&#039; criada por Dorival J\u00fanior no Flamengo<\/title>\n<meta name=\"robots\" content=\"index, follow, max-snippet:-1, max-image-preview:large, max-video-preview:-1\" \/>\n<link rel=\"canonical\" href=\"https:\/\/www.gaveanews.com\/index.php\/2022\/11\/15\/rodinei-fala-sobre-furada-criada-por-dorival-junior-no-flamengo\/\" \/>\n<meta property=\"og:locale\" content=\"pt_BR\" \/>\n<meta property=\"og:type\" content=\"article\" \/>\n<meta property=\"og:title\" content=\"Rodinei fala sobre &#039;furada&#039; criada por Dorival J\u00fanior no Flamengo\" \/>\n<meta property=\"og:description\" content=\"O ano de Rodinei come\u00e7ou com incertezas. O Flamengo tinha em Maur\u00edcio Isla sua principal op\u00e7\u00e3o para a lateral direita. E depois da sa\u00edda do chileno, o rubro-negro foi buscar o uruguaio Varela para a posi\u00e7\u00e3o. Mas depois da chegada de Dorival J\u00fanior ao clube carioca, Rodinei, antes esquecido, voltou a se destacar. A mudan\u00e7a [&hellip;]\" \/>\n<meta property=\"og:url\" content=\"https:\/\/www.gaveanews.com\/index.php\/2022\/11\/15\/rodinei-fala-sobre-furada-criada-por-dorival-junior-no-flamengo\/\" \/>\n<meta property=\"og:site_name\" content=\"G\u00e1vea News\" \/>\n<meta property=\"article:publisher\" content=\"https:\/\/facebook.com\/gaveaNews\/\" \/>\n<meta property=\"article:published_time\" content=\"2022-11-15T22:22:55+00:00\" \/>\n<meta property=\"article:modified_time\" content=\"2022-11-15T22:22:59+00:00\" \/>\n<meta property=\"og:image\" content=\"https:\/\/www.gaveanews.com\/wp-content\/uploads\/Rodinei-em-jogo-do-Flamengo-contra-o-Tolima-pela-Libertadores.webp\" \/>\n\t<meta property=\"og:image:width\" content=\"800\" \/>\n\t<meta property=\"og:image:height\" content=\"533\" \/>\n\t<meta property=\"og:image:type\" content=\"image\/jpeg\" \/>\n<meta name=\"author\" content=\"Equipe G\u00e1vea News\" \/>\n<meta name=\"twitter:card\" content=\"summary_large_image\" \/>\n<meta name=\"twitter:label1\" content=\"Escrito por\" \/>\n\t<meta name=\"twitter:data1\" content=\"Equipe G\u00e1vea News\" \/>\n\t<meta name=\"twitter:label2\" content=\"Est. tempo de leitura\" \/>\n\t<meta name=\"twitter:data2\" content=\"2 minutos\" \/>\n<script type=\"application\/ld+json\" class=\"yoast-schema-graph\">{\"@context\":\"https:\/\/schema.org\",\"@graph\":[{\"@type\":\"NewsArticle\",\"@id\":\"https:\/\/www.gaveanews.com\/index.php\/2022\/11\/15\/rodinei-fala-sobre-furada-criada-por-dorival-junior-no-flamengo\/#article\",\"isPartOf\":{\"@id\":\"https:\/\/www.gaveanews.com\/index.php\/2022\/11\/15\/rodinei-fala-sobre-furada-criada-por-dorival-junior-no-flamengo\/\"},\"author\":{\"name\":\"Equipe G\u00e1vea News\",\"@id\":\"https:\/\/www.gaveanews.com\/#\/schema\/person\/2ec14f73fb96be2caf28f91afb14749d\"},\"headline\":\"Rodinei fala sobre &#8216;furada&#8217; criada por Dorival J\u00fanior no Flamengo\",\"datePublished\":\"2022-11-15T22:22:55+00:00\",\"dateModified\":\"2022-11-15T22:22:59+00:00\",\"mainEntityOfPage\":{\"@id\":\"https:\/\/www.gaveanews.com\/index.php\/2022\/11\/15\/rodinei-fala-sobre-furada-criada-por-dorival-junior-no-flamengo\/\"},\"wordCount\":330,\"commentCount\":0,\"image\":{\"@id\":\"https:\/\/www.gaveanews.com\/index.php\/2022\/11\/15\/rodinei-fala-sobre-furada-criada-por-dorival-junior-no-flamengo\/#primaryimage\"},\"thumbnailUrl\":\"https:\/\/www.gaveanews.com\/wp-content\/uploads\/Rodinei-em-jogo-do-Flamengo-contra-o-Tolima-pela-Libertadores.webp\",\"articleSection\":[\"Flamengo\"],\"inLanguage\":\"pt-BR\",\"potentialAction\":[{\"@type\":\"CommentAction\",\"name\":\"Comment\",\"target\":[\"https:\/\/www.gaveanews.com\/index.php\/2022\/11\/15\/rodinei-fala-sobre-furada-criada-por-dorival-junior-no-flamengo\/#respond\"]}],\"copyrightYear\":\"2022\",\"copyrightHolder\":{\"@id\":\"https:\/\/www.gaveanews.com\/#organization\"}},{\"@type\":\"WebPage\",\"@id\":\"https:\/\/www.gaveanews.com\/index.php\/2022\/11\/15\/rodinei-fala-sobre-furada-criada-por-dorival-junior-no-flamengo\/\",\"url\":\"https:\/\/www.gaveanews.com\/index.php\/2022\/11\/15\/rodinei-fala-sobre-furada-criada-por-dorival-junior-no-flamengo\/\",\"name\":\"Rodinei fala sobre 'furada' criada por Dorival J\u00fanior no Flamengo\",\"isPartOf\":{\"@id\":\"https:\/\/www.gaveanews.com\/#website\"},\"primaryImageOfPage\":{\"@id\":\"https:\/\/www.gaveanews.com\/index.php\/2022\/11\/15\/rodinei-fala-sobre-furada-criada-por-dorival-junior-no-flamengo\/#primaryimage\"},\"image\":{\"@id\":\"https:\/\/www.gaveanews.com\/index.php\/2022\/11\/15\/rodinei-fala-sobre-furada-criada-por-dorival-junior-no-flamengo\/#primaryimage\"},\"thumbnailUrl\":\"https:\/\/www.gaveanews.com\/wp-content\/uploads\/Rodinei-em-jogo-do-Flamengo-contra-o-Tolima-pela-Libertadores.webp\",\"datePublished\":\"2022-11-15T22:22:55+00:00\",\"dateModified\":\"2022-11-15T22:22:59+00:00\",\"author\":{\"@id\":\"https:\/\/www.gaveanews.com\/#\/schema\/person\/2ec14f73fb96be2caf28f91afb14749d\"},\"breadcrumb\":{\"@id\":\"https:\/\/www.gaveanews.com\/index.php\/2022\/11\/15\/rodinei-fala-sobre-furada-criada-por-dorival-junior-no-flamengo\/#breadcrumb\"},\"inLanguage\":\"pt-BR\",\"potentialAction\":[{\"@type\":\"ReadAction\",\"target\":[\"https:\/\/www.gaveanews.com\/index.php\/2022\/11\/15\/rodinei-fala-sobre-furada-criada-por-dorival-junior-no-flamengo\/\"]}]},{\"@type\":\"ImageObject\",\"inLanguage\":\"pt-BR\",\"@id\":\"https:\/\/www.gaveanews.com\/index.php\/2022\/11\/15\/rodinei-fala-sobre-furada-criada-por-dorival-junior-no-flamengo\/#primaryimage\",\"url\":\"https:\/\/www.gaveanews.com\/wp-content\/uploads\/Rodinei-em-jogo-do-Flamengo-contra-o-Tolima-pela-Libertadores.webp\",\"contentUrl\":\"https:\/\/www.gaveanews.com\/wp-content\/uploads\/Rodinei-em-jogo-do-Flamengo-contra-o-Tolima-pela-Libertadores.webp\",\"width\":800,\"height\":533,\"caption\":\"Rodinei em jogo do Flamengo contra o Tolima pela Libertadores (Foto: Marcelo Cortes\/Flamengo)\"},{\"@type\":\"BreadcrumbList\",\"@id\":\"https:\/\/www.gaveanews.com\/index.php\/2022\/11\/15\/rodinei-fala-sobre-furada-criada-por-dorival-junior-no-flamengo\/#breadcrumb\",\"itemListElement\":[{\"@type\":\"ListItem\",\"position\":1,\"name\":\"Home\",\"item\":\"https:\/\/www.gaveanews.com\/\"},{\"@type\":\"ListItem\",\"position\":2,\"name\":\"Rodinei fala sobre &#8216;furada&#8217; criada por Dorival J\u00fanior no Flamengo\"}]},{\"@type\":\"WebSite\",\"@id\":\"https:\/\/www.gaveanews.com\/#website\",\"url\":\"https:\/\/www.gaveanews.com\/\",\"name\":\"G\u00e1vea News\",\"description\":\"Veja todas as not\u00edcias sobre o Flamengo: Contrata\u00e7\u00f5es, categorias de base, resultados das partidas, tabela de classifica\u00e7\u00e3o, pr\u00f3ximos jogos!\",\"potentialAction\":[{\"@type\":\"SearchAction\",\"target\":{\"@type\":\"EntryPoint\",\"urlTemplate\":\"https:\/\/www.gaveanews.com\/?s={search_term_string}\"},\"query-input\":{\"@type\":\"PropertyValueSpecification\",\"valueRequired\":true,\"valueName\":\"search_term_string\"}}],\"inLanguage\":\"pt-BR\"},{\"@type\":\"Person\",\"@id\":\"https:\/\/www.gaveanews.com\/#\/schema\/person\/2ec14f73fb96be2caf28f91afb14749d\",\"name\":\"Equipe G\u00e1vea News\",\"image\":{\"@type\":\"ImageObject\",\"inLanguage\":\"pt-BR\",\"@id\":\"https:\/\/www.gaveanews.com\/#\/schema\/person\/image\/\",\"url\":\"https:\/\/secure.gravatar.com\/avatar\/1e1956f1facbffd3f8fa53a326721950116b3b9dc9bd44939c01180fd4a745a9?s=96&d=mm&r=g\",\"contentUrl\":\"https:\/\/secure.gravatar.com\/avatar\/1e1956f1facbffd3f8fa53a326721950116b3b9dc9bd44939c01180fd4a745a9?s=96&d=mm&r=g\",\"caption\":\"Equipe G\u00e1vea News\"}}]}<\/script>\n<!-- \/ Yoast SEO Premium plugin. -->","yoast_head_json":{"title":"Rodinei fala sobre 'furada' criada por Dorival J\u00fanior no Flamengo","robots":{"index":"index","follow":"follow","max-snippet":"max-snippet:-1","max-image-preview":"max-image-preview:large","max-video-preview":"max-video-preview:-1"},"canonical":"https:\/\/www.gaveanews.com\/index.php\/2022\/11\/15\/rodinei-fala-sobre-furada-criada-por-dorival-junior-no-flamengo\/","og_locale":"pt_BR","og_type":"article","og_title":"Rodinei fala sobre 'furada' criada por Dorival J\u00fanior no Flamengo","og_description":"O ano de Rodinei come\u00e7ou com incertezas. O Flamengo tinha em Maur\u00edcio Isla sua principal op\u00e7\u00e3o para a lateral direita. E depois da sa\u00edda do chileno, o rubro-negro foi buscar o uruguaio Varela para a posi\u00e7\u00e3o. Mas depois da chegada de Dorival J\u00fanior ao clube carioca, Rodinei, antes esquecido, voltou a se destacar. A mudan\u00e7a [&hellip;]","og_url":"https:\/\/www.gaveanews.com\/index.php\/2022\/11\/15\/rodinei-fala-sobre-furada-criada-por-dorival-junior-no-flamengo\/","og_site_name":"G\u00e1vea News","article_publisher":"https:\/\/facebook.com\/gaveaNews\/","article_published_time":"2022-11-15T22:22:55+00:00","article_modified_time":"2022-11-15T22:22:59+00:00","og_image":[{"width":800,"height":533,"url":"https:\/\/www.gaveanews.com\/wp-content\/uploads\/Rodinei-em-jogo-do-Flamengo-contra-o-Tolima-pela-Libertadores.webp","type":"image\/jpeg"}],"author":"Equipe G\u00e1vea News","twitter_card":"summary_large_image","twitter_misc":{"Escrito por":"Equipe G\u00e1vea News","Est. tempo de leitura":"2 minutos"},"schema":{"@context":"https:\/\/schema.org","@graph":[{"@type":"NewsArticle","@id":"https:\/\/www.gaveanews.com\/index.php\/2022\/11\/15\/rodinei-fala-sobre-furada-criada-por-dorival-junior-no-flamengo\/#article","isPartOf":{"@id":"https:\/\/www.gaveanews.com\/index.php\/2022\/11\/15\/rodinei-fala-sobre-furada-criada-por-dorival-junior-no-flamengo\/"},"author":{"name":"Equipe G\u00e1vea News","@id":"https:\/\/www.gaveanews.com\/#\/schema\/person\/2ec14f73fb96be2caf28f91afb14749d"},"headline":"Rodinei fala sobre &#8216;furada&#8217; criada por Dorival J\u00fanior no Flamengo","datePublished":"2022-11-15T22:22:55+00:00","dateModified":"2022-11-15T22:22:59+00:00","mainEntityOfPage":{"@id":"https:\/\/www.gaveanews.com\/index.php\/2022\/11\/15\/rodinei-fala-sobre-furada-criada-por-dorival-junior-no-flamengo\/"},"wordCount":330,"commentCount":0,"image":{"@id":"https:\/\/www.gaveanews.com\/index.php\/2022\/11\/15\/rodinei-fala-sobre-furada-criada-por-dorival-junior-no-flamengo\/#primaryimage"},"thumbnailUrl":"https:\/\/www.gaveanews.com\/wp-content\/uploads\/Rodinei-em-jogo-do-Flamengo-contra-o-Tolima-pela-Libertadores.webp","articleSection":["Flamengo"],"inLanguage":"pt-BR","potentialAction":[{"@type":"CommentAction","name":"Comment","target":["https:\/\/www.gaveanews.com\/index.php\/2022\/11\/15\/rodinei-fala-sobre-furada-criada-por-dorival-junior-no-flamengo\/#respond"]}],"copyrightYear":"2022","copyrightHolder":{"@id":"https:\/\/www.gaveanews.com\/#organization"}},{"@type":"WebPage","@id":"https:\/\/www.gaveanews.com\/index.php\/2022\/11\/15\/rodinei-fala-sobre-furada-criada-por-dorival-junior-no-flamengo\/","url":"https:\/\/www.gaveanews.com\/index.php\/2022\/11\/15\/rodinei-fala-sobre-furada-criada-por-dorival-junior-no-flamengo\/","name":"Rodinei fala sobre 'furada' criada por Dorival J\u00fanior no Flamengo","isPartOf":{"@id":"https:\/\/www.gaveanews.com\/#website"},"primaryImageOfPage":{"@id":"https:\/\/www.gaveanews.com\/index.php\/2022\/11\/15\/rodinei-fala-sobre-furada-criada-por-dorival-junior-no-flamengo\/#primaryimage"},"image":{"@id":"https:\/\/www.gaveanews.com\/index.php\/2022\/11\/15\/rodinei-fala-sobre-furada-criada-por-dorival-junior-no-flamengo\/#primaryimage"},"thumbnailUrl":"https:\/\/www.gaveanews.com\/wp-content\/uploads\/Rodinei-em-jogo-do-Flamengo-contra-o-Tolima-pela-Libertadores.webp","datePublished":"2022-11-15T22:22:55+00:00","dateModified":"2022-11-15T22:22:59+00:00","author":{"@id":"https:\/\/www.gaveanews.com\/#\/schema\/person\/2ec14f73fb96be2caf28f91afb14749d"},"breadcrumb":{"@id":"https:\/\/www.gaveanews.com\/index.php\/2022\/11\/15\/rodinei-fala-sobre-furada-criada-por-dorival-junior-no-flamengo\/#breadcrumb"},"inLanguage":"pt-BR","potentialAction":[{"@type":"ReadAction","target":["https:\/\/www.gaveanews.com\/index.php\/2022\/11\/15\/rodinei-fala-sobre-furada-criada-por-dorival-junior-no-flamengo\/"]}]},{"@type":"ImageObject","inLanguage":"pt-BR","@id":"https:\/\/www.gaveanews.com\/index.php\/2022\/11\/15\/rodinei-fala-sobre-furada-criada-por-dorival-junior-no-flamengo\/#primaryimage","url":"https:\/\/www.gaveanews.com\/wp-content\/uploads\/Rodinei-em-jogo-do-Flamengo-contra-o-Tolima-pela-Libertadores.webp","contentUrl":"https:\/\/www.gaveanews.com\/wp-content\/uploads\/Rodinei-em-jogo-do-Flamengo-contra-o-Tolima-pela-Libertadores.webp","width":800,"height":533,"caption":"Rodinei em jogo do Flamengo contra o Tolima pela Libertadores (Foto: Marcelo Cortes\/Flamengo)"},{"@type":"BreadcrumbList","@id":"https:\/\/www.gaveanews.com\/index.php\/2022\/11\/15\/rodinei-fala-sobre-furada-criada-por-dorival-junior-no-flamengo\/#breadcrumb","itemListElement":[{"@type":"ListItem","position":1,"name":"Home","item":"https:\/\/www.gaveanews.com\/"},{"@type":"ListItem","position":2,"name":"Rodinei fala sobre &#8216;furada&#8217; criada por Dorival J\u00fanior no Flamengo"}]},{"@type":"WebSite","@id":"https:\/\/www.gaveanews.com\/#website","url":"https:\/\/www.gaveanews.com\/","name":"G\u00e1vea News","description":"Veja todas as not\u00edcias sobre o Flamengo: Contrata\u00e7\u00f5es, categorias de base, resultados das partidas, tabela de classifica\u00e7\u00e3o, pr\u00f3ximos jogos!","potentialAction":[{"@type":"SearchAction","target":{"@type":"EntryPoint","urlTemplate":"https:\/\/www.gaveanews.com\/?s={search_term_string}"},"query-input":{"@type":"PropertyValueSpecification","valueRequired":true,"valueName":"search_term_string"}}],"inLanguage":"pt-BR"},{"@type":"Person","@id":"https:\/\/www.gaveanews.com\/#\/schema\/person\/2ec14f73fb96be2caf28f91afb14749d","name":"Equipe G\u00e1vea News","image":{"@type":"ImageObject","inLanguage":"pt-BR","@id":"https:\/\/www.gaveanews.com\/#\/schema\/person\/image\/","url":"https:\/\/secure.gravatar.com\/avatar\/1e1956f1facbffd3f8fa53a326721950116b3b9dc9bd44939c01180fd4a745a9?s=96&d=mm&r=g","contentUrl":"https:\/\/secure.gravatar.com\/avatar\/1e1956f1facbffd3f8fa53a326721950116b3b9dc9bd44939c01180fd4a745a9?s=96&d=mm&r=g","caption":"Equipe G\u00e1vea News"}}]}},"_links":{"self":[{"href":"https:\/\/www.gaveanews.com\/index.php\/wp-json\/wp\/v2\/posts\/90706","targetHints":{"allow":["GET"]}}],"collection":[{"href":"https:\/\/www.gaveanews.com\/index.php\/wp-json\/wp\/v2\/posts"}],"about":[{"href":"https:\/\/www.gaveanews.com\/index.php\/wp-json\/wp\/v2\/types\/post"}],"author":[{"embeddable":true,"href":"https:\/\/www.gaveanews.com\/index.php\/wp-json\/wp\/v2\/users\/1"}],"replies":[{"embeddable":true,"href":"https:\/\/www.gaveanews.com\/index.php\/wp-json\/wp\/v2\/comments?post=90706"}],"version-history":[{"count":0,"href":"https:\/\/www.gaveanews.com\/index.php\/wp-json\/wp\/v2\/posts\/90706\/revisions"}],"wp:featuredmedia":[{"embeddable":true,"href":"https:\/\/www.gaveanews.com\/index.php\/wp-json\/wp\/v2\/media\/84409"}],"wp:attachment":[{"href":"https:\/\/www.gaveanews.com\/index.php\/wp-json\/wp\/v2\/media?parent=90706"}],"wp:term":[{"taxonomy":"category","embeddable":true,"href":"https:\/\/www.gaveanews.com\/index.php\/wp-json\/wp\/v2\/categories?post=90706"},{"taxonomy":"post_tag","embeddable":true,"href":"https:\/\/www.gaveanews.com\/index.php\/wp-json\/wp\/v2\/tags?post=90706"}],"curies":[{"name":"wp","href":"https:\/\/api.w.org\/{rel}","templated":true}]}}