{"id":90750,"date":"2022-11-16T14:01:41","date_gmt":"2022-11-16T17:01:41","guid":{"rendered":"https:\/\/www.gaveanews.com\/?p=90750"},"modified":"2022-11-16T14:01:44","modified_gmt":"2022-11-16T17:01:44","slug":"david-terans-agustin-rossi-gerson-artur-claudinho-e-renan-lodi-veja-quanto-valem-os-jogadores-que-estao-sendo-ligados-ao-flamengo","status":"publish","type":"post","link":"https:\/\/www.gaveanews.com\/index.php\/2022\/11\/16\/david-terans-agustin-rossi-gerson-artur-claudinho-e-renan-lodi-veja-quanto-valem-os-jogadores-que-estao-sendo-ligados-ao-flamengo\/","title":{"rendered":"David Terans, Agust\u00edn Rossi, Gerson, Artur, Claudinho e Renan Lodi: veja quanto valem os jogadores que est\u00e3o sendo ligados ao Flamengo"},"content":{"rendered":"\n<p>Apesar de a janela de transfer\u00eancias ainda n\u00e3o ter aberto, o Flamengo j\u00e1 teve diversos nomes  ligados a ele no mercado da bola. A lista possui jogadores que atuam tanto na Am\u00e9rica do Sul quanto na Europa.<\/p>\n\n\n\n<p>De todos eles, apenas dois atuam no Brasil. David Terans, que pertence ao Athletico-PR, \u00e9 um deles. Contratado em 2021, o uruguaio de 28 anos fez uma boa temporada no Furac\u00e3o neste ano. O v\u00ednculo do jogador com o clube brasileiro vai at\u00e9 julho de 2025 e seu passe est\u00e1 avaliado em R$ 27,8 milh\u00f5es.<\/p>\n\n\n\n<p>O outro que compete no futebol nacional \u00e9 Artur, do Bragantino. O atacante tem 24 anos e \u00e9 um dos destaques do atual elenco paulista. Seu valor de mercado estimado \u00e9 R$ 55,6 milh\u00f5es.<\/p>\n\n\n\n<p>Ainda na Am\u00e9rica do Sul, o Flamengo tem interesse na contrata\u00e7\u00e3o do goleiro Agust\u00edn Rossi para refor\u00e7ar a meta. Vale destacar que Diego Alves se despediu do clube recentemente e Hugo Souza tamb\u00e9m deve deixar o clube. O arqueiro de 27 anos est\u00e1 estimado em R$ 38,9 milh\u00f5es.<\/p>\n\n\n\n<p>Em rela\u00e7\u00e3o aos brasileiros que atuam na Europa, o Flamengo possui uma negocia\u00e7\u00e3o em andamento. As tentativas visam o retorno de Gerson ao elenco da G\u00e1vea, onde foi multicampe\u00e3o. A negocia\u00e7\u00e3o, no entanto, \u00e9 considerada complicada e ainda n\u00e3o teve um desfecho. O Coringa est\u00e1 avaliado em R$ 100 milh\u00f5es.<\/p>\n\n\n\n<p>Claudinho tamb\u00e9m teve seu nome ligado ao Mais Querido recentemente. Contudo, o jogador afirmou que est\u00e1 satisfeito e pretende cumprir seu atual contrato com o Zenit. <a href=\"https:\/\/www.gaveanews.com\/index.php\/2022\/11\/09\/especulado-no-flamengo-claudinho-fala-sobre-o-seu-futuro\/\">Vale destacar, por\u00e9m, que o jogador n\u00e3o descartou uma poss\u00edvel sa\u00edda do clube russo.<\/a> Em caso de compra, a transa\u00e7\u00e3o custaria cerca de R$ 100 milh\u00f5es ao Fla.<\/p>\n\n\n\n<p><a href=\"https:\/\/www.gaveanews.com\/index.php\/2022\/11\/09\/flamengo-e-palmeiras-querem-contratar-lateral-esquerdo-do-atletico-de-madrid\/\">Por fim, Renan Lodi, de 24 anos, \u00e9 mais um atleta ventilado no Mais Querido.<\/a> O lateral-esquerdo pertence ao Atl\u00e9tico de Madrid (ESP), mas atualmente est\u00e1 emprestado ao Nottinham Forest (ING). O valor de mercado do defensor \u00e9 de R$ 111,2 milh\u00f5es.<\/p>\n\n\n\n<figure class=\"wp-block-table aligncenter is-style-stripes\"><table><tbody><tr><td><strong>Jogador<\/strong><\/td><td><strong>Clube atual<\/strong><\/td><td class=\"has-text-align-center\" data-align=\"center\"><strong>Valor de mercado<\/strong><\/td><\/tr><tr><td>David Terans<\/td><td>Athletico-PR<\/td><td class=\"has-text-align-center\" data-align=\"center\">27,8 milh\u00f5es<\/td><\/tr><tr><td>Agust\u00edn Rossi<\/td><td>Boca J\u00faniors<\/td><td class=\"has-text-align-center\" data-align=\"center\">38,9 milh\u00f5es<\/td><\/tr><tr><td>Gerson<\/td><td>O. Marseille<\/td><td class=\"has-text-align-center\" data-align=\"center\">100 milh\u00f5es<\/td><\/tr><tr><td>Arthur<\/td><td>Bragantino<\/td><td class=\"has-text-align-center\" data-align=\"center\">55,6 milh\u00f5es<\/td><\/tr><tr><td>Claudinho<\/td><td>Zenit<\/td><td class=\"has-text-align-center\" data-align=\"center\">100 milh\u00f5es<\/td><\/tr><tr><td>Renan Lodi<\/td><td>N. Forest<\/td><td class=\"has-text-align-center\" data-align=\"center\">111,2 milh\u00f5es<\/td><\/tr><\/tbody><\/table><figcaption class=\"wp-element-caption\">Fonte: Transfermarkt<\/figcaption><\/figure>\n\n\n\n<p><\/p>\n","protected":false},"excerpt":{"rendered":"<p>Apesar de a janela de transfer\u00eancias ainda n\u00e3o ter aberto, o Flamengo j\u00e1 teve diversos nomes ligados a ele no mercado da bola. A lista possui jogadores que atuam tanto na Am\u00e9rica do Sul quanto na Europa. De todos eles, apenas dois atuam no Brasil. David Terans, que pertence ao Athletico-PR, \u00e9 um deles. Contratado [&hellip;]<\/p>\n","protected":false},"author":4,"featured_media":85774,"comment_status":"open","ping_status":"closed","sticky":false,"template":"","format":"standard","meta":{"footnotes":""},"categories":[48],"tags":[],"class_list":["post-90750","post","type-post","status-publish","format-standard","has-post-thumbnail","hentry","category-negociacoes"],"yoast_head":"<!-- This site is optimized with the Yoast SEO Premium plugin v24.2 (Yoast SEO v26.9) - https:\/\/yoast.com\/product\/yoast-seo-premium-wordpress\/ -->\n<title>David Terans, Agust\u00edn Rossi, Gerson, Artur, Claudinho e Renan Lodi: veja quanto valem os jogadores que est\u00e3o sendo ligados ao Flamengo<\/title>\n<meta name=\"robots\" content=\"index, follow, max-snippet:-1, max-image-preview:large, max-video-preview:-1\" \/>\n<link rel=\"canonical\" href=\"https:\/\/www.gaveanews.com\/index.php\/2022\/11\/16\/david-terans-agustin-rossi-gerson-artur-claudinho-e-renan-lodi-veja-quanto-valem-os-jogadores-que-estao-sendo-ligados-ao-flamengo\/\" \/>\n<meta property=\"og:locale\" content=\"pt_BR\" \/>\n<meta property=\"og:type\" content=\"article\" \/>\n<meta property=\"og:title\" content=\"David Terans, Agust\u00edn Rossi, Gerson, Artur, Claudinho e Renan Lodi: veja quanto valem os jogadores que est\u00e3o sendo ligados ao Flamengo\" \/>\n<meta property=\"og:description\" content=\"Apesar de a janela de transfer\u00eancias ainda n\u00e3o ter aberto, o Flamengo j\u00e1 teve diversos nomes ligados a ele no mercado da bola. A lista possui jogadores que atuam tanto na Am\u00e9rica do Sul quanto na Europa. De todos eles, apenas dois atuam no Brasil. David Terans, que pertence ao Athletico-PR, \u00e9 um deles. Contratado [&hellip;]\" \/>\n<meta property=\"og:url\" content=\"https:\/\/www.gaveanews.com\/index.php\/2022\/11\/16\/david-terans-agustin-rossi-gerson-artur-claudinho-e-renan-lodi-veja-quanto-valem-os-jogadores-que-estao-sendo-ligados-ao-flamengo\/\" \/>\n<meta property=\"og:site_name\" content=\"G\u00e1vea News\" \/>\n<meta property=\"article:publisher\" content=\"https:\/\/facebook.com\/gaveaNews\/\" \/>\n<meta property=\"article:published_time\" content=\"2022-11-16T17:01:41+00:00\" \/>\n<meta property=\"article:modified_time\" content=\"2022-11-16T17:01:44+00:00\" \/>\n<meta property=\"og:image\" content=\"https:\/\/www.gaveanews.com\/wp-content\/uploads\/Marcos-Braz-em-jogo-do-Flamengo-no-Maracana.webp\" \/>\n\t<meta property=\"og:image:width\" content=\"799\" \/>\n\t<meta property=\"og:image:height\" content=\"533\" \/>\n\t<meta property=\"og:image:type\" content=\"image\/jpeg\" \/>\n<meta name=\"author\" content=\"Let\u00edcia Gerheim\" \/>\n<meta name=\"twitter:card\" content=\"summary_large_image\" \/>\n<meta name=\"twitter:label1\" content=\"Escrito por\" \/>\n\t<meta name=\"twitter:data1\" content=\"Let\u00edcia Gerheim\" \/>\n\t<meta name=\"twitter:label2\" content=\"Est. tempo de leitura\" \/>\n\t<meta name=\"twitter:data2\" content=\"2 minutos\" \/>\n<script type=\"application\/ld+json\" class=\"yoast-schema-graph\">{\"@context\":\"https:\/\/schema.org\",\"@graph\":[{\"@type\":\"NewsArticle\",\"@id\":\"https:\/\/www.gaveanews.com\/index.php\/2022\/11\/16\/david-terans-agustin-rossi-gerson-artur-claudinho-e-renan-lodi-veja-quanto-valem-os-jogadores-que-estao-sendo-ligados-ao-flamengo\/#article\",\"isPartOf\":{\"@id\":\"https:\/\/www.gaveanews.com\/index.php\/2022\/11\/16\/david-terans-agustin-rossi-gerson-artur-claudinho-e-renan-lodi-veja-quanto-valem-os-jogadores-que-estao-sendo-ligados-ao-flamengo\/\"},\"author\":{\"name\":\"Let\u00edcia Gerheim\",\"@id\":\"https:\/\/www.gaveanews.com\/#\/schema\/person\/714c67050b836198af2450ba1c142a67\"},\"headline\":\"David Terans, Agust\u00edn Rossi, Gerson, Artur, Claudinho e Renan Lodi: veja quanto valem os jogadores que est\u00e3o sendo ligados ao Flamengo\",\"datePublished\":\"2022-11-16T17:01:41+00:00\",\"dateModified\":\"2022-11-16T17:01:44+00:00\",\"mainEntityOfPage\":{\"@id\":\"https:\/\/www.gaveanews.com\/index.php\/2022\/11\/16\/david-terans-agustin-rossi-gerson-artur-claudinho-e-renan-lodi-veja-quanto-valem-os-jogadores-que-estao-sendo-ligados-ao-flamengo\/\"},\"wordCount\":393,\"commentCount\":0,\"image\":{\"@id\":\"https:\/\/www.gaveanews.com\/index.php\/2022\/11\/16\/david-terans-agustin-rossi-gerson-artur-claudinho-e-renan-lodi-veja-quanto-valem-os-jogadores-que-estao-sendo-ligados-ao-flamengo\/#primaryimage\"},\"thumbnailUrl\":\"https:\/\/www.gaveanews.com\/wp-content\/uploads\/Marcos-Braz-em-jogo-do-Flamengo-no-Maracana.webp\",\"articleSection\":[\"Negocia\u00e7\u00f5es\"],\"inLanguage\":\"pt-BR\",\"potentialAction\":[{\"@type\":\"CommentAction\",\"name\":\"Comment\",\"target\":[\"https:\/\/www.gaveanews.com\/index.php\/2022\/11\/16\/david-terans-agustin-rossi-gerson-artur-claudinho-e-renan-lodi-veja-quanto-valem-os-jogadores-que-estao-sendo-ligados-ao-flamengo\/#respond\"]}],\"copyrightYear\":\"2022\",\"copyrightHolder\":{\"@id\":\"https:\/\/www.gaveanews.com\/#organization\"}},{\"@type\":\"WebPage\",\"@id\":\"https:\/\/www.gaveanews.com\/index.php\/2022\/11\/16\/david-terans-agustin-rossi-gerson-artur-claudinho-e-renan-lodi-veja-quanto-valem-os-jogadores-que-estao-sendo-ligados-ao-flamengo\/\",\"url\":\"https:\/\/www.gaveanews.com\/index.php\/2022\/11\/16\/david-terans-agustin-rossi-gerson-artur-claudinho-e-renan-lodi-veja-quanto-valem-os-jogadores-que-estao-sendo-ligados-ao-flamengo\/\",\"name\":\"David Terans, Agust\u00edn Rossi, Gerson, Artur, Claudinho e Renan Lodi: veja quanto valem os jogadores que est\u00e3o sendo ligados ao Flamengo\",\"isPartOf\":{\"@id\":\"https:\/\/www.gaveanews.com\/#website\"},\"primaryImageOfPage\":{\"@id\":\"https:\/\/www.gaveanews.com\/index.php\/2022\/11\/16\/david-terans-agustin-rossi-gerson-artur-claudinho-e-renan-lodi-veja-quanto-valem-os-jogadores-que-estao-sendo-ligados-ao-flamengo\/#primaryimage\"},\"image\":{\"@id\":\"https:\/\/www.gaveanews.com\/index.php\/2022\/11\/16\/david-terans-agustin-rossi-gerson-artur-claudinho-e-renan-lodi-veja-quanto-valem-os-jogadores-que-estao-sendo-ligados-ao-flamengo\/#primaryimage\"},\"thumbnailUrl\":\"https:\/\/www.gaveanews.com\/wp-content\/uploads\/Marcos-Braz-em-jogo-do-Flamengo-no-Maracana.webp\",\"datePublished\":\"2022-11-16T17:01:41+00:00\",\"dateModified\":\"2022-11-16T17:01:44+00:00\",\"author\":{\"@id\":\"https:\/\/www.gaveanews.com\/#\/schema\/person\/714c67050b836198af2450ba1c142a67\"},\"breadcrumb\":{\"@id\":\"https:\/\/www.gaveanews.com\/index.php\/2022\/11\/16\/david-terans-agustin-rossi-gerson-artur-claudinho-e-renan-lodi-veja-quanto-valem-os-jogadores-que-estao-sendo-ligados-ao-flamengo\/#breadcrumb\"},\"inLanguage\":\"pt-BR\",\"potentialAction\":[{\"@type\":\"ReadAction\",\"target\":[\"https:\/\/www.gaveanews.com\/index.php\/2022\/11\/16\/david-terans-agustin-rossi-gerson-artur-claudinho-e-renan-lodi-veja-quanto-valem-os-jogadores-que-estao-sendo-ligados-ao-flamengo\/\"]}]},{\"@type\":\"ImageObject\",\"inLanguage\":\"pt-BR\",\"@id\":\"https:\/\/www.gaveanews.com\/index.php\/2022\/11\/16\/david-terans-agustin-rossi-gerson-artur-claudinho-e-renan-lodi-veja-quanto-valem-os-jogadores-que-estao-sendo-ligados-ao-flamengo\/#primaryimage\",\"url\":\"https:\/\/www.gaveanews.com\/wp-content\/uploads\/Marcos-Braz-em-jogo-do-Flamengo-no-Maracana.webp\",\"contentUrl\":\"https:\/\/www.gaveanews.com\/wp-content\/uploads\/Marcos-Braz-em-jogo-do-Flamengo-no-Maracana.webp\",\"width\":799,\"height\":533,\"caption\":\"Marcos Braz e Fabinho em jogo do Flamengo no Maracan\u00e3 (Foto: Alexandre Vidal\/Flamengo)\"},{\"@type\":\"BreadcrumbList\",\"@id\":\"https:\/\/www.gaveanews.com\/index.php\/2022\/11\/16\/david-terans-agustin-rossi-gerson-artur-claudinho-e-renan-lodi-veja-quanto-valem-os-jogadores-que-estao-sendo-ligados-ao-flamengo\/#breadcrumb\",\"itemListElement\":[{\"@type\":\"ListItem\",\"position\":1,\"name\":\"Home\",\"item\":\"https:\/\/www.gaveanews.com\/\"},{\"@type\":\"ListItem\",\"position\":2,\"name\":\"David Terans, Agust\u00edn Rossi, Gerson, Artur, Claudinho e Renan Lodi: veja quanto valem os jogadores que est\u00e3o sendo ligados ao Flamengo\"}]},{\"@type\":\"WebSite\",\"@id\":\"https:\/\/www.gaveanews.com\/#website\",\"url\":\"https:\/\/www.gaveanews.com\/\",\"name\":\"G\u00e1vea News\",\"description\":\"Veja todas as not\u00edcias sobre o Flamengo: Contrata\u00e7\u00f5es, categorias de base, resultados das partidas, tabela de classifica\u00e7\u00e3o, pr\u00f3ximos jogos!\",\"potentialAction\":[{\"@type\":\"SearchAction\",\"target\":{\"@type\":\"EntryPoint\",\"urlTemplate\":\"https:\/\/www.gaveanews.com\/?s={search_term_string}\"},\"query-input\":{\"@type\":\"PropertyValueSpecification\",\"valueRequired\":true,\"valueName\":\"search_term_string\"}}],\"inLanguage\":\"pt-BR\"},{\"@type\":\"Person\",\"@id\":\"https:\/\/www.gaveanews.com\/#\/schema\/person\/714c67050b836198af2450ba1c142a67\",\"name\":\"Let\u00edcia Gerheim\",\"image\":{\"@type\":\"ImageObject\",\"inLanguage\":\"pt-BR\",\"@id\":\"https:\/\/www.gaveanews.com\/#\/schema\/person\/image\/\",\"url\":\"https:\/\/secure.gravatar.com\/avatar\/60734739c50fcebfbac509e2a826ccd0ff405c019bc73aab9354f19ecad1dcb4?s=96&d=mm&r=g\",\"contentUrl\":\"https:\/\/secure.gravatar.com\/avatar\/60734739c50fcebfbac509e2a826ccd0ff405c019bc73aab9354f19ecad1dcb4?s=96&d=mm&r=g\",\"caption\":\"Let\u00edcia Gerheim\"}}]}<\/script>\n<!-- \/ Yoast SEO Premium plugin. -->","yoast_head_json":{"title":"David Terans, Agust\u00edn Rossi, Gerson, Artur, Claudinho e Renan Lodi: veja quanto valem os jogadores que est\u00e3o sendo ligados ao Flamengo","robots":{"index":"index","follow":"follow","max-snippet":"max-snippet:-1","max-image-preview":"max-image-preview:large","max-video-preview":"max-video-preview:-1"},"canonical":"https:\/\/www.gaveanews.com\/index.php\/2022\/11\/16\/david-terans-agustin-rossi-gerson-artur-claudinho-e-renan-lodi-veja-quanto-valem-os-jogadores-que-estao-sendo-ligados-ao-flamengo\/","og_locale":"pt_BR","og_type":"article","og_title":"David Terans, Agust\u00edn Rossi, Gerson, Artur, Claudinho e Renan Lodi: veja quanto valem os jogadores que est\u00e3o sendo ligados ao Flamengo","og_description":"Apesar de a janela de transfer\u00eancias ainda n\u00e3o ter aberto, o Flamengo j\u00e1 teve diversos nomes ligados a ele no mercado da bola. A lista possui jogadores que atuam tanto na Am\u00e9rica do Sul quanto na Europa. De todos eles, apenas dois atuam no Brasil. David Terans, que pertence ao Athletico-PR, \u00e9 um deles. Contratado [&hellip;]","og_url":"https:\/\/www.gaveanews.com\/index.php\/2022\/11\/16\/david-terans-agustin-rossi-gerson-artur-claudinho-e-renan-lodi-veja-quanto-valem-os-jogadores-que-estao-sendo-ligados-ao-flamengo\/","og_site_name":"G\u00e1vea News","article_publisher":"https:\/\/facebook.com\/gaveaNews\/","article_published_time":"2022-11-16T17:01:41+00:00","article_modified_time":"2022-11-16T17:01:44+00:00","og_image":[{"width":799,"height":533,"url":"https:\/\/www.gaveanews.com\/wp-content\/uploads\/Marcos-Braz-em-jogo-do-Flamengo-no-Maracana.webp","type":"image\/jpeg"}],"author":"Let\u00edcia Gerheim","twitter_card":"summary_large_image","twitter_misc":{"Escrito por":"Let\u00edcia Gerheim","Est. tempo de leitura":"2 minutos"},"schema":{"@context":"https:\/\/schema.org","@graph":[{"@type":"NewsArticle","@id":"https:\/\/www.gaveanews.com\/index.php\/2022\/11\/16\/david-terans-agustin-rossi-gerson-artur-claudinho-e-renan-lodi-veja-quanto-valem-os-jogadores-que-estao-sendo-ligados-ao-flamengo\/#article","isPartOf":{"@id":"https:\/\/www.gaveanews.com\/index.php\/2022\/11\/16\/david-terans-agustin-rossi-gerson-artur-claudinho-e-renan-lodi-veja-quanto-valem-os-jogadores-que-estao-sendo-ligados-ao-flamengo\/"},"author":{"name":"Let\u00edcia Gerheim","@id":"https:\/\/www.gaveanews.com\/#\/schema\/person\/714c67050b836198af2450ba1c142a67"},"headline":"David Terans, Agust\u00edn Rossi, Gerson, Artur, Claudinho e Renan Lodi: veja quanto valem os jogadores que est\u00e3o sendo ligados ao Flamengo","datePublished":"2022-11-16T17:01:41+00:00","dateModified":"2022-11-16T17:01:44+00:00","mainEntityOfPage":{"@id":"https:\/\/www.gaveanews.com\/index.php\/2022\/11\/16\/david-terans-agustin-rossi-gerson-artur-claudinho-e-renan-lodi-veja-quanto-valem-os-jogadores-que-estao-sendo-ligados-ao-flamengo\/"},"wordCount":393,"commentCount":0,"image":{"@id":"https:\/\/www.gaveanews.com\/index.php\/2022\/11\/16\/david-terans-agustin-rossi-gerson-artur-claudinho-e-renan-lodi-veja-quanto-valem-os-jogadores-que-estao-sendo-ligados-ao-flamengo\/#primaryimage"},"thumbnailUrl":"https:\/\/www.gaveanews.com\/wp-content\/uploads\/Marcos-Braz-em-jogo-do-Flamengo-no-Maracana.webp","articleSection":["Negocia\u00e7\u00f5es"],"inLanguage":"pt-BR","potentialAction":[{"@type":"CommentAction","name":"Comment","target":["https:\/\/www.gaveanews.com\/index.php\/2022\/11\/16\/david-terans-agustin-rossi-gerson-artur-claudinho-e-renan-lodi-veja-quanto-valem-os-jogadores-que-estao-sendo-ligados-ao-flamengo\/#respond"]}],"copyrightYear":"2022","copyrightHolder":{"@id":"https:\/\/www.gaveanews.com\/#organization"}},{"@type":"WebPage","@id":"https:\/\/www.gaveanews.com\/index.php\/2022\/11\/16\/david-terans-agustin-rossi-gerson-artur-claudinho-e-renan-lodi-veja-quanto-valem-os-jogadores-que-estao-sendo-ligados-ao-flamengo\/","url":"https:\/\/www.gaveanews.com\/index.php\/2022\/11\/16\/david-terans-agustin-rossi-gerson-artur-claudinho-e-renan-lodi-veja-quanto-valem-os-jogadores-que-estao-sendo-ligados-ao-flamengo\/","name":"David Terans, Agust\u00edn Rossi, Gerson, Artur, Claudinho e Renan Lodi: veja quanto valem os jogadores que est\u00e3o sendo ligados ao Flamengo","isPartOf":{"@id":"https:\/\/www.gaveanews.com\/#website"},"primaryImageOfPage":{"@id":"https:\/\/www.gaveanews.com\/index.php\/2022\/11\/16\/david-terans-agustin-rossi-gerson-artur-claudinho-e-renan-lodi-veja-quanto-valem-os-jogadores-que-estao-sendo-ligados-ao-flamengo\/#primaryimage"},"image":{"@id":"https:\/\/www.gaveanews.com\/index.php\/2022\/11\/16\/david-terans-agustin-rossi-gerson-artur-claudinho-e-renan-lodi-veja-quanto-valem-os-jogadores-que-estao-sendo-ligados-ao-flamengo\/#primaryimage"},"thumbnailUrl":"https:\/\/www.gaveanews.com\/wp-content\/uploads\/Marcos-Braz-em-jogo-do-Flamengo-no-Maracana.webp","datePublished":"2022-11-16T17:01:41+00:00","dateModified":"2022-11-16T17:01:44+00:00","author":{"@id":"https:\/\/www.gaveanews.com\/#\/schema\/person\/714c67050b836198af2450ba1c142a67"},"breadcrumb":{"@id":"https:\/\/www.gaveanews.com\/index.php\/2022\/11\/16\/david-terans-agustin-rossi-gerson-artur-claudinho-e-renan-lodi-veja-quanto-valem-os-jogadores-que-estao-sendo-ligados-ao-flamengo\/#breadcrumb"},"inLanguage":"pt-BR","potentialAction":[{"@type":"ReadAction","target":["https:\/\/www.gaveanews.com\/index.php\/2022\/11\/16\/david-terans-agustin-rossi-gerson-artur-claudinho-e-renan-lodi-veja-quanto-valem-os-jogadores-que-estao-sendo-ligados-ao-flamengo\/"]}]},{"@type":"ImageObject","inLanguage":"pt-BR","@id":"https:\/\/www.gaveanews.com\/index.php\/2022\/11\/16\/david-terans-agustin-rossi-gerson-artur-claudinho-e-renan-lodi-veja-quanto-valem-os-jogadores-que-estao-sendo-ligados-ao-flamengo\/#primaryimage","url":"https:\/\/www.gaveanews.com\/wp-content\/uploads\/Marcos-Braz-em-jogo-do-Flamengo-no-Maracana.webp","contentUrl":"https:\/\/www.gaveanews.com\/wp-content\/uploads\/Marcos-Braz-em-jogo-do-Flamengo-no-Maracana.webp","width":799,"height":533,"caption":"Marcos Braz e Fabinho em jogo do Flamengo no Maracan\u00e3 (Foto: Alexandre Vidal\/Flamengo)"},{"@type":"BreadcrumbList","@id":"https:\/\/www.gaveanews.com\/index.php\/2022\/11\/16\/david-terans-agustin-rossi-gerson-artur-claudinho-e-renan-lodi-veja-quanto-valem-os-jogadores-que-estao-sendo-ligados-ao-flamengo\/#breadcrumb","itemListElement":[{"@type":"ListItem","position":1,"name":"Home","item":"https:\/\/www.gaveanews.com\/"},{"@type":"ListItem","position":2,"name":"David Terans, Agust\u00edn Rossi, Gerson, Artur, Claudinho e Renan Lodi: veja quanto valem os jogadores que est\u00e3o sendo ligados ao Flamengo"}]},{"@type":"WebSite","@id":"https:\/\/www.gaveanews.com\/#website","url":"https:\/\/www.gaveanews.com\/","name":"G\u00e1vea News","description":"Veja todas as not\u00edcias sobre o Flamengo: Contrata\u00e7\u00f5es, categorias de base, resultados das partidas, tabela de classifica\u00e7\u00e3o, pr\u00f3ximos jogos!","potentialAction":[{"@type":"SearchAction","target":{"@type":"EntryPoint","urlTemplate":"https:\/\/www.gaveanews.com\/?s={search_term_string}"},"query-input":{"@type":"PropertyValueSpecification","valueRequired":true,"valueName":"search_term_string"}}],"inLanguage":"pt-BR"},{"@type":"Person","@id":"https:\/\/www.gaveanews.com\/#\/schema\/person\/714c67050b836198af2450ba1c142a67","name":"Let\u00edcia Gerheim","image":{"@type":"ImageObject","inLanguage":"pt-BR","@id":"https:\/\/www.gaveanews.com\/#\/schema\/person\/image\/","url":"https:\/\/secure.gravatar.com\/avatar\/60734739c50fcebfbac509e2a826ccd0ff405c019bc73aab9354f19ecad1dcb4?s=96&d=mm&r=g","contentUrl":"https:\/\/secure.gravatar.com\/avatar\/60734739c50fcebfbac509e2a826ccd0ff405c019bc73aab9354f19ecad1dcb4?s=96&d=mm&r=g","caption":"Let\u00edcia Gerheim"}}]}},"_links":{"self":[{"href":"https:\/\/www.gaveanews.com\/index.php\/wp-json\/wp\/v2\/posts\/90750","targetHints":{"allow":["GET"]}}],"collection":[{"href":"https:\/\/www.gaveanews.com\/index.php\/wp-json\/wp\/v2\/posts"}],"about":[{"href":"https:\/\/www.gaveanews.com\/index.php\/wp-json\/wp\/v2\/types\/post"}],"author":[{"embeddable":true,"href":"https:\/\/www.gaveanews.com\/index.php\/wp-json\/wp\/v2\/users\/4"}],"replies":[{"embeddable":true,"href":"https:\/\/www.gaveanews.com\/index.php\/wp-json\/wp\/v2\/comments?post=90750"}],"version-history":[{"count":0,"href":"https:\/\/www.gaveanews.com\/index.php\/wp-json\/wp\/v2\/posts\/90750\/revisions"}],"wp:featuredmedia":[{"embeddable":true,"href":"https:\/\/www.gaveanews.com\/index.php\/wp-json\/wp\/v2\/media\/85774"}],"wp:attachment":[{"href":"https:\/\/www.gaveanews.com\/index.php\/wp-json\/wp\/v2\/media?parent=90750"}],"wp:term":[{"taxonomy":"category","embeddable":true,"href":"https:\/\/www.gaveanews.com\/index.php\/wp-json\/wp\/v2\/categories?post=90750"},{"taxonomy":"post_tag","embeddable":true,"href":"https:\/\/www.gaveanews.com\/index.php\/wp-json\/wp\/v2\/tags?post=90750"}],"curies":[{"name":"wp","href":"https:\/\/api.w.org\/{rel}","templated":true}]}}