{"id":90777,"date":"2022-11-16T18:37:58","date_gmt":"2022-11-16T21:37:58","guid":{"rendered":"https:\/\/www.gaveanews.com\/?p=90777"},"modified":"2022-11-16T18:43:53","modified_gmt":"2022-11-16T21:43:53","slug":"lateral-de-origem-everton-ribeiro-renasce-no-flamengo-e-vive-sonho-da-copa-do-mundo","status":"publish","type":"post","link":"https:\/\/www.gaveanews.com\/index.php\/2022\/11\/16\/lateral-de-origem-everton-ribeiro-renasce-no-flamengo-e-vive-sonho-da-copa-do-mundo\/","title":{"rendered":"Lateral de origem, Everton Ribeiro &#8216;renasce&#8217; no Flamengo e vive sonho da Copa do Mundo"},"content":{"rendered":"\n<p>Da conquista do Sul-Americano sub-20 de 2009 jogando como lateral-esquerdo at\u00e9 o sonho de disputar a Copa do Mundo de 2022 no Catar foram 13 anos de muitas mudan\u00e7as para Everton Ribeiro. A principal, claro, foi se tornar um meia de cria\u00e7\u00e3o, o que possibilitou uma carreira vitoriosa. Principalmente desde a chegada ao Flamengo, onde se tornou \u00eddolo, conquistou 11 t\u00edtulos, sendo duas Libertadores, e se firmou na sele\u00e7\u00e3o brasileira.<\/p>\n\n\n\n<p>Revelado pelo Corinthians como lateral, Everton Ribeiro teve a guinada na carreira ao ser emprestado ao S\u00e3o Caetano. Foi l\u00e1 que passou a jogar como meia e se destacou at\u00e9 chamar a aten\u00e7\u00e3o do Coritiba, onde se apresentou ao futebol brasileiro. <\/p>\n\n\n\n<p><em>\u2014 Tive a oportunidade de conquistar um Sul-Americano sub-20 com a sele\u00e7\u00e3o brasileira jogando na lateral, mas sabia que poderia render mais no meio de campo.<\/em><\/p>\n\n\n\n<h2 class=\"wp-block-heading\" id=\"h-chegada-de-everton-ribeiro-ao-flamengo-renovou-o-sonho-de-chegar-a-selecao\">Chegada de Everton Ribeiro ao Flamengo renovou o sonho de chegar \u00e0 Sele\u00e7\u00e3o<\/h2>\n\n\n\n<p>E hoje a aposta se mostra ainda mais correta \u00e0s v\u00e9speras de disputar uma Copa do Mundo aos 33 anos. Uma possibilidade que ele vislumbrou ao deixar os Emirados \u00c1rabes para retornar ao Brasil e jogar pelo Flamengo, em 2017, j\u00e1 consolidado como meia.<\/p>\n\n\n\n<p><em>\u2014 Quando recebi a proposta do Flamengo, n\u00e3o pensei em outra coisa. Representar essa torcida \u00e9 inexplic\u00e1vel e eu sabia que um bom rendimento aqui poderia me ajudar a vestir a camisa da Sele\u00e7\u00e3o e disputar uma Copa do Mundo. Felizmente esse sonho se tornou realidade<\/em>, afirmou em entrevista ao jornal &#8216;O Dia&#8217;.<\/p>\n\n\n\n<p>Mas por pouco essa chance quase virou decep\u00e7\u00e3o, com o in\u00edcio ruim do meia e do Flamengo em 2022. O mau momento o deixou fora das convoca\u00e7\u00f5es num momento decisivo. At\u00e9 que Dorival J\u00fanior chegou e fez o time rubro-negro crescer, assim como Everton Ribeiro, que tamb\u00e9m buscou alternativas para melhorar e voltar a brilhar. Assim, a chance na Sele\u00e7\u00e3o reapareceu.<\/p>\n\n\n\n<p><em>\u2014 \u00c9 claro que voc\u00ea fica triste e sente um pouco quando as coisas n\u00e3o est\u00e3o indo bem, mas eu sou uma pessoa muito tranquila e procurei ficar concentrado. A chegada do Dorival ajudou v\u00e1rios jogadores, ele passou confian\u00e7a. Foi fundamental. Al\u00e9m disso, eu comecei a fazer um trabalho com uma psic\u00f3loga, o que me ajudou bastante<\/em>, contou.<\/p>\n\n\n\n<h2 class=\"wp-block-heading\">O maior vencedor no futebol brasileiro<\/h2>\n\n\n\n<p>O resultado apareceu em campo e Everton Ribeiro foi importante nas conquistas da Libertadores, com direito a assist\u00eancia no gol de Gabigol, e da Copa do Brasil. Agora s\u00e3o 11 t\u00edtulos pelo Flamengo e 17 no futebol brasileiro, o que o torna o jogador mais vencedor em atividade no pa\u00eds, ao lado de F\u00e1bio e R\u00e9ver.<\/p>\n\n\n\n<p>\u2014 <em>N\u00e3o quero parar por aqui. Ao lado desse grupo maravilhoso, vamos lutar por mais conquistas<\/em>, disse o meia, que vai em busca do Mundial de Clubes pelo Flamengo em 2023.<\/p>\n\n\n\n<p>Antes, ele pode colocar mais um t\u00edtulo na sua extensa cole\u00e7\u00e3o, o da Copa do Mundo. <\/p>\n\n\n\n<p><em>\u2014 A Sele\u00e7\u00e3o j\u00e1 mostrou que conta com um grupo muito forte. \u00c9 uma grande honra fazer parte deste momento. Acredito que posso ajudar com a minha experi\u00eancia e com a versatilidade. Esse grupo possui jogadores com caracter\u00edsticas que se completam, o que pode ser um diferencial bem importante para n\u00f3s<\/em>, completou.<\/p>\n\n\n\n<p>Retirado de: O Dia<\/p>\n","protected":false},"excerpt":{"rendered":"<p>Da conquista do Sul-Americano sub-20 de 2009 jogando como lateral-esquerdo at\u00e9 o sonho de disputar a Copa do Mundo de 2022 no Catar foram 13 anos de muitas mudan\u00e7as para Everton Ribeiro. A principal, claro, foi se tornar um meia de cria\u00e7\u00e3o, o que possibilitou uma carreira vitoriosa. Principalmente desde a chegada ao Flamengo, onde [&hellip;]<\/p>\n","protected":false},"author":1,"featured_media":81357,"comment_status":"open","ping_status":"closed","sticky":false,"template":"","format":"standard","meta":{"footnotes":""},"categories":[1],"tags":[],"class_list":["post-90777","post","type-post","status-publish","format-standard","has-post-thumbnail","hentry","category-flamengo"],"yoast_head":"<!-- This site is optimized with the Yoast SEO Premium plugin v24.2 (Yoast SEO v26.9) - https:\/\/yoast.com\/product\/yoast-seo-premium-wordpress\/ -->\n<title>Lateral de origem, Everton Ribeiro &#039;renasce&#039; no Flamengo e vive sonho da Copa do Mundo<\/title>\n<meta name=\"robots\" content=\"index, follow, max-snippet:-1, max-image-preview:large, max-video-preview:-1\" \/>\n<link rel=\"canonical\" href=\"https:\/\/www.gaveanews.com\/index.php\/2022\/11\/16\/lateral-de-origem-everton-ribeiro-renasce-no-flamengo-e-vive-sonho-da-copa-do-mundo\/\" \/>\n<meta property=\"og:locale\" content=\"pt_BR\" \/>\n<meta property=\"og:type\" content=\"article\" \/>\n<meta property=\"og:title\" content=\"Lateral de origem, Everton Ribeiro &#039;renasce&#039; no Flamengo e vive sonho da Copa do Mundo\" \/>\n<meta property=\"og:description\" content=\"Da conquista do Sul-Americano sub-20 de 2009 jogando como lateral-esquerdo at\u00e9 o sonho de disputar a Copa do Mundo de 2022 no Catar foram 13 anos de muitas mudan\u00e7as para Everton Ribeiro. A principal, claro, foi se tornar um meia de cria\u00e7\u00e3o, o que possibilitou uma carreira vitoriosa. Principalmente desde a chegada ao Flamengo, onde [&hellip;]\" \/>\n<meta property=\"og:url\" content=\"https:\/\/www.gaveanews.com\/index.php\/2022\/11\/16\/lateral-de-origem-everton-ribeiro-renasce-no-flamengo-e-vive-sonho-da-copa-do-mundo\/\" \/>\n<meta property=\"og:site_name\" content=\"G\u00e1vea News\" \/>\n<meta property=\"article:publisher\" content=\"https:\/\/facebook.com\/gaveaNews\/\" \/>\n<meta property=\"article:published_time\" content=\"2022-11-16T21:37:58+00:00\" \/>\n<meta property=\"article:modified_time\" content=\"2022-11-16T21:43:53+00:00\" \/>\n<meta property=\"og:image\" content=\"https:\/\/www.gaveanews.com\/wp-content\/uploads\/Everton-Ribeiro-em-classico-do-Flamengo-contra-o-Botafogo-pelo-Brasileirao.webp\" \/>\n\t<meta property=\"og:image:width\" content=\"800\" \/>\n\t<meta property=\"og:image:height\" content=\"533\" \/>\n\t<meta property=\"og:image:type\" content=\"image\/jpeg\" \/>\n<meta name=\"author\" content=\"Equipe G\u00e1vea News\" \/>\n<meta name=\"twitter:card\" content=\"summary_large_image\" \/>\n<meta name=\"twitter:label1\" content=\"Escrito por\" \/>\n\t<meta name=\"twitter:data1\" content=\"Equipe G\u00e1vea News\" \/>\n\t<meta name=\"twitter:label2\" content=\"Est. tempo de leitura\" \/>\n\t<meta name=\"twitter:data2\" content=\"3 minutos\" \/>\n<script type=\"application\/ld+json\" class=\"yoast-schema-graph\">{\"@context\":\"https:\/\/schema.org\",\"@graph\":[{\"@type\":\"NewsArticle\",\"@id\":\"https:\/\/www.gaveanews.com\/index.php\/2022\/11\/16\/lateral-de-origem-everton-ribeiro-renasce-no-flamengo-e-vive-sonho-da-copa-do-mundo\/#article\",\"isPartOf\":{\"@id\":\"https:\/\/www.gaveanews.com\/index.php\/2022\/11\/16\/lateral-de-origem-everton-ribeiro-renasce-no-flamengo-e-vive-sonho-da-copa-do-mundo\/\"},\"author\":{\"name\":\"Equipe G\u00e1vea News\",\"@id\":\"https:\/\/www.gaveanews.com\/#\/schema\/person\/2ec14f73fb96be2caf28f91afb14749d\"},\"headline\":\"Lateral de origem, Everton Ribeiro &#8216;renasce&#8217; no Flamengo e vive sonho da Copa do Mundo\",\"datePublished\":\"2022-11-16T21:37:58+00:00\",\"dateModified\":\"2022-11-16T21:43:53+00:00\",\"mainEntityOfPage\":{\"@id\":\"https:\/\/www.gaveanews.com\/index.php\/2022\/11\/16\/lateral-de-origem-everton-ribeiro-renasce-no-flamengo-e-vive-sonho-da-copa-do-mundo\/\"},\"wordCount\":564,\"commentCount\":0,\"image\":{\"@id\":\"https:\/\/www.gaveanews.com\/index.php\/2022\/11\/16\/lateral-de-origem-everton-ribeiro-renasce-no-flamengo-e-vive-sonho-da-copa-do-mundo\/#primaryimage\"},\"thumbnailUrl\":\"https:\/\/www.gaveanews.com\/wp-content\/uploads\/Everton-Ribeiro-em-classico-do-Flamengo-contra-o-Botafogo-pelo-Brasileirao.webp\",\"articleSection\":[\"Flamengo\"],\"inLanguage\":\"pt-BR\",\"potentialAction\":[{\"@type\":\"CommentAction\",\"name\":\"Comment\",\"target\":[\"https:\/\/www.gaveanews.com\/index.php\/2022\/11\/16\/lateral-de-origem-everton-ribeiro-renasce-no-flamengo-e-vive-sonho-da-copa-do-mundo\/#respond\"]}],\"copyrightYear\":\"2022\",\"copyrightHolder\":{\"@id\":\"https:\/\/www.gaveanews.com\/#organization\"}},{\"@type\":\"WebPage\",\"@id\":\"https:\/\/www.gaveanews.com\/index.php\/2022\/11\/16\/lateral-de-origem-everton-ribeiro-renasce-no-flamengo-e-vive-sonho-da-copa-do-mundo\/\",\"url\":\"https:\/\/www.gaveanews.com\/index.php\/2022\/11\/16\/lateral-de-origem-everton-ribeiro-renasce-no-flamengo-e-vive-sonho-da-copa-do-mundo\/\",\"name\":\"Lateral de origem, Everton Ribeiro 'renasce' no Flamengo e vive sonho da Copa do Mundo\",\"isPartOf\":{\"@id\":\"https:\/\/www.gaveanews.com\/#website\"},\"primaryImageOfPage\":{\"@id\":\"https:\/\/www.gaveanews.com\/index.php\/2022\/11\/16\/lateral-de-origem-everton-ribeiro-renasce-no-flamengo-e-vive-sonho-da-copa-do-mundo\/#primaryimage\"},\"image\":{\"@id\":\"https:\/\/www.gaveanews.com\/index.php\/2022\/11\/16\/lateral-de-origem-everton-ribeiro-renasce-no-flamengo-e-vive-sonho-da-copa-do-mundo\/#primaryimage\"},\"thumbnailUrl\":\"https:\/\/www.gaveanews.com\/wp-content\/uploads\/Everton-Ribeiro-em-classico-do-Flamengo-contra-o-Botafogo-pelo-Brasileirao.webp\",\"datePublished\":\"2022-11-16T21:37:58+00:00\",\"dateModified\":\"2022-11-16T21:43:53+00:00\",\"author\":{\"@id\":\"https:\/\/www.gaveanews.com\/#\/schema\/person\/2ec14f73fb96be2caf28f91afb14749d\"},\"breadcrumb\":{\"@id\":\"https:\/\/www.gaveanews.com\/index.php\/2022\/11\/16\/lateral-de-origem-everton-ribeiro-renasce-no-flamengo-e-vive-sonho-da-copa-do-mundo\/#breadcrumb\"},\"inLanguage\":\"pt-BR\",\"potentialAction\":[{\"@type\":\"ReadAction\",\"target\":[\"https:\/\/www.gaveanews.com\/index.php\/2022\/11\/16\/lateral-de-origem-everton-ribeiro-renasce-no-flamengo-e-vive-sonho-da-copa-do-mundo\/\"]}]},{\"@type\":\"ImageObject\",\"inLanguage\":\"pt-BR\",\"@id\":\"https:\/\/www.gaveanews.com\/index.php\/2022\/11\/16\/lateral-de-origem-everton-ribeiro-renasce-no-flamengo-e-vive-sonho-da-copa-do-mundo\/#primaryimage\",\"url\":\"https:\/\/www.gaveanews.com\/wp-content\/uploads\/Everton-Ribeiro-em-classico-do-Flamengo-contra-o-Botafogo-pelo-Brasileirao.webp\",\"contentUrl\":\"https:\/\/www.gaveanews.com\/wp-content\/uploads\/Everton-Ribeiro-em-classico-do-Flamengo-contra-o-Botafogo-pelo-Brasileirao.webp\",\"width\":800,\"height\":533,\"caption\":\"Everton Ribeiro em cl\u00e1ssico do Flamengo contra o Botafogo pelo Brasileir\u00e3o (Foto: Marcelo Cortes\/Flamengo)\"},{\"@type\":\"BreadcrumbList\",\"@id\":\"https:\/\/www.gaveanews.com\/index.php\/2022\/11\/16\/lateral-de-origem-everton-ribeiro-renasce-no-flamengo-e-vive-sonho-da-copa-do-mundo\/#breadcrumb\",\"itemListElement\":[{\"@type\":\"ListItem\",\"position\":1,\"name\":\"Home\",\"item\":\"https:\/\/www.gaveanews.com\/\"},{\"@type\":\"ListItem\",\"position\":2,\"name\":\"Lateral de origem, Everton Ribeiro &#8216;renasce&#8217; no Flamengo e vive sonho da Copa do Mundo\"}]},{\"@type\":\"WebSite\",\"@id\":\"https:\/\/www.gaveanews.com\/#website\",\"url\":\"https:\/\/www.gaveanews.com\/\",\"name\":\"G\u00e1vea News\",\"description\":\"Veja todas as not\u00edcias sobre o Flamengo: Contrata\u00e7\u00f5es, categorias de base, resultados das partidas, tabela de classifica\u00e7\u00e3o, pr\u00f3ximos jogos!\",\"potentialAction\":[{\"@type\":\"SearchAction\",\"target\":{\"@type\":\"EntryPoint\",\"urlTemplate\":\"https:\/\/www.gaveanews.com\/?s={search_term_string}\"},\"query-input\":{\"@type\":\"PropertyValueSpecification\",\"valueRequired\":true,\"valueName\":\"search_term_string\"}}],\"inLanguage\":\"pt-BR\"},{\"@type\":\"Person\",\"@id\":\"https:\/\/www.gaveanews.com\/#\/schema\/person\/2ec14f73fb96be2caf28f91afb14749d\",\"name\":\"Equipe G\u00e1vea News\",\"image\":{\"@type\":\"ImageObject\",\"inLanguage\":\"pt-BR\",\"@id\":\"https:\/\/www.gaveanews.com\/#\/schema\/person\/image\/\",\"url\":\"https:\/\/secure.gravatar.com\/avatar\/1e1956f1facbffd3f8fa53a326721950116b3b9dc9bd44939c01180fd4a745a9?s=96&d=mm&r=g\",\"contentUrl\":\"https:\/\/secure.gravatar.com\/avatar\/1e1956f1facbffd3f8fa53a326721950116b3b9dc9bd44939c01180fd4a745a9?s=96&d=mm&r=g\",\"caption\":\"Equipe G\u00e1vea News\"}}]}<\/script>\n<!-- \/ Yoast SEO Premium plugin. -->","yoast_head_json":{"title":"Lateral de origem, Everton Ribeiro 'renasce' no Flamengo e vive sonho da Copa do Mundo","robots":{"index":"index","follow":"follow","max-snippet":"max-snippet:-1","max-image-preview":"max-image-preview:large","max-video-preview":"max-video-preview:-1"},"canonical":"https:\/\/www.gaveanews.com\/index.php\/2022\/11\/16\/lateral-de-origem-everton-ribeiro-renasce-no-flamengo-e-vive-sonho-da-copa-do-mundo\/","og_locale":"pt_BR","og_type":"article","og_title":"Lateral de origem, Everton Ribeiro 'renasce' no Flamengo e vive sonho da Copa do Mundo","og_description":"Da conquista do Sul-Americano sub-20 de 2009 jogando como lateral-esquerdo at\u00e9 o sonho de disputar a Copa do Mundo de 2022 no Catar foram 13 anos de muitas mudan\u00e7as para Everton Ribeiro. A principal, claro, foi se tornar um meia de cria\u00e7\u00e3o, o que possibilitou uma carreira vitoriosa. Principalmente desde a chegada ao Flamengo, onde [&hellip;]","og_url":"https:\/\/www.gaveanews.com\/index.php\/2022\/11\/16\/lateral-de-origem-everton-ribeiro-renasce-no-flamengo-e-vive-sonho-da-copa-do-mundo\/","og_site_name":"G\u00e1vea News","article_publisher":"https:\/\/facebook.com\/gaveaNews\/","article_published_time":"2022-11-16T21:37:58+00:00","article_modified_time":"2022-11-16T21:43:53+00:00","og_image":[{"width":800,"height":533,"url":"https:\/\/www.gaveanews.com\/wp-content\/uploads\/Everton-Ribeiro-em-classico-do-Flamengo-contra-o-Botafogo-pelo-Brasileirao.webp","type":"image\/jpeg"}],"author":"Equipe G\u00e1vea News","twitter_card":"summary_large_image","twitter_misc":{"Escrito por":"Equipe G\u00e1vea News","Est. tempo de leitura":"3 minutos"},"schema":{"@context":"https:\/\/schema.org","@graph":[{"@type":"NewsArticle","@id":"https:\/\/www.gaveanews.com\/index.php\/2022\/11\/16\/lateral-de-origem-everton-ribeiro-renasce-no-flamengo-e-vive-sonho-da-copa-do-mundo\/#article","isPartOf":{"@id":"https:\/\/www.gaveanews.com\/index.php\/2022\/11\/16\/lateral-de-origem-everton-ribeiro-renasce-no-flamengo-e-vive-sonho-da-copa-do-mundo\/"},"author":{"name":"Equipe G\u00e1vea News","@id":"https:\/\/www.gaveanews.com\/#\/schema\/person\/2ec14f73fb96be2caf28f91afb14749d"},"headline":"Lateral de origem, Everton Ribeiro &#8216;renasce&#8217; no Flamengo e vive sonho da Copa do Mundo","datePublished":"2022-11-16T21:37:58+00:00","dateModified":"2022-11-16T21:43:53+00:00","mainEntityOfPage":{"@id":"https:\/\/www.gaveanews.com\/index.php\/2022\/11\/16\/lateral-de-origem-everton-ribeiro-renasce-no-flamengo-e-vive-sonho-da-copa-do-mundo\/"},"wordCount":564,"commentCount":0,"image":{"@id":"https:\/\/www.gaveanews.com\/index.php\/2022\/11\/16\/lateral-de-origem-everton-ribeiro-renasce-no-flamengo-e-vive-sonho-da-copa-do-mundo\/#primaryimage"},"thumbnailUrl":"https:\/\/www.gaveanews.com\/wp-content\/uploads\/Everton-Ribeiro-em-classico-do-Flamengo-contra-o-Botafogo-pelo-Brasileirao.webp","articleSection":["Flamengo"],"inLanguage":"pt-BR","potentialAction":[{"@type":"CommentAction","name":"Comment","target":["https:\/\/www.gaveanews.com\/index.php\/2022\/11\/16\/lateral-de-origem-everton-ribeiro-renasce-no-flamengo-e-vive-sonho-da-copa-do-mundo\/#respond"]}],"copyrightYear":"2022","copyrightHolder":{"@id":"https:\/\/www.gaveanews.com\/#organization"}},{"@type":"WebPage","@id":"https:\/\/www.gaveanews.com\/index.php\/2022\/11\/16\/lateral-de-origem-everton-ribeiro-renasce-no-flamengo-e-vive-sonho-da-copa-do-mundo\/","url":"https:\/\/www.gaveanews.com\/index.php\/2022\/11\/16\/lateral-de-origem-everton-ribeiro-renasce-no-flamengo-e-vive-sonho-da-copa-do-mundo\/","name":"Lateral de origem, Everton Ribeiro 'renasce' no Flamengo e vive sonho da Copa do Mundo","isPartOf":{"@id":"https:\/\/www.gaveanews.com\/#website"},"primaryImageOfPage":{"@id":"https:\/\/www.gaveanews.com\/index.php\/2022\/11\/16\/lateral-de-origem-everton-ribeiro-renasce-no-flamengo-e-vive-sonho-da-copa-do-mundo\/#primaryimage"},"image":{"@id":"https:\/\/www.gaveanews.com\/index.php\/2022\/11\/16\/lateral-de-origem-everton-ribeiro-renasce-no-flamengo-e-vive-sonho-da-copa-do-mundo\/#primaryimage"},"thumbnailUrl":"https:\/\/www.gaveanews.com\/wp-content\/uploads\/Everton-Ribeiro-em-classico-do-Flamengo-contra-o-Botafogo-pelo-Brasileirao.webp","datePublished":"2022-11-16T21:37:58+00:00","dateModified":"2022-11-16T21:43:53+00:00","author":{"@id":"https:\/\/www.gaveanews.com\/#\/schema\/person\/2ec14f73fb96be2caf28f91afb14749d"},"breadcrumb":{"@id":"https:\/\/www.gaveanews.com\/index.php\/2022\/11\/16\/lateral-de-origem-everton-ribeiro-renasce-no-flamengo-e-vive-sonho-da-copa-do-mundo\/#breadcrumb"},"inLanguage":"pt-BR","potentialAction":[{"@type":"ReadAction","target":["https:\/\/www.gaveanews.com\/index.php\/2022\/11\/16\/lateral-de-origem-everton-ribeiro-renasce-no-flamengo-e-vive-sonho-da-copa-do-mundo\/"]}]},{"@type":"ImageObject","inLanguage":"pt-BR","@id":"https:\/\/www.gaveanews.com\/index.php\/2022\/11\/16\/lateral-de-origem-everton-ribeiro-renasce-no-flamengo-e-vive-sonho-da-copa-do-mundo\/#primaryimage","url":"https:\/\/www.gaveanews.com\/wp-content\/uploads\/Everton-Ribeiro-em-classico-do-Flamengo-contra-o-Botafogo-pelo-Brasileirao.webp","contentUrl":"https:\/\/www.gaveanews.com\/wp-content\/uploads\/Everton-Ribeiro-em-classico-do-Flamengo-contra-o-Botafogo-pelo-Brasileirao.webp","width":800,"height":533,"caption":"Everton Ribeiro em cl\u00e1ssico do Flamengo contra o Botafogo pelo Brasileir\u00e3o (Foto: Marcelo Cortes\/Flamengo)"},{"@type":"BreadcrumbList","@id":"https:\/\/www.gaveanews.com\/index.php\/2022\/11\/16\/lateral-de-origem-everton-ribeiro-renasce-no-flamengo-e-vive-sonho-da-copa-do-mundo\/#breadcrumb","itemListElement":[{"@type":"ListItem","position":1,"name":"Home","item":"https:\/\/www.gaveanews.com\/"},{"@type":"ListItem","position":2,"name":"Lateral de origem, Everton Ribeiro &#8216;renasce&#8217; no Flamengo e vive sonho da Copa do Mundo"}]},{"@type":"WebSite","@id":"https:\/\/www.gaveanews.com\/#website","url":"https:\/\/www.gaveanews.com\/","name":"G\u00e1vea News","description":"Veja todas as not\u00edcias sobre o Flamengo: Contrata\u00e7\u00f5es, categorias de base, resultados das partidas, tabela de classifica\u00e7\u00e3o, pr\u00f3ximos jogos!","potentialAction":[{"@type":"SearchAction","target":{"@type":"EntryPoint","urlTemplate":"https:\/\/www.gaveanews.com\/?s={search_term_string}"},"query-input":{"@type":"PropertyValueSpecification","valueRequired":true,"valueName":"search_term_string"}}],"inLanguage":"pt-BR"},{"@type":"Person","@id":"https:\/\/www.gaveanews.com\/#\/schema\/person\/2ec14f73fb96be2caf28f91afb14749d","name":"Equipe G\u00e1vea News","image":{"@type":"ImageObject","inLanguage":"pt-BR","@id":"https:\/\/www.gaveanews.com\/#\/schema\/person\/image\/","url":"https:\/\/secure.gravatar.com\/avatar\/1e1956f1facbffd3f8fa53a326721950116b3b9dc9bd44939c01180fd4a745a9?s=96&d=mm&r=g","contentUrl":"https:\/\/secure.gravatar.com\/avatar\/1e1956f1facbffd3f8fa53a326721950116b3b9dc9bd44939c01180fd4a745a9?s=96&d=mm&r=g","caption":"Equipe G\u00e1vea News"}}]}},"_links":{"self":[{"href":"https:\/\/www.gaveanews.com\/index.php\/wp-json\/wp\/v2\/posts\/90777","targetHints":{"allow":["GET"]}}],"collection":[{"href":"https:\/\/www.gaveanews.com\/index.php\/wp-json\/wp\/v2\/posts"}],"about":[{"href":"https:\/\/www.gaveanews.com\/index.php\/wp-json\/wp\/v2\/types\/post"}],"author":[{"embeddable":true,"href":"https:\/\/www.gaveanews.com\/index.php\/wp-json\/wp\/v2\/users\/1"}],"replies":[{"embeddable":true,"href":"https:\/\/www.gaveanews.com\/index.php\/wp-json\/wp\/v2\/comments?post=90777"}],"version-history":[{"count":0,"href":"https:\/\/www.gaveanews.com\/index.php\/wp-json\/wp\/v2\/posts\/90777\/revisions"}],"wp:featuredmedia":[{"embeddable":true,"href":"https:\/\/www.gaveanews.com\/index.php\/wp-json\/wp\/v2\/media\/81357"}],"wp:attachment":[{"href":"https:\/\/www.gaveanews.com\/index.php\/wp-json\/wp\/v2\/media?parent=90777"}],"wp:term":[{"taxonomy":"category","embeddable":true,"href":"https:\/\/www.gaveanews.com\/index.php\/wp-json\/wp\/v2\/categories?post=90777"},{"taxonomy":"post_tag","embeddable":true,"href":"https:\/\/www.gaveanews.com\/index.php\/wp-json\/wp\/v2\/tags?post=90777"}],"curies":[{"name":"wp","href":"https:\/\/api.w.org\/{rel}","templated":true}]}}