{"id":90800,"date":"2022-11-16T23:56:24","date_gmt":"2022-11-17T02:56:24","guid":{"rendered":"https:\/\/www.gaveanews.com\/?p=90800"},"modified":"2022-11-16T23:56:26","modified_gmt":"2022-11-17T02:56:26","slug":"flamengo-mantem-conversas-para-contratar-atacante-da-juventus","status":"publish","type":"post","link":"https:\/\/www.gaveanews.com\/index.php\/2022\/11\/16\/flamengo-mantem-conversas-para-contratar-atacante-da-juventus\/","title":{"rendered":"Flamengo mant\u00e9m conversas para contratar atacante da Juventus"},"content":{"rendered":"\n<p>A diretoria do Flamengo age com cautela e anteced\u00eancia e conversa com os agentes do centroavante Kaio Jorge, da Juventus, para que ele possa refor\u00e7ar o clube na temporada 2023. A contrata\u00e7\u00e3o viria em um momento em que Pedro, convocado pela sele\u00e7\u00e3o brasileira, est\u00e1 valorizado, e pode ser aus\u00eancia frequente. Ou at\u00e9 quem sabe receber uma proposta do exterior. Nesta ter\u00e7a, Kaio Jorge visitou o treino do Brasil e posou com Rodrygo, seu ex-companheiro de Santos.<\/p>\n\n\n\n<p>Aos 20 anos, o jogador, contratado ao clube paulista, \u00e9 o \u00faltimo da fila no clube italiano, que trouxe Federico Chiesa de volta recentemente. <\/p>\n\n\n\n<p>A Juventus colocou o jogador para ganhar minutos com o sub-23, mas ele precisou passar por uma cirurgia no come\u00e7o de 2022 e s\u00f3 se recuperou no fim do ano. Agora, seu futuro passa pela falta de espa\u00e7o no time preto e branco e a possibilidade de um empr\u00e9stimo para o Brasil \u00e9 debatida.<\/p>\n\n\n\n<p>Retirado de: Extra<\/p>\n","protected":false},"excerpt":{"rendered":"<p>A diretoria do Flamengo age com cautela e anteced\u00eancia e conversa com os agentes do centroavante Kaio Jorge, da Juventus, para que ele possa refor\u00e7ar o clube na temporada 2023. A contrata\u00e7\u00e3o viria em um momento em que Pedro, convocado pela sele\u00e7\u00e3o brasileira, est\u00e1 valorizado, e pode ser aus\u00eancia frequente. Ou at\u00e9 quem sabe receber [&hellip;]<\/p>\n","protected":false},"author":1,"featured_media":88072,"comment_status":"open","ping_status":"closed","sticky":false,"template":"","format":"standard","meta":{"footnotes":""},"categories":[48],"tags":[],"class_list":["post-90800","post","type-post","status-publish","format-standard","has-post-thumbnail","hentry","category-negociacoes"],"yoast_head":"<!-- This site is optimized with the Yoast SEO Premium plugin v24.2 (Yoast SEO v26.9) - https:\/\/yoast.com\/product\/yoast-seo-premium-wordpress\/ -->\n<title>Flamengo mant\u00e9m conversas para contratar atacante da Juventus<\/title>\n<meta name=\"robots\" content=\"index, follow, max-snippet:-1, max-image-preview:large, max-video-preview:-1\" \/>\n<link rel=\"canonical\" href=\"https:\/\/www.gaveanews.com\/index.php\/2022\/11\/16\/flamengo-mantem-conversas-para-contratar-atacante-da-juventus\/\" \/>\n<meta property=\"og:locale\" content=\"pt_BR\" \/>\n<meta property=\"og:type\" content=\"article\" \/>\n<meta property=\"og:title\" content=\"Flamengo mant\u00e9m conversas para contratar atacante da Juventus\" \/>\n<meta property=\"og:description\" content=\"A diretoria do Flamengo age com cautela e anteced\u00eancia e conversa com os agentes do centroavante Kaio Jorge, da Juventus, para que ele possa refor\u00e7ar o clube na temporada 2023. A contrata\u00e7\u00e3o viria em um momento em que Pedro, convocado pela sele\u00e7\u00e3o brasileira, est\u00e1 valorizado, e pode ser aus\u00eancia frequente. Ou at\u00e9 quem sabe receber [&hellip;]\" \/>\n<meta property=\"og:url\" content=\"https:\/\/www.gaveanews.com\/index.php\/2022\/11\/16\/flamengo-mantem-conversas-para-contratar-atacante-da-juventus\/\" \/>\n<meta property=\"og:site_name\" content=\"G\u00e1vea News\" \/>\n<meta property=\"article:publisher\" content=\"https:\/\/facebook.com\/gaveaNews\/\" \/>\n<meta property=\"article:published_time\" content=\"2022-11-17T02:56:24+00:00\" \/>\n<meta property=\"article:modified_time\" content=\"2022-11-17T02:56:26+00:00\" \/>\n<meta property=\"og:image\" content=\"https:\/\/www.gaveanews.com\/wp-content\/uploads\/Kaio-Jorge-Juventus.webp\" \/>\n\t<meta property=\"og:image:width\" content=\"846\" \/>\n\t<meta property=\"og:image:height\" content=\"489\" \/>\n\t<meta property=\"og:image:type\" content=\"image\/webp\" \/>\n<meta name=\"author\" content=\"Equipe G\u00e1vea News\" \/>\n<meta name=\"twitter:card\" content=\"summary_large_image\" \/>\n<meta name=\"twitter:label1\" content=\"Escrito por\" \/>\n\t<meta name=\"twitter:data1\" content=\"Equipe G\u00e1vea News\" \/>\n\t<meta name=\"twitter:label2\" content=\"Est. tempo de leitura\" \/>\n\t<meta name=\"twitter:data2\" content=\"1 minuto\" \/>\n<script type=\"application\/ld+json\" class=\"yoast-schema-graph\">{\"@context\":\"https:\/\/schema.org\",\"@graph\":[{\"@type\":\"NewsArticle\",\"@id\":\"https:\/\/www.gaveanews.com\/index.php\/2022\/11\/16\/flamengo-mantem-conversas-para-contratar-atacante-da-juventus\/#article\",\"isPartOf\":{\"@id\":\"https:\/\/www.gaveanews.com\/index.php\/2022\/11\/16\/flamengo-mantem-conversas-para-contratar-atacante-da-juventus\/\"},\"author\":{\"name\":\"Equipe G\u00e1vea News\",\"@id\":\"https:\/\/www.gaveanews.com\/#\/schema\/person\/2ec14f73fb96be2caf28f91afb14749d\"},\"headline\":\"Flamengo mant\u00e9m conversas para contratar atacante da Juventus\",\"datePublished\":\"2022-11-17T02:56:24+00:00\",\"dateModified\":\"2022-11-17T02:56:26+00:00\",\"mainEntityOfPage\":{\"@id\":\"https:\/\/www.gaveanews.com\/index.php\/2022\/11\/16\/flamengo-mantem-conversas-para-contratar-atacante-da-juventus\/\"},\"wordCount\":170,\"commentCount\":0,\"image\":{\"@id\":\"https:\/\/www.gaveanews.com\/index.php\/2022\/11\/16\/flamengo-mantem-conversas-para-contratar-atacante-da-juventus\/#primaryimage\"},\"thumbnailUrl\":\"https:\/\/www.gaveanews.com\/wp-content\/uploads\/Kaio-Jorge-Juventus.webp\",\"articleSection\":[\"Negocia\u00e7\u00f5es\"],\"inLanguage\":\"pt-BR\",\"potentialAction\":[{\"@type\":\"CommentAction\",\"name\":\"Comment\",\"target\":[\"https:\/\/www.gaveanews.com\/index.php\/2022\/11\/16\/flamengo-mantem-conversas-para-contratar-atacante-da-juventus\/#respond\"]}],\"copyrightYear\":\"2022\",\"copyrightHolder\":{\"@id\":\"https:\/\/www.gaveanews.com\/#organization\"}},{\"@type\":\"WebPage\",\"@id\":\"https:\/\/www.gaveanews.com\/index.php\/2022\/11\/16\/flamengo-mantem-conversas-para-contratar-atacante-da-juventus\/\",\"url\":\"https:\/\/www.gaveanews.com\/index.php\/2022\/11\/16\/flamengo-mantem-conversas-para-contratar-atacante-da-juventus\/\",\"name\":\"Flamengo mant\u00e9m conversas para contratar atacante da Juventus\",\"isPartOf\":{\"@id\":\"https:\/\/www.gaveanews.com\/#website\"},\"primaryImageOfPage\":{\"@id\":\"https:\/\/www.gaveanews.com\/index.php\/2022\/11\/16\/flamengo-mantem-conversas-para-contratar-atacante-da-juventus\/#primaryimage\"},\"image\":{\"@id\":\"https:\/\/www.gaveanews.com\/index.php\/2022\/11\/16\/flamengo-mantem-conversas-para-contratar-atacante-da-juventus\/#primaryimage\"},\"thumbnailUrl\":\"https:\/\/www.gaveanews.com\/wp-content\/uploads\/Kaio-Jorge-Juventus.webp\",\"datePublished\":\"2022-11-17T02:56:24+00:00\",\"dateModified\":\"2022-11-17T02:56:26+00:00\",\"author\":{\"@id\":\"https:\/\/www.gaveanews.com\/#\/schema\/person\/2ec14f73fb96be2caf28f91afb14749d\"},\"breadcrumb\":{\"@id\":\"https:\/\/www.gaveanews.com\/index.php\/2022\/11\/16\/flamengo-mantem-conversas-para-contratar-atacante-da-juventus\/#breadcrumb\"},\"inLanguage\":\"pt-BR\",\"potentialAction\":[{\"@type\":\"ReadAction\",\"target\":[\"https:\/\/www.gaveanews.com\/index.php\/2022\/11\/16\/flamengo-mantem-conversas-para-contratar-atacante-da-juventus\/\"]}]},{\"@type\":\"ImageObject\",\"inLanguage\":\"pt-BR\",\"@id\":\"https:\/\/www.gaveanews.com\/index.php\/2022\/11\/16\/flamengo-mantem-conversas-para-contratar-atacante-da-juventus\/#primaryimage\",\"url\":\"https:\/\/www.gaveanews.com\/wp-content\/uploads\/Kaio-Jorge-Juventus.webp\",\"contentUrl\":\"https:\/\/www.gaveanews.com\/wp-content\/uploads\/Kaio-Jorge-Juventus.webp\",\"width\":846,\"height\":489,\"caption\":\"Kaio Jorge, atacante da Juventus (Foto: Reprodu\u00e7\u00e3o\/Juventus)\"},{\"@type\":\"BreadcrumbList\",\"@id\":\"https:\/\/www.gaveanews.com\/index.php\/2022\/11\/16\/flamengo-mantem-conversas-para-contratar-atacante-da-juventus\/#breadcrumb\",\"itemListElement\":[{\"@type\":\"ListItem\",\"position\":1,\"name\":\"Home\",\"item\":\"https:\/\/www.gaveanews.com\/\"},{\"@type\":\"ListItem\",\"position\":2,\"name\":\"Flamengo mant\u00e9m conversas para contratar atacante da Juventus\"}]},{\"@type\":\"WebSite\",\"@id\":\"https:\/\/www.gaveanews.com\/#website\",\"url\":\"https:\/\/www.gaveanews.com\/\",\"name\":\"G\u00e1vea News\",\"description\":\"Veja todas as not\u00edcias sobre o Flamengo: Contrata\u00e7\u00f5es, categorias de base, resultados das partidas, tabela de classifica\u00e7\u00e3o, pr\u00f3ximos jogos!\",\"potentialAction\":[{\"@type\":\"SearchAction\",\"target\":{\"@type\":\"EntryPoint\",\"urlTemplate\":\"https:\/\/www.gaveanews.com\/?s={search_term_string}\"},\"query-input\":{\"@type\":\"PropertyValueSpecification\",\"valueRequired\":true,\"valueName\":\"search_term_string\"}}],\"inLanguage\":\"pt-BR\"},{\"@type\":\"Person\",\"@id\":\"https:\/\/www.gaveanews.com\/#\/schema\/person\/2ec14f73fb96be2caf28f91afb14749d\",\"name\":\"Equipe G\u00e1vea News\",\"image\":{\"@type\":\"ImageObject\",\"inLanguage\":\"pt-BR\",\"@id\":\"https:\/\/www.gaveanews.com\/#\/schema\/person\/image\/\",\"url\":\"https:\/\/secure.gravatar.com\/avatar\/1e1956f1facbffd3f8fa53a326721950116b3b9dc9bd44939c01180fd4a745a9?s=96&d=mm&r=g\",\"contentUrl\":\"https:\/\/secure.gravatar.com\/avatar\/1e1956f1facbffd3f8fa53a326721950116b3b9dc9bd44939c01180fd4a745a9?s=96&d=mm&r=g\",\"caption\":\"Equipe G\u00e1vea News\"}}]}<\/script>\n<!-- \/ Yoast SEO Premium plugin. -->","yoast_head_json":{"title":"Flamengo mant\u00e9m conversas para contratar atacante da Juventus","robots":{"index":"index","follow":"follow","max-snippet":"max-snippet:-1","max-image-preview":"max-image-preview:large","max-video-preview":"max-video-preview:-1"},"canonical":"https:\/\/www.gaveanews.com\/index.php\/2022\/11\/16\/flamengo-mantem-conversas-para-contratar-atacante-da-juventus\/","og_locale":"pt_BR","og_type":"article","og_title":"Flamengo mant\u00e9m conversas para contratar atacante da Juventus","og_description":"A diretoria do Flamengo age com cautela e anteced\u00eancia e conversa com os agentes do centroavante Kaio Jorge, da Juventus, para que ele possa refor\u00e7ar o clube na temporada 2023. A contrata\u00e7\u00e3o viria em um momento em que Pedro, convocado pela sele\u00e7\u00e3o brasileira, est\u00e1 valorizado, e pode ser aus\u00eancia frequente. Ou at\u00e9 quem sabe receber [&hellip;]","og_url":"https:\/\/www.gaveanews.com\/index.php\/2022\/11\/16\/flamengo-mantem-conversas-para-contratar-atacante-da-juventus\/","og_site_name":"G\u00e1vea News","article_publisher":"https:\/\/facebook.com\/gaveaNews\/","article_published_time":"2022-11-17T02:56:24+00:00","article_modified_time":"2022-11-17T02:56:26+00:00","og_image":[{"width":846,"height":489,"url":"https:\/\/www.gaveanews.com\/wp-content\/uploads\/Kaio-Jorge-Juventus.webp","type":"image\/webp"}],"author":"Equipe G\u00e1vea News","twitter_card":"summary_large_image","twitter_misc":{"Escrito por":"Equipe G\u00e1vea News","Est. tempo de leitura":"1 minuto"},"schema":{"@context":"https:\/\/schema.org","@graph":[{"@type":"NewsArticle","@id":"https:\/\/www.gaveanews.com\/index.php\/2022\/11\/16\/flamengo-mantem-conversas-para-contratar-atacante-da-juventus\/#article","isPartOf":{"@id":"https:\/\/www.gaveanews.com\/index.php\/2022\/11\/16\/flamengo-mantem-conversas-para-contratar-atacante-da-juventus\/"},"author":{"name":"Equipe G\u00e1vea News","@id":"https:\/\/www.gaveanews.com\/#\/schema\/person\/2ec14f73fb96be2caf28f91afb14749d"},"headline":"Flamengo mant\u00e9m conversas para contratar atacante da Juventus","datePublished":"2022-11-17T02:56:24+00:00","dateModified":"2022-11-17T02:56:26+00:00","mainEntityOfPage":{"@id":"https:\/\/www.gaveanews.com\/index.php\/2022\/11\/16\/flamengo-mantem-conversas-para-contratar-atacante-da-juventus\/"},"wordCount":170,"commentCount":0,"image":{"@id":"https:\/\/www.gaveanews.com\/index.php\/2022\/11\/16\/flamengo-mantem-conversas-para-contratar-atacante-da-juventus\/#primaryimage"},"thumbnailUrl":"https:\/\/www.gaveanews.com\/wp-content\/uploads\/Kaio-Jorge-Juventus.webp","articleSection":["Negocia\u00e7\u00f5es"],"inLanguage":"pt-BR","potentialAction":[{"@type":"CommentAction","name":"Comment","target":["https:\/\/www.gaveanews.com\/index.php\/2022\/11\/16\/flamengo-mantem-conversas-para-contratar-atacante-da-juventus\/#respond"]}],"copyrightYear":"2022","copyrightHolder":{"@id":"https:\/\/www.gaveanews.com\/#organization"}},{"@type":"WebPage","@id":"https:\/\/www.gaveanews.com\/index.php\/2022\/11\/16\/flamengo-mantem-conversas-para-contratar-atacante-da-juventus\/","url":"https:\/\/www.gaveanews.com\/index.php\/2022\/11\/16\/flamengo-mantem-conversas-para-contratar-atacante-da-juventus\/","name":"Flamengo mant\u00e9m conversas para contratar atacante da Juventus","isPartOf":{"@id":"https:\/\/www.gaveanews.com\/#website"},"primaryImageOfPage":{"@id":"https:\/\/www.gaveanews.com\/index.php\/2022\/11\/16\/flamengo-mantem-conversas-para-contratar-atacante-da-juventus\/#primaryimage"},"image":{"@id":"https:\/\/www.gaveanews.com\/index.php\/2022\/11\/16\/flamengo-mantem-conversas-para-contratar-atacante-da-juventus\/#primaryimage"},"thumbnailUrl":"https:\/\/www.gaveanews.com\/wp-content\/uploads\/Kaio-Jorge-Juventus.webp","datePublished":"2022-11-17T02:56:24+00:00","dateModified":"2022-11-17T02:56:26+00:00","author":{"@id":"https:\/\/www.gaveanews.com\/#\/schema\/person\/2ec14f73fb96be2caf28f91afb14749d"},"breadcrumb":{"@id":"https:\/\/www.gaveanews.com\/index.php\/2022\/11\/16\/flamengo-mantem-conversas-para-contratar-atacante-da-juventus\/#breadcrumb"},"inLanguage":"pt-BR","potentialAction":[{"@type":"ReadAction","target":["https:\/\/www.gaveanews.com\/index.php\/2022\/11\/16\/flamengo-mantem-conversas-para-contratar-atacante-da-juventus\/"]}]},{"@type":"ImageObject","inLanguage":"pt-BR","@id":"https:\/\/www.gaveanews.com\/index.php\/2022\/11\/16\/flamengo-mantem-conversas-para-contratar-atacante-da-juventus\/#primaryimage","url":"https:\/\/www.gaveanews.com\/wp-content\/uploads\/Kaio-Jorge-Juventus.webp","contentUrl":"https:\/\/www.gaveanews.com\/wp-content\/uploads\/Kaio-Jorge-Juventus.webp","width":846,"height":489,"caption":"Kaio Jorge, atacante da Juventus (Foto: Reprodu\u00e7\u00e3o\/Juventus)"},{"@type":"BreadcrumbList","@id":"https:\/\/www.gaveanews.com\/index.php\/2022\/11\/16\/flamengo-mantem-conversas-para-contratar-atacante-da-juventus\/#breadcrumb","itemListElement":[{"@type":"ListItem","position":1,"name":"Home","item":"https:\/\/www.gaveanews.com\/"},{"@type":"ListItem","position":2,"name":"Flamengo mant\u00e9m conversas para contratar atacante da Juventus"}]},{"@type":"WebSite","@id":"https:\/\/www.gaveanews.com\/#website","url":"https:\/\/www.gaveanews.com\/","name":"G\u00e1vea News","description":"Veja todas as not\u00edcias sobre o Flamengo: Contrata\u00e7\u00f5es, categorias de base, resultados das partidas, tabela de classifica\u00e7\u00e3o, pr\u00f3ximos jogos!","potentialAction":[{"@type":"SearchAction","target":{"@type":"EntryPoint","urlTemplate":"https:\/\/www.gaveanews.com\/?s={search_term_string}"},"query-input":{"@type":"PropertyValueSpecification","valueRequired":true,"valueName":"search_term_string"}}],"inLanguage":"pt-BR"},{"@type":"Person","@id":"https:\/\/www.gaveanews.com\/#\/schema\/person\/2ec14f73fb96be2caf28f91afb14749d","name":"Equipe G\u00e1vea News","image":{"@type":"ImageObject","inLanguage":"pt-BR","@id":"https:\/\/www.gaveanews.com\/#\/schema\/person\/image\/","url":"https:\/\/secure.gravatar.com\/avatar\/1e1956f1facbffd3f8fa53a326721950116b3b9dc9bd44939c01180fd4a745a9?s=96&d=mm&r=g","contentUrl":"https:\/\/secure.gravatar.com\/avatar\/1e1956f1facbffd3f8fa53a326721950116b3b9dc9bd44939c01180fd4a745a9?s=96&d=mm&r=g","caption":"Equipe G\u00e1vea News"}}]}},"_links":{"self":[{"href":"https:\/\/www.gaveanews.com\/index.php\/wp-json\/wp\/v2\/posts\/90800","targetHints":{"allow":["GET"]}}],"collection":[{"href":"https:\/\/www.gaveanews.com\/index.php\/wp-json\/wp\/v2\/posts"}],"about":[{"href":"https:\/\/www.gaveanews.com\/index.php\/wp-json\/wp\/v2\/types\/post"}],"author":[{"embeddable":true,"href":"https:\/\/www.gaveanews.com\/index.php\/wp-json\/wp\/v2\/users\/1"}],"replies":[{"embeddable":true,"href":"https:\/\/www.gaveanews.com\/index.php\/wp-json\/wp\/v2\/comments?post=90800"}],"version-history":[{"count":0,"href":"https:\/\/www.gaveanews.com\/index.php\/wp-json\/wp\/v2\/posts\/90800\/revisions"}],"wp:featuredmedia":[{"embeddable":true,"href":"https:\/\/www.gaveanews.com\/index.php\/wp-json\/wp\/v2\/media\/88072"}],"wp:attachment":[{"href":"https:\/\/www.gaveanews.com\/index.php\/wp-json\/wp\/v2\/media?parent=90800"}],"wp:term":[{"taxonomy":"category","embeddable":true,"href":"https:\/\/www.gaveanews.com\/index.php\/wp-json\/wp\/v2\/categories?post=90800"},{"taxonomy":"post_tag","embeddable":true,"href":"https:\/\/www.gaveanews.com\/index.php\/wp-json\/wp\/v2\/tags?post=90800"}],"curies":[{"name":"wp","href":"https:\/\/api.w.org\/{rel}","templated":true}]}}