{"id":90863,"date":"2022-11-18T01:57:56","date_gmt":"2022-11-18T04:57:56","guid":{"rendered":"https:\/\/www.gaveanews.com\/?p=90863"},"modified":"2022-11-18T01:57:59","modified_gmt":"2022-11-18T04:57:59","slug":"david-luiz-revela-que-cobrou-pedro-nos-bastidores-do-flamengo-ficou-p-comigo","status":"publish","type":"post","link":"https:\/\/www.gaveanews.com\/index.php\/2022\/11\/18\/david-luiz-revela-que-cobrou-pedro-nos-bastidores-do-flamengo-ficou-p-comigo\/","title":{"rendered":"David Luiz revela que cobrou Pedro nos bastidores do Flamengo: \u201cFicou p\u2026 comigo\u201d"},"content":{"rendered":"\n<p>Com ampla experi\u00eancia de ter atuado na Europa, David Luiz teve import\u00e2ncia para aconselhar Pedro no Flamengo. Antes do atacante brilhar na equipe titular, existiu um per\u00edodo dif\u00edcil em que poucas chances foram concedidas, motivo pelo qual uma sa\u00edda para o Palmeiras passou a ser cogitada. Sem aliviar, o zagueiro deu uma bronca no camisa 21, que, inicialmente, reagiu de forma r\u00edspida.<\/p>\n\n\n\n<p>\u201cA primeira vez que eu falo com o Pedro, ele fica p\u2026 comigo. Porque eu falei com ele de forma dura. O Pedro \u00e9 um menino doce, um cora\u00e7\u00e3o incr\u00edvel, mas fui bem sincero e falei: \u2018Dessa forma que voc\u00ea treina n\u00e3o vai acontecer. Voc\u00ea pode falar mil coisas para mim, mas h\u00e1 algo que n\u00e3o tem como negociar, que \u00e9 o trabalho, a dedica\u00e7\u00e3o.\u201d<\/p>\n\n\n\n<p>\u201cVoc\u00ea n\u00e3o querer evoluir todos os dias \u00e9 inegoci\u00e1vel\u2019. E as pessoas que trabalham, em qualquer \u00e1rea, para proteger o trabalho delas, quando perdem esse trabalho n\u00e3o v\u00e3o ter nenhum. Quem trabalha para evoluir, quando perder vai ter in\u00fameras oportunidades.\u201d, disse David Luiz ao GE.<\/p>\n\n\n\n<p>Logo depois do momento tenso, Pedro colocou a cabe\u00e7a no lugar e deixou a frustra\u00e7\u00e3o para tr\u00e1s. Sendo assim, sua volta por cima no Flamengo foi concretizada com a chegada de Dorival J\u00fanior no Flamengo, que uniu o centroavante com Gabigol no setor ofensivo. Posteriormente, o bom desempenho foi recompensado com convoca\u00e7\u00e3o para a Copa do Mundo.<\/p>\n\n\n\n<p>\u201cNo futebol, o problema \u00e9 deixar de tentar evoluir. Fui duro com o Pedro. Ele pode falar mil coisas, estar chateado pelas Olimp\u00edadas, por chegar para jogar e n\u00e3o jogar. Cr\u00ea em Deus, n\u00e9? A parte do orai \u00e9 a parte de Deus, o vigiai \u00e9 trabalhar. Falei: \u2018Limpa seu cora\u00e7\u00e3o e depois a gente conversa\u2019. Depois de dois dias, ele veio: \u2018J\u00e1 limpei meu cora\u00e7\u00e3o\u2019. Falei: \u2018Agora, desfruta que vem muita coisa boa\u2019. Ver o Pedro evoluir \u00e9 um dos meus maiores prazeres, v\u00ea-lo na Copa do Mundo, comemorar com a fam\u00edlia dele\u2026 Ver o L\u00e1zaro indo embora para Europa e os pais agradecendo. Ver que as coisas v\u00e3o dando certo para as pessoas \u00e9 o que me faz feliz. Ajudar a realizar \u00e9 um dos maiores sentimentos da vida. Hoje sendo pai, entendemos muito mais. Ajudar a realizar \u00e9 uma das coisas que mais me d\u00e1 prazer na vida! \u00c9 legal ver que me escutam, querem\u2026\u201d, concluiu o defensor do Flamengo.<\/p>\n\n\n\n<p>Retirado de: Torcedores<\/p>\n","protected":false},"excerpt":{"rendered":"<p>Com ampla experi\u00eancia de ter atuado na Europa, David Luiz teve import\u00e2ncia para aconselhar Pedro no Flamengo. Antes do atacante brilhar na equipe titular, existiu um per\u00edodo dif\u00edcil em que poucas chances foram concedidas, motivo pelo qual uma sa\u00edda para o Palmeiras passou a ser cogitada. Sem aliviar, o zagueiro deu uma bronca no camisa [&hellip;]<\/p>\n","protected":false},"author":1,"featured_media":89332,"comment_status":"open","ping_status":"closed","sticky":false,"template":"","format":"standard","meta":{"footnotes":""},"categories":[1],"tags":[],"class_list":["post-90863","post","type-post","status-publish","format-standard","has-post-thumbnail","hentry","category-flamengo"],"yoast_head":"<!-- This site is optimized with the Yoast SEO Premium plugin v24.2 (Yoast SEO v26.9) - https:\/\/yoast.com\/product\/yoast-seo-premium-wordpress\/ -->\n<title>David Luiz revela que cobrou Pedro nos bastidores do Flamengo: \u201cFicou p\u2026 comigo\u201d<\/title>\n<meta name=\"robots\" content=\"index, follow, max-snippet:-1, max-image-preview:large, max-video-preview:-1\" \/>\n<link rel=\"canonical\" href=\"https:\/\/www.gaveanews.com\/index.php\/2022\/11\/18\/david-luiz-revela-que-cobrou-pedro-nos-bastidores-do-flamengo-ficou-p-comigo\/\" \/>\n<meta property=\"og:locale\" content=\"pt_BR\" \/>\n<meta property=\"og:type\" content=\"article\" \/>\n<meta property=\"og:title\" content=\"David Luiz revela que cobrou Pedro nos bastidores do Flamengo: \u201cFicou p\u2026 comigo\u201d\" \/>\n<meta property=\"og:description\" content=\"Com ampla experi\u00eancia de ter atuado na Europa, David Luiz teve import\u00e2ncia para aconselhar Pedro no Flamengo. Antes do atacante brilhar na equipe titular, existiu um per\u00edodo dif\u00edcil em que poucas chances foram concedidas, motivo pelo qual uma sa\u00edda para o Palmeiras passou a ser cogitada. Sem aliviar, o zagueiro deu uma bronca no camisa [&hellip;]\" \/>\n<meta property=\"og:url\" content=\"https:\/\/www.gaveanews.com\/index.php\/2022\/11\/18\/david-luiz-revela-que-cobrou-pedro-nos-bastidores-do-flamengo-ficou-p-comigo\/\" \/>\n<meta property=\"og:site_name\" content=\"G\u00e1vea News\" \/>\n<meta property=\"article:publisher\" content=\"https:\/\/facebook.com\/gaveaNews\/\" \/>\n<meta property=\"article:published_time\" content=\"2022-11-18T04:57:56+00:00\" \/>\n<meta property=\"article:modified_time\" content=\"2022-11-18T04:57:59+00:00\" \/>\n<meta property=\"og:image\" content=\"https:\/\/www.gaveanews.com\/wp-content\/uploads\/David-Luiz-1.webp\" \/>\n\t<meta property=\"og:image:width\" content=\"799\" \/>\n\t<meta property=\"og:image:height\" content=\"533\" \/>\n\t<meta property=\"og:image:type\" content=\"image\/jpeg\" \/>\n<meta name=\"author\" content=\"Equipe G\u00e1vea News\" \/>\n<meta name=\"twitter:card\" content=\"summary_large_image\" \/>\n<meta name=\"twitter:label1\" content=\"Escrito por\" \/>\n\t<meta name=\"twitter:data1\" content=\"Equipe G\u00e1vea News\" \/>\n\t<meta name=\"twitter:label2\" content=\"Est. tempo de leitura\" \/>\n\t<meta name=\"twitter:data2\" content=\"3 minutos\" \/>\n<script type=\"application\/ld+json\" class=\"yoast-schema-graph\">{\"@context\":\"https:\/\/schema.org\",\"@graph\":[{\"@type\":\"NewsArticle\",\"@id\":\"https:\/\/www.gaveanews.com\/index.php\/2022\/11\/18\/david-luiz-revela-que-cobrou-pedro-nos-bastidores-do-flamengo-ficou-p-comigo\/#article\",\"isPartOf\":{\"@id\":\"https:\/\/www.gaveanews.com\/index.php\/2022\/11\/18\/david-luiz-revela-que-cobrou-pedro-nos-bastidores-do-flamengo-ficou-p-comigo\/\"},\"author\":{\"name\":\"Equipe G\u00e1vea News\",\"@id\":\"https:\/\/www.gaveanews.com\/#\/schema\/person\/2ec14f73fb96be2caf28f91afb14749d\"},\"headline\":\"David Luiz revela que cobrou Pedro nos bastidores do Flamengo: \u201cFicou p\u2026 comigo\u201d\",\"datePublished\":\"2022-11-18T04:57:56+00:00\",\"dateModified\":\"2022-11-18T04:57:59+00:00\",\"mainEntityOfPage\":{\"@id\":\"https:\/\/www.gaveanews.com\/index.php\/2022\/11\/18\/david-luiz-revela-que-cobrou-pedro-nos-bastidores-do-flamengo-ficou-p-comigo\/\"},\"wordCount\":425,\"commentCount\":0,\"image\":{\"@id\":\"https:\/\/www.gaveanews.com\/index.php\/2022\/11\/18\/david-luiz-revela-que-cobrou-pedro-nos-bastidores-do-flamengo-ficou-p-comigo\/#primaryimage\"},\"thumbnailUrl\":\"https:\/\/www.gaveanews.com\/wp-content\/uploads\/David-Luiz-1.webp\",\"articleSection\":[\"Flamengo\"],\"inLanguage\":\"pt-BR\",\"potentialAction\":[{\"@type\":\"CommentAction\",\"name\":\"Comment\",\"target\":[\"https:\/\/www.gaveanews.com\/index.php\/2022\/11\/18\/david-luiz-revela-que-cobrou-pedro-nos-bastidores-do-flamengo-ficou-p-comigo\/#respond\"]}],\"copyrightYear\":\"2022\",\"copyrightHolder\":{\"@id\":\"https:\/\/www.gaveanews.com\/#organization\"}},{\"@type\":\"WebPage\",\"@id\":\"https:\/\/www.gaveanews.com\/index.php\/2022\/11\/18\/david-luiz-revela-que-cobrou-pedro-nos-bastidores-do-flamengo-ficou-p-comigo\/\",\"url\":\"https:\/\/www.gaveanews.com\/index.php\/2022\/11\/18\/david-luiz-revela-que-cobrou-pedro-nos-bastidores-do-flamengo-ficou-p-comigo\/\",\"name\":\"David Luiz revela que cobrou Pedro nos bastidores do Flamengo: \u201cFicou p\u2026 comigo\u201d\",\"isPartOf\":{\"@id\":\"https:\/\/www.gaveanews.com\/#website\"},\"primaryImageOfPage\":{\"@id\":\"https:\/\/www.gaveanews.com\/index.php\/2022\/11\/18\/david-luiz-revela-que-cobrou-pedro-nos-bastidores-do-flamengo-ficou-p-comigo\/#primaryimage\"},\"image\":{\"@id\":\"https:\/\/www.gaveanews.com\/index.php\/2022\/11\/18\/david-luiz-revela-que-cobrou-pedro-nos-bastidores-do-flamengo-ficou-p-comigo\/#primaryimage\"},\"thumbnailUrl\":\"https:\/\/www.gaveanews.com\/wp-content\/uploads\/David-Luiz-1.webp\",\"datePublished\":\"2022-11-18T04:57:56+00:00\",\"dateModified\":\"2022-11-18T04:57:59+00:00\",\"author\":{\"@id\":\"https:\/\/www.gaveanews.com\/#\/schema\/person\/2ec14f73fb96be2caf28f91afb14749d\"},\"breadcrumb\":{\"@id\":\"https:\/\/www.gaveanews.com\/index.php\/2022\/11\/18\/david-luiz-revela-que-cobrou-pedro-nos-bastidores-do-flamengo-ficou-p-comigo\/#breadcrumb\"},\"inLanguage\":\"pt-BR\",\"potentialAction\":[{\"@type\":\"ReadAction\",\"target\":[\"https:\/\/www.gaveanews.com\/index.php\/2022\/11\/18\/david-luiz-revela-que-cobrou-pedro-nos-bastidores-do-flamengo-ficou-p-comigo\/\"]}]},{\"@type\":\"ImageObject\",\"inLanguage\":\"pt-BR\",\"@id\":\"https:\/\/www.gaveanews.com\/index.php\/2022\/11\/18\/david-luiz-revela-que-cobrou-pedro-nos-bastidores-do-flamengo-ficou-p-comigo\/#primaryimage\",\"url\":\"https:\/\/www.gaveanews.com\/wp-content\/uploads\/David-Luiz-1.webp\",\"contentUrl\":\"https:\/\/www.gaveanews.com\/wp-content\/uploads\/David-Luiz-1.webp\",\"width\":799,\"height\":533,\"caption\":\"David Luiz no jogo do Flamengo contra o Corinthians pela final da Copa do Brasil (Foto: Gilvan de Souza\/Flamengo)\"},{\"@type\":\"BreadcrumbList\",\"@id\":\"https:\/\/www.gaveanews.com\/index.php\/2022\/11\/18\/david-luiz-revela-que-cobrou-pedro-nos-bastidores-do-flamengo-ficou-p-comigo\/#breadcrumb\",\"itemListElement\":[{\"@type\":\"ListItem\",\"position\":1,\"name\":\"Home\",\"item\":\"https:\/\/www.gaveanews.com\/\"},{\"@type\":\"ListItem\",\"position\":2,\"name\":\"David Luiz revela que cobrou Pedro nos bastidores do Flamengo: \u201cFicou p\u2026 comigo\u201d\"}]},{\"@type\":\"WebSite\",\"@id\":\"https:\/\/www.gaveanews.com\/#website\",\"url\":\"https:\/\/www.gaveanews.com\/\",\"name\":\"G\u00e1vea News\",\"description\":\"Veja todas as not\u00edcias sobre o Flamengo: Contrata\u00e7\u00f5es, categorias de base, resultados das partidas, tabela de classifica\u00e7\u00e3o, pr\u00f3ximos jogos!\",\"potentialAction\":[{\"@type\":\"SearchAction\",\"target\":{\"@type\":\"EntryPoint\",\"urlTemplate\":\"https:\/\/www.gaveanews.com\/?s={search_term_string}\"},\"query-input\":{\"@type\":\"PropertyValueSpecification\",\"valueRequired\":true,\"valueName\":\"search_term_string\"}}],\"inLanguage\":\"pt-BR\"},{\"@type\":\"Person\",\"@id\":\"https:\/\/www.gaveanews.com\/#\/schema\/person\/2ec14f73fb96be2caf28f91afb14749d\",\"name\":\"Equipe G\u00e1vea News\",\"image\":{\"@type\":\"ImageObject\",\"inLanguage\":\"pt-BR\",\"@id\":\"https:\/\/www.gaveanews.com\/#\/schema\/person\/image\/\",\"url\":\"https:\/\/secure.gravatar.com\/avatar\/1e1956f1facbffd3f8fa53a326721950116b3b9dc9bd44939c01180fd4a745a9?s=96&d=mm&r=g\",\"contentUrl\":\"https:\/\/secure.gravatar.com\/avatar\/1e1956f1facbffd3f8fa53a326721950116b3b9dc9bd44939c01180fd4a745a9?s=96&d=mm&r=g\",\"caption\":\"Equipe G\u00e1vea News\"}}]}<\/script>\n<!-- \/ Yoast SEO Premium plugin. -->","yoast_head_json":{"title":"David Luiz revela que cobrou Pedro nos bastidores do Flamengo: \u201cFicou p\u2026 comigo\u201d","robots":{"index":"index","follow":"follow","max-snippet":"max-snippet:-1","max-image-preview":"max-image-preview:large","max-video-preview":"max-video-preview:-1"},"canonical":"https:\/\/www.gaveanews.com\/index.php\/2022\/11\/18\/david-luiz-revela-que-cobrou-pedro-nos-bastidores-do-flamengo-ficou-p-comigo\/","og_locale":"pt_BR","og_type":"article","og_title":"David Luiz revela que cobrou Pedro nos bastidores do Flamengo: \u201cFicou p\u2026 comigo\u201d","og_description":"Com ampla experi\u00eancia de ter atuado na Europa, David Luiz teve import\u00e2ncia para aconselhar Pedro no Flamengo. Antes do atacante brilhar na equipe titular, existiu um per\u00edodo dif\u00edcil em que poucas chances foram concedidas, motivo pelo qual uma sa\u00edda para o Palmeiras passou a ser cogitada. Sem aliviar, o zagueiro deu uma bronca no camisa [&hellip;]","og_url":"https:\/\/www.gaveanews.com\/index.php\/2022\/11\/18\/david-luiz-revela-que-cobrou-pedro-nos-bastidores-do-flamengo-ficou-p-comigo\/","og_site_name":"G\u00e1vea News","article_publisher":"https:\/\/facebook.com\/gaveaNews\/","article_published_time":"2022-11-18T04:57:56+00:00","article_modified_time":"2022-11-18T04:57:59+00:00","og_image":[{"width":799,"height":533,"url":"https:\/\/www.gaveanews.com\/wp-content\/uploads\/David-Luiz-1.webp","type":"image\/jpeg"}],"author":"Equipe G\u00e1vea News","twitter_card":"summary_large_image","twitter_misc":{"Escrito por":"Equipe G\u00e1vea News","Est. tempo de leitura":"3 minutos"},"schema":{"@context":"https:\/\/schema.org","@graph":[{"@type":"NewsArticle","@id":"https:\/\/www.gaveanews.com\/index.php\/2022\/11\/18\/david-luiz-revela-que-cobrou-pedro-nos-bastidores-do-flamengo-ficou-p-comigo\/#article","isPartOf":{"@id":"https:\/\/www.gaveanews.com\/index.php\/2022\/11\/18\/david-luiz-revela-que-cobrou-pedro-nos-bastidores-do-flamengo-ficou-p-comigo\/"},"author":{"name":"Equipe G\u00e1vea News","@id":"https:\/\/www.gaveanews.com\/#\/schema\/person\/2ec14f73fb96be2caf28f91afb14749d"},"headline":"David Luiz revela que cobrou Pedro nos bastidores do Flamengo: \u201cFicou p\u2026 comigo\u201d","datePublished":"2022-11-18T04:57:56+00:00","dateModified":"2022-11-18T04:57:59+00:00","mainEntityOfPage":{"@id":"https:\/\/www.gaveanews.com\/index.php\/2022\/11\/18\/david-luiz-revela-que-cobrou-pedro-nos-bastidores-do-flamengo-ficou-p-comigo\/"},"wordCount":425,"commentCount":0,"image":{"@id":"https:\/\/www.gaveanews.com\/index.php\/2022\/11\/18\/david-luiz-revela-que-cobrou-pedro-nos-bastidores-do-flamengo-ficou-p-comigo\/#primaryimage"},"thumbnailUrl":"https:\/\/www.gaveanews.com\/wp-content\/uploads\/David-Luiz-1.webp","articleSection":["Flamengo"],"inLanguage":"pt-BR","potentialAction":[{"@type":"CommentAction","name":"Comment","target":["https:\/\/www.gaveanews.com\/index.php\/2022\/11\/18\/david-luiz-revela-que-cobrou-pedro-nos-bastidores-do-flamengo-ficou-p-comigo\/#respond"]}],"copyrightYear":"2022","copyrightHolder":{"@id":"https:\/\/www.gaveanews.com\/#organization"}},{"@type":"WebPage","@id":"https:\/\/www.gaveanews.com\/index.php\/2022\/11\/18\/david-luiz-revela-que-cobrou-pedro-nos-bastidores-do-flamengo-ficou-p-comigo\/","url":"https:\/\/www.gaveanews.com\/index.php\/2022\/11\/18\/david-luiz-revela-que-cobrou-pedro-nos-bastidores-do-flamengo-ficou-p-comigo\/","name":"David Luiz revela que cobrou Pedro nos bastidores do Flamengo: \u201cFicou p\u2026 comigo\u201d","isPartOf":{"@id":"https:\/\/www.gaveanews.com\/#website"},"primaryImageOfPage":{"@id":"https:\/\/www.gaveanews.com\/index.php\/2022\/11\/18\/david-luiz-revela-que-cobrou-pedro-nos-bastidores-do-flamengo-ficou-p-comigo\/#primaryimage"},"image":{"@id":"https:\/\/www.gaveanews.com\/index.php\/2022\/11\/18\/david-luiz-revela-que-cobrou-pedro-nos-bastidores-do-flamengo-ficou-p-comigo\/#primaryimage"},"thumbnailUrl":"https:\/\/www.gaveanews.com\/wp-content\/uploads\/David-Luiz-1.webp","datePublished":"2022-11-18T04:57:56+00:00","dateModified":"2022-11-18T04:57:59+00:00","author":{"@id":"https:\/\/www.gaveanews.com\/#\/schema\/person\/2ec14f73fb96be2caf28f91afb14749d"},"breadcrumb":{"@id":"https:\/\/www.gaveanews.com\/index.php\/2022\/11\/18\/david-luiz-revela-que-cobrou-pedro-nos-bastidores-do-flamengo-ficou-p-comigo\/#breadcrumb"},"inLanguage":"pt-BR","potentialAction":[{"@type":"ReadAction","target":["https:\/\/www.gaveanews.com\/index.php\/2022\/11\/18\/david-luiz-revela-que-cobrou-pedro-nos-bastidores-do-flamengo-ficou-p-comigo\/"]}]},{"@type":"ImageObject","inLanguage":"pt-BR","@id":"https:\/\/www.gaveanews.com\/index.php\/2022\/11\/18\/david-luiz-revela-que-cobrou-pedro-nos-bastidores-do-flamengo-ficou-p-comigo\/#primaryimage","url":"https:\/\/www.gaveanews.com\/wp-content\/uploads\/David-Luiz-1.webp","contentUrl":"https:\/\/www.gaveanews.com\/wp-content\/uploads\/David-Luiz-1.webp","width":799,"height":533,"caption":"David Luiz no jogo do Flamengo contra o Corinthians pela final da Copa do Brasil (Foto: Gilvan de Souza\/Flamengo)"},{"@type":"BreadcrumbList","@id":"https:\/\/www.gaveanews.com\/index.php\/2022\/11\/18\/david-luiz-revela-que-cobrou-pedro-nos-bastidores-do-flamengo-ficou-p-comigo\/#breadcrumb","itemListElement":[{"@type":"ListItem","position":1,"name":"Home","item":"https:\/\/www.gaveanews.com\/"},{"@type":"ListItem","position":2,"name":"David Luiz revela que cobrou Pedro nos bastidores do Flamengo: \u201cFicou p\u2026 comigo\u201d"}]},{"@type":"WebSite","@id":"https:\/\/www.gaveanews.com\/#website","url":"https:\/\/www.gaveanews.com\/","name":"G\u00e1vea News","description":"Veja todas as not\u00edcias sobre o Flamengo: Contrata\u00e7\u00f5es, categorias de base, resultados das partidas, tabela de classifica\u00e7\u00e3o, pr\u00f3ximos jogos!","potentialAction":[{"@type":"SearchAction","target":{"@type":"EntryPoint","urlTemplate":"https:\/\/www.gaveanews.com\/?s={search_term_string}"},"query-input":{"@type":"PropertyValueSpecification","valueRequired":true,"valueName":"search_term_string"}}],"inLanguage":"pt-BR"},{"@type":"Person","@id":"https:\/\/www.gaveanews.com\/#\/schema\/person\/2ec14f73fb96be2caf28f91afb14749d","name":"Equipe G\u00e1vea News","image":{"@type":"ImageObject","inLanguage":"pt-BR","@id":"https:\/\/www.gaveanews.com\/#\/schema\/person\/image\/","url":"https:\/\/secure.gravatar.com\/avatar\/1e1956f1facbffd3f8fa53a326721950116b3b9dc9bd44939c01180fd4a745a9?s=96&d=mm&r=g","contentUrl":"https:\/\/secure.gravatar.com\/avatar\/1e1956f1facbffd3f8fa53a326721950116b3b9dc9bd44939c01180fd4a745a9?s=96&d=mm&r=g","caption":"Equipe G\u00e1vea News"}}]}},"_links":{"self":[{"href":"https:\/\/www.gaveanews.com\/index.php\/wp-json\/wp\/v2\/posts\/90863","targetHints":{"allow":["GET"]}}],"collection":[{"href":"https:\/\/www.gaveanews.com\/index.php\/wp-json\/wp\/v2\/posts"}],"about":[{"href":"https:\/\/www.gaveanews.com\/index.php\/wp-json\/wp\/v2\/types\/post"}],"author":[{"embeddable":true,"href":"https:\/\/www.gaveanews.com\/index.php\/wp-json\/wp\/v2\/users\/1"}],"replies":[{"embeddable":true,"href":"https:\/\/www.gaveanews.com\/index.php\/wp-json\/wp\/v2\/comments?post=90863"}],"version-history":[{"count":0,"href":"https:\/\/www.gaveanews.com\/index.php\/wp-json\/wp\/v2\/posts\/90863\/revisions"}],"wp:featuredmedia":[{"embeddable":true,"href":"https:\/\/www.gaveanews.com\/index.php\/wp-json\/wp\/v2\/media\/89332"}],"wp:attachment":[{"href":"https:\/\/www.gaveanews.com\/index.php\/wp-json\/wp\/v2\/media?parent=90863"}],"wp:term":[{"taxonomy":"category","embeddable":true,"href":"https:\/\/www.gaveanews.com\/index.php\/wp-json\/wp\/v2\/categories?post=90863"},{"taxonomy":"post_tag","embeddable":true,"href":"https:\/\/www.gaveanews.com\/index.php\/wp-json\/wp\/v2\/tags?post=90863"}],"curies":[{"name":"wp","href":"https:\/\/api.w.org\/{rel}","templated":true}]}}