{"id":90982,"date":"2022-11-21T08:56:11","date_gmt":"2022-11-21T11:56:11","guid":{"rendered":"https:\/\/www.gaveanews.com\/?p=90982"},"modified":"2022-11-21T08:56:13","modified_gmt":"2022-11-21T11:56:13","slug":"em-clima-descontraido-perfil-da-fifa-faz-questionamento-direcionado-a-vinicius-junior-do-real-madrid","status":"publish","type":"post","link":"https:\/\/www.gaveanews.com\/index.php\/2022\/11\/21\/em-clima-descontraido-perfil-da-fifa-faz-questionamento-direcionado-a-vinicius-junior-do-real-madrid\/","title":{"rendered":"Em clima descontra\u00eddo, perfil da FIFA faz questionamento direcionado a Vin\u00edcius J\u00fanior, do Real Madrid"},"content":{"rendered":"\n<p>A Copa do Mundo do Qatar come\u00e7ou na tarde do \u00faltimo domingo (20), mas o Brasil estreia na competi\u00e7\u00e3o somente na quinta-feira (24). Ap\u00f3s fazer a primeira jornada de treinos em Turim, na It\u00e1lia, a delega\u00e7\u00e3o brasileira chegou no pa\u00eds sede do mundial.<\/p>\n\n\n\n<p>Ainda em terras italianas, Vin\u00edcius J\u00fanior foi destaque no perfil da Copa do Mundo no Twitter. Abra\u00e7ado por milh\u00f5es de pessoas ao redor do mundo ap\u00f3s os ataques racistas sofridos na Espanha, o atacante foi lembrado por suas dancinhas em comemora\u00e7\u00e3o de gols.<\/p>\n\n\n\n<h2 class=\"wp-block-heading\" id=\"h-veja-a-publicacao\">Veja a publica\u00e7\u00e3o:<\/h2>\n\n\n\n<figure class=\"wp-block-embed is-type-rich is-provider-twitter wp-block-embed-twitter\"><div class=\"wp-block-embed__wrapper\">\n<blockquote class=\"twitter-tweet\" data-width=\"550\" data-dnt=\"true\"><p lang=\"pt\" dir=\"ltr\">Vini Jr. treinando uns &quot;passos de dan\u00e7a&quot; para a <a href=\"https:\/\/twitter.com\/hashtag\/FIFAWorldCup?src=hash&amp;ref_src=twsrc%5Etfw\">#FIFAWorldCup<\/a>? <a href=\"https:\/\/t.co\/qqIwADmLiy\">pic.twitter.com\/qqIwADmLiy<\/a><\/p>&mdash; Copa do Mundo FIFA \ud83c\udfc6 (@fifaworldcup_pt) <a href=\"https:\/\/twitter.com\/fifaworldcup_pt\/status\/1593642448730968071?ref_src=twsrc%5Etfw\">November 18, 2022<\/a><\/blockquote><script async src=\"https:\/\/platform.twitter.com\/widgets.js\" charset=\"utf-8\"><\/script>\n<\/div><\/figure>\n\n\n\n<h2 class=\"wp-block-heading\">Jogos do Brasil na fase de grupos:<\/h2>\n\n\n\n<ul class=\"wp-block-list\">\n<li>24\/11 \u2013 Brasil x S\u00e9rvia \u2013 16h (quinta-feira)<\/li>\n\n\n\n<li>28\/11 \u2013 Brasil x Su\u00ed\u00e7a \u2013 13h (segunda-feira)<\/li>\n\n\n\n<li>02\/12 \u2013 Camar\u00f5es x Brasil \u2013 16h (sexta-feira)<\/li>\n<\/ul>\n\n\n\n<p><em>Obs.: todos os hor\u00e1rios mencionados levam em conta o fuso de Bras\u00edlia.<\/em><\/p>\n","protected":false},"excerpt":{"rendered":"<p>A Copa do Mundo do Qatar come\u00e7ou na tarde do \u00faltimo domingo (20), mas o Brasil estreia na competi\u00e7\u00e3o somente na quinta-feira (24). Ap\u00f3s fazer a primeira jornada de treinos em Turim, na It\u00e1lia, a delega\u00e7\u00e3o brasileira chegou no pa\u00eds sede do mundial. Ainda em terras italianas, Vin\u00edcius J\u00fanior foi destaque no perfil da Copa [&hellip;]<\/p>\n","protected":false},"author":4,"featured_media":90983,"comment_status":"open","ping_status":"closed","sticky":false,"template":"","format":"standard","meta":{"footnotes":""},"categories":[1],"tags":[],"class_list":["post-90982","post","type-post","status-publish","format-standard","has-post-thumbnail","hentry","category-flamengo"],"yoast_head":"<!-- This site is optimized with the Yoast SEO Premium plugin v24.2 (Yoast SEO v26.9) - https:\/\/yoast.com\/product\/yoast-seo-premium-wordpress\/ -->\n<title>Em clima descontra\u00eddo, perfil da FIFA faz questionamento direcionado a Vin\u00edcius J\u00fanior, do Real Madrid<\/title>\n<meta name=\"robots\" content=\"index, follow, max-snippet:-1, max-image-preview:large, max-video-preview:-1\" \/>\n<link rel=\"canonical\" href=\"https:\/\/www.gaveanews.com\/index.php\/2022\/11\/21\/em-clima-descontraido-perfil-da-fifa-faz-questionamento-direcionado-a-vinicius-junior-do-real-madrid\/\" \/>\n<meta property=\"og:locale\" content=\"pt_BR\" \/>\n<meta property=\"og:type\" content=\"article\" \/>\n<meta property=\"og:title\" content=\"Em clima descontra\u00eddo, perfil da FIFA faz questionamento direcionado a Vin\u00edcius J\u00fanior, do Real Madrid\" \/>\n<meta property=\"og:description\" content=\"A Copa do Mundo do Qatar come\u00e7ou na tarde do \u00faltimo domingo (20), mas o Brasil estreia na competi\u00e7\u00e3o somente na quinta-feira (24). Ap\u00f3s fazer a primeira jornada de treinos em Turim, na It\u00e1lia, a delega\u00e7\u00e3o brasileira chegou no pa\u00eds sede do mundial. Ainda em terras italianas, Vin\u00edcius J\u00fanior foi destaque no perfil da Copa [&hellip;]\" \/>\n<meta property=\"og:url\" content=\"https:\/\/www.gaveanews.com\/index.php\/2022\/11\/21\/em-clima-descontraido-perfil-da-fifa-faz-questionamento-direcionado-a-vinicius-junior-do-real-madrid\/\" \/>\n<meta property=\"og:site_name\" content=\"G\u00e1vea News\" \/>\n<meta property=\"article:publisher\" content=\"https:\/\/facebook.com\/gaveaNews\/\" \/>\n<meta property=\"article:published_time\" content=\"2022-11-21T11:56:11+00:00\" \/>\n<meta property=\"article:modified_time\" content=\"2022-11-21T11:56:13+00:00\" \/>\n<meta property=\"og:image\" content=\"https:\/\/www.gaveanews.com\/wp-content\/uploads\/vinicius-junior-flamengo-real-madrid-selecao-brasileira-copa-do-mundo.webp\" \/>\n\t<meta property=\"og:image:width\" content=\"910\" \/>\n\t<meta property=\"og:image:height\" content=\"607\" \/>\n\t<meta property=\"og:image:type\" content=\"image\/jpeg\" \/>\n<meta name=\"author\" content=\"Let\u00edcia Gerheim\" \/>\n<meta name=\"twitter:card\" content=\"summary_large_image\" \/>\n<meta name=\"twitter:label1\" content=\"Escrito por\" \/>\n\t<meta name=\"twitter:data1\" content=\"Let\u00edcia Gerheim\" \/>\n\t<meta name=\"twitter:label2\" content=\"Est. tempo de leitura\" \/>\n\t<meta name=\"twitter:data2\" content=\"1 minuto\" \/>\n<script type=\"application\/ld+json\" class=\"yoast-schema-graph\">{\"@context\":\"https:\/\/schema.org\",\"@graph\":[{\"@type\":\"NewsArticle\",\"@id\":\"https:\/\/www.gaveanews.com\/index.php\/2022\/11\/21\/em-clima-descontraido-perfil-da-fifa-faz-questionamento-direcionado-a-vinicius-junior-do-real-madrid\/#article\",\"isPartOf\":{\"@id\":\"https:\/\/www.gaveanews.com\/index.php\/2022\/11\/21\/em-clima-descontraido-perfil-da-fifa-faz-questionamento-direcionado-a-vinicius-junior-do-real-madrid\/\"},\"author\":{\"name\":\"Let\u00edcia Gerheim\",\"@id\":\"https:\/\/www.gaveanews.com\/#\/schema\/person\/714c67050b836198af2450ba1c142a67\"},\"headline\":\"Em clima descontra\u00eddo, perfil da FIFA faz questionamento direcionado a Vin\u00edcius J\u00fanior, do Real Madrid\",\"datePublished\":\"2022-11-21T11:56:11+00:00\",\"dateModified\":\"2022-11-21T11:56:13+00:00\",\"mainEntityOfPage\":{\"@id\":\"https:\/\/www.gaveanews.com\/index.php\/2022\/11\/21\/em-clima-descontraido-perfil-da-fifa-faz-questionamento-direcionado-a-vinicius-junior-do-real-madrid\/\"},\"wordCount\":169,\"commentCount\":0,\"image\":{\"@id\":\"https:\/\/www.gaveanews.com\/index.php\/2022\/11\/21\/em-clima-descontraido-perfil-da-fifa-faz-questionamento-direcionado-a-vinicius-junior-do-real-madrid\/#primaryimage\"},\"thumbnailUrl\":\"https:\/\/www.gaveanews.com\/wp-content\/uploads\/vinicius-junior-flamengo-real-madrid-selecao-brasileira-copa-do-mundo.webp\",\"articleSection\":[\"Flamengo\"],\"inLanguage\":\"pt-BR\",\"potentialAction\":[{\"@type\":\"CommentAction\",\"name\":\"Comment\",\"target\":[\"https:\/\/www.gaveanews.com\/index.php\/2022\/11\/21\/em-clima-descontraido-perfil-da-fifa-faz-questionamento-direcionado-a-vinicius-junior-do-real-madrid\/#respond\"]}],\"copyrightYear\":\"2022\",\"copyrightHolder\":{\"@id\":\"https:\/\/www.gaveanews.com\/#organization\"}},{\"@type\":\"WebPage\",\"@id\":\"https:\/\/www.gaveanews.com\/index.php\/2022\/11\/21\/em-clima-descontraido-perfil-da-fifa-faz-questionamento-direcionado-a-vinicius-junior-do-real-madrid\/\",\"url\":\"https:\/\/www.gaveanews.com\/index.php\/2022\/11\/21\/em-clima-descontraido-perfil-da-fifa-faz-questionamento-direcionado-a-vinicius-junior-do-real-madrid\/\",\"name\":\"Em clima descontra\u00eddo, perfil da FIFA faz questionamento direcionado a Vin\u00edcius J\u00fanior, do Real Madrid\",\"isPartOf\":{\"@id\":\"https:\/\/www.gaveanews.com\/#website\"},\"primaryImageOfPage\":{\"@id\":\"https:\/\/www.gaveanews.com\/index.php\/2022\/11\/21\/em-clima-descontraido-perfil-da-fifa-faz-questionamento-direcionado-a-vinicius-junior-do-real-madrid\/#primaryimage\"},\"image\":{\"@id\":\"https:\/\/www.gaveanews.com\/index.php\/2022\/11\/21\/em-clima-descontraido-perfil-da-fifa-faz-questionamento-direcionado-a-vinicius-junior-do-real-madrid\/#primaryimage\"},\"thumbnailUrl\":\"https:\/\/www.gaveanews.com\/wp-content\/uploads\/vinicius-junior-flamengo-real-madrid-selecao-brasileira-copa-do-mundo.webp\",\"datePublished\":\"2022-11-21T11:56:11+00:00\",\"dateModified\":\"2022-11-21T11:56:13+00:00\",\"author\":{\"@id\":\"https:\/\/www.gaveanews.com\/#\/schema\/person\/714c67050b836198af2450ba1c142a67\"},\"breadcrumb\":{\"@id\":\"https:\/\/www.gaveanews.com\/index.php\/2022\/11\/21\/em-clima-descontraido-perfil-da-fifa-faz-questionamento-direcionado-a-vinicius-junior-do-real-madrid\/#breadcrumb\"},\"inLanguage\":\"pt-BR\",\"potentialAction\":[{\"@type\":\"ReadAction\",\"target\":[\"https:\/\/www.gaveanews.com\/index.php\/2022\/11\/21\/em-clima-descontraido-perfil-da-fifa-faz-questionamento-direcionado-a-vinicius-junior-do-real-madrid\/\"]}]},{\"@type\":\"ImageObject\",\"inLanguage\":\"pt-BR\",\"@id\":\"https:\/\/www.gaveanews.com\/index.php\/2022\/11\/21\/em-clima-descontraido-perfil-da-fifa-faz-questionamento-direcionado-a-vinicius-junior-do-real-madrid\/#primaryimage\",\"url\":\"https:\/\/www.gaveanews.com\/wp-content\/uploads\/vinicius-junior-flamengo-real-madrid-selecao-brasileira-copa-do-mundo.webp\",\"contentUrl\":\"https:\/\/www.gaveanews.com\/wp-content\/uploads\/vinicius-junior-flamengo-real-madrid-selecao-brasileira-copa-do-mundo.webp\",\"width\":910,\"height\":607,\"caption\":\"Vin\u00edcius J\u00fanior em treino da Sele\u00e7\u00e3o Brasileira para a Copa do Mundo do Qatar (Foto: Lucas Figueiredo\/CBF)\"},{\"@type\":\"BreadcrumbList\",\"@id\":\"https:\/\/www.gaveanews.com\/index.php\/2022\/11\/21\/em-clima-descontraido-perfil-da-fifa-faz-questionamento-direcionado-a-vinicius-junior-do-real-madrid\/#breadcrumb\",\"itemListElement\":[{\"@type\":\"ListItem\",\"position\":1,\"name\":\"Home\",\"item\":\"https:\/\/www.gaveanews.com\/\"},{\"@type\":\"ListItem\",\"position\":2,\"name\":\"Em clima descontra\u00eddo, perfil da FIFA faz questionamento direcionado a Vin\u00edcius J\u00fanior, do Real Madrid\"}]},{\"@type\":\"WebSite\",\"@id\":\"https:\/\/www.gaveanews.com\/#website\",\"url\":\"https:\/\/www.gaveanews.com\/\",\"name\":\"G\u00e1vea News\",\"description\":\"Veja todas as not\u00edcias sobre o Flamengo: Contrata\u00e7\u00f5es, categorias de base, resultados das partidas, tabela de classifica\u00e7\u00e3o, pr\u00f3ximos jogos!\",\"potentialAction\":[{\"@type\":\"SearchAction\",\"target\":{\"@type\":\"EntryPoint\",\"urlTemplate\":\"https:\/\/www.gaveanews.com\/?s={search_term_string}\"},\"query-input\":{\"@type\":\"PropertyValueSpecification\",\"valueRequired\":true,\"valueName\":\"search_term_string\"}}],\"inLanguage\":\"pt-BR\"},{\"@type\":\"Person\",\"@id\":\"https:\/\/www.gaveanews.com\/#\/schema\/person\/714c67050b836198af2450ba1c142a67\",\"name\":\"Let\u00edcia Gerheim\",\"image\":{\"@type\":\"ImageObject\",\"inLanguage\":\"pt-BR\",\"@id\":\"https:\/\/www.gaveanews.com\/#\/schema\/person\/image\/\",\"url\":\"https:\/\/secure.gravatar.com\/avatar\/60734739c50fcebfbac509e2a826ccd0ff405c019bc73aab9354f19ecad1dcb4?s=96&d=mm&r=g\",\"contentUrl\":\"https:\/\/secure.gravatar.com\/avatar\/60734739c50fcebfbac509e2a826ccd0ff405c019bc73aab9354f19ecad1dcb4?s=96&d=mm&r=g\",\"caption\":\"Let\u00edcia Gerheim\"}}]}<\/script>\n<!-- \/ Yoast SEO Premium plugin. -->","yoast_head_json":{"title":"Em clima descontra\u00eddo, perfil da FIFA faz questionamento direcionado a Vin\u00edcius J\u00fanior, do Real Madrid","robots":{"index":"index","follow":"follow","max-snippet":"max-snippet:-1","max-image-preview":"max-image-preview:large","max-video-preview":"max-video-preview:-1"},"canonical":"https:\/\/www.gaveanews.com\/index.php\/2022\/11\/21\/em-clima-descontraido-perfil-da-fifa-faz-questionamento-direcionado-a-vinicius-junior-do-real-madrid\/","og_locale":"pt_BR","og_type":"article","og_title":"Em clima descontra\u00eddo, perfil da FIFA faz questionamento direcionado a Vin\u00edcius J\u00fanior, do Real Madrid","og_description":"A Copa do Mundo do Qatar come\u00e7ou na tarde do \u00faltimo domingo (20), mas o Brasil estreia na competi\u00e7\u00e3o somente na quinta-feira (24). Ap\u00f3s fazer a primeira jornada de treinos em Turim, na It\u00e1lia, a delega\u00e7\u00e3o brasileira chegou no pa\u00eds sede do mundial. Ainda em terras italianas, Vin\u00edcius J\u00fanior foi destaque no perfil da Copa [&hellip;]","og_url":"https:\/\/www.gaveanews.com\/index.php\/2022\/11\/21\/em-clima-descontraido-perfil-da-fifa-faz-questionamento-direcionado-a-vinicius-junior-do-real-madrid\/","og_site_name":"G\u00e1vea News","article_publisher":"https:\/\/facebook.com\/gaveaNews\/","article_published_time":"2022-11-21T11:56:11+00:00","article_modified_time":"2022-11-21T11:56:13+00:00","og_image":[{"width":910,"height":607,"url":"https:\/\/www.gaveanews.com\/wp-content\/uploads\/vinicius-junior-flamengo-real-madrid-selecao-brasileira-copa-do-mundo.webp","type":"image\/jpeg"}],"author":"Let\u00edcia Gerheim","twitter_card":"summary_large_image","twitter_misc":{"Escrito por":"Let\u00edcia Gerheim","Est. tempo de leitura":"1 minuto"},"schema":{"@context":"https:\/\/schema.org","@graph":[{"@type":"NewsArticle","@id":"https:\/\/www.gaveanews.com\/index.php\/2022\/11\/21\/em-clima-descontraido-perfil-da-fifa-faz-questionamento-direcionado-a-vinicius-junior-do-real-madrid\/#article","isPartOf":{"@id":"https:\/\/www.gaveanews.com\/index.php\/2022\/11\/21\/em-clima-descontraido-perfil-da-fifa-faz-questionamento-direcionado-a-vinicius-junior-do-real-madrid\/"},"author":{"name":"Let\u00edcia Gerheim","@id":"https:\/\/www.gaveanews.com\/#\/schema\/person\/714c67050b836198af2450ba1c142a67"},"headline":"Em clima descontra\u00eddo, perfil da FIFA faz questionamento direcionado a Vin\u00edcius J\u00fanior, do Real Madrid","datePublished":"2022-11-21T11:56:11+00:00","dateModified":"2022-11-21T11:56:13+00:00","mainEntityOfPage":{"@id":"https:\/\/www.gaveanews.com\/index.php\/2022\/11\/21\/em-clima-descontraido-perfil-da-fifa-faz-questionamento-direcionado-a-vinicius-junior-do-real-madrid\/"},"wordCount":169,"commentCount":0,"image":{"@id":"https:\/\/www.gaveanews.com\/index.php\/2022\/11\/21\/em-clima-descontraido-perfil-da-fifa-faz-questionamento-direcionado-a-vinicius-junior-do-real-madrid\/#primaryimage"},"thumbnailUrl":"https:\/\/www.gaveanews.com\/wp-content\/uploads\/vinicius-junior-flamengo-real-madrid-selecao-brasileira-copa-do-mundo.webp","articleSection":["Flamengo"],"inLanguage":"pt-BR","potentialAction":[{"@type":"CommentAction","name":"Comment","target":["https:\/\/www.gaveanews.com\/index.php\/2022\/11\/21\/em-clima-descontraido-perfil-da-fifa-faz-questionamento-direcionado-a-vinicius-junior-do-real-madrid\/#respond"]}],"copyrightYear":"2022","copyrightHolder":{"@id":"https:\/\/www.gaveanews.com\/#organization"}},{"@type":"WebPage","@id":"https:\/\/www.gaveanews.com\/index.php\/2022\/11\/21\/em-clima-descontraido-perfil-da-fifa-faz-questionamento-direcionado-a-vinicius-junior-do-real-madrid\/","url":"https:\/\/www.gaveanews.com\/index.php\/2022\/11\/21\/em-clima-descontraido-perfil-da-fifa-faz-questionamento-direcionado-a-vinicius-junior-do-real-madrid\/","name":"Em clima descontra\u00eddo, perfil da FIFA faz questionamento direcionado a Vin\u00edcius J\u00fanior, do Real Madrid","isPartOf":{"@id":"https:\/\/www.gaveanews.com\/#website"},"primaryImageOfPage":{"@id":"https:\/\/www.gaveanews.com\/index.php\/2022\/11\/21\/em-clima-descontraido-perfil-da-fifa-faz-questionamento-direcionado-a-vinicius-junior-do-real-madrid\/#primaryimage"},"image":{"@id":"https:\/\/www.gaveanews.com\/index.php\/2022\/11\/21\/em-clima-descontraido-perfil-da-fifa-faz-questionamento-direcionado-a-vinicius-junior-do-real-madrid\/#primaryimage"},"thumbnailUrl":"https:\/\/www.gaveanews.com\/wp-content\/uploads\/vinicius-junior-flamengo-real-madrid-selecao-brasileira-copa-do-mundo.webp","datePublished":"2022-11-21T11:56:11+00:00","dateModified":"2022-11-21T11:56:13+00:00","author":{"@id":"https:\/\/www.gaveanews.com\/#\/schema\/person\/714c67050b836198af2450ba1c142a67"},"breadcrumb":{"@id":"https:\/\/www.gaveanews.com\/index.php\/2022\/11\/21\/em-clima-descontraido-perfil-da-fifa-faz-questionamento-direcionado-a-vinicius-junior-do-real-madrid\/#breadcrumb"},"inLanguage":"pt-BR","potentialAction":[{"@type":"ReadAction","target":["https:\/\/www.gaveanews.com\/index.php\/2022\/11\/21\/em-clima-descontraido-perfil-da-fifa-faz-questionamento-direcionado-a-vinicius-junior-do-real-madrid\/"]}]},{"@type":"ImageObject","inLanguage":"pt-BR","@id":"https:\/\/www.gaveanews.com\/index.php\/2022\/11\/21\/em-clima-descontraido-perfil-da-fifa-faz-questionamento-direcionado-a-vinicius-junior-do-real-madrid\/#primaryimage","url":"https:\/\/www.gaveanews.com\/wp-content\/uploads\/vinicius-junior-flamengo-real-madrid-selecao-brasileira-copa-do-mundo.webp","contentUrl":"https:\/\/www.gaveanews.com\/wp-content\/uploads\/vinicius-junior-flamengo-real-madrid-selecao-brasileira-copa-do-mundo.webp","width":910,"height":607,"caption":"Vin\u00edcius J\u00fanior em treino da Sele\u00e7\u00e3o Brasileira para a Copa do Mundo do Qatar (Foto: Lucas Figueiredo\/CBF)"},{"@type":"BreadcrumbList","@id":"https:\/\/www.gaveanews.com\/index.php\/2022\/11\/21\/em-clima-descontraido-perfil-da-fifa-faz-questionamento-direcionado-a-vinicius-junior-do-real-madrid\/#breadcrumb","itemListElement":[{"@type":"ListItem","position":1,"name":"Home","item":"https:\/\/www.gaveanews.com\/"},{"@type":"ListItem","position":2,"name":"Em clima descontra\u00eddo, perfil da FIFA faz questionamento direcionado a Vin\u00edcius J\u00fanior, do Real Madrid"}]},{"@type":"WebSite","@id":"https:\/\/www.gaveanews.com\/#website","url":"https:\/\/www.gaveanews.com\/","name":"G\u00e1vea News","description":"Veja todas as not\u00edcias sobre o Flamengo: Contrata\u00e7\u00f5es, categorias de base, resultados das partidas, tabela de classifica\u00e7\u00e3o, pr\u00f3ximos jogos!","potentialAction":[{"@type":"SearchAction","target":{"@type":"EntryPoint","urlTemplate":"https:\/\/www.gaveanews.com\/?s={search_term_string}"},"query-input":{"@type":"PropertyValueSpecification","valueRequired":true,"valueName":"search_term_string"}}],"inLanguage":"pt-BR"},{"@type":"Person","@id":"https:\/\/www.gaveanews.com\/#\/schema\/person\/714c67050b836198af2450ba1c142a67","name":"Let\u00edcia Gerheim","image":{"@type":"ImageObject","inLanguage":"pt-BR","@id":"https:\/\/www.gaveanews.com\/#\/schema\/person\/image\/","url":"https:\/\/secure.gravatar.com\/avatar\/60734739c50fcebfbac509e2a826ccd0ff405c019bc73aab9354f19ecad1dcb4?s=96&d=mm&r=g","contentUrl":"https:\/\/secure.gravatar.com\/avatar\/60734739c50fcebfbac509e2a826ccd0ff405c019bc73aab9354f19ecad1dcb4?s=96&d=mm&r=g","caption":"Let\u00edcia Gerheim"}}]}},"_links":{"self":[{"href":"https:\/\/www.gaveanews.com\/index.php\/wp-json\/wp\/v2\/posts\/90982","targetHints":{"allow":["GET"]}}],"collection":[{"href":"https:\/\/www.gaveanews.com\/index.php\/wp-json\/wp\/v2\/posts"}],"about":[{"href":"https:\/\/www.gaveanews.com\/index.php\/wp-json\/wp\/v2\/types\/post"}],"author":[{"embeddable":true,"href":"https:\/\/www.gaveanews.com\/index.php\/wp-json\/wp\/v2\/users\/4"}],"replies":[{"embeddable":true,"href":"https:\/\/www.gaveanews.com\/index.php\/wp-json\/wp\/v2\/comments?post=90982"}],"version-history":[{"count":0,"href":"https:\/\/www.gaveanews.com\/index.php\/wp-json\/wp\/v2\/posts\/90982\/revisions"}],"wp:featuredmedia":[{"embeddable":true,"href":"https:\/\/www.gaveanews.com\/index.php\/wp-json\/wp\/v2\/media\/90983"}],"wp:attachment":[{"href":"https:\/\/www.gaveanews.com\/index.php\/wp-json\/wp\/v2\/media?parent=90982"}],"wp:term":[{"taxonomy":"category","embeddable":true,"href":"https:\/\/www.gaveanews.com\/index.php\/wp-json\/wp\/v2\/categories?post=90982"},{"taxonomy":"post_tag","embeddable":true,"href":"https:\/\/www.gaveanews.com\/index.php\/wp-json\/wp\/v2\/tags?post=90982"}],"curies":[{"name":"wp","href":"https:\/\/api.w.org\/{rel}","templated":true}]}}