{"id":91005,"date":"2022-11-21T16:21:09","date_gmt":"2022-11-21T19:21:09","guid":{"rendered":"https:\/\/www.gaveanews.com\/?p=91005"},"modified":"2022-11-21T16:21:10","modified_gmt":"2022-11-21T19:21:10","slug":"fifa-faz-publicacao-ressaltando-estrelas-do-flamengo-na-copa-do-mundo","status":"publish","type":"post","link":"https:\/\/www.gaveanews.com\/index.php\/2022\/11\/21\/fifa-faz-publicacao-ressaltando-estrelas-do-flamengo-na-copa-do-mundo\/","title":{"rendered":"FIFA faz publica\u00e7\u00e3o ressaltando estrelas do Flamengo na Copa do Mundo"},"content":{"rendered":"\n<p>A temporada rubro-negra terminou de forma euf\u00f3rica para a equipe e para os torcedores do clube. Com as ta\u00e7as da Copa do Brasil e da Libertadores, o Flamengo encerrou o ciclo um pouco mais cedo devido a Copa do Mundo do Qatar.<\/p>\n\n\n\n<p>Mas embora n\u00e3o seja mais poss\u00edvel assistir os jogadores do Mais Querido atuando com o Manto Sagrado, a torcida ainda poder\u00e1 ver parte das estrelas do clube em campo. Isso porque Everton Ribeiro, Pedro, Arrascaeta e Varela defender\u00e3o suas respectivas sele\u00e7\u00f5es no mundial.<\/p>\n\n\n\n<p>Sabendo da ansiedade dos mais de 42 milh\u00f5es de torcedores, a FIFA fez uma publica\u00e7\u00e3o ressaltando tr\u00eas representantes do Meng\u00e3o na Copa. Vale ressaltar que o quarteto ter\u00e1 a oportunidade de estrear no evento no mesmo dia, uma vez que apesar de estarem em grupos diferentes, Brasil e Uruguai ir\u00e3o a campo na quinta-feira (24).<\/p>\n\n\n\n<h2 class=\"wp-block-heading\" id=\"h-veja-a-publicacao\">Veja a publica\u00e7\u00e3o:<\/h2>\n\n\n\n<figure class=\"wp-block-embed is-type-rich is-provider-twitter wp-block-embed-twitter\"><div class=\"wp-block-embed__wrapper\">\n<blockquote class=\"twitter-tweet\" data-width=\"550\" data-dnt=\"true\"><p lang=\"pt\" dir=\"ltr\">Foi aqui que pediram foto dos tr\u00eas craques do <a href=\"https:\/\/twitter.com\/Flamengo?ref_src=twsrc%5Etfw\">@Flamengo<\/a> nesta <a href=\"https:\/\/twitter.com\/hashtag\/CopaDoMundoFIFA?src=hash&amp;ref_src=twsrc%5Etfw\">#CopaDoMundoFIFA<\/a>?<br><br>\ud83c\uddfa\ud83c\uddfe <a href=\"https:\/\/twitter.com\/GiorgiandeA?ref_src=twsrc%5Etfw\">@GiorgiandeA<\/a><br>\ud83c\udde7\ud83c\uddf7 <a href=\"https:\/\/twitter.com\/Pedro9oficial?ref_src=twsrc%5Etfw\">@Pedro9oficial<\/a> e <a href=\"https:\/\/twitter.com\/evertonri?ref_src=twsrc%5Etfw\">@evertonri<\/a> <a href=\"https:\/\/t.co\/DvSaQHygQy\">pic.twitter.com\/DvSaQHygQy<\/a><\/p>&mdash; Copa do Mundo FIFA \ud83c\udfc6 (@fifaworldcup_pt) <a href=\"https:\/\/twitter.com\/fifaworldcup_pt\/status\/1594753760999391251?ref_src=twsrc%5Etfw\">November 21, 2022<\/a><\/blockquote><script async src=\"https:\/\/platform.twitter.com\/widgets.js\" charset=\"utf-8\"><\/script>\n<\/div><\/figure>\n\n\n\n<h2 class=\"wp-block-heading\">Jogos do Brasil na fase de grupos:<\/h2>\n\n\n\n<ul class=\"wp-block-list\">\n<li>24\/11 \u2013 Brasil x S\u00e9rvia \u2013 16h (quinta-feira)<\/li>\n\n\n\n<li>28\/11 \u2013 Brasil x Su\u00ed\u00e7a \u2013 13h (segunda-feira)<\/li>\n\n\n\n<li>02\/12 \u2013 Camar\u00f5es x Brasil \u2013 16h (sexta-feira)<\/li>\n<\/ul>\n\n\n\n<h2 class=\"wp-block-heading\" id=\"h-jogos-do-uruguai-na-fase-de-grupos\">Jogos do Uruguai na fase de grupos:<\/h2>\n\n\n\n<ul class=\"wp-block-list\">\n<li>24\/11 &#8211; Uruguai x Coreia do Sul &#8211; 10h (quinta-feira)<\/li>\n\n\n\n<li>28\/11 &#8211; Portugal x Uruguai &#8211; 16h (segunda-feira)<\/li>\n\n\n\n<li>02\/11 &#8211; Gana x Uruguai &#8211; 12h (sexta-feira)<\/li>\n<\/ul>\n\n\n\n<p><em>Obs.: todos os hor\u00e1rios mencionados levam em conta o fuso de Bras\u00edlia.<\/em><\/p>\n","protected":false},"excerpt":{"rendered":"<p>A temporada rubro-negra terminou de forma euf\u00f3rica para a equipe e para os torcedores do clube. Com as ta\u00e7as da Copa do Brasil e da Libertadores, o Flamengo encerrou o ciclo um pouco mais cedo devido a Copa do Mundo do Qatar. Mas embora n\u00e3o seja mais poss\u00edvel assistir os jogadores do Mais Querido atuando [&hellip;]<\/p>\n","protected":false},"author":4,"featured_media":88204,"comment_status":"open","ping_status":"closed","sticky":false,"template":"","format":"standard","meta":{"footnotes":""},"categories":[1],"tags":[],"class_list":["post-91005","post","type-post","status-publish","format-standard","has-post-thumbnail","hentry","category-flamengo"],"yoast_head":"<!-- This site is optimized with the Yoast SEO Premium plugin v24.2 (Yoast SEO v26.9) - https:\/\/yoast.com\/product\/yoast-seo-premium-wordpress\/ -->\n<title>FIFA faz publica\u00e7\u00e3o ressaltando estrelas do Flamengo na Copa do Mundo<\/title>\n<meta name=\"robots\" content=\"index, follow, max-snippet:-1, max-image-preview:large, max-video-preview:-1\" \/>\n<link rel=\"canonical\" href=\"https:\/\/www.gaveanews.com\/index.php\/2022\/11\/21\/fifa-faz-publicacao-ressaltando-estrelas-do-flamengo-na-copa-do-mundo\/\" \/>\n<meta property=\"og:locale\" content=\"pt_BR\" \/>\n<meta property=\"og:type\" content=\"article\" \/>\n<meta property=\"og:title\" content=\"FIFA faz publica\u00e7\u00e3o ressaltando estrelas do Flamengo na Copa do Mundo\" \/>\n<meta property=\"og:description\" content=\"A temporada rubro-negra terminou de forma euf\u00f3rica para a equipe e para os torcedores do clube. Com as ta\u00e7as da Copa do Brasil e da Libertadores, o Flamengo encerrou o ciclo um pouco mais cedo devido a Copa do Mundo do Qatar. Mas embora n\u00e3o seja mais poss\u00edvel assistir os jogadores do Mais Querido atuando [&hellip;]\" \/>\n<meta property=\"og:url\" content=\"https:\/\/www.gaveanews.com\/index.php\/2022\/11\/21\/fifa-faz-publicacao-ressaltando-estrelas-do-flamengo-na-copa-do-mundo\/\" \/>\n<meta property=\"og:site_name\" content=\"G\u00e1vea News\" \/>\n<meta property=\"article:publisher\" content=\"https:\/\/facebook.com\/gaveaNews\/\" \/>\n<meta property=\"article:published_time\" content=\"2022-11-21T19:21:09+00:00\" \/>\n<meta property=\"article:modified_time\" content=\"2022-11-21T19:21:10+00:00\" \/>\n<meta property=\"og:image\" content=\"https:\/\/www.gaveanews.com\/wp-content\/uploads\/Pedro-comemora-gol-marcado-pela-Selecao-Brasileira.webp\" \/>\n\t<meta property=\"og:image:width\" content=\"900\" \/>\n\t<meta property=\"og:image:height\" content=\"506\" \/>\n\t<meta property=\"og:image:type\" content=\"image\/png\" \/>\n<meta name=\"author\" content=\"Let\u00edcia Gerheim\" \/>\n<meta name=\"twitter:card\" content=\"summary_large_image\" \/>\n<meta name=\"twitter:label1\" content=\"Escrito por\" \/>\n\t<meta name=\"twitter:data1\" content=\"Let\u00edcia Gerheim\" \/>\n\t<meta name=\"twitter:label2\" content=\"Est. tempo de leitura\" \/>\n\t<meta name=\"twitter:data2\" content=\"2 minutos\" \/>\n<script type=\"application\/ld+json\" class=\"yoast-schema-graph\">{\"@context\":\"https:\/\/schema.org\",\"@graph\":[{\"@type\":\"NewsArticle\",\"@id\":\"https:\/\/www.gaveanews.com\/index.php\/2022\/11\/21\/fifa-faz-publicacao-ressaltando-estrelas-do-flamengo-na-copa-do-mundo\/#article\",\"isPartOf\":{\"@id\":\"https:\/\/www.gaveanews.com\/index.php\/2022\/11\/21\/fifa-faz-publicacao-ressaltando-estrelas-do-flamengo-na-copa-do-mundo\/\"},\"author\":{\"name\":\"Let\u00edcia Gerheim\",\"@id\":\"https:\/\/www.gaveanews.com\/#\/schema\/person\/714c67050b836198af2450ba1c142a67\"},\"headline\":\"FIFA faz publica\u00e7\u00e3o ressaltando estrelas do Flamengo na Copa do Mundo\",\"datePublished\":\"2022-11-21T19:21:09+00:00\",\"dateModified\":\"2022-11-21T19:21:10+00:00\",\"mainEntityOfPage\":{\"@id\":\"https:\/\/www.gaveanews.com\/index.php\/2022\/11\/21\/fifa-faz-publicacao-ressaltando-estrelas-do-flamengo-na-copa-do-mundo\/\"},\"wordCount\":240,\"commentCount\":0,\"image\":{\"@id\":\"https:\/\/www.gaveanews.com\/index.php\/2022\/11\/21\/fifa-faz-publicacao-ressaltando-estrelas-do-flamengo-na-copa-do-mundo\/#primaryimage\"},\"thumbnailUrl\":\"https:\/\/www.gaveanews.com\/wp-content\/uploads\/Pedro-comemora-gol-marcado-pela-Selecao-Brasileira.webp\",\"articleSection\":[\"Flamengo\"],\"inLanguage\":\"pt-BR\",\"potentialAction\":[{\"@type\":\"CommentAction\",\"name\":\"Comment\",\"target\":[\"https:\/\/www.gaveanews.com\/index.php\/2022\/11\/21\/fifa-faz-publicacao-ressaltando-estrelas-do-flamengo-na-copa-do-mundo\/#respond\"]}],\"copyrightYear\":\"2022\",\"copyrightHolder\":{\"@id\":\"https:\/\/www.gaveanews.com\/#organization\"}},{\"@type\":\"WebPage\",\"@id\":\"https:\/\/www.gaveanews.com\/index.php\/2022\/11\/21\/fifa-faz-publicacao-ressaltando-estrelas-do-flamengo-na-copa-do-mundo\/\",\"url\":\"https:\/\/www.gaveanews.com\/index.php\/2022\/11\/21\/fifa-faz-publicacao-ressaltando-estrelas-do-flamengo-na-copa-do-mundo\/\",\"name\":\"FIFA faz publica\u00e7\u00e3o ressaltando estrelas do Flamengo na Copa do Mundo\",\"isPartOf\":{\"@id\":\"https:\/\/www.gaveanews.com\/#website\"},\"primaryImageOfPage\":{\"@id\":\"https:\/\/www.gaveanews.com\/index.php\/2022\/11\/21\/fifa-faz-publicacao-ressaltando-estrelas-do-flamengo-na-copa-do-mundo\/#primaryimage\"},\"image\":{\"@id\":\"https:\/\/www.gaveanews.com\/index.php\/2022\/11\/21\/fifa-faz-publicacao-ressaltando-estrelas-do-flamengo-na-copa-do-mundo\/#primaryimage\"},\"thumbnailUrl\":\"https:\/\/www.gaveanews.com\/wp-content\/uploads\/Pedro-comemora-gol-marcado-pela-Selecao-Brasileira.webp\",\"datePublished\":\"2022-11-21T19:21:09+00:00\",\"dateModified\":\"2022-11-21T19:21:10+00:00\",\"author\":{\"@id\":\"https:\/\/www.gaveanews.com\/#\/schema\/person\/714c67050b836198af2450ba1c142a67\"},\"breadcrumb\":{\"@id\":\"https:\/\/www.gaveanews.com\/index.php\/2022\/11\/21\/fifa-faz-publicacao-ressaltando-estrelas-do-flamengo-na-copa-do-mundo\/#breadcrumb\"},\"inLanguage\":\"pt-BR\",\"potentialAction\":[{\"@type\":\"ReadAction\",\"target\":[\"https:\/\/www.gaveanews.com\/index.php\/2022\/11\/21\/fifa-faz-publicacao-ressaltando-estrelas-do-flamengo-na-copa-do-mundo\/\"]}]},{\"@type\":\"ImageObject\",\"inLanguage\":\"pt-BR\",\"@id\":\"https:\/\/www.gaveanews.com\/index.php\/2022\/11\/21\/fifa-faz-publicacao-ressaltando-estrelas-do-flamengo-na-copa-do-mundo\/#primaryimage\",\"url\":\"https:\/\/www.gaveanews.com\/wp-content\/uploads\/Pedro-comemora-gol-marcado-pela-Selecao-Brasileira.webp\",\"contentUrl\":\"https:\/\/www.gaveanews.com\/wp-content\/uploads\/Pedro-comemora-gol-marcado-pela-Selecao-Brasileira.webp\",\"width\":900,\"height\":506,\"caption\":\"Pedro comemora gol marcado pela Sele\u00e7\u00e3o Brasileira (Foto: Lucas Figueiredo\/CBF)\"},{\"@type\":\"BreadcrumbList\",\"@id\":\"https:\/\/www.gaveanews.com\/index.php\/2022\/11\/21\/fifa-faz-publicacao-ressaltando-estrelas-do-flamengo-na-copa-do-mundo\/#breadcrumb\",\"itemListElement\":[{\"@type\":\"ListItem\",\"position\":1,\"name\":\"Home\",\"item\":\"https:\/\/www.gaveanews.com\/\"},{\"@type\":\"ListItem\",\"position\":2,\"name\":\"FIFA faz publica\u00e7\u00e3o ressaltando estrelas do Flamengo na Copa do Mundo\"}]},{\"@type\":\"WebSite\",\"@id\":\"https:\/\/www.gaveanews.com\/#website\",\"url\":\"https:\/\/www.gaveanews.com\/\",\"name\":\"G\u00e1vea News\",\"description\":\"Veja todas as not\u00edcias sobre o Flamengo: Contrata\u00e7\u00f5es, categorias de base, resultados das partidas, tabela de classifica\u00e7\u00e3o, pr\u00f3ximos jogos!\",\"potentialAction\":[{\"@type\":\"SearchAction\",\"target\":{\"@type\":\"EntryPoint\",\"urlTemplate\":\"https:\/\/www.gaveanews.com\/?s={search_term_string}\"},\"query-input\":{\"@type\":\"PropertyValueSpecification\",\"valueRequired\":true,\"valueName\":\"search_term_string\"}}],\"inLanguage\":\"pt-BR\"},{\"@type\":\"Person\",\"@id\":\"https:\/\/www.gaveanews.com\/#\/schema\/person\/714c67050b836198af2450ba1c142a67\",\"name\":\"Let\u00edcia Gerheim\",\"image\":{\"@type\":\"ImageObject\",\"inLanguage\":\"pt-BR\",\"@id\":\"https:\/\/www.gaveanews.com\/#\/schema\/person\/image\/\",\"url\":\"https:\/\/secure.gravatar.com\/avatar\/60734739c50fcebfbac509e2a826ccd0ff405c019bc73aab9354f19ecad1dcb4?s=96&d=mm&r=g\",\"contentUrl\":\"https:\/\/secure.gravatar.com\/avatar\/60734739c50fcebfbac509e2a826ccd0ff405c019bc73aab9354f19ecad1dcb4?s=96&d=mm&r=g\",\"caption\":\"Let\u00edcia Gerheim\"}}]}<\/script>\n<!-- \/ Yoast SEO Premium plugin. -->","yoast_head_json":{"title":"FIFA faz publica\u00e7\u00e3o ressaltando estrelas do Flamengo na Copa do Mundo","robots":{"index":"index","follow":"follow","max-snippet":"max-snippet:-1","max-image-preview":"max-image-preview:large","max-video-preview":"max-video-preview:-1"},"canonical":"https:\/\/www.gaveanews.com\/index.php\/2022\/11\/21\/fifa-faz-publicacao-ressaltando-estrelas-do-flamengo-na-copa-do-mundo\/","og_locale":"pt_BR","og_type":"article","og_title":"FIFA faz publica\u00e7\u00e3o ressaltando estrelas do Flamengo na Copa do Mundo","og_description":"A temporada rubro-negra terminou de forma euf\u00f3rica para a equipe e para os torcedores do clube. Com as ta\u00e7as da Copa do Brasil e da Libertadores, o Flamengo encerrou o ciclo um pouco mais cedo devido a Copa do Mundo do Qatar. Mas embora n\u00e3o seja mais poss\u00edvel assistir os jogadores do Mais Querido atuando [&hellip;]","og_url":"https:\/\/www.gaveanews.com\/index.php\/2022\/11\/21\/fifa-faz-publicacao-ressaltando-estrelas-do-flamengo-na-copa-do-mundo\/","og_site_name":"G\u00e1vea News","article_publisher":"https:\/\/facebook.com\/gaveaNews\/","article_published_time":"2022-11-21T19:21:09+00:00","article_modified_time":"2022-11-21T19:21:10+00:00","og_image":[{"width":900,"height":506,"url":"https:\/\/www.gaveanews.com\/wp-content\/uploads\/Pedro-comemora-gol-marcado-pela-Selecao-Brasileira.webp","type":"image\/png"}],"author":"Let\u00edcia Gerheim","twitter_card":"summary_large_image","twitter_misc":{"Escrito por":"Let\u00edcia Gerheim","Est. tempo de leitura":"2 minutos"},"schema":{"@context":"https:\/\/schema.org","@graph":[{"@type":"NewsArticle","@id":"https:\/\/www.gaveanews.com\/index.php\/2022\/11\/21\/fifa-faz-publicacao-ressaltando-estrelas-do-flamengo-na-copa-do-mundo\/#article","isPartOf":{"@id":"https:\/\/www.gaveanews.com\/index.php\/2022\/11\/21\/fifa-faz-publicacao-ressaltando-estrelas-do-flamengo-na-copa-do-mundo\/"},"author":{"name":"Let\u00edcia Gerheim","@id":"https:\/\/www.gaveanews.com\/#\/schema\/person\/714c67050b836198af2450ba1c142a67"},"headline":"FIFA faz publica\u00e7\u00e3o ressaltando estrelas do Flamengo na Copa do Mundo","datePublished":"2022-11-21T19:21:09+00:00","dateModified":"2022-11-21T19:21:10+00:00","mainEntityOfPage":{"@id":"https:\/\/www.gaveanews.com\/index.php\/2022\/11\/21\/fifa-faz-publicacao-ressaltando-estrelas-do-flamengo-na-copa-do-mundo\/"},"wordCount":240,"commentCount":0,"image":{"@id":"https:\/\/www.gaveanews.com\/index.php\/2022\/11\/21\/fifa-faz-publicacao-ressaltando-estrelas-do-flamengo-na-copa-do-mundo\/#primaryimage"},"thumbnailUrl":"https:\/\/www.gaveanews.com\/wp-content\/uploads\/Pedro-comemora-gol-marcado-pela-Selecao-Brasileira.webp","articleSection":["Flamengo"],"inLanguage":"pt-BR","potentialAction":[{"@type":"CommentAction","name":"Comment","target":["https:\/\/www.gaveanews.com\/index.php\/2022\/11\/21\/fifa-faz-publicacao-ressaltando-estrelas-do-flamengo-na-copa-do-mundo\/#respond"]}],"copyrightYear":"2022","copyrightHolder":{"@id":"https:\/\/www.gaveanews.com\/#organization"}},{"@type":"WebPage","@id":"https:\/\/www.gaveanews.com\/index.php\/2022\/11\/21\/fifa-faz-publicacao-ressaltando-estrelas-do-flamengo-na-copa-do-mundo\/","url":"https:\/\/www.gaveanews.com\/index.php\/2022\/11\/21\/fifa-faz-publicacao-ressaltando-estrelas-do-flamengo-na-copa-do-mundo\/","name":"FIFA faz publica\u00e7\u00e3o ressaltando estrelas do Flamengo na Copa do Mundo","isPartOf":{"@id":"https:\/\/www.gaveanews.com\/#website"},"primaryImageOfPage":{"@id":"https:\/\/www.gaveanews.com\/index.php\/2022\/11\/21\/fifa-faz-publicacao-ressaltando-estrelas-do-flamengo-na-copa-do-mundo\/#primaryimage"},"image":{"@id":"https:\/\/www.gaveanews.com\/index.php\/2022\/11\/21\/fifa-faz-publicacao-ressaltando-estrelas-do-flamengo-na-copa-do-mundo\/#primaryimage"},"thumbnailUrl":"https:\/\/www.gaveanews.com\/wp-content\/uploads\/Pedro-comemora-gol-marcado-pela-Selecao-Brasileira.webp","datePublished":"2022-11-21T19:21:09+00:00","dateModified":"2022-11-21T19:21:10+00:00","author":{"@id":"https:\/\/www.gaveanews.com\/#\/schema\/person\/714c67050b836198af2450ba1c142a67"},"breadcrumb":{"@id":"https:\/\/www.gaveanews.com\/index.php\/2022\/11\/21\/fifa-faz-publicacao-ressaltando-estrelas-do-flamengo-na-copa-do-mundo\/#breadcrumb"},"inLanguage":"pt-BR","potentialAction":[{"@type":"ReadAction","target":["https:\/\/www.gaveanews.com\/index.php\/2022\/11\/21\/fifa-faz-publicacao-ressaltando-estrelas-do-flamengo-na-copa-do-mundo\/"]}]},{"@type":"ImageObject","inLanguage":"pt-BR","@id":"https:\/\/www.gaveanews.com\/index.php\/2022\/11\/21\/fifa-faz-publicacao-ressaltando-estrelas-do-flamengo-na-copa-do-mundo\/#primaryimage","url":"https:\/\/www.gaveanews.com\/wp-content\/uploads\/Pedro-comemora-gol-marcado-pela-Selecao-Brasileira.webp","contentUrl":"https:\/\/www.gaveanews.com\/wp-content\/uploads\/Pedro-comemora-gol-marcado-pela-Selecao-Brasileira.webp","width":900,"height":506,"caption":"Pedro comemora gol marcado pela Sele\u00e7\u00e3o Brasileira (Foto: Lucas Figueiredo\/CBF)"},{"@type":"BreadcrumbList","@id":"https:\/\/www.gaveanews.com\/index.php\/2022\/11\/21\/fifa-faz-publicacao-ressaltando-estrelas-do-flamengo-na-copa-do-mundo\/#breadcrumb","itemListElement":[{"@type":"ListItem","position":1,"name":"Home","item":"https:\/\/www.gaveanews.com\/"},{"@type":"ListItem","position":2,"name":"FIFA faz publica\u00e7\u00e3o ressaltando estrelas do Flamengo na Copa do Mundo"}]},{"@type":"WebSite","@id":"https:\/\/www.gaveanews.com\/#website","url":"https:\/\/www.gaveanews.com\/","name":"G\u00e1vea News","description":"Veja todas as not\u00edcias sobre o Flamengo: Contrata\u00e7\u00f5es, categorias de base, resultados das partidas, tabela de classifica\u00e7\u00e3o, pr\u00f3ximos jogos!","potentialAction":[{"@type":"SearchAction","target":{"@type":"EntryPoint","urlTemplate":"https:\/\/www.gaveanews.com\/?s={search_term_string}"},"query-input":{"@type":"PropertyValueSpecification","valueRequired":true,"valueName":"search_term_string"}}],"inLanguage":"pt-BR"},{"@type":"Person","@id":"https:\/\/www.gaveanews.com\/#\/schema\/person\/714c67050b836198af2450ba1c142a67","name":"Let\u00edcia Gerheim","image":{"@type":"ImageObject","inLanguage":"pt-BR","@id":"https:\/\/www.gaveanews.com\/#\/schema\/person\/image\/","url":"https:\/\/secure.gravatar.com\/avatar\/60734739c50fcebfbac509e2a826ccd0ff405c019bc73aab9354f19ecad1dcb4?s=96&d=mm&r=g","contentUrl":"https:\/\/secure.gravatar.com\/avatar\/60734739c50fcebfbac509e2a826ccd0ff405c019bc73aab9354f19ecad1dcb4?s=96&d=mm&r=g","caption":"Let\u00edcia Gerheim"}}]}},"_links":{"self":[{"href":"https:\/\/www.gaveanews.com\/index.php\/wp-json\/wp\/v2\/posts\/91005","targetHints":{"allow":["GET"]}}],"collection":[{"href":"https:\/\/www.gaveanews.com\/index.php\/wp-json\/wp\/v2\/posts"}],"about":[{"href":"https:\/\/www.gaveanews.com\/index.php\/wp-json\/wp\/v2\/types\/post"}],"author":[{"embeddable":true,"href":"https:\/\/www.gaveanews.com\/index.php\/wp-json\/wp\/v2\/users\/4"}],"replies":[{"embeddable":true,"href":"https:\/\/www.gaveanews.com\/index.php\/wp-json\/wp\/v2\/comments?post=91005"}],"version-history":[{"count":0,"href":"https:\/\/www.gaveanews.com\/index.php\/wp-json\/wp\/v2\/posts\/91005\/revisions"}],"wp:featuredmedia":[{"embeddable":true,"href":"https:\/\/www.gaveanews.com\/index.php\/wp-json\/wp\/v2\/media\/88204"}],"wp:attachment":[{"href":"https:\/\/www.gaveanews.com\/index.php\/wp-json\/wp\/v2\/media?parent=91005"}],"wp:term":[{"taxonomy":"category","embeddable":true,"href":"https:\/\/www.gaveanews.com\/index.php\/wp-json\/wp\/v2\/categories?post=91005"},{"taxonomy":"post_tag","embeddable":true,"href":"https:\/\/www.gaveanews.com\/index.php\/wp-json\/wp\/v2\/tags?post=91005"}],"curies":[{"name":"wp","href":"https:\/\/api.w.org\/{rel}","templated":true}]}}