{"id":91017,"date":"2022-11-21T23:16:25","date_gmt":"2022-11-22T02:16:25","guid":{"rendered":"https:\/\/www.gaveanews.com\/?p=91017"},"modified":"2022-11-21T23:16:29","modified_gmt":"2022-11-22T02:16:29","slug":"foto-vaza-e-entrega-time-titular-do-brasil-veja-a-escalacao","status":"publish","type":"post","link":"https:\/\/www.gaveanews.com\/index.php\/2022\/11\/21\/foto-vaza-e-entrega-time-titular-do-brasil-veja-a-escalacao\/","title":{"rendered":"Foto vaza e &#8216;entrega&#8217; time titular do Brasil; veja a escala\u00e7\u00e3o"},"content":{"rendered":"\n<p>O t\u00e9cnico Tite faz mist\u00e9rio e esconde a escala\u00e7\u00e3o da Sele\u00e7\u00e3o \u00e0s v\u00e9speras da estreia na Copa do Mundo do Catar, mas teve seus planos comprometidos por um visitante do treino fechado dessa segunda-feira.<\/p>\n\n\n\n<p>Uma pessoa que teve acesso \u00e0 atividade no est\u00e1dio Grand Hamad flagrou momento em que o atacante Vini Junior treinava na equipe titular e postou em uma rede social. Na mesma imagem \u00e9 poss\u00edvel ver o meio-campista Fred treinando na equipe reserva.<\/p>\n\n\n\n<figure class=\"wp-block-image size-large\"><img decoding=\"async\" src=\"https:\/\/s2.glbimg.com\/q_G7twsTu3p788zp-q9NQIzinH4=\/0x0:829x824\/984x0\/smart\/filters:strip_icc()\/i.s3.glbimg.com\/v1\/AUTH_bc8228b6673f488aa253bbcb03c80ec5\/internal_photos\/bs\/2022\/D\/u\/GNLTO0TvmIcMrtd1U8BQ\/whatsapp-image-2022-11-21-at-20.28.23.webp\" alt=\"\"\/><figcaption class=\"wp-element-caption\">Visitante em treino da Sele\u00e7\u00e3o flagrou momento em que Tite esbo\u00e7ou escala\u00e7\u00e3o (Foto: Reprodu\u00e7\u00e3o)<\/figcaption><\/figure>\n\n\n\n<p>Essa era a principal d\u00favida da escala\u00e7\u00e3o do Brasil para a partida contra a S\u00e9rvia, quinta-feira, \u00e0s 16h (de Bras\u00edlia). N\u00e3o se sabe se tal forma\u00e7\u00e3o foi utilizada durante todo o treinamento ou apenas em uma parte dele.<\/p>\n\n\n\n<p>Desde o in\u00edcio da prepara\u00e7\u00e3o para a Copa, na semana passada, Tite tem formado as duas equipes com dois pontas, mas sem separar titulares e reservas. Nesta segunda, ele escalou pela primeira vez os 11 atletas que devem come\u00e7ar jogando.<\/p>\n\n\n\n<p>Al\u00e9m de Vini Junior, \u00e9 poss\u00edvel identificar Casemiro, Alex Sandro, Thiago Silva e Marquinhos entre os titulares na imagem. Tamb\u00e9m no meio de campo h\u00e1 um jogador que parece ser Lucas Paquet\u00e1 &#8211; a cor da chuteira utilizada \u00e9 mais escura do que a de Bruno Guimar\u00e3es.<\/p>\n\n\n\n<p>J\u00e1 Antony, Gabriel Jesus e Pedro aparecem entre os reservas, sem colete.<\/p>\n\n\n\n<figure class=\"wp-block-image size-large\"><img decoding=\"async\" src=\"https:\/\/s2.glbimg.com\/mQCC1V-rqCVzlxcxCVBGlAwcaOk=\/0x0:2048x1365\/984x0\/smart\/filters:strip_icc()\/i.s3.glbimg.com\/v1\/AUTH_bc8228b6673f488aa253bbcb03c80ec5\/internal_photos\/bs\/2022\/X\/1\/WIWsZLREGBuEq6IA0m5A\/52514996649-e7dad8c1c4-k.webp\" alt=\"\"\/><figcaption class=\"wp-element-caption\">Tite com coletes ao lado do analista Bruno Baquete, em treino da Sele\u00e7\u00e3o (Foto: Lucas Figueiredo\/CBF)<\/figcaption><\/figure>\n\n\n\n<p>Uma prov\u00e1vel escala\u00e7\u00e3o da sele\u00e7\u00e3o brasileira para enfrentar a S\u00e9rvia \u00e9: Alisson, Danilo, Thiago Silva, Marquinhos e Alex Sandro; Casemiro e Lucas Paquet\u00e1; Raphinha, Richarlison, Neymar e Vini Junior.<\/p>\n\n\n\n<p>Antes da estreia na Copa da R\u00fassia, o Brasil j\u00e1 havia passado por epis\u00f3dio parecido de flagra de escala\u00e7\u00e3o por um visitante do treino. Na ocasi\u00e3o, o respons\u00e1vel por &#8220;entregar&#8221; o time foi um amigo de Gabriel Jesus.<\/p>\n\n\n\n<p>Nessa ter\u00e7a-feira o Brasil volta a treinar no mesmo local. Dessa vez, os jornalistas n\u00e3o ter\u00e3o acesso nem mesmo ao aquecimento. J\u00e1 no trabalho da v\u00e9spera a imprensa poder\u00e1 acompanhar os primeiros 15 minutos.<\/p>\n\n\n\n<p>Retirado de: Globo Esporte<\/p>\n","protected":false},"excerpt":{"rendered":"<p>O t\u00e9cnico Tite faz mist\u00e9rio e esconde a escala\u00e7\u00e3o da Sele\u00e7\u00e3o \u00e0s v\u00e9speras da estreia na Copa do Mundo do Catar, mas teve seus planos comprometidos por um visitante do treino fechado dessa segunda-feira. Uma pessoa que teve acesso \u00e0 atividade no est\u00e1dio Grand Hamad flagrou momento em que o atacante Vini Junior treinava na [&hellip;]<\/p>\n","protected":false},"author":1,"featured_media":90983,"comment_status":"open","ping_status":"closed","sticky":false,"template":"","format":"standard","meta":{"footnotes":""},"categories":[1],"tags":[],"class_list":["post-91017","post","type-post","status-publish","format-standard","has-post-thumbnail","hentry","category-flamengo"],"yoast_head":"<!-- This site is optimized with the Yoast SEO Premium plugin v24.2 (Yoast SEO v26.9) - https:\/\/yoast.com\/product\/yoast-seo-premium-wordpress\/ -->\n<title>Foto vaza e &#039;entrega&#039; time titular do Brasil; veja a escala\u00e7\u00e3o<\/title>\n<meta name=\"robots\" content=\"index, follow, max-snippet:-1, max-image-preview:large, max-video-preview:-1\" \/>\n<link rel=\"canonical\" href=\"https:\/\/www.gaveanews.com\/index.php\/2022\/11\/21\/foto-vaza-e-entrega-time-titular-do-brasil-veja-a-escalacao\/\" \/>\n<meta property=\"og:locale\" content=\"pt_BR\" \/>\n<meta property=\"og:type\" content=\"article\" \/>\n<meta property=\"og:title\" content=\"Foto vaza e &#039;entrega&#039; time titular do Brasil; veja a escala\u00e7\u00e3o\" \/>\n<meta property=\"og:description\" content=\"O t\u00e9cnico Tite faz mist\u00e9rio e esconde a escala\u00e7\u00e3o da Sele\u00e7\u00e3o \u00e0s v\u00e9speras da estreia na Copa do Mundo do Catar, mas teve seus planos comprometidos por um visitante do treino fechado dessa segunda-feira. Uma pessoa que teve acesso \u00e0 atividade no est\u00e1dio Grand Hamad flagrou momento em que o atacante Vini Junior treinava na [&hellip;]\" \/>\n<meta property=\"og:url\" content=\"https:\/\/www.gaveanews.com\/index.php\/2022\/11\/21\/foto-vaza-e-entrega-time-titular-do-brasil-veja-a-escalacao\/\" \/>\n<meta property=\"og:site_name\" content=\"G\u00e1vea News\" \/>\n<meta property=\"article:publisher\" content=\"https:\/\/facebook.com\/gaveaNews\/\" \/>\n<meta property=\"article:published_time\" content=\"2022-11-22T02:16:25+00:00\" \/>\n<meta property=\"article:modified_time\" content=\"2022-11-22T02:16:29+00:00\" \/>\n<meta property=\"og:image\" content=\"https:\/\/www.gaveanews.com\/wp-content\/uploads\/vinicius-junior-flamengo-real-madrid-selecao-brasileira-copa-do-mundo.webp\" \/>\n\t<meta property=\"og:image:width\" content=\"910\" \/>\n\t<meta property=\"og:image:height\" content=\"607\" \/>\n\t<meta property=\"og:image:type\" content=\"image\/jpeg\" \/>\n<meta name=\"author\" content=\"Equipe G\u00e1vea News\" \/>\n<meta name=\"twitter:card\" content=\"summary_large_image\" \/>\n<meta name=\"twitter:label1\" content=\"Escrito por\" \/>\n\t<meta name=\"twitter:data1\" content=\"Equipe G\u00e1vea News\" \/>\n\t<meta name=\"twitter:label2\" content=\"Est. tempo de leitura\" \/>\n\t<meta name=\"twitter:data2\" content=\"3 minutos\" \/>\n<script type=\"application\/ld+json\" class=\"yoast-schema-graph\">{\"@context\":\"https:\/\/schema.org\",\"@graph\":[{\"@type\":\"NewsArticle\",\"@id\":\"https:\/\/www.gaveanews.com\/index.php\/2022\/11\/21\/foto-vaza-e-entrega-time-titular-do-brasil-veja-a-escalacao\/#article\",\"isPartOf\":{\"@id\":\"https:\/\/www.gaveanews.com\/index.php\/2022\/11\/21\/foto-vaza-e-entrega-time-titular-do-brasil-veja-a-escalacao\/\"},\"author\":{\"name\":\"Equipe G\u00e1vea News\",\"@id\":\"https:\/\/www.gaveanews.com\/#\/schema\/person\/2ec14f73fb96be2caf28f91afb14749d\"},\"headline\":\"Foto vaza e &#8216;entrega&#8217; time titular do Brasil; veja a escala\u00e7\u00e3o\",\"datePublished\":\"2022-11-22T02:16:25+00:00\",\"dateModified\":\"2022-11-22T02:16:29+00:00\",\"mainEntityOfPage\":{\"@id\":\"https:\/\/www.gaveanews.com\/index.php\/2022\/11\/21\/foto-vaza-e-entrega-time-titular-do-brasil-veja-a-escalacao\/\"},\"wordCount\":392,\"commentCount\":0,\"image\":{\"@id\":\"https:\/\/www.gaveanews.com\/index.php\/2022\/11\/21\/foto-vaza-e-entrega-time-titular-do-brasil-veja-a-escalacao\/#primaryimage\"},\"thumbnailUrl\":\"https:\/\/www.gaveanews.com\/wp-content\/uploads\/vinicius-junior-flamengo-real-madrid-selecao-brasileira-copa-do-mundo.webp\",\"articleSection\":[\"Flamengo\"],\"inLanguage\":\"pt-BR\",\"potentialAction\":[{\"@type\":\"CommentAction\",\"name\":\"Comment\",\"target\":[\"https:\/\/www.gaveanews.com\/index.php\/2022\/11\/21\/foto-vaza-e-entrega-time-titular-do-brasil-veja-a-escalacao\/#respond\"]}],\"copyrightYear\":\"2022\",\"copyrightHolder\":{\"@id\":\"https:\/\/www.gaveanews.com\/#organization\"}},{\"@type\":\"WebPage\",\"@id\":\"https:\/\/www.gaveanews.com\/index.php\/2022\/11\/21\/foto-vaza-e-entrega-time-titular-do-brasil-veja-a-escalacao\/\",\"url\":\"https:\/\/www.gaveanews.com\/index.php\/2022\/11\/21\/foto-vaza-e-entrega-time-titular-do-brasil-veja-a-escalacao\/\",\"name\":\"Foto vaza e 'entrega' time titular do Brasil; veja a escala\u00e7\u00e3o\",\"isPartOf\":{\"@id\":\"https:\/\/www.gaveanews.com\/#website\"},\"primaryImageOfPage\":{\"@id\":\"https:\/\/www.gaveanews.com\/index.php\/2022\/11\/21\/foto-vaza-e-entrega-time-titular-do-brasil-veja-a-escalacao\/#primaryimage\"},\"image\":{\"@id\":\"https:\/\/www.gaveanews.com\/index.php\/2022\/11\/21\/foto-vaza-e-entrega-time-titular-do-brasil-veja-a-escalacao\/#primaryimage\"},\"thumbnailUrl\":\"https:\/\/www.gaveanews.com\/wp-content\/uploads\/vinicius-junior-flamengo-real-madrid-selecao-brasileira-copa-do-mundo.webp\",\"datePublished\":\"2022-11-22T02:16:25+00:00\",\"dateModified\":\"2022-11-22T02:16:29+00:00\",\"author\":{\"@id\":\"https:\/\/www.gaveanews.com\/#\/schema\/person\/2ec14f73fb96be2caf28f91afb14749d\"},\"breadcrumb\":{\"@id\":\"https:\/\/www.gaveanews.com\/index.php\/2022\/11\/21\/foto-vaza-e-entrega-time-titular-do-brasil-veja-a-escalacao\/#breadcrumb\"},\"inLanguage\":\"pt-BR\",\"potentialAction\":[{\"@type\":\"ReadAction\",\"target\":[\"https:\/\/www.gaveanews.com\/index.php\/2022\/11\/21\/foto-vaza-e-entrega-time-titular-do-brasil-veja-a-escalacao\/\"]}]},{\"@type\":\"ImageObject\",\"inLanguage\":\"pt-BR\",\"@id\":\"https:\/\/www.gaveanews.com\/index.php\/2022\/11\/21\/foto-vaza-e-entrega-time-titular-do-brasil-veja-a-escalacao\/#primaryimage\",\"url\":\"https:\/\/www.gaveanews.com\/wp-content\/uploads\/vinicius-junior-flamengo-real-madrid-selecao-brasileira-copa-do-mundo.webp\",\"contentUrl\":\"https:\/\/www.gaveanews.com\/wp-content\/uploads\/vinicius-junior-flamengo-real-madrid-selecao-brasileira-copa-do-mundo.webp\",\"width\":910,\"height\":607,\"caption\":\"Vin\u00edcius J\u00fanior em treino da Sele\u00e7\u00e3o Brasileira para a Copa do Mundo do Qatar (Foto: Lucas Figueiredo\/CBF)\"},{\"@type\":\"BreadcrumbList\",\"@id\":\"https:\/\/www.gaveanews.com\/index.php\/2022\/11\/21\/foto-vaza-e-entrega-time-titular-do-brasil-veja-a-escalacao\/#breadcrumb\",\"itemListElement\":[{\"@type\":\"ListItem\",\"position\":1,\"name\":\"Home\",\"item\":\"https:\/\/www.gaveanews.com\/\"},{\"@type\":\"ListItem\",\"position\":2,\"name\":\"Foto vaza e &#8216;entrega&#8217; time titular do Brasil; veja a escala\u00e7\u00e3o\"}]},{\"@type\":\"WebSite\",\"@id\":\"https:\/\/www.gaveanews.com\/#website\",\"url\":\"https:\/\/www.gaveanews.com\/\",\"name\":\"G\u00e1vea News\",\"description\":\"Veja todas as not\u00edcias sobre o Flamengo: Contrata\u00e7\u00f5es, categorias de base, resultados das partidas, tabela de classifica\u00e7\u00e3o, pr\u00f3ximos jogos!\",\"potentialAction\":[{\"@type\":\"SearchAction\",\"target\":{\"@type\":\"EntryPoint\",\"urlTemplate\":\"https:\/\/www.gaveanews.com\/?s={search_term_string}\"},\"query-input\":{\"@type\":\"PropertyValueSpecification\",\"valueRequired\":true,\"valueName\":\"search_term_string\"}}],\"inLanguage\":\"pt-BR\"},{\"@type\":\"Person\",\"@id\":\"https:\/\/www.gaveanews.com\/#\/schema\/person\/2ec14f73fb96be2caf28f91afb14749d\",\"name\":\"Equipe G\u00e1vea News\",\"image\":{\"@type\":\"ImageObject\",\"inLanguage\":\"pt-BR\",\"@id\":\"https:\/\/www.gaveanews.com\/#\/schema\/person\/image\/\",\"url\":\"https:\/\/secure.gravatar.com\/avatar\/1e1956f1facbffd3f8fa53a326721950116b3b9dc9bd44939c01180fd4a745a9?s=96&d=mm&r=g\",\"contentUrl\":\"https:\/\/secure.gravatar.com\/avatar\/1e1956f1facbffd3f8fa53a326721950116b3b9dc9bd44939c01180fd4a745a9?s=96&d=mm&r=g\",\"caption\":\"Equipe G\u00e1vea News\"}}]}<\/script>\n<!-- \/ Yoast SEO Premium plugin. -->","yoast_head_json":{"title":"Foto vaza e 'entrega' time titular do Brasil; veja a escala\u00e7\u00e3o","robots":{"index":"index","follow":"follow","max-snippet":"max-snippet:-1","max-image-preview":"max-image-preview:large","max-video-preview":"max-video-preview:-1"},"canonical":"https:\/\/www.gaveanews.com\/index.php\/2022\/11\/21\/foto-vaza-e-entrega-time-titular-do-brasil-veja-a-escalacao\/","og_locale":"pt_BR","og_type":"article","og_title":"Foto vaza e 'entrega' time titular do Brasil; veja a escala\u00e7\u00e3o","og_description":"O t\u00e9cnico Tite faz mist\u00e9rio e esconde a escala\u00e7\u00e3o da Sele\u00e7\u00e3o \u00e0s v\u00e9speras da estreia na Copa do Mundo do Catar, mas teve seus planos comprometidos por um visitante do treino fechado dessa segunda-feira. Uma pessoa que teve acesso \u00e0 atividade no est\u00e1dio Grand Hamad flagrou momento em que o atacante Vini Junior treinava na [&hellip;]","og_url":"https:\/\/www.gaveanews.com\/index.php\/2022\/11\/21\/foto-vaza-e-entrega-time-titular-do-brasil-veja-a-escalacao\/","og_site_name":"G\u00e1vea News","article_publisher":"https:\/\/facebook.com\/gaveaNews\/","article_published_time":"2022-11-22T02:16:25+00:00","article_modified_time":"2022-11-22T02:16:29+00:00","og_image":[{"width":910,"height":607,"url":"https:\/\/www.gaveanews.com\/wp-content\/uploads\/vinicius-junior-flamengo-real-madrid-selecao-brasileira-copa-do-mundo.webp","type":"image\/jpeg"}],"author":"Equipe G\u00e1vea News","twitter_card":"summary_large_image","twitter_misc":{"Escrito por":"Equipe G\u00e1vea News","Est. tempo de leitura":"3 minutos"},"schema":{"@context":"https:\/\/schema.org","@graph":[{"@type":"NewsArticle","@id":"https:\/\/www.gaveanews.com\/index.php\/2022\/11\/21\/foto-vaza-e-entrega-time-titular-do-brasil-veja-a-escalacao\/#article","isPartOf":{"@id":"https:\/\/www.gaveanews.com\/index.php\/2022\/11\/21\/foto-vaza-e-entrega-time-titular-do-brasil-veja-a-escalacao\/"},"author":{"name":"Equipe G\u00e1vea News","@id":"https:\/\/www.gaveanews.com\/#\/schema\/person\/2ec14f73fb96be2caf28f91afb14749d"},"headline":"Foto vaza e &#8216;entrega&#8217; time titular do Brasil; veja a escala\u00e7\u00e3o","datePublished":"2022-11-22T02:16:25+00:00","dateModified":"2022-11-22T02:16:29+00:00","mainEntityOfPage":{"@id":"https:\/\/www.gaveanews.com\/index.php\/2022\/11\/21\/foto-vaza-e-entrega-time-titular-do-brasil-veja-a-escalacao\/"},"wordCount":392,"commentCount":0,"image":{"@id":"https:\/\/www.gaveanews.com\/index.php\/2022\/11\/21\/foto-vaza-e-entrega-time-titular-do-brasil-veja-a-escalacao\/#primaryimage"},"thumbnailUrl":"https:\/\/www.gaveanews.com\/wp-content\/uploads\/vinicius-junior-flamengo-real-madrid-selecao-brasileira-copa-do-mundo.webp","articleSection":["Flamengo"],"inLanguage":"pt-BR","potentialAction":[{"@type":"CommentAction","name":"Comment","target":["https:\/\/www.gaveanews.com\/index.php\/2022\/11\/21\/foto-vaza-e-entrega-time-titular-do-brasil-veja-a-escalacao\/#respond"]}],"copyrightYear":"2022","copyrightHolder":{"@id":"https:\/\/www.gaveanews.com\/#organization"}},{"@type":"WebPage","@id":"https:\/\/www.gaveanews.com\/index.php\/2022\/11\/21\/foto-vaza-e-entrega-time-titular-do-brasil-veja-a-escalacao\/","url":"https:\/\/www.gaveanews.com\/index.php\/2022\/11\/21\/foto-vaza-e-entrega-time-titular-do-brasil-veja-a-escalacao\/","name":"Foto vaza e 'entrega' time titular do Brasil; veja a escala\u00e7\u00e3o","isPartOf":{"@id":"https:\/\/www.gaveanews.com\/#website"},"primaryImageOfPage":{"@id":"https:\/\/www.gaveanews.com\/index.php\/2022\/11\/21\/foto-vaza-e-entrega-time-titular-do-brasil-veja-a-escalacao\/#primaryimage"},"image":{"@id":"https:\/\/www.gaveanews.com\/index.php\/2022\/11\/21\/foto-vaza-e-entrega-time-titular-do-brasil-veja-a-escalacao\/#primaryimage"},"thumbnailUrl":"https:\/\/www.gaveanews.com\/wp-content\/uploads\/vinicius-junior-flamengo-real-madrid-selecao-brasileira-copa-do-mundo.webp","datePublished":"2022-11-22T02:16:25+00:00","dateModified":"2022-11-22T02:16:29+00:00","author":{"@id":"https:\/\/www.gaveanews.com\/#\/schema\/person\/2ec14f73fb96be2caf28f91afb14749d"},"breadcrumb":{"@id":"https:\/\/www.gaveanews.com\/index.php\/2022\/11\/21\/foto-vaza-e-entrega-time-titular-do-brasil-veja-a-escalacao\/#breadcrumb"},"inLanguage":"pt-BR","potentialAction":[{"@type":"ReadAction","target":["https:\/\/www.gaveanews.com\/index.php\/2022\/11\/21\/foto-vaza-e-entrega-time-titular-do-brasil-veja-a-escalacao\/"]}]},{"@type":"ImageObject","inLanguage":"pt-BR","@id":"https:\/\/www.gaveanews.com\/index.php\/2022\/11\/21\/foto-vaza-e-entrega-time-titular-do-brasil-veja-a-escalacao\/#primaryimage","url":"https:\/\/www.gaveanews.com\/wp-content\/uploads\/vinicius-junior-flamengo-real-madrid-selecao-brasileira-copa-do-mundo.webp","contentUrl":"https:\/\/www.gaveanews.com\/wp-content\/uploads\/vinicius-junior-flamengo-real-madrid-selecao-brasileira-copa-do-mundo.webp","width":910,"height":607,"caption":"Vin\u00edcius J\u00fanior em treino da Sele\u00e7\u00e3o Brasileira para a Copa do Mundo do Qatar (Foto: Lucas Figueiredo\/CBF)"},{"@type":"BreadcrumbList","@id":"https:\/\/www.gaveanews.com\/index.php\/2022\/11\/21\/foto-vaza-e-entrega-time-titular-do-brasil-veja-a-escalacao\/#breadcrumb","itemListElement":[{"@type":"ListItem","position":1,"name":"Home","item":"https:\/\/www.gaveanews.com\/"},{"@type":"ListItem","position":2,"name":"Foto vaza e &#8216;entrega&#8217; time titular do Brasil; veja a escala\u00e7\u00e3o"}]},{"@type":"WebSite","@id":"https:\/\/www.gaveanews.com\/#website","url":"https:\/\/www.gaveanews.com\/","name":"G\u00e1vea News","description":"Veja todas as not\u00edcias sobre o Flamengo: Contrata\u00e7\u00f5es, categorias de base, resultados das partidas, tabela de classifica\u00e7\u00e3o, pr\u00f3ximos jogos!","potentialAction":[{"@type":"SearchAction","target":{"@type":"EntryPoint","urlTemplate":"https:\/\/www.gaveanews.com\/?s={search_term_string}"},"query-input":{"@type":"PropertyValueSpecification","valueRequired":true,"valueName":"search_term_string"}}],"inLanguage":"pt-BR"},{"@type":"Person","@id":"https:\/\/www.gaveanews.com\/#\/schema\/person\/2ec14f73fb96be2caf28f91afb14749d","name":"Equipe G\u00e1vea News","image":{"@type":"ImageObject","inLanguage":"pt-BR","@id":"https:\/\/www.gaveanews.com\/#\/schema\/person\/image\/","url":"https:\/\/secure.gravatar.com\/avatar\/1e1956f1facbffd3f8fa53a326721950116b3b9dc9bd44939c01180fd4a745a9?s=96&d=mm&r=g","contentUrl":"https:\/\/secure.gravatar.com\/avatar\/1e1956f1facbffd3f8fa53a326721950116b3b9dc9bd44939c01180fd4a745a9?s=96&d=mm&r=g","caption":"Equipe G\u00e1vea News"}}]}},"_links":{"self":[{"href":"https:\/\/www.gaveanews.com\/index.php\/wp-json\/wp\/v2\/posts\/91017","targetHints":{"allow":["GET"]}}],"collection":[{"href":"https:\/\/www.gaveanews.com\/index.php\/wp-json\/wp\/v2\/posts"}],"about":[{"href":"https:\/\/www.gaveanews.com\/index.php\/wp-json\/wp\/v2\/types\/post"}],"author":[{"embeddable":true,"href":"https:\/\/www.gaveanews.com\/index.php\/wp-json\/wp\/v2\/users\/1"}],"replies":[{"embeddable":true,"href":"https:\/\/www.gaveanews.com\/index.php\/wp-json\/wp\/v2\/comments?post=91017"}],"version-history":[{"count":0,"href":"https:\/\/www.gaveanews.com\/index.php\/wp-json\/wp\/v2\/posts\/91017\/revisions"}],"wp:featuredmedia":[{"embeddable":true,"href":"https:\/\/www.gaveanews.com\/index.php\/wp-json\/wp\/v2\/media\/90983"}],"wp:attachment":[{"href":"https:\/\/www.gaveanews.com\/index.php\/wp-json\/wp\/v2\/media?parent=91017"}],"wp:term":[{"taxonomy":"category","embeddable":true,"href":"https:\/\/www.gaveanews.com\/index.php\/wp-json\/wp\/v2\/categories?post=91017"},{"taxonomy":"post_tag","embeddable":true,"href":"https:\/\/www.gaveanews.com\/index.php\/wp-json\/wp\/v2\/tags?post=91017"}],"curies":[{"name":"wp","href":"https:\/\/api.w.org\/{rel}","templated":true}]}}