{"id":91032,"date":"2022-11-22T08:12:26","date_gmt":"2022-11-22T11:12:26","guid":{"rendered":"https:\/\/www.gaveanews.com\/?p=91032"},"modified":"2022-11-22T08:12:29","modified_gmt":"2022-11-22T11:12:29","slug":"atacante-do-palmeiras-exalta-drible-espetacular-de-matheus-franca-do-flamengo-durante-amistoso-do-brasil","status":"publish","type":"post","link":"https:\/\/www.gaveanews.com\/index.php\/2022\/11\/22\/atacante-do-palmeiras-exalta-drible-espetacular-de-matheus-franca-do-flamengo-durante-amistoso-do-brasil\/","title":{"rendered":"Atacante do Palmeiras exalta drible espetacular de Matheus Fran\u00e7a, do Flamengo, durante amistoso do Brasil"},"content":{"rendered":"\n<p>Convocado pela Sele\u00e7\u00e3o Brasileira Sub-20, Matheus Fran\u00e7a chamou aten\u00e7\u00e3o na partida contra o Chile do \u00faltimo final de semana. Escalado para o confronto, <a href=\"https:\/\/www.gaveanews.com\/index.php\/2022\/11\/21\/video-convocado-pelo-brasil-matheus-franca-aplica-drible-impressionante-em-adversario\/\">o atacante aplicou um drible impressionante contra um dos jogadores advers\u00e1rios.<\/a><\/p>\n\n\n\n<p>O lance, inclusive, rendeu elogios de pessoas ligadas ao futebol nas redes sociais. Endrick, que com apenas 16 anos j\u00e1 comp\u00f5e o time profissional do Palmeiras, compartilhou o drible do jogador do Fla e exaltou a qualidade do atacante.<\/p>\n\n\n\n<h2 class=\"wp-block-heading\" id=\"h-veja-a-publicacao\">Veja a publica\u00e7\u00e3o:<\/h2>\n\n\n\n<figure class=\"wp-block-image size-large\"><img decoding=\"async\" src=\"https:\/\/pbs.twimg.com\/media\/FiKUauJWYAAqufJ?format=jpg\" alt=\"\"\/><figcaption class=\"wp-element-caption\">(Foto: Reprodu\u00e7\u00e3o)<\/figcaption><\/figure>\n\n\n\n<p>Apesar do belo drible de Matheus Fran\u00e7a, a Sele\u00e7\u00e3o Brasileira n\u00e3o conseguiu se manter \u00e0 frente no placar e perdeu de virada por 3 a 2 para o Chile.<\/p>\n","protected":false},"excerpt":{"rendered":"<p>Convocado pela Sele\u00e7\u00e3o Brasileira Sub-20, Matheus Fran\u00e7a chamou aten\u00e7\u00e3o na partida contra o Chile do \u00faltimo final de semana. Escalado para o confronto, o atacante aplicou um drible impressionante contra um dos jogadores advers\u00e1rios. O lance, inclusive, rendeu elogios de pessoas ligadas ao futebol nas redes sociais. Endrick, que com apenas 16 anos j\u00e1 comp\u00f5e [&hellip;]<\/p>\n","protected":false},"author":4,"featured_media":90980,"comment_status":"open","ping_status":"closed","sticky":false,"template":"","format":"standard","meta":{"footnotes":""},"categories":[1],"tags":[],"class_list":["post-91032","post","type-post","status-publish","format-standard","has-post-thumbnail","hentry","category-flamengo"],"yoast_head":"<!-- This site is optimized with the Yoast SEO Premium plugin v24.2 (Yoast SEO v26.9) - https:\/\/yoast.com\/product\/yoast-seo-premium-wordpress\/ -->\n<title>Atacante do Palmeiras exalta drible espetacular de Matheus Fran\u00e7a, do Flamengo, durante amistoso do Brasil<\/title>\n<meta name=\"robots\" content=\"index, follow, max-snippet:-1, max-image-preview:large, max-video-preview:-1\" \/>\n<link rel=\"canonical\" href=\"https:\/\/www.gaveanews.com\/index.php\/2022\/11\/22\/atacante-do-palmeiras-exalta-drible-espetacular-de-matheus-franca-do-flamengo-durante-amistoso-do-brasil\/\" \/>\n<meta property=\"og:locale\" content=\"pt_BR\" \/>\n<meta property=\"og:type\" content=\"article\" \/>\n<meta property=\"og:title\" content=\"Atacante do Palmeiras exalta drible espetacular de Matheus Fran\u00e7a, do Flamengo, durante amistoso do Brasil\" \/>\n<meta property=\"og:description\" content=\"Convocado pela Sele\u00e7\u00e3o Brasileira Sub-20, Matheus Fran\u00e7a chamou aten\u00e7\u00e3o na partida contra o Chile do \u00faltimo final de semana. Escalado para o confronto, o atacante aplicou um drible impressionante contra um dos jogadores advers\u00e1rios. O lance, inclusive, rendeu elogios de pessoas ligadas ao futebol nas redes sociais. Endrick, que com apenas 16 anos j\u00e1 comp\u00f5e [&hellip;]\" \/>\n<meta property=\"og:url\" content=\"https:\/\/www.gaveanews.com\/index.php\/2022\/11\/22\/atacante-do-palmeiras-exalta-drible-espetacular-de-matheus-franca-do-flamengo-durante-amistoso-do-brasil\/\" \/>\n<meta property=\"og:site_name\" content=\"G\u00e1vea News\" \/>\n<meta property=\"article:publisher\" content=\"https:\/\/facebook.com\/gaveaNews\/\" \/>\n<meta property=\"article:published_time\" content=\"2022-11-22T11:12:26+00:00\" \/>\n<meta property=\"article:modified_time\" content=\"2022-11-22T11:12:29+00:00\" \/>\n<meta property=\"og:image\" content=\"https:\/\/www.gaveanews.com\/wp-content\/uploads\/matheus-franca-flamengo-selecao-brasileira.webp\" \/>\n\t<meta property=\"og:image:width\" content=\"846\" \/>\n\t<meta property=\"og:image:height\" content=\"564\" \/>\n\t<meta property=\"og:image:type\" content=\"image\/webp\" \/>\n<meta name=\"author\" content=\"Let\u00edcia Gerheim\" \/>\n<meta name=\"twitter:card\" content=\"summary_large_image\" \/>\n<meta name=\"twitter:label1\" content=\"Escrito por\" \/>\n\t<meta name=\"twitter:data1\" content=\"Let\u00edcia Gerheim\" \/>\n\t<meta name=\"twitter:label2\" content=\"Est. tempo de leitura\" \/>\n\t<meta name=\"twitter:data2\" content=\"1 minuto\" \/>\n<script type=\"application\/ld+json\" class=\"yoast-schema-graph\">{\"@context\":\"https:\/\/schema.org\",\"@graph\":[{\"@type\":\"NewsArticle\",\"@id\":\"https:\/\/www.gaveanews.com\/index.php\/2022\/11\/22\/atacante-do-palmeiras-exalta-drible-espetacular-de-matheus-franca-do-flamengo-durante-amistoso-do-brasil\/#article\",\"isPartOf\":{\"@id\":\"https:\/\/www.gaveanews.com\/index.php\/2022\/11\/22\/atacante-do-palmeiras-exalta-drible-espetacular-de-matheus-franca-do-flamengo-durante-amistoso-do-brasil\/\"},\"author\":{\"name\":\"Let\u00edcia Gerheim\",\"@id\":\"https:\/\/www.gaveanews.com\/#\/schema\/person\/714c67050b836198af2450ba1c142a67\"},\"headline\":\"Atacante do Palmeiras exalta drible espetacular de Matheus Fran\u00e7a, do Flamengo, durante amistoso do Brasil\",\"datePublished\":\"2022-11-22T11:12:26+00:00\",\"dateModified\":\"2022-11-22T11:12:29+00:00\",\"mainEntityOfPage\":{\"@id\":\"https:\/\/www.gaveanews.com\/index.php\/2022\/11\/22\/atacante-do-palmeiras-exalta-drible-espetacular-de-matheus-franca-do-flamengo-durante-amistoso-do-brasil\/\"},\"wordCount\":129,\"commentCount\":0,\"image\":{\"@id\":\"https:\/\/www.gaveanews.com\/index.php\/2022\/11\/22\/atacante-do-palmeiras-exalta-drible-espetacular-de-matheus-franca-do-flamengo-durante-amistoso-do-brasil\/#primaryimage\"},\"thumbnailUrl\":\"https:\/\/www.gaveanews.com\/wp-content\/uploads\/matheus-franca-flamengo-selecao-brasileira.webp\",\"articleSection\":[\"Flamengo\"],\"inLanguage\":\"pt-BR\",\"potentialAction\":[{\"@type\":\"CommentAction\",\"name\":\"Comment\",\"target\":[\"https:\/\/www.gaveanews.com\/index.php\/2022\/11\/22\/atacante-do-palmeiras-exalta-drible-espetacular-de-matheus-franca-do-flamengo-durante-amistoso-do-brasil\/#respond\"]}],\"copyrightYear\":\"2022\",\"copyrightHolder\":{\"@id\":\"https:\/\/www.gaveanews.com\/#organization\"}},{\"@type\":\"WebPage\",\"@id\":\"https:\/\/www.gaveanews.com\/index.php\/2022\/11\/22\/atacante-do-palmeiras-exalta-drible-espetacular-de-matheus-franca-do-flamengo-durante-amistoso-do-brasil\/\",\"url\":\"https:\/\/www.gaveanews.com\/index.php\/2022\/11\/22\/atacante-do-palmeiras-exalta-drible-espetacular-de-matheus-franca-do-flamengo-durante-amistoso-do-brasil\/\",\"name\":\"Atacante do Palmeiras exalta drible espetacular de Matheus Fran\u00e7a, do Flamengo, durante amistoso do Brasil\",\"isPartOf\":{\"@id\":\"https:\/\/www.gaveanews.com\/#website\"},\"primaryImageOfPage\":{\"@id\":\"https:\/\/www.gaveanews.com\/index.php\/2022\/11\/22\/atacante-do-palmeiras-exalta-drible-espetacular-de-matheus-franca-do-flamengo-durante-amistoso-do-brasil\/#primaryimage\"},\"image\":{\"@id\":\"https:\/\/www.gaveanews.com\/index.php\/2022\/11\/22\/atacante-do-palmeiras-exalta-drible-espetacular-de-matheus-franca-do-flamengo-durante-amistoso-do-brasil\/#primaryimage\"},\"thumbnailUrl\":\"https:\/\/www.gaveanews.com\/wp-content\/uploads\/matheus-franca-flamengo-selecao-brasileira.webp\",\"datePublished\":\"2022-11-22T11:12:26+00:00\",\"dateModified\":\"2022-11-22T11:12:29+00:00\",\"author\":{\"@id\":\"https:\/\/www.gaveanews.com\/#\/schema\/person\/714c67050b836198af2450ba1c142a67\"},\"breadcrumb\":{\"@id\":\"https:\/\/www.gaveanews.com\/index.php\/2022\/11\/22\/atacante-do-palmeiras-exalta-drible-espetacular-de-matheus-franca-do-flamengo-durante-amistoso-do-brasil\/#breadcrumb\"},\"inLanguage\":\"pt-BR\",\"potentialAction\":[{\"@type\":\"ReadAction\",\"target\":[\"https:\/\/www.gaveanews.com\/index.php\/2022\/11\/22\/atacante-do-palmeiras-exalta-drible-espetacular-de-matheus-franca-do-flamengo-durante-amistoso-do-brasil\/\"]}]},{\"@type\":\"ImageObject\",\"inLanguage\":\"pt-BR\",\"@id\":\"https:\/\/www.gaveanews.com\/index.php\/2022\/11\/22\/atacante-do-palmeiras-exalta-drible-espetacular-de-matheus-franca-do-flamengo-durante-amistoso-do-brasil\/#primaryimage\",\"url\":\"https:\/\/www.gaveanews.com\/wp-content\/uploads\/matheus-franca-flamengo-selecao-brasileira.webp\",\"contentUrl\":\"https:\/\/www.gaveanews.com\/wp-content\/uploads\/matheus-franca-flamengo-selecao-brasileira.webp\",\"width\":846,\"height\":564,\"caption\":\"Matheus Fran\u00e7a em partida pela Sele\u00e7\u00e3o Brasileira Sub-20 (Foto: Pietro Carpi\/CBF)\"},{\"@type\":\"BreadcrumbList\",\"@id\":\"https:\/\/www.gaveanews.com\/index.php\/2022\/11\/22\/atacante-do-palmeiras-exalta-drible-espetacular-de-matheus-franca-do-flamengo-durante-amistoso-do-brasil\/#breadcrumb\",\"itemListElement\":[{\"@type\":\"ListItem\",\"position\":1,\"name\":\"Home\",\"item\":\"https:\/\/www.gaveanews.com\/\"},{\"@type\":\"ListItem\",\"position\":2,\"name\":\"Atacante do Palmeiras exalta drible espetacular de Matheus Fran\u00e7a, do Flamengo, durante amistoso do Brasil\"}]},{\"@type\":\"WebSite\",\"@id\":\"https:\/\/www.gaveanews.com\/#website\",\"url\":\"https:\/\/www.gaveanews.com\/\",\"name\":\"G\u00e1vea News\",\"description\":\"Veja todas as not\u00edcias sobre o Flamengo: Contrata\u00e7\u00f5es, categorias de base, resultados das partidas, tabela de classifica\u00e7\u00e3o, pr\u00f3ximos jogos!\",\"potentialAction\":[{\"@type\":\"SearchAction\",\"target\":{\"@type\":\"EntryPoint\",\"urlTemplate\":\"https:\/\/www.gaveanews.com\/?s={search_term_string}\"},\"query-input\":{\"@type\":\"PropertyValueSpecification\",\"valueRequired\":true,\"valueName\":\"search_term_string\"}}],\"inLanguage\":\"pt-BR\"},{\"@type\":\"Person\",\"@id\":\"https:\/\/www.gaveanews.com\/#\/schema\/person\/714c67050b836198af2450ba1c142a67\",\"name\":\"Let\u00edcia Gerheim\",\"image\":{\"@type\":\"ImageObject\",\"inLanguage\":\"pt-BR\",\"@id\":\"https:\/\/www.gaveanews.com\/#\/schema\/person\/image\/\",\"url\":\"https:\/\/secure.gravatar.com\/avatar\/60734739c50fcebfbac509e2a826ccd0ff405c019bc73aab9354f19ecad1dcb4?s=96&d=mm&r=g\",\"contentUrl\":\"https:\/\/secure.gravatar.com\/avatar\/60734739c50fcebfbac509e2a826ccd0ff405c019bc73aab9354f19ecad1dcb4?s=96&d=mm&r=g\",\"caption\":\"Let\u00edcia Gerheim\"}}]}<\/script>\n<!-- \/ Yoast SEO Premium plugin. -->","yoast_head_json":{"title":"Atacante do Palmeiras exalta drible espetacular de Matheus Fran\u00e7a, do Flamengo, durante amistoso do Brasil","robots":{"index":"index","follow":"follow","max-snippet":"max-snippet:-1","max-image-preview":"max-image-preview:large","max-video-preview":"max-video-preview:-1"},"canonical":"https:\/\/www.gaveanews.com\/index.php\/2022\/11\/22\/atacante-do-palmeiras-exalta-drible-espetacular-de-matheus-franca-do-flamengo-durante-amistoso-do-brasil\/","og_locale":"pt_BR","og_type":"article","og_title":"Atacante do Palmeiras exalta drible espetacular de Matheus Fran\u00e7a, do Flamengo, durante amistoso do Brasil","og_description":"Convocado pela Sele\u00e7\u00e3o Brasileira Sub-20, Matheus Fran\u00e7a chamou aten\u00e7\u00e3o na partida contra o Chile do \u00faltimo final de semana. Escalado para o confronto, o atacante aplicou um drible impressionante contra um dos jogadores advers\u00e1rios. O lance, inclusive, rendeu elogios de pessoas ligadas ao futebol nas redes sociais. Endrick, que com apenas 16 anos j\u00e1 comp\u00f5e [&hellip;]","og_url":"https:\/\/www.gaveanews.com\/index.php\/2022\/11\/22\/atacante-do-palmeiras-exalta-drible-espetacular-de-matheus-franca-do-flamengo-durante-amistoso-do-brasil\/","og_site_name":"G\u00e1vea News","article_publisher":"https:\/\/facebook.com\/gaveaNews\/","article_published_time":"2022-11-22T11:12:26+00:00","article_modified_time":"2022-11-22T11:12:29+00:00","og_image":[{"width":846,"height":564,"url":"https:\/\/www.gaveanews.com\/wp-content\/uploads\/matheus-franca-flamengo-selecao-brasileira.webp","type":"image\/webp"}],"author":"Let\u00edcia Gerheim","twitter_card":"summary_large_image","twitter_misc":{"Escrito por":"Let\u00edcia Gerheim","Est. tempo de leitura":"1 minuto"},"schema":{"@context":"https:\/\/schema.org","@graph":[{"@type":"NewsArticle","@id":"https:\/\/www.gaveanews.com\/index.php\/2022\/11\/22\/atacante-do-palmeiras-exalta-drible-espetacular-de-matheus-franca-do-flamengo-durante-amistoso-do-brasil\/#article","isPartOf":{"@id":"https:\/\/www.gaveanews.com\/index.php\/2022\/11\/22\/atacante-do-palmeiras-exalta-drible-espetacular-de-matheus-franca-do-flamengo-durante-amistoso-do-brasil\/"},"author":{"name":"Let\u00edcia Gerheim","@id":"https:\/\/www.gaveanews.com\/#\/schema\/person\/714c67050b836198af2450ba1c142a67"},"headline":"Atacante do Palmeiras exalta drible espetacular de Matheus Fran\u00e7a, do Flamengo, durante amistoso do Brasil","datePublished":"2022-11-22T11:12:26+00:00","dateModified":"2022-11-22T11:12:29+00:00","mainEntityOfPage":{"@id":"https:\/\/www.gaveanews.com\/index.php\/2022\/11\/22\/atacante-do-palmeiras-exalta-drible-espetacular-de-matheus-franca-do-flamengo-durante-amistoso-do-brasil\/"},"wordCount":129,"commentCount":0,"image":{"@id":"https:\/\/www.gaveanews.com\/index.php\/2022\/11\/22\/atacante-do-palmeiras-exalta-drible-espetacular-de-matheus-franca-do-flamengo-durante-amistoso-do-brasil\/#primaryimage"},"thumbnailUrl":"https:\/\/www.gaveanews.com\/wp-content\/uploads\/matheus-franca-flamengo-selecao-brasileira.webp","articleSection":["Flamengo"],"inLanguage":"pt-BR","potentialAction":[{"@type":"CommentAction","name":"Comment","target":["https:\/\/www.gaveanews.com\/index.php\/2022\/11\/22\/atacante-do-palmeiras-exalta-drible-espetacular-de-matheus-franca-do-flamengo-durante-amistoso-do-brasil\/#respond"]}],"copyrightYear":"2022","copyrightHolder":{"@id":"https:\/\/www.gaveanews.com\/#organization"}},{"@type":"WebPage","@id":"https:\/\/www.gaveanews.com\/index.php\/2022\/11\/22\/atacante-do-palmeiras-exalta-drible-espetacular-de-matheus-franca-do-flamengo-durante-amistoso-do-brasil\/","url":"https:\/\/www.gaveanews.com\/index.php\/2022\/11\/22\/atacante-do-palmeiras-exalta-drible-espetacular-de-matheus-franca-do-flamengo-durante-amistoso-do-brasil\/","name":"Atacante do Palmeiras exalta drible espetacular de Matheus Fran\u00e7a, do Flamengo, durante amistoso do Brasil","isPartOf":{"@id":"https:\/\/www.gaveanews.com\/#website"},"primaryImageOfPage":{"@id":"https:\/\/www.gaveanews.com\/index.php\/2022\/11\/22\/atacante-do-palmeiras-exalta-drible-espetacular-de-matheus-franca-do-flamengo-durante-amistoso-do-brasil\/#primaryimage"},"image":{"@id":"https:\/\/www.gaveanews.com\/index.php\/2022\/11\/22\/atacante-do-palmeiras-exalta-drible-espetacular-de-matheus-franca-do-flamengo-durante-amistoso-do-brasil\/#primaryimage"},"thumbnailUrl":"https:\/\/www.gaveanews.com\/wp-content\/uploads\/matheus-franca-flamengo-selecao-brasileira.webp","datePublished":"2022-11-22T11:12:26+00:00","dateModified":"2022-11-22T11:12:29+00:00","author":{"@id":"https:\/\/www.gaveanews.com\/#\/schema\/person\/714c67050b836198af2450ba1c142a67"},"breadcrumb":{"@id":"https:\/\/www.gaveanews.com\/index.php\/2022\/11\/22\/atacante-do-palmeiras-exalta-drible-espetacular-de-matheus-franca-do-flamengo-durante-amistoso-do-brasil\/#breadcrumb"},"inLanguage":"pt-BR","potentialAction":[{"@type":"ReadAction","target":["https:\/\/www.gaveanews.com\/index.php\/2022\/11\/22\/atacante-do-palmeiras-exalta-drible-espetacular-de-matheus-franca-do-flamengo-durante-amistoso-do-brasil\/"]}]},{"@type":"ImageObject","inLanguage":"pt-BR","@id":"https:\/\/www.gaveanews.com\/index.php\/2022\/11\/22\/atacante-do-palmeiras-exalta-drible-espetacular-de-matheus-franca-do-flamengo-durante-amistoso-do-brasil\/#primaryimage","url":"https:\/\/www.gaveanews.com\/wp-content\/uploads\/matheus-franca-flamengo-selecao-brasileira.webp","contentUrl":"https:\/\/www.gaveanews.com\/wp-content\/uploads\/matheus-franca-flamengo-selecao-brasileira.webp","width":846,"height":564,"caption":"Matheus Fran\u00e7a em partida pela Sele\u00e7\u00e3o Brasileira Sub-20 (Foto: Pietro Carpi\/CBF)"},{"@type":"BreadcrumbList","@id":"https:\/\/www.gaveanews.com\/index.php\/2022\/11\/22\/atacante-do-palmeiras-exalta-drible-espetacular-de-matheus-franca-do-flamengo-durante-amistoso-do-brasil\/#breadcrumb","itemListElement":[{"@type":"ListItem","position":1,"name":"Home","item":"https:\/\/www.gaveanews.com\/"},{"@type":"ListItem","position":2,"name":"Atacante do Palmeiras exalta drible espetacular de Matheus Fran\u00e7a, do Flamengo, durante amistoso do Brasil"}]},{"@type":"WebSite","@id":"https:\/\/www.gaveanews.com\/#website","url":"https:\/\/www.gaveanews.com\/","name":"G\u00e1vea News","description":"Veja todas as not\u00edcias sobre o Flamengo: Contrata\u00e7\u00f5es, categorias de base, resultados das partidas, tabela de classifica\u00e7\u00e3o, pr\u00f3ximos jogos!","potentialAction":[{"@type":"SearchAction","target":{"@type":"EntryPoint","urlTemplate":"https:\/\/www.gaveanews.com\/?s={search_term_string}"},"query-input":{"@type":"PropertyValueSpecification","valueRequired":true,"valueName":"search_term_string"}}],"inLanguage":"pt-BR"},{"@type":"Person","@id":"https:\/\/www.gaveanews.com\/#\/schema\/person\/714c67050b836198af2450ba1c142a67","name":"Let\u00edcia Gerheim","image":{"@type":"ImageObject","inLanguage":"pt-BR","@id":"https:\/\/www.gaveanews.com\/#\/schema\/person\/image\/","url":"https:\/\/secure.gravatar.com\/avatar\/60734739c50fcebfbac509e2a826ccd0ff405c019bc73aab9354f19ecad1dcb4?s=96&d=mm&r=g","contentUrl":"https:\/\/secure.gravatar.com\/avatar\/60734739c50fcebfbac509e2a826ccd0ff405c019bc73aab9354f19ecad1dcb4?s=96&d=mm&r=g","caption":"Let\u00edcia Gerheim"}}]}},"_links":{"self":[{"href":"https:\/\/www.gaveanews.com\/index.php\/wp-json\/wp\/v2\/posts\/91032","targetHints":{"allow":["GET"]}}],"collection":[{"href":"https:\/\/www.gaveanews.com\/index.php\/wp-json\/wp\/v2\/posts"}],"about":[{"href":"https:\/\/www.gaveanews.com\/index.php\/wp-json\/wp\/v2\/types\/post"}],"author":[{"embeddable":true,"href":"https:\/\/www.gaveanews.com\/index.php\/wp-json\/wp\/v2\/users\/4"}],"replies":[{"embeddable":true,"href":"https:\/\/www.gaveanews.com\/index.php\/wp-json\/wp\/v2\/comments?post=91032"}],"version-history":[{"count":0,"href":"https:\/\/www.gaveanews.com\/index.php\/wp-json\/wp\/v2\/posts\/91032\/revisions"}],"wp:featuredmedia":[{"embeddable":true,"href":"https:\/\/www.gaveanews.com\/index.php\/wp-json\/wp\/v2\/media\/90980"}],"wp:attachment":[{"href":"https:\/\/www.gaveanews.com\/index.php\/wp-json\/wp\/v2\/media?parent=91032"}],"wp:term":[{"taxonomy":"category","embeddable":true,"href":"https:\/\/www.gaveanews.com\/index.php\/wp-json\/wp\/v2\/categories?post=91032"},{"taxonomy":"post_tag","embeddable":true,"href":"https:\/\/www.gaveanews.com\/index.php\/wp-json\/wp\/v2\/tags?post=91032"}],"curies":[{"name":"wp","href":"https:\/\/api.w.org\/{rel}","templated":true}]}}